{"id":575803,"date":"2016-12-06T17:33:44","date_gmt":"2016-12-06T16:33:44","guid":{"rendered":"http:\/\/www.varesenews.it\/?p=575803"},"modified":"2016-12-06T17:33:44","modified_gmt":"2016-12-06T16:33:44","slug":"babbi-natale-in-bicicletta-allippodromo","status":"publish","type":"post","link":"https:\/\/staging.varesenews.it\/2016\/12\/babbi-natale-in-bicicletta-allippodromo\/575803\/","title":{"rendered":"Babbi Natale in bicicletta all&#8217;ippodromo"},"content":{"rendered":"<p>Dopo la <a title=\"La \u201cPedala con i campioni\u201d fa il pieno di appassionati\" href=\"http:\/\/www.varesenews.it\/2016\/12\/la-pedala-con-i-campioni-fa-il-pieno-di-appassionati\/575314\/\">&#8220;Pedala con i Campioni&#8221; di Brinzio<\/a> (8 dicembre), gli appassionati varesotti di <strong>ciclismo<\/strong> &#8211; quelli che <strong>non temono il freddo<\/strong> e si vogliono divertire in sella &#8211; hanno un&#8217;altra occasione per ritrovarsi e dare una mano per una buona causa.<\/p>\n<p>Domenica 11 infatti, all&#8217;interno dell&#8217;ippodromo delle <strong>Bettole di Varese,<\/strong> ci sar\u00e0 la <strong>&#8220;Pedalata dei Babbi Natale&#8221;<\/strong>, una non competitiva aperta a tutti che (a differenza di Brinzio) dovr\u00e0 essere affrontata con le <strong>mountain bike<\/strong>. Il tracciato &#8211; bisogner\u00e0 ripetere pi\u00f9 giri &#8211; \u00e8 infatti con fondo <strong>sterrato<\/strong>.<\/p>\n<p class=\"p1\"><span class=\"s1\">Il ricavato della manifestazione (quote di adesione di 5 e 10 euro) sar\u00e0 devoluto alla <strong>Sestero, la onlus varesina<\/strong> fondata dall&#8217;ex corridore Stefano Zanini e dai giornalisti Sergio Gianoli e Roberto Bof.<\/span><\/p>\n<p class=\"p1\"><span class=\"s1\">Il ritrovo alle Bettole inizier\u00e0 alle <strong>ore 8,30<\/strong> e in quel momento sar\u00e0 anche possibile iscriversi (opportunit\u00e0 prevista anche l&#8217;8 a Brinzio).\u00a0La <strong>partenza<\/strong> \u00e8 invece prevista <strong>per le 10<\/strong> mentre alle 11,30 circa ci sar\u00e0 il taglio del panettone per tutti i presenti. I premi, invece, saranno estratti per sorteggio tra gli iscritti. Che sono invitati a indossare cappelli o divise da Babbo Natale per rendere pi\u00f9 natalizia l&#8217;atmosfera&#8230;<\/span><\/p>\n","protected":false},"excerpt":{"rendered":"<p>Domenica 11 dicembre pedalata benefica e non competitiva in mountain bike. Organizza la onlus Sestero<\/p>\n","protected":false},"author":38,"featured_media":0,"comment_status":"open","ping_status":"open","sticky":false,"template":"","format":"standard","meta":{"footnotes":""},"categories":[14,21,2],"tags":[398,4786,64100,3979,158],"acf":[],"yoast_head":"<!-- This site is optimized with the Yoast SEO plugin v20.1 - https:\/\/yoast.com\/wordpress\/plugins\/seo\/ -->\n<title>Babbi Natale in bicicletta all&#039;ippodromo<\/title>\n<meta name=\"description\" content=\"Domenica 11 dicembre pedalata benefica e non competitiva in mountain bike. Organizza la onlus Sestero\" \/>\n<meta name=\"robots\" content=\"noindex, follow, max-snippet:-1, max-image-preview:large, max-video-preview:-1\" \/>\n<meta property=\"og:locale\" content=\"it_IT\" \/>\n<meta property=\"og:type\" content=\"article\" \/>\n<meta property=\"og:title\" content=\"Babbi Natale in bicicletta all&#039;ippodromo\" \/>\n<meta property=\"og:description\" content=\"Domenica 11 dicembre pedalata benefica e non competitiva in mountain bike. Organizza la onlus Sestero\" \/>\n<meta property=\"og:url\" content=\"https:\/\/staging.varesenews.it\/2016\/12\/babbi-natale-in-bicicletta-allippodromo\/575803\/\" \/>\n<meta property=\"og:site_name\" content=\"VareseNews\" \/>\n<meta property=\"article:publisher\" content=\"https:\/\/www.facebook.com\/varesenews\" \/>\n<meta property=\"article:published_time\" content=\"2016-12-06T16:33:44+00:00\" \/>\n<meta name=\"author\" content=\"Damiano Franzetti\" \/>\n<meta name=\"twitter:card\" content=\"summary_large_image\" \/>\n<meta name=\"twitter:creator\" content=\"@damianofranz\" \/>\n<meta name=\"twitter:site\" content=\"@varesenews\" \/>\n<meta name=\"twitter:label1\" content=\"Scritto da\" \/>\n\t<meta name=\"twitter:data1\" content=\"Damiano Franzetti\" \/>\n\t<meta name=\"twitter:label2\" content=\"Tempo di lettura stimato\" \/>\n\t<meta name=\"twitter:data2\" content=\"1 minuto\" \/>\n<script type=\"application\/ld+json\" class=\"yoast-schema-graph\">{\"@context\":\"https:\/\/schema.org\",\"@graph\":[{\"@type\":\"WebPage\",\"@id\":\"https:\/\/staging.varesenews.it\/2016\/12\/babbi-natale-in-bicicletta-allippodromo\/575803\/\",\"url\":\"https:\/\/staging.varesenews.it\/2016\/12\/babbi-natale-in-bicicletta-allippodromo\/575803\/\",\"name\":\"Babbi Natale in bicicletta all'ippodromo\",\"isPartOf\":{\"@id\":\"https:\/\/staging.varesenews.it\/#website\"},\"datePublished\":\"2016-12-06T16:33:44+00:00\",\"dateModified\":\"2016-12-06T16:33:44+00:00\",\"author\":{\"@id\":\"https:\/\/staging.varesenews.it\/#\/schema\/person\/709ae3769f6b4dbde8ec332baede8a5b\"},\"description\":\"Domenica 11 dicembre pedalata benefica e non competitiva in mountain bike. Organizza la onlus Sestero\",\"breadcrumb\":{\"@id\":\"https:\/\/staging.varesenews.it\/2016\/12\/babbi-natale-in-bicicletta-allippodromo\/575803\/#breadcrumb\"},\"inLanguage\":\"it-IT\",\"potentialAction\":[{\"@type\":\"ReadAction\",\"target\":[\"https:\/\/staging.varesenews.it\/2016\/12\/babbi-natale-in-bicicletta-allippodromo\/575803\/\"]}]},{\"@type\":\"BreadcrumbList\",\"@id\":\"https:\/\/staging.varesenews.it\/2016\/12\/babbi-natale-in-bicicletta-allippodromo\/575803\/#breadcrumb\",\"itemListElement\":[{\"@type\":\"ListItem\",\"position\":1,\"name\":\"Home\",\"item\":\"https:\/\/www.varesenews.it\/\"},{\"@type\":\"ListItem\",\"position\":2,\"name\":\"Babbi Natale in bicicletta all&#8217;ippodromo\"}]},{\"@type\":\"WebSite\",\"@id\":\"https:\/\/staging.varesenews.it\/#website\",\"url\":\"https:\/\/staging.varesenews.it\/\",\"name\":\"VareseNews\",\"description\":\"\",\"potentialAction\":[{\"@type\":\"SearchAction\",\"target\":{\"@type\":\"EntryPoint\",\"urlTemplate\":\"https:\/\/staging.varesenews.it\/?s={search_term_string}\"},\"query-input\":\"required name=search_term_string\"}],\"inLanguage\":\"it-IT\"},{\"@type\":\"Person\",\"@id\":\"https:\/\/staging.varesenews.it\/#\/schema\/person\/709ae3769f6b4dbde8ec332baede8a5b\",\"name\":\"Damiano Franzetti\",\"image\":{\"@type\":\"ImageObject\",\"inLanguage\":\"it-IT\",\"@id\":\"https:\/\/staging.varesenews.it\/#\/schema\/person\/image\/\",\"url\":\"https:\/\/staging.varesenews.it\/wp-content\/uploads\/2020\/12\/damiano_franzetti_colori_500.jpg\",\"contentUrl\":\"https:\/\/staging.varesenews.it\/wp-content\/uploads\/2020\/12\/damiano_franzetti_colori_500.jpg\",\"caption\":\"Damiano Franzetti\"},\"description\":\"Classe 1976, una laurea (nel cassetto) in scienze e tecnologie alimentari; sono giornalista professionista dal 2009 nato e cresciuto con VareseNews dove mi occupo soprattutto di sport ormai da vent&rsquo;anni. Inviato sui campi (sulle piste, sulle strade...), intervistatore, coordinatore e responsabile delle pagine sportive, mi ritaglio volentieri lo spazio per scrivere di birra sul blog Malto Gradimento. Ho seguito innumerevoli campionati di Serie A di basket, di serie B di calcio, due Mondiali di ciclismo, qualche Giro d&rsquo;;Italia e tanto altro ancora. Collaboro con Tuttosport e altre testate, mi diletto di social. Ho una moglie, un figlio, vivo nella mia Gemonio e ho purtroppo smesso con il basket giocato. &nbsp;\",\"sameAs\":[\"damianofranz\",\"https:\/\/www.linkedin.com\/profile\/view?id=241597124&trk=nav_responsive_tab_profile\",\"https:\/\/twitter.com\/damianofranz\"],\"url\":\"https:\/\/staging.varesenews.it\/persona\/damiano_franzetti-2\/\"}]}<\/script>\n<!-- \/ Yoast SEO plugin. -->","yoast_head_json":{"title":"Babbi Natale in bicicletta all'ippodromo","description":"Domenica 11 dicembre pedalata benefica e non competitiva in mountain bike. Organizza la onlus Sestero","robots":{"index":"noindex","follow":"follow","max-snippet":"max-snippet:-1","max-image-preview":"max-image-preview:large","max-video-preview":"max-video-preview:-1"},"og_locale":"it_IT","og_type":"article","og_title":"Babbi Natale in bicicletta all'ippodromo","og_description":"Domenica 11 dicembre pedalata benefica e non competitiva in mountain bike. Organizza la onlus Sestero","og_url":"https:\/\/staging.varesenews.it\/2016\/12\/babbi-natale-in-bicicletta-allippodromo\/575803\/","og_site_name":"VareseNews","article_publisher":"https:\/\/www.facebook.com\/varesenews","article_published_time":"2016-12-06T16:33:44+00:00","author":"Damiano Franzetti","twitter_card":"summary_large_image","twitter_creator":"@damianofranz","twitter_site":"@varesenews","twitter_misc":{"Scritto da":"Damiano Franzetti","Tempo di lettura stimato":"1 minuto"},"schema":{"@context":"https:\/\/schema.org","@graph":[{"@type":"WebPage","@id":"https:\/\/staging.varesenews.it\/2016\/12\/babbi-natale-in-bicicletta-allippodromo\/575803\/","url":"https:\/\/staging.varesenews.it\/2016\/12\/babbi-natale-in-bicicletta-allippodromo\/575803\/","name":"Babbi Natale in bicicletta all'ippodromo","isPartOf":{"@id":"https:\/\/staging.varesenews.it\/#website"},"datePublished":"2016-12-06T16:33:44+00:00","dateModified":"2016-12-06T16:33:44+00:00","author":{"@id":"https:\/\/staging.varesenews.it\/#\/schema\/person\/709ae3769f6b4dbde8ec332baede8a5b"},"description":"Domenica 11 dicembre pedalata benefica e non competitiva in mountain bike. Organizza la onlus Sestero","breadcrumb":{"@id":"https:\/\/staging.varesenews.it\/2016\/12\/babbi-natale-in-bicicletta-allippodromo\/575803\/#breadcrumb"},"inLanguage":"it-IT","potentialAction":[{"@type":"ReadAction","target":["https:\/\/staging.varesenews.it\/2016\/12\/babbi-natale-in-bicicletta-allippodromo\/575803\/"]}]},{"@type":"BreadcrumbList","@id":"https:\/\/staging.varesenews.it\/2016\/12\/babbi-natale-in-bicicletta-allippodromo\/575803\/#breadcrumb","itemListElement":[{"@type":"ListItem","position":1,"name":"Home","item":"https:\/\/www.varesenews.it\/"},{"@type":"ListItem","position":2,"name":"Babbi Natale in bicicletta all&#8217;ippodromo"}]},{"@type":"WebSite","@id":"https:\/\/staging.varesenews.it\/#website","url":"https:\/\/staging.varesenews.it\/","name":"VareseNews","description":"","potentialAction":[{"@type":"SearchAction","target":{"@type":"EntryPoint","urlTemplate":"https:\/\/staging.varesenews.it\/?s={search_term_string}"},"query-input":"required name=search_term_string"}],"inLanguage":"it-IT"},{"@type":"Person","@id":"https:\/\/staging.varesenews.it\/#\/schema\/person\/709ae3769f6b4dbde8ec332baede8a5b","name":"Damiano Franzetti","image":{"@type":"ImageObject","inLanguage":"it-IT","@id":"https:\/\/staging.varesenews.it\/#\/schema\/person\/image\/","url":"https:\/\/staging.varesenews.it\/wp-content\/uploads\/2020\/12\/damiano_franzetti_colori_500.jpg","contentUrl":"https:\/\/staging.varesenews.it\/wp-content\/uploads\/2020\/12\/damiano_franzetti_colori_500.jpg","caption":"Damiano Franzetti"},"description":"Classe 1976, una laurea (nel cassetto) in scienze e tecnologie alimentari; sono giornalista professionista dal 2009 nato e cresciuto con VareseNews dove mi occupo soprattutto di sport ormai da vent&rsquo;anni. Inviato sui campi (sulle piste, sulle strade...), intervistatore, coordinatore e responsabile delle pagine sportive, mi ritaglio volentieri lo spazio per scrivere di birra sul blog Malto Gradimento. Ho seguito innumerevoli campionati di Serie A di basket, di serie B di calcio, due Mondiali di ciclismo, qualche Giro d&rsquo;;Italia e tanto altro ancora. Collaboro con Tuttosport e altre testate, mi diletto di social. Ho una moglie, un figlio, vivo nella mia Gemonio e ho purtroppo smesso con il basket giocato. &nbsp;","sameAs":["damianofranz","https:\/\/www.linkedin.com\/profile\/view?id=241597124&trk=nav_responsive_tab_profile","https:\/\/twitter.com\/damianofranz"],"url":"https:\/\/staging.varesenews.it\/persona\/damiano_franzetti-2\/"}]}},"post_meta":{"_edit_lock":"1481268499:48","_edit_last":"38","_category_permalink":"14","ratings_users":"0","ratings_score":"0","ratings_average":"0","wdfb_og_title":"","wdfb_og_type":"","wdfb_og_description":"","wdfb_og_images":"a:1:{i:0;s:0:\"\";}","wdfb_og_custom_name":"a:1:{i:0;s:0:\"\";}","wdfb_og_custom_value":"a:1:{i:0;s:0:\"\";}","foto":"583299","firma_come_redazione":"1","argomento":"Varese","_jd_twitter":"","_jd_tweet_this":"yes","_wpt_short_url":"http:\/\/www.varesenews.it\/2016\/12\/babbi-natale-in-bicicletta-allippodromo\/575803\/","_wp_jd_target":"http:\/\/www.varesenews.it\/2016\/12\/babbi-natale-in-bicicletta-allippodromo\/575803\/","_jd_wp_twitter":"a:1:{i:0;s:154:\"Babbi Natale in bicicletta all'ippodromo http:\/\/www.varesenews.it\/2016\/12\/babbi-natale-in-bicicletta-allippodromo\/575803\/ #ciclismo #lebettole #natale2016\";}","_wpt_status_message":"Tweet inviato con successo."},"photos":[{"original":"https:\/\/staging.varesenews.it\/photogallery_new\/images\/2016\/12\/babbo-natale-bicicletta-583299.jpg","full":"https:\/\/staging.varesenews.it\/photogallery_new\/images\/2016\/12\/babbo-natale-bicicletta-583299.1024x768.jpg","large":"https:\/\/staging.varesenews.it\/photogallery_new\/images\/2016\/12\/babbo-natale-bicicletta-583299.610x431.jpg"}],"_links":{"self":[{"href":"https:\/\/staging.varesenews.it\/swgapi\/v1\/wp\/v2\/posts\/575803"}],"collection":[{"href":"https:\/\/staging.varesenews.it\/swgapi\/v1\/wp\/v2\/posts"}],"about":[{"href":"https:\/\/staging.varesenews.it\/swgapi\/v1\/wp\/v2\/types\/post"}],"author":[{"embeddable":true,"href":"https:\/\/staging.varesenews.it\/swgapi\/v1\/wp\/v2\/users\/38"}],"replies":[{"embeddable":true,"href":"https:\/\/staging.varesenews.it\/swgapi\/v1\/wp\/v2\/comments?post=575803"}],"version-history":[{"count":0,"href":"https:\/\/staging.varesenews.it\/swgapi\/v1\/wp\/v2\/posts\/575803\/revisions"}],"wp:attachment":[{"href":"https:\/\/staging.varesenews.it\/swgapi\/v1\/wp\/v2\/media?parent=575803"}],"wp:term":[{"taxonomy":"category","embeddable":true,"href":"https:\/\/staging.varesenews.it\/swgapi\/v1\/wp\/v2\/categories?post=575803"},{"taxonomy":"post_tag","embeddable":true,"href":"https:\/\/staging.varesenews.it\/swgapi\/v1\/wp\/v2\/tags?post=575803"}],"curies":[{"name":"wp","href":"https:\/\/api.w.org\/{rel}","templated":true}]}}