{"id":576099,"date":"2016-12-07T12:02:29","date_gmt":"2016-12-07T11:02:29","guid":{"rendered":"http:\/\/www.varesenews.it\/?p=576099"},"modified":"2016-12-07T12:02:29","modified_gmt":"2016-12-07T11:02:29","slug":"al-nuovo-i-volti-della-francigena","status":"publish","type":"post","link":"https:\/\/staging.varesenews.it\/2016\/12\/al-nuovo-i-volti-della-francigena\/576099\/","title":{"rendered":"Al Nuovo \u201cI volti della Francigena\u201d"},"content":{"rendered":"<p><strong>Dopo il grande successo di pubblico delle proiezioni di ottobre<\/strong>, luned\u00ec 12 dicembre alle ore 18.00 e alle ore 21.00 presso il <strong>Cinema Teatro Nuovo di Varese<\/strong> (in Via dei Mille 39) si terranno due proiezioni del film &#8220;<strong>I volti della Via Francigena<\/strong>&#8220;, un documentario italiano indipendente distribuito da Cineama nei cinema di tutta Italia.<\/p>\n<p>Il film racconta i luoghi e le persone che popolano un meraviglioso cammino italiano millenario: la Via Francigena.<br \/>\n<strong>Il pellegrino nonch\u00e9 direttore di VareseNews, Marco Giovannelli<\/strong>, introdurr\u00e0 il film.<\/p>\n<p>I volti della Via Francigena \u00e8<strong> un film documentario sui luoghi e le persone<\/strong> che popolano un meraviglioso cammino e che con il cammino hanno stretto un legame viscerale: pellegrini, ospitalieri, traghettatori, volontari, storici e religiosi, un\u2019umanit\u00e0 multiforme che rende vivo il percorso.<br \/>\nTra le persone intervistate si annoverano lo scrittore e psicoatleta Enrico Brizzi, lo storico Giovanni Caselli, il fondatore del Movimento Lento Alberto Conte, il rettore della Confraternita di San Giacomo di Compostela Paolo Caucci von Saucken, l&#8217;abate recentemente scomparso Joseph Roduit della millenaria abbazia di Saint-Maurice, e molti altri.<br \/>\nLa videocamera ha scavato in profondit\u00e0 negli esseri umani custoditi da questo percorso: circa quaranta persone hanno raccontato la loro esperienza conversando con l&#8217;autore. Individui unici diventano testimoni di un itinerario millenario ancora selvaggio, che si affida silenziosamente al loro operato. Le parole dei protagonisti si alternano ad immagini di luoghi meravigliosi che quotidianamente si presentano dinanzi agli occhi: le linee delle montagne valdostane, il verde delle risaie, i colli toscani, pochi esempi di luoghi speciali che conducono dal Colle del Gran San Bernardo a Roma.<br \/>\n<strong>Il film vuole narrare e dare visibilit\u00e0 ad un itinerario tanto sconosciuto quanto affascinante<\/strong>. Attraverso i racconti dei protagonisti vuole spiegare che cosa significhi intraprendere un cammino, prendersi cura di persone che dal giorno seguente non rivedrai pi\u00f9, fare del volontariato per permettere a viandanti sconosciuti di camminare in sicurezza e libert\u00e0 attraverso i sentieri.<br \/>\nIl film tocca grandi temi quali la storia e l&#8217;evoluzione del percorso, le spinte spirituali e religiose che portano a compiere il primo passo e infine il grande lavoro svolto lungo la Via, capace di mantenerla viva.<\/p>\n<p><strong>COM\u2019E\u2019 NATO IL DOCUMENTARIO<\/strong><br \/>\nIl progetto \u00e8 stato pensato e realizzato da Fabio Dipinto, filmmakertorinese classe 1989, appassionato di cammini che si \u00e8 buttato in questa avventura con grande passione e con la volont\u00e0 di far conoscere a tutti questo splendido itinerario. Fabio ha percorso il cammino di Santiago nel 2012, un&#8217;esperienza che ha cambiato in meglio la sua vita e che lo ha portato a promettersi che un domani avrebbe realizzato un film sul cammino. Entrato a conoscenza del percorso italiano, non ci ha pensato due volte ad iniziare questo viaggio con grande speranza e determinazione. L&#8217;autore, camminando lungo la Via Francigena italiana, dal Colle del Gran San Bernardo a Roma, ha filmato per sei settimane le realt\u00e0 incontrate giorno dopo giorno.<br \/>\nLa passione per il cinema documentario, per il reale e per il racconto di storie autentiche lo hanno fatto camminare per mille chilometri in compagnia dei ragazzi di Sloways, che si stavano occupando di aggiornare la segnaletica dell&#8217;intero percorso.<br \/>\nCamminare lungo la via Francigena \u00e8 per alcuni un viaggio spirituale o un modo per ritrovarsi, per altri una sfida con se stessi. Un viaggio che permette di allontanarsi dalla frenesia delle metropoli in cui viviamo e riscoprire il sapore delle cose semplici. Un viaggio che consente di attraversare l&#8217;Italia da nord al centro, passando per citt\u00e0 magnifiche e antichi borghi dimenticati che hanno mantenuto l&#8217;autenticit\u00e0 del tempo che li ha originati.<br \/>\nIl film, patrocinato dall\u2019Associazione Europea delle Vie Francigene, \u00e8 stato realizzato grazie al contributo dell\u2019Associazione stessa, del tour operator Sloways e tramite il crowdfunding lanciato sulla piattaforma Eppela, che ha permesso di coprire i costi relativi alla postproduzione del film.<\/p>\n<p><strong>LA VIA FRANCIGENA<\/strong><br \/>\nL&#8217;antica Via che nel medioevo univa Canterbury a Roma e ai porti della Puglia \u00e8 stata riscoperta dai moderni viandanti, che si mettono in cammino lungo un percorso splendido e sorprendente. Milleottocento chilometri da Canterbury a Roma, per proseguire poi verso il Sud Italia, il Mediterraneo, Gerusalemme.<br \/>\nDal 2001 l&#8217;Associazione Europea delle Vie Francigene coordina lo sviluppo e la valorizzazione di un itinerario che attraversando l&#8217;Italia e l&#8217;Europa ripercorre la storia del nostro continente. Le Vie Francigene nel Sud D\u2019Italia uniscono l\u2019Occidente all\u2019Oriente, il cristianesimo al paganesimo, l\u2019Et\u00e0 Antica al Medio Evo. Un itinerario trasversale, tra basolati romani ed antichi tratturi, templi pagani, imponenti cattedrali e santuari cristiani, dolci panorami collinari e aspri passaggi montani.<br \/>\nI primi documenti d&#8217;archivio che citano l&#8217;esistenza della Via Francigena risalgono al IX secolo e si riferiscono a un tratto di strada nell&#8217;agro di Chiusi, in provincia di Siena, mentre nel X secolo il vescovo Sigerico descrisse il percorso di un pellegrinaggio che fece da Roma, alla quale era giunto per essere ricevuto dal Pontefice il &#8220;pallium&#8221;, per ritornare a Canterbury, su quella che gi\u00e0 dal XII verr\u00e0 largamente chiamata Via Francigena. Il documento di Sigerico rappresenta una delle testimonianze pi\u00f9 significative di questa rete di vie di comunicazione europea in epoca medioevale, ma non esaurisce le molteplici alternative che giunsero a definire una fitta ragnatela di collegamenti che il pellegrino percorreva a seconda della stagione, della situazione politica dei territori attraversati, delle credenze religiose legate alle reliquie dei santi.<\/p>\n","protected":false},"excerpt":{"rendered":"<p>Luned\u00ec 12 dicembre alle ore 18.00 e alle ore 21.00 due proiezioni del film. Come \u00e8 nato il documentario ecos\u2019\u00e8 questo cammino di mistica e natura<\/p>\n","protected":false},"author":34,"featured_media":0,"comment_status":"open","ping_status":"open","sticky":false,"template":"","format":"standard","meta":{"footnotes":""},"categories":[18,2],"tags":[5308],"acf":[],"yoast_head":"<!-- This site is optimized with the Yoast SEO plugin v20.1 - https:\/\/yoast.com\/wordpress\/plugins\/seo\/ -->\n<title>Al Nuovo \u201cI volti della Francigena\u201d<\/title>\n<meta name=\"description\" content=\"Luned\u00ec 12 dicembre alle ore 18.00 e alle ore 21.00 due proiezioni del film. Come \u00e8 nato il documentario ecos\u2019\u00e8 questo cammino di mistica e natura\" \/>\n<meta name=\"robots\" content=\"noindex, follow, max-snippet:-1, max-image-preview:large, max-video-preview:-1\" \/>\n<meta property=\"og:locale\" content=\"it_IT\" \/>\n<meta property=\"og:type\" content=\"article\" \/>\n<meta property=\"og:title\" content=\"Al Nuovo \u201cI volti della Francigena\u201d\" \/>\n<meta property=\"og:description\" content=\"Luned\u00ec 12 dicembre alle ore 18.00 e alle ore 21.00 due proiezioni del film. Come \u00e8 nato il documentario ecos\u2019\u00e8 questo cammino di mistica e natura\" \/>\n<meta property=\"og:url\" content=\"https:\/\/staging.varesenews.it\/2016\/12\/al-nuovo-i-volti-della-francigena\/576099\/\" \/>\n<meta property=\"og:site_name\" content=\"VareseNews\" \/>\n<meta property=\"article:publisher\" content=\"https:\/\/www.facebook.com\/varesenews\" \/>\n<meta property=\"article:author\" content=\"https:\/\/www.facebook.com\/andrea.camurani?fref=photo\" \/>\n<meta property=\"article:published_time\" content=\"2016-12-07T11:02:29+00:00\" \/>\n<meta name=\"author\" content=\"Andrea Camurani\" \/>\n<meta name=\"twitter:card\" content=\"summary_large_image\" \/>\n<meta name=\"twitter:creator\" content=\"@AndreaCamurani\" \/>\n<meta name=\"twitter:site\" content=\"@varesenews\" \/>\n<meta name=\"twitter:label1\" content=\"Scritto da\" \/>\n\t<meta name=\"twitter:data1\" content=\"Andrea Camurani\" \/>\n\t<meta name=\"twitter:label2\" content=\"Tempo di lettura stimato\" \/>\n\t<meta name=\"twitter:data2\" content=\"4 minuti\" \/>\n<script type=\"application\/ld+json\" class=\"yoast-schema-graph\">{\"@context\":\"https:\/\/schema.org\",\"@graph\":[{\"@type\":\"WebPage\",\"@id\":\"https:\/\/staging.varesenews.it\/2016\/12\/al-nuovo-i-volti-della-francigena\/576099\/\",\"url\":\"https:\/\/staging.varesenews.it\/2016\/12\/al-nuovo-i-volti-della-francigena\/576099\/\",\"name\":\"Al Nuovo \u201cI volti della Francigena\u201d\",\"isPartOf\":{\"@id\":\"https:\/\/staging.varesenews.it\/#website\"},\"datePublished\":\"2016-12-07T11:02:29+00:00\",\"dateModified\":\"2016-12-07T11:02:29+00:00\",\"author\":{\"@id\":\"https:\/\/staging.varesenews.it\/#\/schema\/person\/3eb5832c6beae763de8d9596fdbe8c49\"},\"description\":\"Luned\u00ec 12 dicembre alle ore 18.00 e alle ore 21.00 due proiezioni del film. Come \u00e8 nato il documentario ecos\u2019\u00e8 questo cammino di mistica e natura\",\"breadcrumb\":{\"@id\":\"https:\/\/staging.varesenews.it\/2016\/12\/al-nuovo-i-volti-della-francigena\/576099\/#breadcrumb\"},\"inLanguage\":\"it-IT\",\"potentialAction\":[{\"@type\":\"ReadAction\",\"target\":[\"https:\/\/staging.varesenews.it\/2016\/12\/al-nuovo-i-volti-della-francigena\/576099\/\"]}]},{\"@type\":\"BreadcrumbList\",\"@id\":\"https:\/\/staging.varesenews.it\/2016\/12\/al-nuovo-i-volti-della-francigena\/576099\/#breadcrumb\",\"itemListElement\":[{\"@type\":\"ListItem\",\"position\":1,\"name\":\"Home\",\"item\":\"https:\/\/www.varesenews.it\/\"},{\"@type\":\"ListItem\",\"position\":2,\"name\":\"Al Nuovo \u201cI volti della Francigena\u201d\"}]},{\"@type\":\"WebSite\",\"@id\":\"https:\/\/staging.varesenews.it\/#website\",\"url\":\"https:\/\/staging.varesenews.it\/\",\"name\":\"VareseNews\",\"description\":\"\",\"potentialAction\":[{\"@type\":\"SearchAction\",\"target\":{\"@type\":\"EntryPoint\",\"urlTemplate\":\"https:\/\/staging.varesenews.it\/?s={search_term_string}\"},\"query-input\":\"required name=search_term_string\"}],\"inLanguage\":\"it-IT\"},{\"@type\":\"Person\",\"@id\":\"https:\/\/staging.varesenews.it\/#\/schema\/person\/3eb5832c6beae763de8d9596fdbe8c49\",\"name\":\"Andrea Camurani\",\"image\":{\"@type\":\"ImageObject\",\"inLanguage\":\"it-IT\",\"@id\":\"https:\/\/staging.varesenews.it\/#\/schema\/person\/image\/\",\"url\":\"https:\/\/staging.varesenews.it\/wp-content\/uploads\/2020\/12\/andrea_camurani_colori_500.jpg\",\"contentUrl\":\"https:\/\/staging.varesenews.it\/wp-content\/uploads\/2020\/12\/andrea_camurani_colori_500.jpg\",\"caption\":\"Andrea Camurani\"},\"description\":\"Sono figlio degli anni Settanta e di Milano, dove ho imparato a riconoscere buoni e cattivi. Laurea in scienze politiche, lavoro a VareseNews dal 2000. Racconto quel che trovo quando incontro chi vuole lasciare al mondo un pezzetto di vita, che si chiama cronaca. &ldquo;...perch&eacute; &egrave; la gente il pi&ugrave; grande spettacolo del mondo. E non si paga il biglietto...&rdquo; (Charles Bukowsky)\",\"sameAs\":[\"https:\/\/www.facebook.com\/andrea.camurani?fref=photo\",\"andreacamurani\",\"https:\/\/www.linkedin.com\/hp\/?dnr=A9a84RfzsLdo9xg4NcGV4dLiMknoc9ms4WM\",\"https:\/\/twitter.com\/AndreaCamurani\"],\"url\":\"https:\/\/staging.varesenews.it\/persona\/andrea_camurani\/\"}]}<\/script>\n<!-- \/ Yoast SEO plugin. -->","yoast_head_json":{"title":"Al Nuovo \u201cI volti della Francigena\u201d","description":"Luned\u00ec 12 dicembre alle ore 18.00 e alle ore 21.00 due proiezioni del film. Come \u00e8 nato il documentario ecos\u2019\u00e8 questo cammino di mistica e natura","robots":{"index":"noindex","follow":"follow","max-snippet":"max-snippet:-1","max-image-preview":"max-image-preview:large","max-video-preview":"max-video-preview:-1"},"og_locale":"it_IT","og_type":"article","og_title":"Al Nuovo \u201cI volti della Francigena\u201d","og_description":"Luned\u00ec 12 dicembre alle ore 18.00 e alle ore 21.00 due proiezioni del film. Come \u00e8 nato il documentario ecos\u2019\u00e8 questo cammino di mistica e natura","og_url":"https:\/\/staging.varesenews.it\/2016\/12\/al-nuovo-i-volti-della-francigena\/576099\/","og_site_name":"VareseNews","article_publisher":"https:\/\/www.facebook.com\/varesenews","article_author":"https:\/\/www.facebook.com\/andrea.camurani?fref=photo","article_published_time":"2016-12-07T11:02:29+00:00","author":"Andrea Camurani","twitter_card":"summary_large_image","twitter_creator":"@AndreaCamurani","twitter_site":"@varesenews","twitter_misc":{"Scritto da":"Andrea Camurani","Tempo di lettura stimato":"4 minuti"},"schema":{"@context":"https:\/\/schema.org","@graph":[{"@type":"WebPage","@id":"https:\/\/staging.varesenews.it\/2016\/12\/al-nuovo-i-volti-della-francigena\/576099\/","url":"https:\/\/staging.varesenews.it\/2016\/12\/al-nuovo-i-volti-della-francigena\/576099\/","name":"Al Nuovo \u201cI volti della Francigena\u201d","isPartOf":{"@id":"https:\/\/staging.varesenews.it\/#website"},"datePublished":"2016-12-07T11:02:29+00:00","dateModified":"2016-12-07T11:02:29+00:00","author":{"@id":"https:\/\/staging.varesenews.it\/#\/schema\/person\/3eb5832c6beae763de8d9596fdbe8c49"},"description":"Luned\u00ec 12 dicembre alle ore 18.00 e alle ore 21.00 due proiezioni del film. Come \u00e8 nato il documentario ecos\u2019\u00e8 questo cammino di mistica e natura","breadcrumb":{"@id":"https:\/\/staging.varesenews.it\/2016\/12\/al-nuovo-i-volti-della-francigena\/576099\/#breadcrumb"},"inLanguage":"it-IT","potentialAction":[{"@type":"ReadAction","target":["https:\/\/staging.varesenews.it\/2016\/12\/al-nuovo-i-volti-della-francigena\/576099\/"]}]},{"@type":"BreadcrumbList","@id":"https:\/\/staging.varesenews.it\/2016\/12\/al-nuovo-i-volti-della-francigena\/576099\/#breadcrumb","itemListElement":[{"@type":"ListItem","position":1,"name":"Home","item":"https:\/\/www.varesenews.it\/"},{"@type":"ListItem","position":2,"name":"Al Nuovo \u201cI volti della Francigena\u201d"}]},{"@type":"WebSite","@id":"https:\/\/staging.varesenews.it\/#website","url":"https:\/\/staging.varesenews.it\/","name":"VareseNews","description":"","potentialAction":[{"@type":"SearchAction","target":{"@type":"EntryPoint","urlTemplate":"https:\/\/staging.varesenews.it\/?s={search_term_string}"},"query-input":"required name=search_term_string"}],"inLanguage":"it-IT"},{"@type":"Person","@id":"https:\/\/staging.varesenews.it\/#\/schema\/person\/3eb5832c6beae763de8d9596fdbe8c49","name":"Andrea Camurani","image":{"@type":"ImageObject","inLanguage":"it-IT","@id":"https:\/\/staging.varesenews.it\/#\/schema\/person\/image\/","url":"https:\/\/staging.varesenews.it\/wp-content\/uploads\/2020\/12\/andrea_camurani_colori_500.jpg","contentUrl":"https:\/\/staging.varesenews.it\/wp-content\/uploads\/2020\/12\/andrea_camurani_colori_500.jpg","caption":"Andrea Camurani"},"description":"Sono figlio degli anni Settanta e di Milano, dove ho imparato a riconoscere buoni e cattivi. Laurea in scienze politiche, lavoro a VareseNews dal 2000. Racconto quel che trovo quando incontro chi vuole lasciare al mondo un pezzetto di vita, che si chiama cronaca. &ldquo;...perch&eacute; &egrave; la gente il pi&ugrave; grande spettacolo del mondo. E non si paga il biglietto...&rdquo; (Charles Bukowsky)","sameAs":["https:\/\/www.facebook.com\/andrea.camurani?fref=photo","andreacamurani","https:\/\/www.linkedin.com\/hp\/?dnr=A9a84RfzsLdo9xg4NcGV4dLiMknoc9ms4WM","https:\/\/twitter.com\/AndreaCamurani"],"url":"https:\/\/staging.varesenews.it\/persona\/andrea_camurani\/"}]}},"post_meta":{"_edit_lock":"1481111770:34","_edit_last":"34","ratings_users":"0","ratings_score":"0","ratings_average":"0","_category_permalink":"","wdfb_og_title":"","wdfb_og_type":"","wdfb_og_description":"","wdfb_og_images":"a:1:{i:0;s:0:\"\";}","wdfb_og_custom_name":"a:1:{i:0;s:0:\"\";}","wdfb_og_custom_value":"a:1:{i:0;s:0:\"\";}","foto":"583379","firma_come_redazione":"1","argomento":"Varese","_jd_twitter":"","_jd_tweet_this":"yes","_wpt_short_url":"http:\/\/www.varesenews.it\/2016\/12\/al-nuovo-i-volti-della-francigena\/576099\/","_wp_jd_target":"http:\/\/www.varesenews.it\/2016\/12\/al-nuovo-i-volti-della-francigena\/576099\/","_jd_wp_twitter":"a:1:{i:0;s:129:\"Al Nuovo \u201cI volti della Francigena\u201d http:\/\/www.varesenews.it\/2016\/12\/al-nuovo-i-volti-della-francigena\/576099\/ #ViaFrancigena\";}","_wpt_status_message":"Tweet inviato con successo."},"photos":[{"original":"https:\/\/staging.varesenews.it\/photogallery_new\/images\/2016\/12\/avarie-583379.jpg","full":"https:\/\/staging.varesenews.it\/photogallery_new\/images\/2016\/12\/avarie-583379.1024x768.jpg","large":"https:\/\/staging.varesenews.it\/photogallery_new\/images\/2016\/12\/avarie-583379.610x431.jpg"}],"_links":{"self":[{"href":"https:\/\/staging.varesenews.it\/swgapi\/v1\/wp\/v2\/posts\/576099"}],"collection":[{"href":"https:\/\/staging.varesenews.it\/swgapi\/v1\/wp\/v2\/posts"}],"about":[{"href":"https:\/\/staging.varesenews.it\/swgapi\/v1\/wp\/v2\/types\/post"}],"author":[{"embeddable":true,"href":"https:\/\/staging.varesenews.it\/swgapi\/v1\/wp\/v2\/users\/34"}],"replies":[{"embeddable":true,"href":"https:\/\/staging.varesenews.it\/swgapi\/v1\/wp\/v2\/comments?post=576099"}],"version-history":[{"count":0,"href":"https:\/\/staging.varesenews.it\/swgapi\/v1\/wp\/v2\/posts\/576099\/revisions"}],"wp:attachment":[{"href":"https:\/\/staging.varesenews.it\/swgapi\/v1\/wp\/v2\/media?parent=576099"}],"wp:term":[{"taxonomy":"category","embeddable":true,"href":"https:\/\/staging.varesenews.it\/swgapi\/v1\/wp\/v2\/categories?post=576099"},{"taxonomy":"post_tag","embeddable":true,"href":"https:\/\/staging.varesenews.it\/swgapi\/v1\/wp\/v2\/tags?post=576099"}],"curies":[{"name":"wp","href":"https:\/\/api.w.org\/{rel}","templated":true}]}}