{"id":577336,"date":"2016-12-12T12:25:25","date_gmt":"2016-12-12T11:25:25","guid":{"rendered":"http:\/\/www.varesenews.it\/?p=577336"},"modified":"2016-12-12T12:25:25","modified_gmt":"2016-12-12T11:25:25","slug":"cedro-avvelenato-danni-per-11-mila-euro","status":"publish","type":"post","link":"https:\/\/staging.varesenews.it\/2016\/12\/cedro-avvelenato-danni-per-11-mila-euro\/577336\/","title":{"rendered":"Cedro avvelenato: danni per 11 mila euro"},"content":{"rendered":"<blockquote><p>\u00abA seguito di un grave episodio di avvelenamento, certificato attraverso accertamenti di laboratorio, si \u00e8 purtroppo reso necessario l&#8217;abbattimento del bellissimo cedro che qui dimorava da decenni. L\u2019amministrazione ha sporto denuncia alle autorit\u00e0 competenti a fronte del danno subito dall&#8217;intera comunit\u00e0 e quantificato in euro 11.000 \u20ac. Appena possibile, verr\u00e0 messa a dimora una nuova pianta\u00bb.<\/p><\/blockquote>\n<p><strong>Questo \u00e8 l&#8217;avviso che, da sabato, l\u2019amministrazione comunale di Luvinate ha fatto affiggere in via Castello, vicino al Cimitero, per avvisare pubblicamente di quanto successo e delle decisioni prese<\/strong>. Stesso messaggio \u00e8 comparso questa mattina sulla pagina facebook del Comune.<\/p>\n<p>Purtroppo infatti, <strong>nei mesi scorsi, il bellissimo Cedro situato all&#8217;inizio di via Castello in un&#8217;aiuola comunale aveva improvvisamente manifestato sintomi inequivocabili<\/strong>: disseccamento di tutta la chioma, arrossamento degli aghi, caduta degli aghi, assenza di resinazione.<\/p>\n<p>Da qui l&#8217;indicazione del Comune di verificare quanto successo, attraverso sopralluoghi, analisi e accertamenti in laboratorio, tra settembre ed ottobre. <strong>L&#8217;esito \u00e8 stato definitivo: nessuna malattia naturale e nessuna possibilit\u00e0 per la pianta di continuare a vivere a causa della distribuzione di diserbante arbusticida, distribuito in modo significativo<\/strong>. L&#8217;abbattimento della pianta, a carico del Comune, \u00e8 stato dunque necessario.<\/p>\n<p>E&#8217; stato anche stimato il danno economico subito: 7.200 \u20ac il valore dell&#8217;albero diserbato, oltre 3.000 \u20ac il costo dell&#8217;abbattimento e dello smaltimento del cedro, circa 800 \u20ac per la fornitura e la posa, in futuro di un nuovo Cedro.<\/p>\n<p>L\u2019amministrazione ha quindi deciso, da una parte, di trasmettere la relazione completa, curata da specialisti incaricati, alle autorit\u00e0 competenti per le attivit\u00e0 di loro competenza e, dall&#8217;altra, di informare in modo pubblico la comunit\u00e0 e i residenti della zona.<\/p>\n","protected":false},"excerpt":{"rendered":"<p>Un avviso da sabato \u00e8 stato appeso dall\u2019amministrazione comunale di Luvinate in via Castello, vicino al Cimitero, per avvisare pubblicamente di quanto successo e delle decisioni prese<\/p>\n","protected":false},"author":39,"featured_media":0,"comment_status":"open","ping_status":"open","sticky":false,"template":"","format":"standard","meta":{"footnotes":""},"categories":[2],"tags":[1055,56217,1834],"acf":[],"yoast_head":"<!-- This site is optimized with the Yoast SEO plugin v20.1 - https:\/\/yoast.com\/wordpress\/plugins\/seo\/ -->\n<title>Cedro avvelenato: danni per 11 mila euro<\/title>\n<meta name=\"description\" content=\"Un avviso da sabato \u00e8 stato appeso dall\u2019amministrazione comunale di Luvinate in via Castello, vicino al Cimitero, per avvisare pubblicamente di quanto successo e delle decisioni prese\" \/>\n<meta name=\"robots\" content=\"noindex, follow, max-snippet:-1, max-image-preview:large, max-video-preview:-1\" \/>\n<meta property=\"og:locale\" content=\"it_IT\" \/>\n<meta property=\"og:type\" content=\"article\" \/>\n<meta property=\"og:title\" content=\"Cedro avvelenato: danni per 11 mila euro\" \/>\n<meta property=\"og:description\" content=\"Un avviso da sabato \u00e8 stato appeso dall\u2019amministrazione comunale di Luvinate in via Castello, vicino al Cimitero, per avvisare pubblicamente di quanto successo e delle decisioni prese\" \/>\n<meta property=\"og:url\" content=\"https:\/\/staging.varesenews.it\/2016\/12\/cedro-avvelenato-danni-per-11-mila-euro\/577336\/\" \/>\n<meta property=\"og:site_name\" content=\"VareseNews\" \/>\n<meta property=\"article:publisher\" content=\"https:\/\/www.facebook.com\/varesenews\" \/>\n<meta property=\"article:author\" content=\"https:\/\/www.facebook.com\/tommaso.guidotti.7\" \/>\n<meta property=\"article:published_time\" content=\"2016-12-12T11:25:25+00:00\" \/>\n<meta name=\"author\" content=\"Tommaso Guidotti\" \/>\n<meta name=\"twitter:card\" content=\"summary_large_image\" \/>\n<meta name=\"twitter:creator\" content=\"@tomguidoz\" \/>\n<meta name=\"twitter:site\" content=\"@varesenews\" \/>\n<meta name=\"twitter:label1\" content=\"Scritto da\" \/>\n\t<meta name=\"twitter:data1\" content=\"Tommaso Guidotti\" \/>\n\t<meta name=\"twitter:label2\" content=\"Tempo di lettura stimato\" \/>\n\t<meta name=\"twitter:data2\" content=\"1 minuto\" \/>\n<script type=\"application\/ld+json\" class=\"yoast-schema-graph\">{\"@context\":\"https:\/\/schema.org\",\"@graph\":[{\"@type\":\"WebPage\",\"@id\":\"https:\/\/staging.varesenews.it\/2016\/12\/cedro-avvelenato-danni-per-11-mila-euro\/577336\/\",\"url\":\"https:\/\/staging.varesenews.it\/2016\/12\/cedro-avvelenato-danni-per-11-mila-euro\/577336\/\",\"name\":\"Cedro avvelenato: danni per 11 mila euro\",\"isPartOf\":{\"@id\":\"https:\/\/staging.varesenews.it\/#website\"},\"datePublished\":\"2016-12-12T11:25:25+00:00\",\"dateModified\":\"2016-12-12T11:25:25+00:00\",\"author\":{\"@id\":\"https:\/\/staging.varesenews.it\/#\/schema\/person\/5ae9c65889c40fea73a6c40733b93f8a\"},\"description\":\"Un avviso da sabato \u00e8 stato appeso dall\u2019amministrazione comunale di Luvinate in via Castello, vicino al Cimitero, per avvisare pubblicamente di quanto successo e delle decisioni prese\",\"breadcrumb\":{\"@id\":\"https:\/\/staging.varesenews.it\/2016\/12\/cedro-avvelenato-danni-per-11-mila-euro\/577336\/#breadcrumb\"},\"inLanguage\":\"it-IT\",\"potentialAction\":[{\"@type\":\"ReadAction\",\"target\":[\"https:\/\/staging.varesenews.it\/2016\/12\/cedro-avvelenato-danni-per-11-mila-euro\/577336\/\"]}]},{\"@type\":\"BreadcrumbList\",\"@id\":\"https:\/\/staging.varesenews.it\/2016\/12\/cedro-avvelenato-danni-per-11-mila-euro\/577336\/#breadcrumb\",\"itemListElement\":[{\"@type\":\"ListItem\",\"position\":1,\"name\":\"Home\",\"item\":\"https:\/\/www.varesenews.it\/\"},{\"@type\":\"ListItem\",\"position\":2,\"name\":\"Cedro avvelenato: danni per 11 mila euro\"}]},{\"@type\":\"WebSite\",\"@id\":\"https:\/\/staging.varesenews.it\/#website\",\"url\":\"https:\/\/staging.varesenews.it\/\",\"name\":\"VareseNews\",\"description\":\"\",\"potentialAction\":[{\"@type\":\"SearchAction\",\"target\":{\"@type\":\"EntryPoint\",\"urlTemplate\":\"https:\/\/staging.varesenews.it\/?s={search_term_string}\"},\"query-input\":\"required name=search_term_string\"}],\"inLanguage\":\"it-IT\"},{\"@type\":\"Person\",\"@id\":\"https:\/\/staging.varesenews.it\/#\/schema\/person\/5ae9c65889c40fea73a6c40733b93f8a\",\"name\":\"Tommaso Guidotti\",\"image\":{\"@type\":\"ImageObject\",\"inLanguage\":\"it-IT\",\"@id\":\"https:\/\/staging.varesenews.it\/#\/schema\/person\/image\/\",\"url\":\"https:\/\/staging.varesenews.it\/wp-content\/uploads\/2020\/12\/tommaso_guidotti_colori_500.jpg\",\"contentUrl\":\"https:\/\/staging.varesenews.it\/wp-content\/uploads\/2020\/12\/tommaso_guidotti_colori_500.jpg\",\"caption\":\"Tommaso Guidotti\"},\"description\":\"Nato a Milano e trasferito nel Varesotto in tenera et&agrave;, sposato con Chiara dal 2012 e padre di due figli, Lorenzo e Alice. Sono laureato in Scienze Politiche e ho nel mio bagaglio lontani studi classici al Liceo Cairoli di Varese. Amo leggere, le serie tv, i viaggi e mi piace sperimentare e conoscere. La passione pi&ugrave; grande? Il calcio, giocato, simulato e guardato: occupo parte del mio tempo libero con quella che &egrave; pi&ugrave; di una squadra di calcio, i Bidone, una vera e propria seconda famiglia con cui ho portato avanti tanti progetti sportivi e benefici. Faccio parte dal 2004 della squadra di VareseNews e sono giornalista professionista dal 2009: per dieci anni ho ricoperto il ruolo di caporedattore. Dal 2019 coordino insieme ad una redazione di giovani collaboratori il nuovo progetto del gruppo nella zona del Saronnese, il giornale SaronnoNews, spin-off di VareseNews, restando comunque radicato al territorio di Casciago, paese che mi ha adottato e che amo moltissimo come il lago di Varese e Cazzago Brabbia, il paese dove ho vissuto da giovane.\",\"sameAs\":[\"https:\/\/www.facebook.com\/tommaso.guidotti.7\",\"tomguidoz80\",\"https:\/\/www.linkedin.com\/profile\/view?id=36891883&authType=name&authToken=9pNm&locale=en_US&goback=npv_36891883_*1_*1_name_9pNm_*1_*1_*1_*1_*1_*1_*1_*1_*1_*1_*1_*1_*1_*1_*1_*1_*1_*1_*1_*1_*1_*1_*1_*1_*1_*1_*1_*1_*1_*1_*1_*1_*1\",\"https:\/\/twitter.com\/tomguidoz\"],\"url\":\"https:\/\/staging.varesenews.it\/persona\/tommaso_guidotti\/\"}]}<\/script>\n<!-- \/ Yoast SEO plugin. -->","yoast_head_json":{"title":"Cedro avvelenato: danni per 11 mila euro","description":"Un avviso da sabato \u00e8 stato appeso dall\u2019amministrazione comunale di Luvinate in via Castello, vicino al Cimitero, per avvisare pubblicamente di quanto successo e delle decisioni prese","robots":{"index":"noindex","follow":"follow","max-snippet":"max-snippet:-1","max-image-preview":"max-image-preview:large","max-video-preview":"max-video-preview:-1"},"og_locale":"it_IT","og_type":"article","og_title":"Cedro avvelenato: danni per 11 mila euro","og_description":"Un avviso da sabato \u00e8 stato appeso dall\u2019amministrazione comunale di Luvinate in via Castello, vicino al Cimitero, per avvisare pubblicamente di quanto successo e delle decisioni prese","og_url":"https:\/\/staging.varesenews.it\/2016\/12\/cedro-avvelenato-danni-per-11-mila-euro\/577336\/","og_site_name":"VareseNews","article_publisher":"https:\/\/www.facebook.com\/varesenews","article_author":"https:\/\/www.facebook.com\/tommaso.guidotti.7","article_published_time":"2016-12-12T11:25:25+00:00","author":"Tommaso Guidotti","twitter_card":"summary_large_image","twitter_creator":"@tomguidoz","twitter_site":"@varesenews","twitter_misc":{"Scritto da":"Tommaso Guidotti","Tempo di lettura stimato":"1 minuto"},"schema":{"@context":"https:\/\/schema.org","@graph":[{"@type":"WebPage","@id":"https:\/\/staging.varesenews.it\/2016\/12\/cedro-avvelenato-danni-per-11-mila-euro\/577336\/","url":"https:\/\/staging.varesenews.it\/2016\/12\/cedro-avvelenato-danni-per-11-mila-euro\/577336\/","name":"Cedro avvelenato: danni per 11 mila euro","isPartOf":{"@id":"https:\/\/staging.varesenews.it\/#website"},"datePublished":"2016-12-12T11:25:25+00:00","dateModified":"2016-12-12T11:25:25+00:00","author":{"@id":"https:\/\/staging.varesenews.it\/#\/schema\/person\/5ae9c65889c40fea73a6c40733b93f8a"},"description":"Un avviso da sabato \u00e8 stato appeso dall\u2019amministrazione comunale di Luvinate in via Castello, vicino al Cimitero, per avvisare pubblicamente di quanto successo e delle decisioni prese","breadcrumb":{"@id":"https:\/\/staging.varesenews.it\/2016\/12\/cedro-avvelenato-danni-per-11-mila-euro\/577336\/#breadcrumb"},"inLanguage":"it-IT","potentialAction":[{"@type":"ReadAction","target":["https:\/\/staging.varesenews.it\/2016\/12\/cedro-avvelenato-danni-per-11-mila-euro\/577336\/"]}]},{"@type":"BreadcrumbList","@id":"https:\/\/staging.varesenews.it\/2016\/12\/cedro-avvelenato-danni-per-11-mila-euro\/577336\/#breadcrumb","itemListElement":[{"@type":"ListItem","position":1,"name":"Home","item":"https:\/\/www.varesenews.it\/"},{"@type":"ListItem","position":2,"name":"Cedro avvelenato: danni per 11 mila euro"}]},{"@type":"WebSite","@id":"https:\/\/staging.varesenews.it\/#website","url":"https:\/\/staging.varesenews.it\/","name":"VareseNews","description":"","potentialAction":[{"@type":"SearchAction","target":{"@type":"EntryPoint","urlTemplate":"https:\/\/staging.varesenews.it\/?s={search_term_string}"},"query-input":"required name=search_term_string"}],"inLanguage":"it-IT"},{"@type":"Person","@id":"https:\/\/staging.varesenews.it\/#\/schema\/person\/5ae9c65889c40fea73a6c40733b93f8a","name":"Tommaso Guidotti","image":{"@type":"ImageObject","inLanguage":"it-IT","@id":"https:\/\/staging.varesenews.it\/#\/schema\/person\/image\/","url":"https:\/\/staging.varesenews.it\/wp-content\/uploads\/2020\/12\/tommaso_guidotti_colori_500.jpg","contentUrl":"https:\/\/staging.varesenews.it\/wp-content\/uploads\/2020\/12\/tommaso_guidotti_colori_500.jpg","caption":"Tommaso Guidotti"},"description":"Nato a Milano e trasferito nel Varesotto in tenera et&agrave;, sposato con Chiara dal 2012 e padre di due figli, Lorenzo e Alice. Sono laureato in Scienze Politiche e ho nel mio bagaglio lontani studi classici al Liceo Cairoli di Varese. Amo leggere, le serie tv, i viaggi e mi piace sperimentare e conoscere. La passione pi&ugrave; grande? Il calcio, giocato, simulato e guardato: occupo parte del mio tempo libero con quella che &egrave; pi&ugrave; di una squadra di calcio, i Bidone, una vera e propria seconda famiglia con cui ho portato avanti tanti progetti sportivi e benefici. Faccio parte dal 2004 della squadra di VareseNews e sono giornalista professionista dal 2009: per dieci anni ho ricoperto il ruolo di caporedattore. Dal 2019 coordino insieme ad una redazione di giovani collaboratori il nuovo progetto del gruppo nella zona del Saronnese, il giornale SaronnoNews, spin-off di VareseNews, restando comunque radicato al territorio di Casciago, paese che mi ha adottato e che amo moltissimo come il lago di Varese e Cazzago Brabbia, il paese dove ho vissuto da giovane.","sameAs":["https:\/\/www.facebook.com\/tommaso.guidotti.7","tomguidoz80","https:\/\/www.linkedin.com\/profile\/view?id=36891883&authType=name&authToken=9pNm&locale=en_US&goback=npv_36891883_*1_*1_name_9pNm_*1_*1_*1_*1_*1_*1_*1_*1_*1_*1_*1_*1_*1_*1_*1_*1_*1_*1_*1_*1_*1_*1_*1_*1_*1_*1_*1_*1_*1_*1_*1_*1_*1","https:\/\/twitter.com\/tomguidoz"],"url":"https:\/\/staging.varesenews.it\/persona\/tommaso_guidotti\/"}]}},"post_meta":{"_edit_lock":"1481542817:39","_edit_last":"39","ratings_users":"0","ratings_score":"0","ratings_average":"0","_category_permalink":"","wdfb_og_title":"","wdfb_og_type":"","wdfb_og_description":"","wdfb_og_images":"a:1:{i:0;s:0:\"\";}","wdfb_og_custom_name":"a:1:{i:0;s:0:\"\";}","wdfb_og_custom_value":"a:1:{i:0;s:0:\"\";}","foto":"584012","firma_come_redazione":"1","argomento":"Luvinate","_jd_twitter":"","_jd_tweet_this":"yes","_wpt_short_url":"http:\/\/www.varesenews.it\/2016\/12\/cedro-avvelenato-danni-per-11-mila-euro\/577336\/","_wp_jd_target":"http:\/\/www.varesenews.it\/2016\/12\/cedro-avvelenato-danni-per-11-mila-euro\/577336\/","_jd_wp_twitter":"a:1:{i:0;s:137:\"Cedro avvelenato: danni per 11 mila euro http:\/\/www.varesenews.it\/2016\/12\/cedro-avvelenato-danni-per-11-mila-euro\/577336\/ #alberi #natura\";}","_wpt_status_message":"Tweet inviato con successo.","id_leggi_anche":"582057"},"photos":[{"original":"https:\/\/staging.varesenews.it\/photogallery_new\/images\/2016\/12\/avarie-584012.jpg","full":"https:\/\/staging.varesenews.it\/photogallery_new\/images\/2016\/12\/avarie-584012.1024x768.jpg","large":"https:\/\/staging.varesenews.it\/photogallery_new\/images\/2016\/12\/avarie-584012.610x431.jpg"}],"_links":{"self":[{"href":"https:\/\/staging.varesenews.it\/swgapi\/v1\/wp\/v2\/posts\/577336"}],"collection":[{"href":"https:\/\/staging.varesenews.it\/swgapi\/v1\/wp\/v2\/posts"}],"about":[{"href":"https:\/\/staging.varesenews.it\/swgapi\/v1\/wp\/v2\/types\/post"}],"author":[{"embeddable":true,"href":"https:\/\/staging.varesenews.it\/swgapi\/v1\/wp\/v2\/users\/39"}],"replies":[{"embeddable":true,"href":"https:\/\/staging.varesenews.it\/swgapi\/v1\/wp\/v2\/comments?post=577336"}],"version-history":[{"count":0,"href":"https:\/\/staging.varesenews.it\/swgapi\/v1\/wp\/v2\/posts\/577336\/revisions"}],"wp:attachment":[{"href":"https:\/\/staging.varesenews.it\/swgapi\/v1\/wp\/v2\/media?parent=577336"}],"wp:term":[{"taxonomy":"category","embeddable":true,"href":"https:\/\/staging.varesenews.it\/swgapi\/v1\/wp\/v2\/categories?post=577336"},{"taxonomy":"post_tag","embeddable":true,"href":"https:\/\/staging.varesenews.it\/swgapi\/v1\/wp\/v2\/tags?post=577336"}],"curies":[{"name":"wp","href":"https:\/\/api.w.org\/{rel}","templated":true}]}}