{"id":577563,"date":"2016-12-12T19:39:51","date_gmt":"2016-12-12T18:39:51","guid":{"rendered":"http:\/\/www.varesenews.it\/?p=577563"},"modified":"2016-12-12T19:39:51","modified_gmt":"2016-12-12T18:39:51","slug":"al-via-le-misure-anti-inquinamento","status":"publish","type":"post","link":"https:\/\/staging.varesenews.it\/2016\/12\/al-via-le-misure-anti-inquinamento\/577563\/","title":{"rendered":"Al via le misure anti-inquinamento"},"content":{"rendered":"<p>Entrer\u00e0 in vigore da domani, 13 dicembre, e lo sar\u00e0 fino al 15 aprile, l\u2019ordinanza del sindaco Antonelli che istituisce alcune misure per il miglioramento della qualit\u00e0 dell\u2019aria attraverso la riduzione delle emissioni inquinanti in atmosfera.<\/p>\n<p>In base al \u201cProtocollo di collaborazione con ANCI Lombardia, ARPA Lombardia e gli Enti Locali per l\u2019attuazione di misure temporanee per il miglioramento della qualit\u00e0 dell\u2019aria ed il contrasto all\u2019inquinamento locale\u201d, a cui l\u2019Amministrazione comunale ha aderito nei giorni scorsi, \u00e8 prevista l\u2019attivazione di misure temporanee omogenee che scattano automaticamente in caso di superamento continuativo del limite giornaliero per il PM10, calcolato quale media aritmetica dei valori registrati dalle stazioni di rilevamento attive sul territorio.<\/p>\n<p>L&#8217;ordinanza del sindaco prevede <strong>l\u2019attivazione delle seguenti misure:<\/strong><\/p>\n<p>Nel caso del superamento di 7 giorni del valore di 50 microg\/mc di PM10 entreranno in vigore le misure primo livello, in particolare:<\/p>\n<p>\u2022 estensione del divieto di circolazione dei veicoli Euro 0 benzina e Euro 0, 1 e 2 diesel (gi\u00e0 limitati da luned\u00ec a venerd\u00ec dalle 7.30 alle 19.30) alle giornate di sabato, domenica e ai giorni festivi dalle 7.30 alle 19.30<br \/>\n\u2022 divieto di circolazione dei veicoli Euro 3 diesel:<br \/>\ndalle 9.00 alle 17.00 per autoveicoli per trasporto persone<br \/>\ndalle 7.30 alle 9.30 per autoveicoli per trasporto cose<br \/>\n\u2022 riduzione della temperatura di un grado nelle abitazioni ed esercizi commerciali<br \/>\n\u2022 divieto di utilizzo di generatori di calore domestici alimentati a biomassa legnosa (in presenza di impianto di riscaldamento alternativo) aventi prestazioni energetiche ed emissive che non sono in grado di rispettare i valori previsti almeno per la classe 3 stelle in base alla classificazione ambientale riportata in Allegato 2 alla d.G.R. n. 5656 del 3\/10\/16<br \/>\n\u2022 divieto assoluto, per qualsiasi tipologia di combustioni all\u2019aperto (fal\u00f2 rituali, barbecue e fuochi d\u2019artificio, scopo intrattenimento, etc\u2026). Non \u00e8 consentita alcuna deroga.<br \/>\n\u2022 divieto per tutti i veicoli di sostare con il motore acceso.<\/p>\n<p>Domani, 13 dicembre, essendo il limite di 50 microgrammi\/m3 di PM10 superato da 7 giorni, entreranno in vigore le misure di primo livello.<\/p>\n<p>Nel caso invece del superamento di 7 giorni del valore di 70 microg\/mc di PM10, entreranno in vigore le misure di secondo livello, aggiuntive rispetto a quelle di primo livello, e in particolare:<\/p>\n<p>\u2022 estensione del divieto di circolazione dei veicoli Euro 3 diesel:<br \/>\ndalle 7.30 alle 19.30 per autoveicoli per trasporto persone<br \/>\ndalle 7.30 alle 9.30 e dalle 18.00 alle 19.30 per autoveicoli per trasporto cose<\/p>\n<p>\u2022 divieto di utilizzo di generatori di calore domestici alimentati a biomassa legnosa (in presenza di impianto di riscaldamento alternativo) aventi prestazioni energetiche ed emissive che non sono in<br \/>\ngrado di rispettare i valori previsti almeno per la classe 4 stelle in base alla classificazione ambientale riportata in Allegato 2 alla d.G.R. n. 5656 del 3\/10\/16<\/p>\n<p>Per la revoca delle misure sono necessari almeno due giorni consecutivi sotto i rispettivi limiti di 50 microg\/mc e\/o 70 microg\/mc, con l&#8217;acquisizione del dato al 3\u00b0 giorno da parte del sistema di rilevamento di Arpa: la conseguente sospensione delle misure avverr\u00e0 dal 4\u00b0 giorno.<\/p>\n","protected":false},"excerpt":{"rendered":"<p>Entrer\u00e0 in vigore dal 13 dicembre l\u2019ordinanza del sindaco Antonelli che istituisce alcune misure per il miglioramento della qualit\u00e0 dell\u2019aria <\/p>\n","protected":false},"author":47,"featured_media":0,"comment_status":"open","ping_status":"open","sticky":false,"template":"","format":"standard","meta":{"footnotes":""},"categories":[4],"tags":[8970],"acf":[],"yoast_head":"<!-- This site is optimized with the Yoast SEO plugin v20.1 - https:\/\/yoast.com\/wordpress\/plugins\/seo\/ -->\n<title>Al via le misure anti-inquinamento<\/title>\n<meta name=\"description\" content=\"Entrer\u00e0 in vigore dal 13 dicembre l\u2019ordinanza del sindaco Antonelli che istituisce alcune misure per il miglioramento della qualit\u00e0 dell\u2019aria\" \/>\n<meta name=\"robots\" content=\"noindex, follow, max-snippet:-1, max-image-preview:large, max-video-preview:-1\" \/>\n<meta property=\"og:locale\" content=\"it_IT\" \/>\n<meta property=\"og:type\" content=\"article\" \/>\n<meta property=\"og:title\" content=\"Al via le misure anti-inquinamento\" \/>\n<meta property=\"og:description\" content=\"Entrer\u00e0 in vigore dal 13 dicembre l\u2019ordinanza del sindaco Antonelli che istituisce alcune misure per il miglioramento della qualit\u00e0 dell\u2019aria\" \/>\n<meta property=\"og:url\" content=\"https:\/\/staging.varesenews.it\/2016\/12\/al-via-le-misure-anti-inquinamento\/577563\/\" \/>\n<meta property=\"og:site_name\" content=\"VareseNews\" \/>\n<meta property=\"article:publisher\" content=\"https:\/\/www.facebook.com\/varesenews\" \/>\n<meta property=\"article:published_time\" content=\"2016-12-12T18:39:51+00:00\" \/>\n<meta name=\"author\" content=\"Orlando Mastrillo\" \/>\n<meta name=\"twitter:card\" content=\"summary_large_image\" \/>\n<meta name=\"twitter:creator\" content=\"@nando_mastrillo\" \/>\n<meta name=\"twitter:site\" content=\"@varesenews\" \/>\n<meta name=\"twitter:label1\" content=\"Scritto da\" \/>\n\t<meta name=\"twitter:data1\" content=\"Orlando Mastrillo\" \/>\n\t<meta name=\"twitter:label2\" content=\"Tempo di lettura stimato\" \/>\n\t<meta name=\"twitter:data2\" content=\"2 minuti\" \/>\n<script type=\"application\/ld+json\" class=\"yoast-schema-graph\">{\"@context\":\"https:\/\/schema.org\",\"@graph\":[{\"@type\":\"WebPage\",\"@id\":\"https:\/\/staging.varesenews.it\/2016\/12\/al-via-le-misure-anti-inquinamento\/577563\/\",\"url\":\"https:\/\/staging.varesenews.it\/2016\/12\/al-via-le-misure-anti-inquinamento\/577563\/\",\"name\":\"Al via le misure anti-inquinamento\",\"isPartOf\":{\"@id\":\"https:\/\/staging.varesenews.it\/#website\"},\"datePublished\":\"2016-12-12T18:39:51+00:00\",\"dateModified\":\"2016-12-12T18:39:51+00:00\",\"author\":{\"@id\":\"https:\/\/staging.varesenews.it\/#\/schema\/person\/14c47ccce537a9058dddce296f10b296\"},\"description\":\"Entrer\u00e0 in vigore dal 13 dicembre l\u2019ordinanza del sindaco Antonelli che istituisce alcune misure per il miglioramento della qualit\u00e0 dell\u2019aria\",\"breadcrumb\":{\"@id\":\"https:\/\/staging.varesenews.it\/2016\/12\/al-via-le-misure-anti-inquinamento\/577563\/#breadcrumb\"},\"inLanguage\":\"it-IT\",\"potentialAction\":[{\"@type\":\"ReadAction\",\"target\":[\"https:\/\/staging.varesenews.it\/2016\/12\/al-via-le-misure-anti-inquinamento\/577563\/\"]}]},{\"@type\":\"BreadcrumbList\",\"@id\":\"https:\/\/staging.varesenews.it\/2016\/12\/al-via-le-misure-anti-inquinamento\/577563\/#breadcrumb\",\"itemListElement\":[{\"@type\":\"ListItem\",\"position\":1,\"name\":\"Home\",\"item\":\"https:\/\/www.varesenews.it\/\"},{\"@type\":\"ListItem\",\"position\":2,\"name\":\"Al via le misure anti-inquinamento\"}]},{\"@type\":\"WebSite\",\"@id\":\"https:\/\/staging.varesenews.it\/#website\",\"url\":\"https:\/\/staging.varesenews.it\/\",\"name\":\"VareseNews\",\"description\":\"\",\"potentialAction\":[{\"@type\":\"SearchAction\",\"target\":{\"@type\":\"EntryPoint\",\"urlTemplate\":\"https:\/\/staging.varesenews.it\/?s={search_term_string}\"},\"query-input\":\"required name=search_term_string\"}],\"inLanguage\":\"it-IT\"},{\"@type\":\"Person\",\"@id\":\"https:\/\/staging.varesenews.it\/#\/schema\/person\/14c47ccce537a9058dddce296f10b296\",\"name\":\"Orlando Mastrillo\",\"image\":{\"@type\":\"ImageObject\",\"inLanguage\":\"it-IT\",\"@id\":\"https:\/\/staging.varesenews.it\/#\/schema\/person\/image\/\",\"url\":\"https:\/\/staging.varesenews.it\/wp-content\/uploads\/2020\/12\/orlando_mastrillo_colori_500.jpg\",\"contentUrl\":\"https:\/\/staging.varesenews.it\/wp-content\/uploads\/2020\/12\/orlando_mastrillo_colori_500.jpg\",\"caption\":\"Orlando Mastrillo\"},\"description\":\"Nasco a Luino nel 1981, ho iniziato questo lavoro nell'estate del 2003 nella redazione de Il Giorno di Varese e dall'anno successivo ho intrapreso la collaborazione con VareseNews. Dopo anni nell'Alto Varesotto mi sono trasferito a Busto Arsizio nel 2007, territorio che ho iniziato a seguire e che seguo tutt'oggi. Nel 2013 sono diventato giornalista professionista. Mi occupo di cronaca politica, giudiziaria e nera in una vasta area che comprende anche parte della Valle Olona e il Legnanese. Sono sposato con Valeria Arini e ho due splendide figlie.\",\"sameAs\":[\"or_ma\",\"https:\/\/twitter.com\/nando_mastrillo\"],\"url\":\"https:\/\/staging.varesenews.it\/persona\/orlando-mastrillo1\/\"}]}<\/script>\n<!-- \/ Yoast SEO plugin. -->","yoast_head_json":{"title":"Al via le misure anti-inquinamento","description":"Entrer\u00e0 in vigore dal 13 dicembre l\u2019ordinanza del sindaco Antonelli che istituisce alcune misure per il miglioramento della qualit\u00e0 dell\u2019aria","robots":{"index":"noindex","follow":"follow","max-snippet":"max-snippet:-1","max-image-preview":"max-image-preview:large","max-video-preview":"max-video-preview:-1"},"og_locale":"it_IT","og_type":"article","og_title":"Al via le misure anti-inquinamento","og_description":"Entrer\u00e0 in vigore dal 13 dicembre l\u2019ordinanza del sindaco Antonelli che istituisce alcune misure per il miglioramento della qualit\u00e0 dell\u2019aria","og_url":"https:\/\/staging.varesenews.it\/2016\/12\/al-via-le-misure-anti-inquinamento\/577563\/","og_site_name":"VareseNews","article_publisher":"https:\/\/www.facebook.com\/varesenews","article_published_time":"2016-12-12T18:39:51+00:00","author":"Orlando Mastrillo","twitter_card":"summary_large_image","twitter_creator":"@nando_mastrillo","twitter_site":"@varesenews","twitter_misc":{"Scritto da":"Orlando Mastrillo","Tempo di lettura stimato":"2 minuti"},"schema":{"@context":"https:\/\/schema.org","@graph":[{"@type":"WebPage","@id":"https:\/\/staging.varesenews.it\/2016\/12\/al-via-le-misure-anti-inquinamento\/577563\/","url":"https:\/\/staging.varesenews.it\/2016\/12\/al-via-le-misure-anti-inquinamento\/577563\/","name":"Al via le misure anti-inquinamento","isPartOf":{"@id":"https:\/\/staging.varesenews.it\/#website"},"datePublished":"2016-12-12T18:39:51+00:00","dateModified":"2016-12-12T18:39:51+00:00","author":{"@id":"https:\/\/staging.varesenews.it\/#\/schema\/person\/14c47ccce537a9058dddce296f10b296"},"description":"Entrer\u00e0 in vigore dal 13 dicembre l\u2019ordinanza del sindaco Antonelli che istituisce alcune misure per il miglioramento della qualit\u00e0 dell\u2019aria","breadcrumb":{"@id":"https:\/\/staging.varesenews.it\/2016\/12\/al-via-le-misure-anti-inquinamento\/577563\/#breadcrumb"},"inLanguage":"it-IT","potentialAction":[{"@type":"ReadAction","target":["https:\/\/staging.varesenews.it\/2016\/12\/al-via-le-misure-anti-inquinamento\/577563\/"]}]},{"@type":"BreadcrumbList","@id":"https:\/\/staging.varesenews.it\/2016\/12\/al-via-le-misure-anti-inquinamento\/577563\/#breadcrumb","itemListElement":[{"@type":"ListItem","position":1,"name":"Home","item":"https:\/\/www.varesenews.it\/"},{"@type":"ListItem","position":2,"name":"Al via le misure anti-inquinamento"}]},{"@type":"WebSite","@id":"https:\/\/staging.varesenews.it\/#website","url":"https:\/\/staging.varesenews.it\/","name":"VareseNews","description":"","potentialAction":[{"@type":"SearchAction","target":{"@type":"EntryPoint","urlTemplate":"https:\/\/staging.varesenews.it\/?s={search_term_string}"},"query-input":"required name=search_term_string"}],"inLanguage":"it-IT"},{"@type":"Person","@id":"https:\/\/staging.varesenews.it\/#\/schema\/person\/14c47ccce537a9058dddce296f10b296","name":"Orlando Mastrillo","image":{"@type":"ImageObject","inLanguage":"it-IT","@id":"https:\/\/staging.varesenews.it\/#\/schema\/person\/image\/","url":"https:\/\/staging.varesenews.it\/wp-content\/uploads\/2020\/12\/orlando_mastrillo_colori_500.jpg","contentUrl":"https:\/\/staging.varesenews.it\/wp-content\/uploads\/2020\/12\/orlando_mastrillo_colori_500.jpg","caption":"Orlando Mastrillo"},"description":"Nasco a Luino nel 1981, ho iniziato questo lavoro nell'estate del 2003 nella redazione de Il Giorno di Varese e dall'anno successivo ho intrapreso la collaborazione con VareseNews. Dopo anni nell'Alto Varesotto mi sono trasferito a Busto Arsizio nel 2007, territorio che ho iniziato a seguire e che seguo tutt'oggi. Nel 2013 sono diventato giornalista professionista. Mi occupo di cronaca politica, giudiziaria e nera in una vasta area che comprende anche parte della Valle Olona e il Legnanese. Sono sposato con Valeria Arini e ho due splendide figlie.","sameAs":["or_ma","https:\/\/twitter.com\/nando_mastrillo"],"url":"https:\/\/staging.varesenews.it\/persona\/orlando-mastrillo1\/"}]}},"post_meta":{"_edit_lock":"1481570030:47","_edit_last":"47","ratings_users":"0","ratings_score":"0","ratings_average":"0","_category_permalink":"","wdfb_og_title":"","wdfb_og_type":"","wdfb_og_description":"","wdfb_og_images":"a:1:{i:0;s:0:\"\";}","wdfb_og_custom_name":"a:1:{i:0;s:0:\"\";}","wdfb_og_custom_value":"a:1:{i:0;s:0:\"\";}","foto":"584122","firma_come_redazione":"1","argomento":"Busto Arsizio","_yoast_wpseo_focuskw":"inquinamento","_jd_twitter":"","_jd_tweet_this":"yes","_wpt_short_url":"http:\/\/www.varesenews.it\/2016\/12\/al-via-le-misure-anti-inquinamento\/577563\/","_wp_jd_target":"http:\/\/www.varesenews.it\/2016\/12\/al-via-le-misure-anti-inquinamento\/577563\/","_jd_wp_twitter":"a:1:{i:0;s:111:\"Al via le misure anti-inquinamento http:\/\/www.varesenews.it\/2016\/12\/al-via-le-misure-anti-inquinamento\/577563\/ \";}","_wpt_status_message":"Tweet inviato con successo.","_yoast_wpseo_linkdex":"69"},"photos":[{"original":"https:\/\/staging.varesenews.it\/photogallery_new\/images\/2016\/12\/inquinamento-generica-584122.jpg","full":"https:\/\/staging.varesenews.it\/photogallery_new\/images\/2016\/12\/inquinamento-generica-584122.1024x768.jpg","large":"https:\/\/staging.varesenews.it\/photogallery_new\/images\/2016\/12\/inquinamento-generica-584122.610x431.jpg"}],"_links":{"self":[{"href":"https:\/\/staging.varesenews.it\/swgapi\/v1\/wp\/v2\/posts\/577563"}],"collection":[{"href":"https:\/\/staging.varesenews.it\/swgapi\/v1\/wp\/v2\/posts"}],"about":[{"href":"https:\/\/staging.varesenews.it\/swgapi\/v1\/wp\/v2\/types\/post"}],"author":[{"embeddable":true,"href":"https:\/\/staging.varesenews.it\/swgapi\/v1\/wp\/v2\/users\/47"}],"replies":[{"embeddable":true,"href":"https:\/\/staging.varesenews.it\/swgapi\/v1\/wp\/v2\/comments?post=577563"}],"version-history":[{"count":0,"href":"https:\/\/staging.varesenews.it\/swgapi\/v1\/wp\/v2\/posts\/577563\/revisions"}],"wp:attachment":[{"href":"https:\/\/staging.varesenews.it\/swgapi\/v1\/wp\/v2\/media?parent=577563"}],"wp:term":[{"taxonomy":"category","embeddable":true,"href":"https:\/\/staging.varesenews.it\/swgapi\/v1\/wp\/v2\/categories?post=577563"},{"taxonomy":"post_tag","embeddable":true,"href":"https:\/\/staging.varesenews.it\/swgapi\/v1\/wp\/v2\/tags?post=577563"}],"curies":[{"name":"wp","href":"https:\/\/api.w.org\/{rel}","templated":true}]}}