{"id":57786,"date":"2013-06-13T00:00:00","date_gmt":"2013-06-13T00:00:00","guid":{"rendered":""},"modified":"2013-06-13T00:00:00","modified_gmt":"2013-06-13T00:00:00","slug":"esami-finiti-nei-cfp-e-gia-tempo-di-vacanza","status":"publish","type":"post","link":"https:\/\/staging.varesenews.it\/2013\/06\/esami-finiti-nei-cfp-e-gia-tempo-di-vacanza\/57786\/","title":{"rendered":"Esami finiti: nei CFP \u00e8 gi\u00e0 tempo di vacanza"},"content":{"rendered":"<p><img loading=\"lazy\" decoding=\"async\" src=\"https:\/\/www3.varesenews.it\/immagini_articoli\/201306\/Attesa_2.jpg\" width=\"300\" height=\"200\" vspace=\"5\" hspace=\"5\" align=\"left\" alt=\"\" \/>Rispetto agli oltre 5.000 giovani che prossimamente affronteranno gli esami di maturit&agrave;, <strong>la pattuglia dei 1.600 allievi dei corsi di Istruzione e Formazione Professionale regionale &egrave; certamente meno consistente ma non di scarso rilievo.<\/strong><\/p>\n<div>&nbsp;<\/div>\n<div>Si tratta in dettaglio di:<\/div>\n<div>&bull; <strong>Corsi triennali <\/strong><strong>per il conseguimento di un attestato di qualifica di 3&deg; livello europeo:<\/strong>&nbsp;o nei 20 centri di Formazione Professionale con 56 classi e 960 allievi (tra cui 125 acconciatori, 91&nbsp;o In 7 Istituti Professionali di Stato che hanno affiancato all&rsquo;offerta quinquennale&nbsp; i corsi triennali regionali &nbsp;meccanici, 87 estetiste, 85cuochi e 84 grafici, oltre a elettricisti, addetti alle vendite, orafi, camerieri &hellip;..)&nbsp;dopo l&rsquo;abolizione dei percorsi triennali di Stato ad opera della recente riforma dell&rsquo;Istruzione, con 16&nbsp;classi e quasi trecento ragazzi;<\/div>\n<div>&bull; <strong>Corsi annuali post- qualifica per il conseguimento del nuovo Diploma Professionale di Tecnico<\/strong> (4&deg;livello &nbsp;europeo) solo nei Centri di Formazione Professionale (&ldquo;quarti anni&rdquo;, con 27 classi e 340 allievi: i pi&ugrave; motivati &nbsp;e competenti (ad eccezione di quelli del settore dell&rsquo;Acconciatura ed Estetica) avranno l&rsquo;anno prossimo la&nbsp;possibilit&agrave; di accedere (in provincia di Varese o in altre limitrofe) a una quinta annualit&agrave; nei casi in cui un Centro&nbsp;di Formazione Professionale e un Istituto Professionale Statale abbiano la possibilit&agrave; di istituirla, per preparare&nbsp;i ragazzi all&rsquo;esame di Diploma. I Tecnici di Acconciatura Trattamenti estetici (che non possono accedere al&nbsp;quinto anno che non esiste nel settore) possono per&ograve; partecipare contestualmente anche all&rsquo;apposito esame&nbsp;di abilitazione per l&rsquo;esercizio della professione: un ottima occasione per evitare, in futuro, ulteriori corsi a&nbsp;pagamento ed esami.<\/div>\n<div>&nbsp;<\/div>\n<div><strong>Le sessioni d&rsquo;esame si sono gi&agrave; concluse in molte Istituzioni Scolastiche e Formative, <\/strong>mentre sono ancora in corso &nbsp;in quelle con un maggior numero di corsi e di allievi, <strong>con termine entro marted&igrave; prossimo nei casi di maggior&nbsp;&ldquo;affollamento&rdquo;.<\/strong><\/div>\n<div><strong>Venerd&igrave; 7 giugno si &egrave; svolta per tutti,<\/strong> Centri di Formazione e Scuole, <strong>la prova scritta centralizzata di italiano, &nbsp;matematica e inglese, la &ldquo;bestia nera&rdquo; di tutti gli esaminandi.<br \/>\n<\/strong> <br \/>\nCertamente <strong>meno problematica, anche se spesso&nbsp;giudicata con severit&agrave;, la prova professionale,<\/strong> mentre sono certo meno incerti, nei CFP;&nbsp; i risultati dei <strong>colloqui dei&nbsp;ragazzi<\/strong> comunque ammessi agli esami (anche se pi&ugrave; temuti dagli stessi) : a differenza degli esami &ldquo;statali&rdquo; questi&nbsp;ultimi <strong>non rappresentano una classica &ldquo;interrogazione&rdquo;, ma un momento di complessiva valutazione del grado di&nbsp;maturit&agrave; raggiunto dagli allievi in relazione alla loro &ldquo;storia personale&rdquo; durante i percorso.<br \/>\n<\/strong><\/div>\n<div>Merita una sottolineatura, nei Centri di Formazione Professionale, la problematica degli<strong> allievi con disabilit&agrave; o con&nbsp;situazioni di disagio personale, sociale o familiare &ldquo;pesanti&rdquo;, se non pesantissime.&nbsp;<\/strong>Se sono certo motivo di orgoglio da parte degli educatori e formatori (&egrave; pi&ugrave; giusto chiamarli cos&igrave; anzich&eacute; professori&nbsp;o docenti) non solo soli i casi (non numerosissimi ma non rari di allievi che dopo pochi anni dalla qualifica vengono a&nbsp;dire di aver trovato lavoro nella scuderia di una prestigiosa casa motociclistica o in un prestigioso villaggio vacanze)&nbsp;<strong>le soddisfazioni pi&ugrave; profonde vengono proprio dai soggetti pi&ugrave; deboli<\/strong>: ragazzi entrati in prima che non sapevano&nbsp;confrontarsi con gli altri, spauriti, aggressivi per paura, che arrivano alla fine del percorso con un vissuto personale&nbsp;migliore, avendo acquisito non solo e non tanto sufficienti competenze professionali, ma soprattutto capacit&agrave; di&nbsp;confronto, dialogo e di crescita personale.<\/div>\n<div>Tanti piccoli miracoli che fanno certamente bene alla societ&agrave;, e che le norme rischiano di annullare.&nbsp;<\/div>\n","protected":false},"excerpt":{"rendered":"<p>In molti centri professionali, gli esami di fine percorso si sono gi\u00e0 conclusi. Dopo gli scritti, i colloqui e le prove professionali, i 1660 studenti si godono l&#8217;estate<\/p>\n","protected":false},"author":10,"featured_media":0,"comment_status":"open","ping_status":"open","sticky":false,"template":"","format":"standard","meta":{"footnotes":""},"categories":[90],"tags":[4354,1208,15222],"acf":[],"yoast_head":"<!-- This site is optimized with the Yoast SEO plugin v20.1 - https:\/\/yoast.com\/wordpress\/plugins\/seo\/ -->\n<title>Esami finiti: nei CFP \u00e8 gi\u00e0 tempo di vacanza<\/title>\n<meta name=\"description\" content=\"In molti centri professionali, gli esami di fine percorso si sono gi\u00e0 conclusi. Dopo gli scritti, i colloqui e le prove professionali, i 1660 studenti si godono l&#039;estate\" \/>\n<meta name=\"robots\" content=\"noindex, follow, max-snippet:-1, max-image-preview:large, max-video-preview:-1\" \/>\n<meta property=\"og:locale\" content=\"it_IT\" \/>\n<meta property=\"og:type\" content=\"article\" \/>\n<meta property=\"og:title\" content=\"Esami finiti: nei CFP \u00e8 gi\u00e0 tempo di vacanza\" \/>\n<meta property=\"og:description\" content=\"In molti centri professionali, gli esami di fine percorso si sono gi\u00e0 conclusi. Dopo gli scritti, i colloqui e le prove professionali, i 1660 studenti si godono l&#039;estate\" \/>\n<meta property=\"og:url\" content=\"https:\/\/staging.varesenews.it\/2013\/06\/esami-finiti-nei-cfp-e-gia-tempo-di-vacanza\/57786\/\" \/>\n<meta property=\"og:site_name\" content=\"VareseNews\" \/>\n<meta property=\"article:publisher\" content=\"https:\/\/www.facebook.com\/varesenews\" \/>\n<meta property=\"article:published_time\" content=\"2013-06-13T00:00:00+00:00\" \/>\n<meta property=\"og:image\" content=\"https:\/\/www3.varesenews.it\/immagini_articoli\/201306\/Attesa_2.jpg\" \/>\n<meta name=\"author\" content=\"Redazione VareseNews\" \/>\n<meta name=\"twitter:card\" content=\"summary_large_image\" \/>\n<meta name=\"twitter:creator\" content=\"@varesenews\" \/>\n<meta name=\"twitter:site\" content=\"@varesenews\" \/>\n<meta name=\"twitter:label1\" content=\"Scritto da\" \/>\n\t<meta name=\"twitter:data1\" content=\"Redazione VareseNews\" \/>\n\t<meta name=\"twitter:label2\" content=\"Tempo di lettura stimato\" \/>\n\t<meta name=\"twitter:data2\" content=\"3 minuti\" \/>\n<script type=\"application\/ld+json\" class=\"yoast-schema-graph\">{\"@context\":\"https:\/\/schema.org\",\"@graph\":[{\"@type\":\"WebPage\",\"@id\":\"https:\/\/staging.varesenews.it\/2013\/06\/esami-finiti-nei-cfp-e-gia-tempo-di-vacanza\/57786\/\",\"url\":\"https:\/\/staging.varesenews.it\/2013\/06\/esami-finiti-nei-cfp-e-gia-tempo-di-vacanza\/57786\/\",\"name\":\"Esami finiti: nei CFP \u00e8 gi\u00e0 tempo di vacanza\",\"isPartOf\":{\"@id\":\"https:\/\/staging.varesenews.it\/#website\"},\"datePublished\":\"2013-06-13T00:00:00+00:00\",\"dateModified\":\"2013-06-13T00:00:00+00:00\",\"author\":{\"@id\":\"https:\/\/staging.varesenews.it\/#\/schema\/person\/fb20c4da0b7b16c291707a20db73e169\"},\"description\":\"In molti centri professionali, gli esami di fine percorso si sono gi\u00e0 conclusi. Dopo gli scritti, i colloqui e le prove professionali, i 1660 studenti si godono l'estate\",\"breadcrumb\":{\"@id\":\"https:\/\/staging.varesenews.it\/2013\/06\/esami-finiti-nei-cfp-e-gia-tempo-di-vacanza\/57786\/#breadcrumb\"},\"inLanguage\":\"it-IT\",\"potentialAction\":[{\"@type\":\"ReadAction\",\"target\":[\"https:\/\/staging.varesenews.it\/2013\/06\/esami-finiti-nei-cfp-e-gia-tempo-di-vacanza\/57786\/\"]}]},{\"@type\":\"BreadcrumbList\",\"@id\":\"https:\/\/staging.varesenews.it\/2013\/06\/esami-finiti-nei-cfp-e-gia-tempo-di-vacanza\/57786\/#breadcrumb\",\"itemListElement\":[{\"@type\":\"ListItem\",\"position\":1,\"name\":\"Home\",\"item\":\"https:\/\/www.varesenews.it\/\"},{\"@type\":\"ListItem\",\"position\":2,\"name\":\"Esami finiti: nei CFP \u00e8 gi\u00e0 tempo di vacanza\"}]},{\"@type\":\"WebSite\",\"@id\":\"https:\/\/staging.varesenews.it\/#website\",\"url\":\"https:\/\/staging.varesenews.it\/\",\"name\":\"VareseNews\",\"description\":\"\",\"potentialAction\":[{\"@type\":\"SearchAction\",\"target\":{\"@type\":\"EntryPoint\",\"urlTemplate\":\"https:\/\/staging.varesenews.it\/?s={search_term_string}\"},\"query-input\":\"required name=search_term_string\"}],\"inLanguage\":\"it-IT\"},{\"@type\":\"Person\",\"@id\":\"https:\/\/staging.varesenews.it\/#\/schema\/person\/fb20c4da0b7b16c291707a20db73e169\",\"name\":\"Redazione VareseNews\",\"image\":{\"@type\":\"ImageObject\",\"inLanguage\":\"it-IT\",\"@id\":\"https:\/\/staging.varesenews.it\/#\/schema\/person\/image\/\",\"url\":\"https:\/\/staging.varesenews.it\/wp-content\/uploads\/2020\/12\/logo_VN_colori_500.png\",\"contentUrl\":\"https:\/\/staging.varesenews.it\/wp-content\/uploads\/2020\/12\/logo_VN_colori_500.png\",\"caption\":\"Redazione VareseNews\"},\"url\":\"https:\/\/staging.varesenews.it\/persona\/redazione1\/\"}]}<\/script>\n<!-- \/ Yoast SEO plugin. -->","yoast_head_json":{"title":"Esami finiti: nei CFP \u00e8 gi\u00e0 tempo di vacanza","description":"In molti centri professionali, gli esami di fine percorso si sono gi\u00e0 conclusi. Dopo gli scritti, i colloqui e le prove professionali, i 1660 studenti si godono l'estate","robots":{"index":"noindex","follow":"follow","max-snippet":"max-snippet:-1","max-image-preview":"max-image-preview:large","max-video-preview":"max-video-preview:-1"},"og_locale":"it_IT","og_type":"article","og_title":"Esami finiti: nei CFP \u00e8 gi\u00e0 tempo di vacanza","og_description":"In molti centri professionali, gli esami di fine percorso si sono gi\u00e0 conclusi. Dopo gli scritti, i colloqui e le prove professionali, i 1660 studenti si godono l'estate","og_url":"https:\/\/staging.varesenews.it\/2013\/06\/esami-finiti-nei-cfp-e-gia-tempo-di-vacanza\/57786\/","og_site_name":"VareseNews","article_publisher":"https:\/\/www.facebook.com\/varesenews","article_published_time":"2013-06-13T00:00:00+00:00","og_image":[{"url":"https:\/\/www3.varesenews.it\/immagini_articoli\/201306\/Attesa_2.jpg"}],"author":"Redazione VareseNews","twitter_card":"summary_large_image","twitter_creator":"@varesenews","twitter_site":"@varesenews","twitter_misc":{"Scritto da":"Redazione VareseNews","Tempo di lettura stimato":"3 minuti"},"schema":{"@context":"https:\/\/schema.org","@graph":[{"@type":"WebPage","@id":"https:\/\/staging.varesenews.it\/2013\/06\/esami-finiti-nei-cfp-e-gia-tempo-di-vacanza\/57786\/","url":"https:\/\/staging.varesenews.it\/2013\/06\/esami-finiti-nei-cfp-e-gia-tempo-di-vacanza\/57786\/","name":"Esami finiti: nei CFP \u00e8 gi\u00e0 tempo di vacanza","isPartOf":{"@id":"https:\/\/staging.varesenews.it\/#website"},"datePublished":"2013-06-13T00:00:00+00:00","dateModified":"2013-06-13T00:00:00+00:00","author":{"@id":"https:\/\/staging.varesenews.it\/#\/schema\/person\/fb20c4da0b7b16c291707a20db73e169"},"description":"In molti centri professionali, gli esami di fine percorso si sono gi\u00e0 conclusi. Dopo gli scritti, i colloqui e le prove professionali, i 1660 studenti si godono l'estate","breadcrumb":{"@id":"https:\/\/staging.varesenews.it\/2013\/06\/esami-finiti-nei-cfp-e-gia-tempo-di-vacanza\/57786\/#breadcrumb"},"inLanguage":"it-IT","potentialAction":[{"@type":"ReadAction","target":["https:\/\/staging.varesenews.it\/2013\/06\/esami-finiti-nei-cfp-e-gia-tempo-di-vacanza\/57786\/"]}]},{"@type":"BreadcrumbList","@id":"https:\/\/staging.varesenews.it\/2013\/06\/esami-finiti-nei-cfp-e-gia-tempo-di-vacanza\/57786\/#breadcrumb","itemListElement":[{"@type":"ListItem","position":1,"name":"Home","item":"https:\/\/www.varesenews.it\/"},{"@type":"ListItem","position":2,"name":"Esami finiti: nei CFP \u00e8 gi\u00e0 tempo di vacanza"}]},{"@type":"WebSite","@id":"https:\/\/staging.varesenews.it\/#website","url":"https:\/\/staging.varesenews.it\/","name":"VareseNews","description":"","potentialAction":[{"@type":"SearchAction","target":{"@type":"EntryPoint","urlTemplate":"https:\/\/staging.varesenews.it\/?s={search_term_string}"},"query-input":"required name=search_term_string"}],"inLanguage":"it-IT"},{"@type":"Person","@id":"https:\/\/staging.varesenews.it\/#\/schema\/person\/fb20c4da0b7b16c291707a20db73e169","name":"Redazione VareseNews","image":{"@type":"ImageObject","inLanguage":"it-IT","@id":"https:\/\/staging.varesenews.it\/#\/schema\/person\/image\/","url":"https:\/\/staging.varesenews.it\/wp-content\/uploads\/2020\/12\/logo_VN_colori_500.png","contentUrl":"https:\/\/staging.varesenews.it\/wp-content\/uploads\/2020\/12\/logo_VN_colori_500.png","caption":"Redazione VareseNews"},"url":"https:\/\/staging.varesenews.it\/persona\/redazione1\/"}]}},"post_meta":{"id_old":"265578","argomento":"Scuola","id_link_fotogallery":"299648"},"photos":[],"_links":{"self":[{"href":"https:\/\/staging.varesenews.it\/swgapi\/v1\/wp\/v2\/posts\/57786"}],"collection":[{"href":"https:\/\/staging.varesenews.it\/swgapi\/v1\/wp\/v2\/posts"}],"about":[{"href":"https:\/\/staging.varesenews.it\/swgapi\/v1\/wp\/v2\/types\/post"}],"author":[{"embeddable":true,"href":"https:\/\/staging.varesenews.it\/swgapi\/v1\/wp\/v2\/users\/10"}],"replies":[{"embeddable":true,"href":"https:\/\/staging.varesenews.it\/swgapi\/v1\/wp\/v2\/comments?post=57786"}],"version-history":[{"count":0,"href":"https:\/\/staging.varesenews.it\/swgapi\/v1\/wp\/v2\/posts\/57786\/revisions"}],"wp:attachment":[{"href":"https:\/\/staging.varesenews.it\/swgapi\/v1\/wp\/v2\/media?parent=57786"}],"wp:term":[{"taxonomy":"category","embeddable":true,"href":"https:\/\/staging.varesenews.it\/swgapi\/v1\/wp\/v2\/categories?post=57786"},{"taxonomy":"post_tag","embeddable":true,"href":"https:\/\/staging.varesenews.it\/swgapi\/v1\/wp\/v2\/tags?post=57786"}],"curies":[{"name":"wp","href":"https:\/\/api.w.org\/{rel}","templated":true}]}}