{"id":578161,"date":"2016-12-14T15:51:59","date_gmt":"2016-12-14T14:51:59","guid":{"rendered":"http:\/\/www.varesenews.it\/?p=578161"},"modified":"2016-12-14T16:24:00","modified_gmt":"2016-12-14T15:24:00","slug":"da-oggi-gannet-betti-e-bemnet-hanno-una-casa-per-loro","status":"publish","type":"post","link":"https:\/\/staging.varesenews.it\/2016\/12\/da-oggi-gannet-betti-e-bemnet-hanno-una-casa-per-loro\/578161\/","title":{"rendered":"Da oggi Gannet, Betti e Bemnet hanno una casa per loro"},"content":{"rendered":"<p><strong>In Etiopia c&#8217;\u00e8 da oggi una famiglia che ha un tetto sulla testa<\/strong>, uno spazio riparato, un luogo in cui costruire la propria vita. A gennaio del 2016<a href=\"http:\/\/www.varesenews.it\/2016\/01\/chiara-silvia-e-il-sogno-di-una-casa-per-gannet\/475537\/\"> avevamo raccontato<\/a> su VareseNews<strong> il &#8220;sogno&#8221; di Silvia e Chiara, due giovani di Gallarate e Busto Arsizio<\/strong> che &#8211; dopo un&#8217;esperienza estiva in una missione &#8211; avevano avviato un progetto per dare una casa alla famiglia di Gannet.<\/p>\n<p><div class=\"photo-inside-post\"><img decoding=\"async\" loading=\"lazy\" fetchpriority=\"low\" width=\"610\" height=\"431\" src=\"https:\/\/staging.varesenews.it\/photogallery_new\/images\/2016\/01\/casa-gannet-progetto-etiopia-505081.610x431.jpg\" alt=\"casa gannet progetto etiopia\"><\/div> Chiara Martelli e Silvia Molani in Etiopia, estate 2015<\/p>\n<p>A distanza di meno di un anno, Silvia e Chiara ci hanno scritto per raccontare l&#8217;avanzamento del progetto, anche per rendere conto dei soldi raccolti e ringraziare tutte le persone che hanno risposto al loro appello di undici mesi fa. <strong>\u00abGannet, Betti e Bemnet si sono finalmente trasferite nella nuova casa!<\/strong> La famiglia ha accolto con grande entusiasmo la notizia dell\u2019acquisto della nuova abitazione che per loro rappresenta anche l\u2019inizio di una nuova vita! <strong>L\u2019abitazione si trova a Zway, una cittadina a circa 3 ore da Addis Abeba<\/strong>. In accordo con la famiglia <strong>abbiamo deciso di non acquistare la casa nella capitale<\/strong>: il crescente costo della vita non avrebbe permesso a Gannet di mantenersi e assicurare una vita dignitosa alle figlie. A Zway, la famiglia potr\u00e0 in ogni caso contare sulla vicinanza delle suore salesiane che gestiscono una scuola che le ragazze gi\u00e0 frequentano. Nella missione delle salesiane, \u00e8 presente anche una clinica dove Gannet potr\u00e0 trovare l\u2019assistenza per i suoi problemi di salute e un progetto di Women Empowerment che potrebbe eventualmente fornirle un lavoro, salute permettendo\u00bb.<\/p>\n<div class=\"related-posts related-01\"><h4>Leggi anche<\/h4><ul><li><a title=\"Chiara, Silvia e il sogno di una casa per Gannet\" target=\"_blank\" href=\"https:\/\/staging.varesenews.it\/2016\/01\/chiara-silvia-e-il-sogno-di-una-casa-per-gannet\/475537\/\"><strong>Busto Arsizio <\/strong> - Chiara, Silvia e il sogno di una casa per Gannet<\/a><\/li><\/ul><\/div>\n<p>Cinque locali, in parte in uso alla famiglia, in parte da destinare all&#8217;affitto \u00aba studenti che frequentano la vicina universit\u00e0, in modo tale da avere un introito certo ed evitare che le figlie siano costrette a lavorare per poter sopravvivere\u00bb. <strong>\u00c8 un passo avanti importante<\/strong> per la famiglia, che fino ad oggi viveva <strong>precedentemente in una situazione molto pi\u00f9 precaria,<\/strong> dal punto di vista dell&#8217;alloggio e delle condizioni di vita: \u00abLa baracca era minuscola: conteneva un letto condiviso da tutta la famiglia, un piccolo mobiletto e qualche tanica utilizzata per raccogliere l\u2019acqua\u00bb ricordano Chiara e Silvia nel loro report. \u00abRecentemente, il pavimento era stato ricoperto con della plastica per cercare di limitare il problema delle infiltrazioni. L\u2019affitto per l\u2019abitazione (comprensivo di elettricit\u00e0) era pari a 500 Birr. Le due bambine frequentavano la scuola (dove abbiamo svolto volontariato) con grandi difficolt\u00e0. La maggiore, soprattutto, dovendo occuparsi della famiglia, non era riuscita a rimanere al passo con lo studio e doveva essere aiutata da altre studentesse per recuperare quanto perso. <strong>Avendo visto con i nostri occhi la miseria<\/strong> in cui viveva la famiglia ed essendoci molto affezionate alle due bambine, \u00e8 <strong>per noi una grande gioia essere riuscite a concludere questo progetto<\/strong>\u00bb.<\/p>\n","protected":false},"excerpt":{"rendered":"<p>Silvia e Chiara avevano avviato a gennaio il progetto per aiutare una famiglia di Addis Abeba, in Etiopia. &#8220;Grazie a chi ha voluto crederci e ci ha aiutato&#8221;<\/p>\n","protected":false},"author":46,"featured_media":0,"comment_status":"open","ping_status":"open","sticky":false,"template":"","format":"standard","meta":{"footnotes":""},"categories":[4,3],"tags":[9242,41324,130],"acf":[],"yoast_head":"<!-- This site is optimized with the Yoast SEO plugin v20.1 - https:\/\/yoast.com\/wordpress\/plugins\/seo\/ -->\n<title>Da oggi Gannet, Betti e Bemnet hanno una casa per loro<\/title>\n<meta name=\"description\" content=\"Silvia e Chiara avevano avviato a gennaio il progetto per aiutare una famiglia di Addis Abeba, in Etiopia. &quot;Grazie a chi ha voluto crederci e ci ha aiutato&quot;\" \/>\n<meta name=\"robots\" content=\"noindex, follow, max-snippet:-1, max-image-preview:large, max-video-preview:-1\" \/>\n<meta property=\"og:locale\" content=\"it_IT\" \/>\n<meta property=\"og:type\" content=\"article\" \/>\n<meta property=\"og:title\" content=\"Da oggi Gannet, Betti e Bemnet hanno una casa per loro\" \/>\n<meta property=\"og:description\" content=\"Silvia e Chiara avevano avviato a gennaio il progetto per aiutare una famiglia di Addis Abeba, in Etiopia. &quot;Grazie a chi ha voluto crederci e ci ha aiutato&quot;\" \/>\n<meta property=\"og:url\" content=\"https:\/\/staging.varesenews.it\/2016\/12\/da-oggi-gannet-betti-e-bemnet-hanno-una-casa-per-loro\/578161\/\" \/>\n<meta property=\"og:site_name\" content=\"VareseNews\" \/>\n<meta property=\"article:publisher\" content=\"https:\/\/www.facebook.com\/varesenews\" \/>\n<meta property=\"article:published_time\" content=\"2016-12-14T14:51:59+00:00\" \/>\n<meta property=\"article:modified_time\" content=\"2016-12-14T15:24:00+00:00\" \/>\n<meta name=\"author\" content=\"Roberto Morandi\" \/>\n<meta name=\"twitter:card\" content=\"summary_large_image\" \/>\n<meta name=\"twitter:creator\" content=\"@ilmorands\" \/>\n<meta name=\"twitter:site\" content=\"@varesenews\" \/>\n<meta name=\"twitter:label1\" content=\"Scritto da\" \/>\n\t<meta name=\"twitter:data1\" content=\"Roberto Morandi\" \/>\n\t<meta name=\"twitter:label2\" content=\"Tempo di lettura stimato\" \/>\n\t<meta name=\"twitter:data2\" content=\"2 minuti\" \/>\n<script type=\"application\/ld+json\" class=\"yoast-schema-graph\">{\"@context\":\"https:\/\/schema.org\",\"@graph\":[{\"@type\":\"WebPage\",\"@id\":\"https:\/\/staging.varesenews.it\/2016\/12\/da-oggi-gannet-betti-e-bemnet-hanno-una-casa-per-loro\/578161\/\",\"url\":\"https:\/\/staging.varesenews.it\/2016\/12\/da-oggi-gannet-betti-e-bemnet-hanno-una-casa-per-loro\/578161\/\",\"name\":\"Da oggi Gannet, Betti e Bemnet hanno una casa per loro\",\"isPartOf\":{\"@id\":\"https:\/\/staging.varesenews.it\/#website\"},\"datePublished\":\"2016-12-14T14:51:59+00:00\",\"dateModified\":\"2016-12-14T15:24:00+00:00\",\"author\":{\"@id\":\"https:\/\/staging.varesenews.it\/#\/schema\/person\/efe592ae4c76536b551f89d8b6674bc3\"},\"description\":\"Silvia e Chiara avevano avviato a gennaio il progetto per aiutare una famiglia di Addis Abeba, in Etiopia. \\\"Grazie a chi ha voluto crederci e ci ha aiutato\\\"\",\"breadcrumb\":{\"@id\":\"https:\/\/staging.varesenews.it\/2016\/12\/da-oggi-gannet-betti-e-bemnet-hanno-una-casa-per-loro\/578161\/#breadcrumb\"},\"inLanguage\":\"it-IT\",\"potentialAction\":[{\"@type\":\"ReadAction\",\"target\":[\"https:\/\/staging.varesenews.it\/2016\/12\/da-oggi-gannet-betti-e-bemnet-hanno-una-casa-per-loro\/578161\/\"]}]},{\"@type\":\"BreadcrumbList\",\"@id\":\"https:\/\/staging.varesenews.it\/2016\/12\/da-oggi-gannet-betti-e-bemnet-hanno-una-casa-per-loro\/578161\/#breadcrumb\",\"itemListElement\":[{\"@type\":\"ListItem\",\"position\":1,\"name\":\"Home\",\"item\":\"https:\/\/www.varesenews.it\/\"},{\"@type\":\"ListItem\",\"position\":2,\"name\":\"Da oggi Gannet, Betti e Bemnet hanno una casa per loro\"}]},{\"@type\":\"WebSite\",\"@id\":\"https:\/\/staging.varesenews.it\/#website\",\"url\":\"https:\/\/staging.varesenews.it\/\",\"name\":\"VareseNews\",\"description\":\"\",\"potentialAction\":[{\"@type\":\"SearchAction\",\"target\":{\"@type\":\"EntryPoint\",\"urlTemplate\":\"https:\/\/staging.varesenews.it\/?s={search_term_string}\"},\"query-input\":\"required name=search_term_string\"}],\"inLanguage\":\"it-IT\"},{\"@type\":\"Person\",\"@id\":\"https:\/\/staging.varesenews.it\/#\/schema\/person\/efe592ae4c76536b551f89d8b6674bc3\",\"name\":\"Roberto Morandi\",\"image\":{\"@type\":\"ImageObject\",\"inLanguage\":\"it-IT\",\"@id\":\"https:\/\/staging.varesenews.it\/#\/schema\/person\/image\/\",\"url\":\"https:\/\/staging.varesenews.it\/wp-content\/uploads\/2020\/12\/roberto_morandi_colori_500.jpg\",\"contentUrl\":\"https:\/\/staging.varesenews.it\/wp-content\/uploads\/2020\/12\/roberto_morandi_colori_500.jpg\",\"caption\":\"Roberto Morandi\"},\"description\":\"Classe 1980, laureato in storia, mi occupo dell&rsquo;area di Gallarate e di Malpensa, di trasporti e mobilit&agrave;. Amo molto la dimensione della citt&agrave;, come luogo d&rsquo;incontro di persone diverse e come organismo che si trasforma costantemente. Mi piace anche raccontare le piccole e grandi vicende, anche locali, che compongono la Storia con la S maiuscola. Appassionato di bicicletta: la macchina perfetta per muoversi in citt&agrave; e per viaggiare.\",\"sameAs\":[\"https:\/\/twitter.com\/ilmorands\"],\"url\":\"https:\/\/staging.varesenews.it\/persona\/roberto-morandi1\/\"}]}<\/script>\n<!-- \/ Yoast SEO plugin. -->","yoast_head_json":{"title":"Da oggi Gannet, Betti e Bemnet hanno una casa per loro","description":"Silvia e Chiara avevano avviato a gennaio il progetto per aiutare una famiglia di Addis Abeba, in Etiopia. \"Grazie a chi ha voluto crederci e ci ha aiutato\"","robots":{"index":"noindex","follow":"follow","max-snippet":"max-snippet:-1","max-image-preview":"max-image-preview:large","max-video-preview":"max-video-preview:-1"},"og_locale":"it_IT","og_type":"article","og_title":"Da oggi Gannet, Betti e Bemnet hanno una casa per loro","og_description":"Silvia e Chiara avevano avviato a gennaio il progetto per aiutare una famiglia di Addis Abeba, in Etiopia. \"Grazie a chi ha voluto crederci e ci ha aiutato\"","og_url":"https:\/\/staging.varesenews.it\/2016\/12\/da-oggi-gannet-betti-e-bemnet-hanno-una-casa-per-loro\/578161\/","og_site_name":"VareseNews","article_publisher":"https:\/\/www.facebook.com\/varesenews","article_published_time":"2016-12-14T14:51:59+00:00","article_modified_time":"2016-12-14T15:24:00+00:00","author":"Roberto Morandi","twitter_card":"summary_large_image","twitter_creator":"@ilmorands","twitter_site":"@varesenews","twitter_misc":{"Scritto da":"Roberto Morandi","Tempo di lettura stimato":"2 minuti"},"schema":{"@context":"https:\/\/schema.org","@graph":[{"@type":"WebPage","@id":"https:\/\/staging.varesenews.it\/2016\/12\/da-oggi-gannet-betti-e-bemnet-hanno-una-casa-per-loro\/578161\/","url":"https:\/\/staging.varesenews.it\/2016\/12\/da-oggi-gannet-betti-e-bemnet-hanno-una-casa-per-loro\/578161\/","name":"Da oggi Gannet, Betti e Bemnet hanno una casa per loro","isPartOf":{"@id":"https:\/\/staging.varesenews.it\/#website"},"datePublished":"2016-12-14T14:51:59+00:00","dateModified":"2016-12-14T15:24:00+00:00","author":{"@id":"https:\/\/staging.varesenews.it\/#\/schema\/person\/efe592ae4c76536b551f89d8b6674bc3"},"description":"Silvia e Chiara avevano avviato a gennaio il progetto per aiutare una famiglia di Addis Abeba, in Etiopia. \"Grazie a chi ha voluto crederci e ci ha aiutato\"","breadcrumb":{"@id":"https:\/\/staging.varesenews.it\/2016\/12\/da-oggi-gannet-betti-e-bemnet-hanno-una-casa-per-loro\/578161\/#breadcrumb"},"inLanguage":"it-IT","potentialAction":[{"@type":"ReadAction","target":["https:\/\/staging.varesenews.it\/2016\/12\/da-oggi-gannet-betti-e-bemnet-hanno-una-casa-per-loro\/578161\/"]}]},{"@type":"BreadcrumbList","@id":"https:\/\/staging.varesenews.it\/2016\/12\/da-oggi-gannet-betti-e-bemnet-hanno-una-casa-per-loro\/578161\/#breadcrumb","itemListElement":[{"@type":"ListItem","position":1,"name":"Home","item":"https:\/\/www.varesenews.it\/"},{"@type":"ListItem","position":2,"name":"Da oggi Gannet, Betti e Bemnet hanno una casa per loro"}]},{"@type":"WebSite","@id":"https:\/\/staging.varesenews.it\/#website","url":"https:\/\/staging.varesenews.it\/","name":"VareseNews","description":"","potentialAction":[{"@type":"SearchAction","target":{"@type":"EntryPoint","urlTemplate":"https:\/\/staging.varesenews.it\/?s={search_term_string}"},"query-input":"required name=search_term_string"}],"inLanguage":"it-IT"},{"@type":"Person","@id":"https:\/\/staging.varesenews.it\/#\/schema\/person\/efe592ae4c76536b551f89d8b6674bc3","name":"Roberto Morandi","image":{"@type":"ImageObject","inLanguage":"it-IT","@id":"https:\/\/staging.varesenews.it\/#\/schema\/person\/image\/","url":"https:\/\/staging.varesenews.it\/wp-content\/uploads\/2020\/12\/roberto_morandi_colori_500.jpg","contentUrl":"https:\/\/staging.varesenews.it\/wp-content\/uploads\/2020\/12\/roberto_morandi_colori_500.jpg","caption":"Roberto Morandi"},"description":"Classe 1980, laureato in storia, mi occupo dell&rsquo;area di Gallarate e di Malpensa, di trasporti e mobilit&agrave;. Amo molto la dimensione della citt&agrave;, come luogo d&rsquo;incontro di persone diverse e come organismo che si trasforma costantemente. Mi piace anche raccontare le piccole e grandi vicende, anche locali, che compongono la Storia con la S maiuscola. Appassionato di bicicletta: la macchina perfetta per muoversi in citt&agrave; e per viaggiare.","sameAs":["https:\/\/twitter.com\/ilmorands"],"url":"https:\/\/staging.varesenews.it\/persona\/roberto-morandi1\/"}]}},"post_meta":{"_edit_lock":"1481729387:46","_edit_last":"46","_category_permalink":"4","ratings_users":"0","ratings_score":"0","ratings_average":"0","wdfb_og_title":"","wdfb_og_type":"","wdfb_og_description":"","wdfb_og_images":"a:1:{i:0;s:0:\"\";}","wdfb_og_custom_name":"a:1:{i:0;s:0:\"\";}","wdfb_og_custom_value":"a:1:{i:0;s:0:\"\";}","foto":"584493","argomento":"Gallarate - Busto Arsizio","_jd_twitter":"","_jd_tweet_this":"yes","_wpt_short_url":"http:\/\/www.varesenews.it\/2016\/12\/da-oggi-gannet-betti-e-bemnet-hanno-una-casa-per-loro\/578161\/","_wp_jd_target":"http:\/\/www.varesenews.it\/2016\/12\/da-oggi-gannet-betti-e-bemnet-hanno-una-casa-per-loro\/578161\/","_jd_wp_twitter":"a:1:{i:0;s:183:\"Da oggi Gannet, Betti e Bemnet hanno una casa per loro http:\/\/www.varesenews.it\/2016\/12\/da-oggi-gannet-betti-e-bemnet-hanno-una-casa-per-loro\/578161\/ #etiopia #gallarate #solidariet\u00e0\";}","_wpt_status_message":"Tweet inviato con successo.","id_leggi_anche":"475537","id_link_fotogallery":"578196"},"photos":[{"original":"https:\/\/staging.varesenews.it\/photogallery_new\/images\/2016\/12\/una-casa-per-gannet-etiopia-584493.jpg","full":"https:\/\/staging.varesenews.it\/photogallery_new\/images\/2016\/12\/una-casa-per-gannet-etiopia-584493.1024x768.jpg","large":"https:\/\/staging.varesenews.it\/photogallery_new\/images\/2016\/12\/una-casa-per-gannet-etiopia-584493.610x431.jpg"}],"_links":{"self":[{"href":"https:\/\/staging.varesenews.it\/swgapi\/v1\/wp\/v2\/posts\/578161"}],"collection":[{"href":"https:\/\/staging.varesenews.it\/swgapi\/v1\/wp\/v2\/posts"}],"about":[{"href":"https:\/\/staging.varesenews.it\/swgapi\/v1\/wp\/v2\/types\/post"}],"author":[{"embeddable":true,"href":"https:\/\/staging.varesenews.it\/swgapi\/v1\/wp\/v2\/users\/46"}],"replies":[{"embeddable":true,"href":"https:\/\/staging.varesenews.it\/swgapi\/v1\/wp\/v2\/comments?post=578161"}],"version-history":[{"count":0,"href":"https:\/\/staging.varesenews.it\/swgapi\/v1\/wp\/v2\/posts\/578161\/revisions"}],"wp:attachment":[{"href":"https:\/\/staging.varesenews.it\/swgapi\/v1\/wp\/v2\/media?parent=578161"}],"wp:term":[{"taxonomy":"category","embeddable":true,"href":"https:\/\/staging.varesenews.it\/swgapi\/v1\/wp\/v2\/categories?post=578161"},{"taxonomy":"post_tag","embeddable":true,"href":"https:\/\/staging.varesenews.it\/swgapi\/v1\/wp\/v2\/tags?post=578161"}],"curies":[{"name":"wp","href":"https:\/\/api.w.org\/{rel}","templated":true}]}}