{"id":578409,"date":"2016-12-15T10:11:09","date_gmt":"2016-12-15T09:11:09","guid":{"rendered":"http:\/\/www.varesenews.it\/?p=578409"},"modified":"2016-12-15T10:13:08","modified_gmt":"2016-12-15T09:13:08","slug":"fiocco-rosa-tra-le-mamme-in-protesta-2","status":"publish","type":"post","link":"https:\/\/staging.varesenews.it\/2016\/12\/fiocco-rosa-tra-le-mamme-in-protesta-2\/578409\/","title":{"rendered":"Fiocco rosa tra le mamme in protesta"},"content":{"rendered":"<p>\u00c8 nata nel tardo pomeriggio di ieri,<strong> all&#8217;ospedale di Cittiglio la bimba di Nayma<\/strong>, una delle &#8220;mamme dell&#8217;ospedale Ondoli&#8221;. <strong>Nayma<\/strong> avrebbe voluto che la sua piccola nascesse ad Angera dove per tutta la gravidanza \u00e8 stata seguita e supportata ma, quando era gi\u00e0 prossima al termine per il parto, ha appreso della chiusura di punto nascita e pediatria. Una doccia fredda per la mamma in attesa.<\/p>\n<p>Per Nayma sono stati giorni faticosi e carichi di ansia e incertezza ma nonostante questo non ha mai mancato nemmeno uno degli appuntamenti organizzati dal gruppo delle mamme per chiedere la riapertura dei reparti chiusi. Una donna fragile e forte allo stesso tempo che oggi tiene tra le braccia\u00a0la sua piccola neonata, Camilla.<\/p>\n<p>La protesta delle mamme continua e dopo <a title=\"Monti: \u201cCon la deroga del Ministero riapriremo il punto nascita\u201d\" href=\"http:\/\/www.varesenews.it\/2016\/12\/monti-con-la-deroga-del-ministero-riapriremo-il-punto-nascita\/578305\/\">l&#8217;incontro di ieri, in cui i rappresentanti regionali hanno promesso di farsi carico delle richieste dei cittadini<\/a>, \u00e8 ancora pi\u00f9 forte: &#8220;noi mamme &#8211; scrivono questa mattina &#8211; non abbiamo un colore politico, noi mamme vi chiediamo di smetterla di discutere, noi mamme vi chiediamo di agire, e in fretta. Non strumentalizzateci, siate seri e concreti: abbiate rispetto della gente che non vi chiede la luna, ma semplicemente di restituire al territorio i servizi e i reparti che hanno sempre funzionato, ma cancellati per orrendi giochi di potere o sciocche valutazioni statistiche.\u00a0<strong>Siamo persone, come voi, come tutti: siamo persone e non numeri<\/strong>. Proprio il rispetto delle persone ci porta a stare vicino, anche fisicamente con il presidio, a tutto il personale dell\u2019Ospedale Carlo Ondoli e in particolare alle splendide persone dei reparti soppressi. La nostra battaglia civile \u00e8 anche per loro&#8221;.<\/p>\n<hr \/>\n<p class=\"p1\"><em>La politica di riordino dell&#8217;attivit\u00e0 sanitaria sta innescando<strong> una serie di polemiche nei territori<\/strong> per gli interventi che indeboliscono l&#8217;offerta ospedaliera:<br \/>\n<a href=\"http:\/\/www.varesenews.it\/tag\/difesa-degli-ospedali\/\" target=\"_blank\"><strong>qui il riassunto<\/strong><\/a>. <\/em><\/p>\n<p class=\"p1\"><em><strong>La nuova riforma della sanit\u00e0 porter\u00e0 a cambiamenti <\/strong>nell&#8217;attuale assetto organizzativo. L&#8217;ospedale non sar\u00e0 pi\u00f9 il centro dell&#8217;offerta ma sar\u00e0 in rete con il potenziamento dei presidi territorial:<strong><a href=\"http:\/\/www.varesenews.it\/tag\/riforma-della-sanita\/\" target=\"_blank\"> ecco le linee<\/a>\u00a0della riforma<\/strong><\/em><\/p>\n","protected":false},"excerpt":{"rendered":"<p>\u00c8 nata a Cittiglio la bimba di Nayma, una delle mamme pi\u00f9 attive nella battaglia per riavere il punto nascita dell&#8217;ospedale. Intanto continua il presidio all&#8217;Ondoli<\/p>\n","protected":false},"author":43,"featured_media":0,"comment_status":"open","ping_status":"open","sticky":false,"template":"","format":"standard","meta":{"footnotes":""},"categories":[24,2],"tags":[41350,41485,66175,11688,66171,66140],"acf":[],"yoast_head":"<!-- This site is optimized with the Yoast SEO plugin v20.1 - https:\/\/yoast.com\/wordpress\/plugins\/seo\/ -->\n<title>Fiocco rosa tra le mamme in protesta<\/title>\n<meta name=\"description\" content=\"\u00c8 nata a Cittiglio la bimba di Nayma, una delle mamme pi\u00f9 attive nella battaglia per riavere il punto nascita dell&#039;ospedale. Intanto continua il presidio all&#039;Ondoli\" \/>\n<meta name=\"robots\" content=\"noindex, follow, max-snippet:-1, max-image-preview:large, max-video-preview:-1\" \/>\n<meta property=\"og:locale\" content=\"it_IT\" \/>\n<meta property=\"og:type\" content=\"article\" \/>\n<meta property=\"og:title\" content=\"Fiocco rosa tra le mamme in protesta\" \/>\n<meta property=\"og:description\" content=\"\u00c8 nata a Cittiglio la bimba di Nayma, una delle mamme pi\u00f9 attive nella battaglia per riavere il punto nascita dell&#039;ospedale. Intanto continua il presidio all&#039;Ondoli\" \/>\n<meta property=\"og:url\" content=\"https:\/\/staging.varesenews.it\/2016\/12\/fiocco-rosa-tra-le-mamme-in-protesta-2\/578409\/\" \/>\n<meta property=\"og:site_name\" content=\"VareseNews\" \/>\n<meta property=\"article:publisher\" content=\"https:\/\/www.facebook.com\/varesenews\" \/>\n<meta property=\"article:author\" content=\"https:\/\/www.facebook.com\/mariacarla.cebrelli\" \/>\n<meta property=\"article:published_time\" content=\"2016-12-15T09:11:09+00:00\" \/>\n<meta property=\"article:modified_time\" content=\"2016-12-15T09:13:08+00:00\" \/>\n<meta name=\"author\" content=\"Maria Carla Cebrelli\" \/>\n<meta name=\"twitter:card\" content=\"summary_large_image\" \/>\n<meta name=\"twitter:creator\" content=\"@pikapiketti\" \/>\n<meta name=\"twitter:site\" content=\"@varesenews\" \/>\n<meta name=\"twitter:label1\" content=\"Scritto da\" \/>\n\t<meta name=\"twitter:data1\" content=\"Maria Carla Cebrelli\" \/>\n\t<meta name=\"twitter:label2\" content=\"Tempo di lettura stimato\" \/>\n\t<meta name=\"twitter:data2\" content=\"2 minuti\" \/>\n<script type=\"application\/ld+json\" class=\"yoast-schema-graph\">{\"@context\":\"https:\/\/schema.org\",\"@graph\":[{\"@type\":\"WebPage\",\"@id\":\"https:\/\/staging.varesenews.it\/2016\/12\/fiocco-rosa-tra-le-mamme-in-protesta-2\/578409\/\",\"url\":\"https:\/\/staging.varesenews.it\/2016\/12\/fiocco-rosa-tra-le-mamme-in-protesta-2\/578409\/\",\"name\":\"Fiocco rosa tra le mamme in protesta\",\"isPartOf\":{\"@id\":\"https:\/\/staging.varesenews.it\/#website\"},\"datePublished\":\"2016-12-15T09:11:09+00:00\",\"dateModified\":\"2016-12-15T09:13:08+00:00\",\"author\":{\"@id\":\"https:\/\/staging.varesenews.it\/#\/schema\/person\/5bf790e99d7ec50061119cc825c454de\"},\"description\":\"\u00c8 nata a Cittiglio la bimba di Nayma, una delle mamme pi\u00f9 attive nella battaglia per riavere il punto nascita dell'ospedale. Intanto continua il presidio all'Ondoli\",\"breadcrumb\":{\"@id\":\"https:\/\/staging.varesenews.it\/2016\/12\/fiocco-rosa-tra-le-mamme-in-protesta-2\/578409\/#breadcrumb\"},\"inLanguage\":\"it-IT\",\"potentialAction\":[{\"@type\":\"ReadAction\",\"target\":[\"https:\/\/staging.varesenews.it\/2016\/12\/fiocco-rosa-tra-le-mamme-in-protesta-2\/578409\/\"]}]},{\"@type\":\"BreadcrumbList\",\"@id\":\"https:\/\/staging.varesenews.it\/2016\/12\/fiocco-rosa-tra-le-mamme-in-protesta-2\/578409\/#breadcrumb\",\"itemListElement\":[{\"@type\":\"ListItem\",\"position\":1,\"name\":\"Home\",\"item\":\"https:\/\/www.varesenews.it\/\"},{\"@type\":\"ListItem\",\"position\":2,\"name\":\"Fiocco rosa tra le mamme in protesta\"}]},{\"@type\":\"WebSite\",\"@id\":\"https:\/\/staging.varesenews.it\/#website\",\"url\":\"https:\/\/staging.varesenews.it\/\",\"name\":\"VareseNews\",\"description\":\"\",\"potentialAction\":[{\"@type\":\"SearchAction\",\"target\":{\"@type\":\"EntryPoint\",\"urlTemplate\":\"https:\/\/staging.varesenews.it\/?s={search_term_string}\"},\"query-input\":\"required name=search_term_string\"}],\"inLanguage\":\"it-IT\"},{\"@type\":\"Person\",\"@id\":\"https:\/\/staging.varesenews.it\/#\/schema\/person\/5bf790e99d7ec50061119cc825c454de\",\"name\":\"Maria Carla Cebrelli\",\"image\":{\"@type\":\"ImageObject\",\"inLanguage\":\"it-IT\",\"@id\":\"https:\/\/staging.varesenews.it\/#\/schema\/person\/image\/\",\"url\":\"https:\/\/staging.varesenews.it\/wp-content\/uploads\/2020\/12\/mariacarla_cebrelli_colori_500-1.jpg\",\"contentUrl\":\"https:\/\/staging.varesenews.it\/wp-content\/uploads\/2020\/12\/mariacarla_cebrelli_colori_500-1.jpg\",\"caption\":\"Maria Carla Cebrelli\"},\"description\":\"Economista di formazione, giornalista per passione. A VareseNews dal 2005, mi sono occupata negli anni di universit&agrave;, tematiche di confine, news locali e comunicazione nel settore sociale. Attualmente sono responsabile di VerbanoNews, del canale di VareseNews dedicato al Turismo e seguo i social dell'area business.\",\"sameAs\":[\"https:\/\/www.facebook.com\/mariacarla.cebrelli\",\"pikapiketti\",\"https:\/\/twitter.com\/pikapiketti\"],\"url\":\"https:\/\/staging.varesenews.it\/persona\/mariacarla-cebrelli1\/\"}]}<\/script>\n<!-- \/ Yoast SEO plugin. -->","yoast_head_json":{"title":"Fiocco rosa tra le mamme in protesta","description":"\u00c8 nata a Cittiglio la bimba di Nayma, una delle mamme pi\u00f9 attive nella battaglia per riavere il punto nascita dell'ospedale. Intanto continua il presidio all'Ondoli","robots":{"index":"noindex","follow":"follow","max-snippet":"max-snippet:-1","max-image-preview":"max-image-preview:large","max-video-preview":"max-video-preview:-1"},"og_locale":"it_IT","og_type":"article","og_title":"Fiocco rosa tra le mamme in protesta","og_description":"\u00c8 nata a Cittiglio la bimba di Nayma, una delle mamme pi\u00f9 attive nella battaglia per riavere il punto nascita dell'ospedale. Intanto continua il presidio all'Ondoli","og_url":"https:\/\/staging.varesenews.it\/2016\/12\/fiocco-rosa-tra-le-mamme-in-protesta-2\/578409\/","og_site_name":"VareseNews","article_publisher":"https:\/\/www.facebook.com\/varesenews","article_author":"https:\/\/www.facebook.com\/mariacarla.cebrelli","article_published_time":"2016-12-15T09:11:09+00:00","article_modified_time":"2016-12-15T09:13:08+00:00","author":"Maria Carla Cebrelli","twitter_card":"summary_large_image","twitter_creator":"@pikapiketti","twitter_site":"@varesenews","twitter_misc":{"Scritto da":"Maria Carla Cebrelli","Tempo di lettura stimato":"2 minuti"},"schema":{"@context":"https:\/\/schema.org","@graph":[{"@type":"WebPage","@id":"https:\/\/staging.varesenews.it\/2016\/12\/fiocco-rosa-tra-le-mamme-in-protesta-2\/578409\/","url":"https:\/\/staging.varesenews.it\/2016\/12\/fiocco-rosa-tra-le-mamme-in-protesta-2\/578409\/","name":"Fiocco rosa tra le mamme in protesta","isPartOf":{"@id":"https:\/\/staging.varesenews.it\/#website"},"datePublished":"2016-12-15T09:11:09+00:00","dateModified":"2016-12-15T09:13:08+00:00","author":{"@id":"https:\/\/staging.varesenews.it\/#\/schema\/person\/5bf790e99d7ec50061119cc825c454de"},"description":"\u00c8 nata a Cittiglio la bimba di Nayma, una delle mamme pi\u00f9 attive nella battaglia per riavere il punto nascita dell'ospedale. Intanto continua il presidio all'Ondoli","breadcrumb":{"@id":"https:\/\/staging.varesenews.it\/2016\/12\/fiocco-rosa-tra-le-mamme-in-protesta-2\/578409\/#breadcrumb"},"inLanguage":"it-IT","potentialAction":[{"@type":"ReadAction","target":["https:\/\/staging.varesenews.it\/2016\/12\/fiocco-rosa-tra-le-mamme-in-protesta-2\/578409\/"]}]},{"@type":"BreadcrumbList","@id":"https:\/\/staging.varesenews.it\/2016\/12\/fiocco-rosa-tra-le-mamme-in-protesta-2\/578409\/#breadcrumb","itemListElement":[{"@type":"ListItem","position":1,"name":"Home","item":"https:\/\/www.varesenews.it\/"},{"@type":"ListItem","position":2,"name":"Fiocco rosa tra le mamme in protesta"}]},{"@type":"WebSite","@id":"https:\/\/staging.varesenews.it\/#website","url":"https:\/\/staging.varesenews.it\/","name":"VareseNews","description":"","potentialAction":[{"@type":"SearchAction","target":{"@type":"EntryPoint","urlTemplate":"https:\/\/staging.varesenews.it\/?s={search_term_string}"},"query-input":"required name=search_term_string"}],"inLanguage":"it-IT"},{"@type":"Person","@id":"https:\/\/staging.varesenews.it\/#\/schema\/person\/5bf790e99d7ec50061119cc825c454de","name":"Maria Carla Cebrelli","image":{"@type":"ImageObject","inLanguage":"it-IT","@id":"https:\/\/staging.varesenews.it\/#\/schema\/person\/image\/","url":"https:\/\/staging.varesenews.it\/wp-content\/uploads\/2020\/12\/mariacarla_cebrelli_colori_500-1.jpg","contentUrl":"https:\/\/staging.varesenews.it\/wp-content\/uploads\/2020\/12\/mariacarla_cebrelli_colori_500-1.jpg","caption":"Maria Carla Cebrelli"},"description":"Economista di formazione, giornalista per passione. A VareseNews dal 2005, mi sono occupata negli anni di universit&agrave;, tematiche di confine, news locali e comunicazione nel settore sociale. Attualmente sono responsabile di VerbanoNews, del canale di VareseNews dedicato al Turismo e seguo i social dell'area business.","sameAs":["https:\/\/www.facebook.com\/mariacarla.cebrelli","pikapiketti","https:\/\/twitter.com\/pikapiketti"],"url":"https:\/\/staging.varesenews.it\/persona\/mariacarla-cebrelli1\/"}]}},"post_meta":{"_edit_lock":"1481796356:43","_edit_last":"43","ratings_users":"0","ratings_score":"0","ratings_average":"0","_category_permalink":"","wdfb_og_title":"","wdfb_og_type":"","wdfb_og_description":"","wdfb_og_images":"a:1:{i:0;s:0:\"\";}","wdfb_og_custom_name":"a:1:{i:0;s:0:\"\";}","wdfb_og_custom_value":"a:1:{i:0;s:0:\"\";}","foto":"583678","firma-personalizzata":"m.c.c.","argomento":"Angera","_jd_twitter":"","_jd_tweet_this":"yes","_wpt_short_url":"http:\/\/www.varesenews.it\/2016\/12\/fiocco-rosa-tra-le-mamme-in-protesta-2\/578409\/","_wp_jd_target":"http:\/\/www.varesenews.it\/2016\/12\/fiocco-rosa-tra-le-mamme-in-protesta-2\/578409\/","_jd_wp_twitter":"a:1:{i:0;s:151:\"Fiocco rosa tra le mamme in protesta http:\/\/www.varesenews.it\/2016\/12\/fiocco-rosa-tra-le-mamme-in-protesta-2\/578409\/ #Angera #cittiglio #ospedaleondoli\";}","_wpt_status_message":"Tweet inviato con successo."},"photos":[{"original":"https:\/\/staging.varesenews.it\/photogallery_new\/images\/2016\/12\/la-protesta-delle-mamme-per-l-ospedale-di-angera-583678.jpg","full":"https:\/\/staging.varesenews.it\/photogallery_new\/images\/2016\/12\/la-protesta-delle-mamme-per-l-ospedale-di-angera-583678.1024x768.jpg","large":"https:\/\/staging.varesenews.it\/photogallery_new\/images\/2016\/12\/la-protesta-delle-mamme-per-l-ospedale-di-angera-583678.610x431.jpg"}],"_links":{"self":[{"href":"https:\/\/staging.varesenews.it\/swgapi\/v1\/wp\/v2\/posts\/578409"}],"collection":[{"href":"https:\/\/staging.varesenews.it\/swgapi\/v1\/wp\/v2\/posts"}],"about":[{"href":"https:\/\/staging.varesenews.it\/swgapi\/v1\/wp\/v2\/types\/post"}],"author":[{"embeddable":true,"href":"https:\/\/staging.varesenews.it\/swgapi\/v1\/wp\/v2\/users\/43"}],"replies":[{"embeddable":true,"href":"https:\/\/staging.varesenews.it\/swgapi\/v1\/wp\/v2\/comments?post=578409"}],"version-history":[{"count":0,"href":"https:\/\/staging.varesenews.it\/swgapi\/v1\/wp\/v2\/posts\/578409\/revisions"}],"wp:attachment":[{"href":"https:\/\/staging.varesenews.it\/swgapi\/v1\/wp\/v2\/media?parent=578409"}],"wp:term":[{"taxonomy":"category","embeddable":true,"href":"https:\/\/staging.varesenews.it\/swgapi\/v1\/wp\/v2\/categories?post=578409"},{"taxonomy":"post_tag","embeddable":true,"href":"https:\/\/staging.varesenews.it\/swgapi\/v1\/wp\/v2\/tags?post=578409"}],"curies":[{"name":"wp","href":"https:\/\/api.w.org\/{rel}","templated":true}]}}