{"id":579655,"date":"2016-12-19T17:06:43","date_gmt":"2016-12-19T16:06:43","guid":{"rendered":"http:\/\/www.varesenews.it\/?p=579655"},"modified":"2016-12-19T17:06:43","modified_gmt":"2016-12-19T16:06:43","slug":"la-realta-aumentata-entra-in-classe-le-nuove-frontiere-della-scuola-digitale","status":"publish","type":"post","link":"https:\/\/staging.varesenews.it\/2016\/12\/la-realta-aumentata-entra-in-classe-le-nuove-frontiere-della-scuola-digitale\/579655\/","title":{"rendered":"La realt\u00e0 aumentata entra in classe: le nuove frontiere della scuola digitale"},"content":{"rendered":"<p class=\"p1\"><span class=\"s1\">Nella scuola digitale crescono gli \u201c<strong>animatori digitali<\/strong>\u201d. Nonostante il termine non piaccia<span class=\"Apple-converted-space\">\u00a0 <\/span>a molti che preferiscono parlare di \u201c<strong>edu design<\/strong>\u201d, sempre maggiore importanza\u00a0viene attribuito a ci\u00f2 che la rete pu\u00f2 fornire per aiutare docenti e studenti ad apprendere in modo interattivo e innovativo. <\/span><\/p>\n<p class=\"p1\"><span class=\"s1\"><a href=\"http:\/\/www.docentiweb.istruzione.varese.it\/edu-designer-2016\/\" target=\"_blank\"><strong>Domani, marted\u00ec 20 dicembre, all\u2019Is Ponti di Gallarate<\/strong><\/a> ci sar\u00e0 una mattinata dedicata alle <strong>innovative metodologie didattiche<\/strong> con un occhio speciale alla <strong>realt\u00e0 aumentata.<\/strong> Lezioni speciali con dirette simulate da Parigi piuttosto che da dentro al corpo umano dimostreranno le potenzialit\u00e0 di un approccio che porta stimoli nuovi e competenze diverse. Sar\u00e0 ospite un <strong>neuropsichiatra<\/strong> che introdurr\u00e0 l\u2019argomento mentre nel corso di <strong>due work shop<\/strong> verranno presentate le potenzialit\u00e0 della <strong>bear vr (telecamere 360) e dello Zspace.<\/strong> Gli iscritti alla mattinata di formazione sono 240 con ben 40 professori in lista d\u2019attesa. <\/span><\/p>\n<p class=\"p1\"><span class=\"s1\">Saranno inoltre assegnati<strong> i diplomi di ED\u00a0 a 22 docenti<\/strong>.<\/span><\/p>\n<p class=\"p1\"><span class=\"s1\">Nel corso dell\u2019anno prossimo, gli educatori digitali terranno<strong> ben 11 corsi ED<\/strong> su tutta la provincia con il coinvolgimento di oltre 300 docenti da gennaio a dicembre.<\/span><\/p>\n<p class=\"p1\"><span class=\"s1\">Per la formazione digitale, per la nostra provincia, sono stati stanziati dal MIUR oltre <strong>320.00\u20ac<\/strong>, ma le scuole del territorio sono riuscite ad intercettare ben <strong>100.000\u20ac dal bando Generazione Web di Regione Lombardia<\/strong>. La Scuola Digitale cresce a ritmi vertiginosi : sono coinvolti oltre 1300 docenti a cui si aggiungono anche dirigenti, amministrativi e tecnici.<\/span><\/p>\n<p class=\"p1\"><span class=\"s1\">Oltre al provveditore agli studi, dott.<strong> Claudio Merletti<\/strong>, interverranno al seminario di marted\u00ec 20 dicembre la dirigente del polo per la formazione dott.ssa <strong>Anna Scaltritti<\/strong>, il prof.<strong> Oreste Ferrari Ginevra<\/strong>, la docente coordinatrice del polo dott.ssa <strong>Cristina Bralia,<\/strong> i docenti che lavorano per il polo Proff. <strong>Chiara Beltramini e Mauro Sabell<\/strong>a che offriranno il workshop con l\u2019uso dei dispositivi.<\/span><\/p>\n","protected":false},"excerpt":{"rendered":"<p>Marted\u00ec 20 dicembre, importante giornata di formazione per gli educatori digitali. Coinvolti 240 professori <\/p>\n","protected":false},"author":33,"featured_media":0,"comment_status":"open","ping_status":"open","sticky":false,"template":"","format":"standard","meta":{"footnotes":""},"categories":[3,7,90,1],"tags":[2371,2627,19729],"acf":[],"yoast_head":"<!-- This site is optimized with the Yoast SEO plugin v20.1 - https:\/\/yoast.com\/wordpress\/plugins\/seo\/ -->\n<title>La realt\u00e0 aumentata entra in classe: le nuove frontiere della scuola digitale<\/title>\n<meta name=\"description\" content=\"Marted\u00ec 20 dicembre, importante giornata di formazione per gli educatori digitali. Coinvolti 240 professori\" \/>\n<meta name=\"robots\" content=\"noindex, follow, max-snippet:-1, max-image-preview:large, max-video-preview:-1\" \/>\n<meta property=\"og:locale\" content=\"it_IT\" \/>\n<meta property=\"og:type\" content=\"article\" \/>\n<meta property=\"og:title\" content=\"La realt\u00e0 aumentata entra in classe: le nuove frontiere della scuola digitale\" \/>\n<meta property=\"og:description\" content=\"Marted\u00ec 20 dicembre, importante giornata di formazione per gli educatori digitali. Coinvolti 240 professori\" \/>\n<meta property=\"og:url\" content=\"https:\/\/staging.varesenews.it\/2016\/12\/la-realta-aumentata-entra-in-classe-le-nuove-frontiere-della-scuola-digitale\/579655\/\" \/>\n<meta property=\"og:site_name\" content=\"VareseNews\" \/>\n<meta property=\"article:publisher\" content=\"https:\/\/www.facebook.com\/varesenews\" \/>\n<meta property=\"article:author\" content=\"alessandra.toni7\" \/>\n<meta property=\"article:published_time\" content=\"2016-12-19T16:06:43+00:00\" \/>\n<meta name=\"author\" content=\"Alessandra Toni\" \/>\n<meta name=\"twitter:card\" content=\"summary_large_image\" \/>\n<meta name=\"twitter:creator\" content=\"@alessandra_toni\" \/>\n<meta name=\"twitter:site\" content=\"@varesenews\" \/>\n<meta name=\"twitter:label1\" content=\"Scritto da\" \/>\n\t<meta name=\"twitter:data1\" content=\"Alessandra Toni\" \/>\n\t<meta name=\"twitter:label2\" content=\"Tempo di lettura stimato\" \/>\n\t<meta name=\"twitter:data2\" content=\"1 minuto\" \/>\n<script type=\"application\/ld+json\" class=\"yoast-schema-graph\">{\"@context\":\"https:\/\/schema.org\",\"@graph\":[{\"@type\":\"WebPage\",\"@id\":\"https:\/\/staging.varesenews.it\/2016\/12\/la-realta-aumentata-entra-in-classe-le-nuove-frontiere-della-scuola-digitale\/579655\/\",\"url\":\"https:\/\/staging.varesenews.it\/2016\/12\/la-realta-aumentata-entra-in-classe-le-nuove-frontiere-della-scuola-digitale\/579655\/\",\"name\":\"La realt\u00e0 aumentata entra in classe: le nuove frontiere della scuola digitale\",\"isPartOf\":{\"@id\":\"https:\/\/staging.varesenews.it\/#website\"},\"datePublished\":\"2016-12-19T16:06:43+00:00\",\"dateModified\":\"2016-12-19T16:06:43+00:00\",\"author\":{\"@id\":\"https:\/\/staging.varesenews.it\/#\/schema\/person\/2643ce123d4a3c9511e015dc548779b8\"},\"description\":\"Marted\u00ec 20 dicembre, importante giornata di formazione per gli educatori digitali. Coinvolti 240 professori\",\"breadcrumb\":{\"@id\":\"https:\/\/staging.varesenews.it\/2016\/12\/la-realta-aumentata-entra-in-classe-le-nuove-frontiere-della-scuola-digitale\/579655\/#breadcrumb\"},\"inLanguage\":\"it-IT\",\"potentialAction\":[{\"@type\":\"ReadAction\",\"target\":[\"https:\/\/staging.varesenews.it\/2016\/12\/la-realta-aumentata-entra-in-classe-le-nuove-frontiere-della-scuola-digitale\/579655\/\"]}]},{\"@type\":\"BreadcrumbList\",\"@id\":\"https:\/\/staging.varesenews.it\/2016\/12\/la-realta-aumentata-entra-in-classe-le-nuove-frontiere-della-scuola-digitale\/579655\/#breadcrumb\",\"itemListElement\":[{\"@type\":\"ListItem\",\"position\":1,\"name\":\"Home\",\"item\":\"https:\/\/www.varesenews.it\/\"},{\"@type\":\"ListItem\",\"position\":2,\"name\":\"La realt\u00e0 aumentata entra in classe: le nuove frontiere della scuola digitale\"}]},{\"@type\":\"WebSite\",\"@id\":\"https:\/\/staging.varesenews.it\/#website\",\"url\":\"https:\/\/staging.varesenews.it\/\",\"name\":\"VareseNews\",\"description\":\"\",\"potentialAction\":[{\"@type\":\"SearchAction\",\"target\":{\"@type\":\"EntryPoint\",\"urlTemplate\":\"https:\/\/staging.varesenews.it\/?s={search_term_string}\"},\"query-input\":\"required name=search_term_string\"}],\"inLanguage\":\"it-IT\"},{\"@type\":\"Person\",\"@id\":\"https:\/\/staging.varesenews.it\/#\/schema\/person\/2643ce123d4a3c9511e015dc548779b8\",\"name\":\"Alessandra Toni\",\"image\":{\"@type\":\"ImageObject\",\"inLanguage\":\"it-IT\",\"@id\":\"https:\/\/staging.varesenews.it\/#\/schema\/person\/image\/\",\"url\":\"https:\/\/staging.varesenews.it\/wp-content\/uploads\/2020\/12\/alessandra_toni_colori_500.jpg\",\"contentUrl\":\"https:\/\/staging.varesenews.it\/wp-content\/uploads\/2020\/12\/alessandra_toni_colori_500.jpg\",\"caption\":\"Alessandra Toni\"},\"description\":\"Sono entrata nella redazione di VareseNews nel lontano anno 2000. Ero reduce da una bellissima esperienza nella redazione giornalistica della TV Nuova Antennatre, sotto la direzione dell'indimenticabile direttore Adolfo Caldarini. Sono arrivata quando era ancora una piccola realt\u00e0 editoriale e insieme abbiamo fatto un lungo ed entusiasmante lavoro. Mi occupo prevalentemente di scuola e di sanit\u00e0, settori impegnativi di grande valore sociale.\u00a0\",\"sameAs\":[\"alessandra.toni7\",\"alessandra.toni\",\"https:\/\/twitter.com\/alessandra_toni\"],\"url\":\"https:\/\/staging.varesenews.it\/persona\/alessandra_toni1\/\"}]}<\/script>\n<!-- \/ Yoast SEO plugin. -->","yoast_head_json":{"title":"La realt\u00e0 aumentata entra in classe: le nuove frontiere della scuola digitale","description":"Marted\u00ec 20 dicembre, importante giornata di formazione per gli educatori digitali. Coinvolti 240 professori","robots":{"index":"noindex","follow":"follow","max-snippet":"max-snippet:-1","max-image-preview":"max-image-preview:large","max-video-preview":"max-video-preview:-1"},"og_locale":"it_IT","og_type":"article","og_title":"La realt\u00e0 aumentata entra in classe: le nuove frontiere della scuola digitale","og_description":"Marted\u00ec 20 dicembre, importante giornata di formazione per gli educatori digitali. Coinvolti 240 professori","og_url":"https:\/\/staging.varesenews.it\/2016\/12\/la-realta-aumentata-entra-in-classe-le-nuove-frontiere-della-scuola-digitale\/579655\/","og_site_name":"VareseNews","article_publisher":"https:\/\/www.facebook.com\/varesenews","article_author":"alessandra.toni7","article_published_time":"2016-12-19T16:06:43+00:00","author":"Alessandra Toni","twitter_card":"summary_large_image","twitter_creator":"@alessandra_toni","twitter_site":"@varesenews","twitter_misc":{"Scritto da":"Alessandra Toni","Tempo di lettura stimato":"1 minuto"},"schema":{"@context":"https:\/\/schema.org","@graph":[{"@type":"WebPage","@id":"https:\/\/staging.varesenews.it\/2016\/12\/la-realta-aumentata-entra-in-classe-le-nuove-frontiere-della-scuola-digitale\/579655\/","url":"https:\/\/staging.varesenews.it\/2016\/12\/la-realta-aumentata-entra-in-classe-le-nuove-frontiere-della-scuola-digitale\/579655\/","name":"La realt\u00e0 aumentata entra in classe: le nuove frontiere della scuola digitale","isPartOf":{"@id":"https:\/\/staging.varesenews.it\/#website"},"datePublished":"2016-12-19T16:06:43+00:00","dateModified":"2016-12-19T16:06:43+00:00","author":{"@id":"https:\/\/staging.varesenews.it\/#\/schema\/person\/2643ce123d4a3c9511e015dc548779b8"},"description":"Marted\u00ec 20 dicembre, importante giornata di formazione per gli educatori digitali. Coinvolti 240 professori","breadcrumb":{"@id":"https:\/\/staging.varesenews.it\/2016\/12\/la-realta-aumentata-entra-in-classe-le-nuove-frontiere-della-scuola-digitale\/579655\/#breadcrumb"},"inLanguage":"it-IT","potentialAction":[{"@type":"ReadAction","target":["https:\/\/staging.varesenews.it\/2016\/12\/la-realta-aumentata-entra-in-classe-le-nuove-frontiere-della-scuola-digitale\/579655\/"]}]},{"@type":"BreadcrumbList","@id":"https:\/\/staging.varesenews.it\/2016\/12\/la-realta-aumentata-entra-in-classe-le-nuove-frontiere-della-scuola-digitale\/579655\/#breadcrumb","itemListElement":[{"@type":"ListItem","position":1,"name":"Home","item":"https:\/\/www.varesenews.it\/"},{"@type":"ListItem","position":2,"name":"La realt\u00e0 aumentata entra in classe: le nuove frontiere della scuola digitale"}]},{"@type":"WebSite","@id":"https:\/\/staging.varesenews.it\/#website","url":"https:\/\/staging.varesenews.it\/","name":"VareseNews","description":"","potentialAction":[{"@type":"SearchAction","target":{"@type":"EntryPoint","urlTemplate":"https:\/\/staging.varesenews.it\/?s={search_term_string}"},"query-input":"required name=search_term_string"}],"inLanguage":"it-IT"},{"@type":"Person","@id":"https:\/\/staging.varesenews.it\/#\/schema\/person\/2643ce123d4a3c9511e015dc548779b8","name":"Alessandra Toni","image":{"@type":"ImageObject","inLanguage":"it-IT","@id":"https:\/\/staging.varesenews.it\/#\/schema\/person\/image\/","url":"https:\/\/staging.varesenews.it\/wp-content\/uploads\/2020\/12\/alessandra_toni_colori_500.jpg","contentUrl":"https:\/\/staging.varesenews.it\/wp-content\/uploads\/2020\/12\/alessandra_toni_colori_500.jpg","caption":"Alessandra Toni"},"description":"Sono entrata nella redazione di VareseNews nel lontano anno 2000. Ero reduce da una bellissima esperienza nella redazione giornalistica della TV Nuova Antennatre, sotto la direzione dell'indimenticabile direttore Adolfo Caldarini. Sono arrivata quando era ancora una piccola realt\u00e0 editoriale e insieme abbiamo fatto un lungo ed entusiasmante lavoro. Mi occupo prevalentemente di scuola e di sanit\u00e0, settori impegnativi di grande valore sociale.\u00a0","sameAs":["alessandra.toni7","alessandra.toni","https:\/\/twitter.com\/alessandra_toni"],"url":"https:\/\/staging.varesenews.it\/persona\/alessandra_toni1\/"}]}},"post_meta":{"_edit_lock":"1482163976:33","_edit_last":"33","_category_permalink":"90","wdfb_og_title":"","wdfb_og_type":"","wdfb_og_description":"","wdfb_og_images":"a:1:{i:0;s:0:\"\";}","wdfb_og_custom_name":"a:1:{i:0;s:0:\"\";}","wdfb_og_custom_value":"a:1:{i:0;s:0:\"\";}","_jd_twitter":"","_jd_tweet_this":"yes","argomento":"Gallarate","_yoast_wpseo_focuskw":"scuola digitale","_yoast_wpseo_linkdex":"63","foto":"585341","firma_come_redazione":"1","ratings_users":"0","ratings_score":"0","ratings_average":"0","_wpt_short_url":"http:\/\/www.varesenews.it\/2016\/12\/la-realta-aumentata-entra-in-classe-le-nuove-frontiere-della-scuola-digitale\/579655\/","_wp_jd_target":"http:\/\/www.varesenews.it\/2016\/12\/la-realta-aumentata-entra-in-classe-le-nuove-frontiere-della-scuola-digitale\/579655\/","_wpt_failed":"a:5:{s:6:\"author\";b:0;s:8:\"sentence\";s:236:\"La realt\u00e0 aumentata entra in classe: le nuove frontiere della scuola digitale http:\/\/www.varesenews.it\/2016\/12\/la-realta-aumentata-entra-in-classe-le-nuove-frontiere-della-scuola-digitale\/579655\/ #Buonascuola #isisponti #scuoladigitale\";s:5:\"error\";s:189:\"403 Forbidden: La richiesta \u00e8 stata compresa, ma \u00e8 stata rigettata da Twitter. Le possibili cause sono: troppi Tweet, lo stesso Tweet inviato due volte, Tweet pi\u00f9 lungo di 140 caratteri.\";s:4:\"code\";i:403;s:9:\"timestamp\";i:1482163611;}","_wpt_status_message":"403 Forbidden: La richiesta \u00e8 stata compresa, ma \u00e8 stata rigettata da Twitter. Le possibili cause sono: troppi Tweet, lo stesso Tweet inviato due volte, Tweet pi\u00f9 lungo di 140 caratteri."},"photos":[{"original":"https:\/\/staging.varesenews.it\/photogallery_new\/images\/2016\/12\/scuola-digitale-seminario-585341.jpg","full":"https:\/\/staging.varesenews.it\/photogallery_new\/images\/2016\/12\/scuola-digitale-seminario-585341.1024x768.jpg","large":"https:\/\/staging.varesenews.it\/photogallery_new\/images\/2016\/12\/scuola-digitale-seminario-585341.610x431.jpg"}],"_links":{"self":[{"href":"https:\/\/staging.varesenews.it\/swgapi\/v1\/wp\/v2\/posts\/579655"}],"collection":[{"href":"https:\/\/staging.varesenews.it\/swgapi\/v1\/wp\/v2\/posts"}],"about":[{"href":"https:\/\/staging.varesenews.it\/swgapi\/v1\/wp\/v2\/types\/post"}],"author":[{"embeddable":true,"href":"https:\/\/staging.varesenews.it\/swgapi\/v1\/wp\/v2\/users\/33"}],"replies":[{"embeddable":true,"href":"https:\/\/staging.varesenews.it\/swgapi\/v1\/wp\/v2\/comments?post=579655"}],"version-history":[{"count":0,"href":"https:\/\/staging.varesenews.it\/swgapi\/v1\/wp\/v2\/posts\/579655\/revisions"}],"wp:attachment":[{"href":"https:\/\/staging.varesenews.it\/swgapi\/v1\/wp\/v2\/media?parent=579655"}],"wp:term":[{"taxonomy":"category","embeddable":true,"href":"https:\/\/staging.varesenews.it\/swgapi\/v1\/wp\/v2\/categories?post=579655"},{"taxonomy":"post_tag","embeddable":true,"href":"https:\/\/staging.varesenews.it\/swgapi\/v1\/wp\/v2\/tags?post=579655"}],"curies":[{"name":"wp","href":"https:\/\/api.w.org\/{rel}","templated":true}]}}