{"id":580214,"date":"2016-12-21T10:46:55","date_gmt":"2016-12-21T09:46:55","guid":{"rendered":"http:\/\/www.varesenews.it\/?p=580214"},"modified":"2016-12-21T10:46:55","modified_gmt":"2016-12-21T09:46:55","slug":"pellicini-sistemiamo-la-vergiatese","status":"publish","type":"post","link":"https:\/\/staging.varesenews.it\/2016\/12\/pellicini-sistemiamo-la-vergiatese\/580214\/","title":{"rendered":"Pellicini: \u00abSistemiamo la Vergiatese\u00bb"},"content":{"rendered":"<p><strong>Andrea Pellicini<\/strong> propone la riqualificazione della Vergiatese e la bretella della Valcuvia facendo rientrare le opere nel Patto per la Lombardia.<\/p>\n<p><strong>Ieri sera, presso il comune di Varese<\/strong>, ospiti del Sindaco Galimberti, il Presidente della Regione Roberto Maroni ha illustrato ai sindaci il patto per la Lombardia sottoscritto con il Governo.<\/p>\n<p><strong>Il patto prevede lo stanziamento da parte dello Stato di undici miliardi di euro<\/strong> in opere pubbliche e progetti di valorizzazione territoriale.<\/p>\n<p><strong>Luino, presente con Andrea Pellicini e Alessandro Casali<\/strong>, ha proposto di inserire nelle opere finanziate dal patto la riqualificazione e la <strong>messa in sicurezza della strada statale &#8221; Vergiatese&#8221;<\/strong> , i cui troppi semafori la rendono quasi impercorribile.<\/p>\n<p>\u00abSi tratta di un&#8217;opera che andrebbe finalmente a ricucire il nord con il sud della provincia di Varese, togliendoci dall&#8217;isolamento. A questa deve essere aggiunta la <strong>realizzazione della bretella della Valcuvia<\/strong> che permetterebbe di bypassare il collo di bottiglia di Cuveglio. Sono <strong>opere strategiche che interessano almeno 50 comuni della nostra provincia<\/strong> e che non possono pi\u00f9 attendere. Non possiamo essere la Regione pi\u00f9 ricca d&#8217;Italia, quella che mantiene tutto il Paese, e continuare ad avere una strada medievale come la Vergiatese\u00bb, afferma Pellicini.<\/p>\n<p>\u00abNei prossimi \u00a0&#8211; conclude il sindaco &#8211; giorni <strong>scriver\u00f2 a tutti i Sindaci coinvolti<\/strong> affinch\u00e9 insieme si proponga alla Regione di finanziare questo obiettivo prioritario. Un ruolo importante dovr\u00e0 essere esercitato da Provincia e Comunit\u00e0 Montana\u00bb.<\/p>\n<p>La proposta del Sindaco di Luino ha avuto consenso tra i presenti alla riunione.<br \/>\nIl Presidente Maroni ha invitato ad un unire le forze per concentrare le risorse su obiettivi condivisi. <strong>\u00abForse \u00e8 la volta buona\u00bb.<\/strong><\/p>\n<p><strong>COS&#8217;\u00c8 IL PATTO PER LA LOMBARDIA<\/strong><\/p>\n<blockquote><p><em>Il Patto per la Lombardia firmato il 25 novembre 2016 vale quasi 11 miliardi di euro: si tratta di\u00a0risorse che derivano da diverse\u00a0fonti, dal Governo, dalla Regione e dalla Ue. La destinazione di una parte di esse sar\u00e0 concordata con gli stakeholder del territorio.<\/em><br \/>\n<em><strong>Di seguito alcune opere<\/strong> che verranno realizzate mediante l&#8217;accordo:<\/em><br \/>\n<em><strong>47.600.000 euro saranno destinati a mettere in sicurezza gli itinerari regionali prioritari<\/strong>. Oltre a quelli elencati specificamente nelle tabelle, altri 379 milioni saranno destinati a interventi sulla rete viaria di interesse regionale.<\/em><br \/>\n<em>Per la <strong>Pedemontana<\/strong> lombarda sono stanziati 2.741.000.000 euro, compresi i completamenti delle tangenziali di Varese e Como.<\/em><br \/>\n<em><strong>10 milioni di euro sono destinati a interventi di depurazione dei laghi prealpini.<br \/>\n<\/strong>Interventi per le <strong>politiche abitative<\/strong> e per la realizzazione del Campus dell&#8217;Universit\u00e0 Statale di Milano.<\/em><br \/>\n<em>Infine, il Patto per la Lombardia prevede <strong>ulteriori investimenti in campo infrastrutturale e ambientale<\/strong>.\u00a0<\/em><\/p><\/blockquote>\n<p>PATTO PER LA LOMBARDIA &#8211;\u00a0<strong><a href=\"http:\/\/www.varesenews.it\/wp-content\/uploads\/2016\/12\/PATTO-PER-LA-LOMBARDIA.pdf\">IL DOCUMENTO<\/a><\/strong><\/p>\n<p>PATTO PER LA LOMBARDIA &#8211;\u00a0<strong><a href=\"http:\/\/www.varesenews.it\/wp-content\/uploads\/2016\/12\/ALLEGATO-PATTO-PER-LA-LOMBARDIA-1.pdf\">LE OPERE SULLA VIABILITA&#8217;<\/a><\/strong><\/p>\n<p>&nbsp;<\/p>\n","protected":false},"excerpt":{"rendered":"<p>Il sindaco di Luino propone di inserire nel Patto per la Lombardia anche la realizzazione della bretella della Valcuvia<\/p>\n","protected":false},"author":34,"featured_media":0,"comment_status":"open","ping_status":"open","sticky":false,"template":"","format":"standard","meta":{"footnotes":""},"categories":[2],"tags":[66504,65934,22141],"acf":[],"yoast_head":"<!-- This site is optimized with the Yoast SEO plugin v20.1 - https:\/\/yoast.com\/wordpress\/plugins\/seo\/ -->\n<title>Pellicini: \u00abSistemiamo la Vergiatese\u00bb<\/title>\n<meta name=\"description\" content=\"Il sindaco di Luino propone di inserire nel Patto per la Lombardia anche la realizzazione della bretella della Valcuvia\" \/>\n<meta name=\"robots\" content=\"noindex, follow, max-snippet:-1, max-image-preview:large, max-video-preview:-1\" \/>\n<meta property=\"og:locale\" content=\"it_IT\" \/>\n<meta property=\"og:type\" content=\"article\" \/>\n<meta property=\"og:title\" content=\"Pellicini: \u00abSistemiamo la Vergiatese\u00bb\" \/>\n<meta property=\"og:description\" content=\"Il sindaco di Luino propone di inserire nel Patto per la Lombardia anche la realizzazione della bretella della Valcuvia\" \/>\n<meta property=\"og:url\" content=\"https:\/\/staging.varesenews.it\/2016\/12\/pellicini-sistemiamo-la-vergiatese\/580214\/\" \/>\n<meta property=\"og:site_name\" content=\"VareseNews\" \/>\n<meta property=\"article:publisher\" content=\"https:\/\/www.facebook.com\/varesenews\" \/>\n<meta property=\"article:author\" content=\"https:\/\/www.facebook.com\/andrea.camurani?fref=photo\" \/>\n<meta property=\"article:published_time\" content=\"2016-12-21T09:46:55+00:00\" \/>\n<meta name=\"author\" content=\"Andrea Camurani\" \/>\n<meta name=\"twitter:card\" content=\"summary_large_image\" \/>\n<meta name=\"twitter:creator\" content=\"@AndreaCamurani\" \/>\n<meta name=\"twitter:site\" content=\"@varesenews\" \/>\n<meta name=\"twitter:label1\" content=\"Scritto da\" \/>\n\t<meta name=\"twitter:data1\" content=\"Andrea Camurani\" \/>\n\t<meta name=\"twitter:label2\" content=\"Tempo di lettura stimato\" \/>\n\t<meta name=\"twitter:data2\" content=\"2 minuti\" \/>\n<script type=\"application\/ld+json\" class=\"yoast-schema-graph\">{\"@context\":\"https:\/\/schema.org\",\"@graph\":[{\"@type\":\"WebPage\",\"@id\":\"https:\/\/staging.varesenews.it\/2016\/12\/pellicini-sistemiamo-la-vergiatese\/580214\/\",\"url\":\"https:\/\/staging.varesenews.it\/2016\/12\/pellicini-sistemiamo-la-vergiatese\/580214\/\",\"name\":\"Pellicini: \u00abSistemiamo la Vergiatese\u00bb\",\"isPartOf\":{\"@id\":\"https:\/\/staging.varesenews.it\/#website\"},\"datePublished\":\"2016-12-21T09:46:55+00:00\",\"dateModified\":\"2016-12-21T09:46:55+00:00\",\"author\":{\"@id\":\"https:\/\/staging.varesenews.it\/#\/schema\/person\/3eb5832c6beae763de8d9596fdbe8c49\"},\"description\":\"Il sindaco di Luino propone di inserire nel Patto per la Lombardia anche la realizzazione della bretella della Valcuvia\",\"breadcrumb\":{\"@id\":\"https:\/\/staging.varesenews.it\/2016\/12\/pellicini-sistemiamo-la-vergiatese\/580214\/#breadcrumb\"},\"inLanguage\":\"it-IT\",\"potentialAction\":[{\"@type\":\"ReadAction\",\"target\":[\"https:\/\/staging.varesenews.it\/2016\/12\/pellicini-sistemiamo-la-vergiatese\/580214\/\"]}]},{\"@type\":\"BreadcrumbList\",\"@id\":\"https:\/\/staging.varesenews.it\/2016\/12\/pellicini-sistemiamo-la-vergiatese\/580214\/#breadcrumb\",\"itemListElement\":[{\"@type\":\"ListItem\",\"position\":1,\"name\":\"Home\",\"item\":\"https:\/\/www.varesenews.it\/\"},{\"@type\":\"ListItem\",\"position\":2,\"name\":\"Pellicini: \u00abSistemiamo la Vergiatese\u00bb\"}]},{\"@type\":\"WebSite\",\"@id\":\"https:\/\/staging.varesenews.it\/#website\",\"url\":\"https:\/\/staging.varesenews.it\/\",\"name\":\"VareseNews\",\"description\":\"\",\"potentialAction\":[{\"@type\":\"SearchAction\",\"target\":{\"@type\":\"EntryPoint\",\"urlTemplate\":\"https:\/\/staging.varesenews.it\/?s={search_term_string}\"},\"query-input\":\"required name=search_term_string\"}],\"inLanguage\":\"it-IT\"},{\"@type\":\"Person\",\"@id\":\"https:\/\/staging.varesenews.it\/#\/schema\/person\/3eb5832c6beae763de8d9596fdbe8c49\",\"name\":\"Andrea Camurani\",\"image\":{\"@type\":\"ImageObject\",\"inLanguage\":\"it-IT\",\"@id\":\"https:\/\/staging.varesenews.it\/#\/schema\/person\/image\/\",\"url\":\"https:\/\/staging.varesenews.it\/wp-content\/uploads\/2020\/12\/andrea_camurani_colori_500.jpg\",\"contentUrl\":\"https:\/\/staging.varesenews.it\/wp-content\/uploads\/2020\/12\/andrea_camurani_colori_500.jpg\",\"caption\":\"Andrea Camurani\"},\"description\":\"Sono figlio degli anni Settanta e di Milano, dove ho imparato a riconoscere buoni e cattivi. Laurea in scienze politiche, lavoro a VareseNews dal 2000. Racconto quel che trovo quando incontro chi vuole lasciare al mondo un pezzetto di vita, che si chiama cronaca. &ldquo;...perch&eacute; &egrave; la gente il pi&ugrave; grande spettacolo del mondo. E non si paga il biglietto...&rdquo; (Charles Bukowsky)\",\"sameAs\":[\"https:\/\/www.facebook.com\/andrea.camurani?fref=photo\",\"andreacamurani\",\"https:\/\/www.linkedin.com\/hp\/?dnr=A9a84RfzsLdo9xg4NcGV4dLiMknoc9ms4WM\",\"https:\/\/twitter.com\/AndreaCamurani\"],\"url\":\"https:\/\/staging.varesenews.it\/persona\/andrea_camurani\/\"}]}<\/script>\n<!-- \/ Yoast SEO plugin. -->","yoast_head_json":{"title":"Pellicini: \u00abSistemiamo la Vergiatese\u00bb","description":"Il sindaco di Luino propone di inserire nel Patto per la Lombardia anche la realizzazione della bretella della Valcuvia","robots":{"index":"noindex","follow":"follow","max-snippet":"max-snippet:-1","max-image-preview":"max-image-preview:large","max-video-preview":"max-video-preview:-1"},"og_locale":"it_IT","og_type":"article","og_title":"Pellicini: \u00abSistemiamo la Vergiatese\u00bb","og_description":"Il sindaco di Luino propone di inserire nel Patto per la Lombardia anche la realizzazione della bretella della Valcuvia","og_url":"https:\/\/staging.varesenews.it\/2016\/12\/pellicini-sistemiamo-la-vergiatese\/580214\/","og_site_name":"VareseNews","article_publisher":"https:\/\/www.facebook.com\/varesenews","article_author":"https:\/\/www.facebook.com\/andrea.camurani?fref=photo","article_published_time":"2016-12-21T09:46:55+00:00","author":"Andrea Camurani","twitter_card":"summary_large_image","twitter_creator":"@AndreaCamurani","twitter_site":"@varesenews","twitter_misc":{"Scritto da":"Andrea Camurani","Tempo di lettura stimato":"2 minuti"},"schema":{"@context":"https:\/\/schema.org","@graph":[{"@type":"WebPage","@id":"https:\/\/staging.varesenews.it\/2016\/12\/pellicini-sistemiamo-la-vergiatese\/580214\/","url":"https:\/\/staging.varesenews.it\/2016\/12\/pellicini-sistemiamo-la-vergiatese\/580214\/","name":"Pellicini: \u00abSistemiamo la Vergiatese\u00bb","isPartOf":{"@id":"https:\/\/staging.varesenews.it\/#website"},"datePublished":"2016-12-21T09:46:55+00:00","dateModified":"2016-12-21T09:46:55+00:00","author":{"@id":"https:\/\/staging.varesenews.it\/#\/schema\/person\/3eb5832c6beae763de8d9596fdbe8c49"},"description":"Il sindaco di Luino propone di inserire nel Patto per la Lombardia anche la realizzazione della bretella della Valcuvia","breadcrumb":{"@id":"https:\/\/staging.varesenews.it\/2016\/12\/pellicini-sistemiamo-la-vergiatese\/580214\/#breadcrumb"},"inLanguage":"it-IT","potentialAction":[{"@type":"ReadAction","target":["https:\/\/staging.varesenews.it\/2016\/12\/pellicini-sistemiamo-la-vergiatese\/580214\/"]}]},{"@type":"BreadcrumbList","@id":"https:\/\/staging.varesenews.it\/2016\/12\/pellicini-sistemiamo-la-vergiatese\/580214\/#breadcrumb","itemListElement":[{"@type":"ListItem","position":1,"name":"Home","item":"https:\/\/www.varesenews.it\/"},{"@type":"ListItem","position":2,"name":"Pellicini: \u00abSistemiamo la Vergiatese\u00bb"}]},{"@type":"WebSite","@id":"https:\/\/staging.varesenews.it\/#website","url":"https:\/\/staging.varesenews.it\/","name":"VareseNews","description":"","potentialAction":[{"@type":"SearchAction","target":{"@type":"EntryPoint","urlTemplate":"https:\/\/staging.varesenews.it\/?s={search_term_string}"},"query-input":"required name=search_term_string"}],"inLanguage":"it-IT"},{"@type":"Person","@id":"https:\/\/staging.varesenews.it\/#\/schema\/person\/3eb5832c6beae763de8d9596fdbe8c49","name":"Andrea Camurani","image":{"@type":"ImageObject","inLanguage":"it-IT","@id":"https:\/\/staging.varesenews.it\/#\/schema\/person\/image\/","url":"https:\/\/staging.varesenews.it\/wp-content\/uploads\/2020\/12\/andrea_camurani_colori_500.jpg","contentUrl":"https:\/\/staging.varesenews.it\/wp-content\/uploads\/2020\/12\/andrea_camurani_colori_500.jpg","caption":"Andrea Camurani"},"description":"Sono figlio degli anni Settanta e di Milano, dove ho imparato a riconoscere buoni e cattivi. Laurea in scienze politiche, lavoro a VareseNews dal 2000. Racconto quel che trovo quando incontro chi vuole lasciare al mondo un pezzetto di vita, che si chiama cronaca. &ldquo;...perch&eacute; &egrave; la gente il pi&ugrave; grande spettacolo del mondo. E non si paga il biglietto...&rdquo; (Charles Bukowsky)","sameAs":["https:\/\/www.facebook.com\/andrea.camurani?fref=photo","andreacamurani","https:\/\/www.linkedin.com\/hp\/?dnr=A9a84RfzsLdo9xg4NcGV4dLiMknoc9ms4WM","https:\/\/twitter.com\/AndreaCamurani"],"url":"https:\/\/staging.varesenews.it\/persona\/andrea_camurani\/"}]}},"post_meta":{"_edit_lock":"1482314485:34","_edit_last":"34","ratings_users":"0","ratings_score":"0","ratings_average":"0","_category_permalink":"","wdfb_og_title":"","wdfb_og_type":"","wdfb_og_description":"","wdfb_og_images":"a:1:{i:0;s:0:\"\";}","wdfb_og_custom_name":"a:1:{i:0;s:0:\"\";}","wdfb_og_custom_value":"a:1:{i:0;s:0:\"\";}","foto":"585661","firma_come_redazione":"1","argomento":"Varese","_jd_twitter":"","_jd_tweet_this":"yes","_wpt_short_url":"http:\/\/www.varesenews.it\/2016\/12\/pellicini-sistemiamo-la-vergiatese\/580214\/","_wp_jd_target":"http:\/\/www.varesenews.it\/2016\/12\/pellicini-sistemiamo-la-vergiatese\/580214\/","_jd_wp_twitter":"a:1:{i:0;s:127:\"Pellicini: \u00abSistemiamo la Vergiatese\u00bb http:\/\/www.varesenews.it\/2016\/12\/pellicini-sistemiamo-la-vergiatese\/580214\/ #vergiatese\";}","_wpt_status_message":"Tweet inviato con successo.","id_leggi_anche":"590866,631954"},"photos":[{"original":"https:\/\/staging.varesenews.it\/photogallery_new\/images\/2016\/12\/avarie-585661.jpg","full":"https:\/\/staging.varesenews.it\/photogallery_new\/images\/2016\/12\/avarie-585661.1024x768.jpg","large":"https:\/\/staging.varesenews.it\/photogallery_new\/images\/2016\/12\/avarie-585661.610x431.jpg"}],"_links":{"self":[{"href":"https:\/\/staging.varesenews.it\/swgapi\/v1\/wp\/v2\/posts\/580214"}],"collection":[{"href":"https:\/\/staging.varesenews.it\/swgapi\/v1\/wp\/v2\/posts"}],"about":[{"href":"https:\/\/staging.varesenews.it\/swgapi\/v1\/wp\/v2\/types\/post"}],"author":[{"embeddable":true,"href":"https:\/\/staging.varesenews.it\/swgapi\/v1\/wp\/v2\/users\/34"}],"replies":[{"embeddable":true,"href":"https:\/\/staging.varesenews.it\/swgapi\/v1\/wp\/v2\/comments?post=580214"}],"version-history":[{"count":0,"href":"https:\/\/staging.varesenews.it\/swgapi\/v1\/wp\/v2\/posts\/580214\/revisions"}],"wp:attachment":[{"href":"https:\/\/staging.varesenews.it\/swgapi\/v1\/wp\/v2\/media?parent=580214"}],"wp:term":[{"taxonomy":"category","embeddable":true,"href":"https:\/\/staging.varesenews.it\/swgapi\/v1\/wp\/v2\/categories?post=580214"},{"taxonomy":"post_tag","embeddable":true,"href":"https:\/\/staging.varesenews.it\/swgapi\/v1\/wp\/v2\/tags?post=580214"}],"curies":[{"name":"wp","href":"https:\/\/api.w.org\/{rel}","templated":true}]}}