{"id":580974,"date":"2016-12-23T16:28:30","date_gmt":"2016-12-23T15:28:30","guid":{"rendered":"http:\/\/www.varesenews.it\/?p=580974"},"modified":"2016-12-23T16:29:51","modified_gmt":"2016-12-23T15:29:51","slug":"cosa-ce-nel-sottosuolo-te-lo-dice-il-puggs","status":"publish","type":"post","link":"https:\/\/staging.varesenews.it\/2016\/12\/cosa-ce-nel-sottosuolo-te-lo-dice-il-puggs\/580974\/","title":{"rendered":"Cosa c&#8217;\u00e8 nel sottosuolo? Te lo dice il Puggs"},"content":{"rendered":"<p>L&#8217;assessore all&#8217;urbainistica e all&#8217;edilizia del Comune di Fagnano Olona, <strong>Fabio Lorusso<\/strong>, annuncia l&#8217;approvazione, avvenuta all&#8217;unanimit\u00e0 lo scorso marted\u00ec 13 dicembre, come ultimo punto del Consiglio Comunale \u00e8 stato approvato all\u2019unanimit\u00e0 il <strong>Piano Urbano Gestione dei Servizi del Sottosuolo<\/strong>.<\/p>\n<p>Il Piano era stato presentato e adottato in Consiglio Comunale in data 25.07.2016, e messo a disposizione dei Cittadini e degli Enti che avessero voluto presentare delle osservazioni in merito per 60 giorni, una volta decorso tale termine \u00e8 ritornato in Consiglio Comunale per l\u2019approvazione definitiva.<\/p>\n<p>Che cos\u2019\u00e8 il P.U.G.S.S.? Non \u00e8 sicuramente una parolaccia ma \u00e8 uno strumento molto importante e strategico per il Comune di Fagnano Olona ma anche per privati e aziende che potranno accedere con pi\u00f9 facilit\u00e0 a questo tipo di informazioni ed evitare anche incidenti percorso che creano danni e costi in pi\u00f9, nel caso di guasti alle linee.<\/p>\n<p>\u00c8 composto da due documenti:<br \/>\n1 \u2013 <strong>Relazione generale dove vengono mappate e inserite all\u2019interno della cartografia generale del paese tutte le reti tecnologiche del paese<\/strong>. Prima per conoscere dove \u201cpassava\u201d la condotta fognaria, il gas o l\u2019acqua occorreva recarsi presso lo sportello AGESP (ora Alfa S.r.l.) e verificare con l\u2019ausilio di tecnici distanze, dimensioni, ecc\u2026 lo stesso vale a dire per le linee telefoniche, del gas e dei cavidotti di illuminazione pubblica.<\/p>\n<p>Tutte queste informazioni possono essere utili sia al cittadino ma soprattutto ai professionisti incaricati e alle imprese che non dovranno pi\u00f9 rivolgersi a pi\u00f9 sportelli ma in tempo reale con un semplice clic le avranno subito a disposizione.<br \/>\nInoltre questo strumento \u00e8 utile all\u2019ente per poter programmare interventi di manutenzione e soprattutto in zone di espansione si hanno gi\u00e0 le informazioni per poter prevedere idonee opere di urbanizzazione che non vadano a \u201cstressare\u201d le reti tecnologiche presenti nelle immediate vicinanze.<\/p>\n<p>2 \u2013<strong> Nuovo regolamento per la gestione degli interventi nel sottosuolo<\/strong>. Questo regolamento sar\u00e0 fondamentale per tutte le imprese che dovranno \u201clavorare\u201d nel sottosuolo, contiene prescrizioni, indicazioni che dovranno essere inserite in fase di progettazione nella manomissione del suolo pubblico dettando tempi, caratteristiche del materiale impiegato e regole stringenti (\u00e8 prevista la georeferenziazione di alcuni manufatti) affinch\u00e8 al termine delle lavorazioni il manto stradale possa essere \u201crestituito\u201d nel miglior modo possibile senza dover intervenire con \u201crappezzi\u201d o \u201ctoppe\u201d tanto odiate dai cittadini.<\/p>\n<p>La scadenza per l\u2019approvazione del piano era stata fissata da Regione Lombardia entro il 31.12.2014 (anche se numerosi comuni ancora non hanno ottemperato), appena insediatal&#8217;amministrazione Simonelli si \u00e8 messa\u00a0in moto per reperire i fondi per dare l\u2019incarico al fine di raggiungere l\u2019obiettivo (i tempi di approvazione dello stesso sono i medesimi di un P.G.T.).<\/p>\n<p>Con l\u2019approvazione del piano \u00e8 stato completato\u00a0l\u2019aggiornamento di tutti i quadri di pianificazione dell\u2019ente, infatti con approvazione P.G.T. e dei suoi contenuti, Variante delle Regole al P.G.T. e ora P.U.G.S.S. il comune di Fagnano Olona ottempera alle linee dettate da Regione Lombardia.<\/p>\n<p>Affinch\u00e8 i piani sopra citati non rimangano solamente sulla carta, \u00e8 intenzione dell&#8217;assessore Lorusso, a partire dall&#8217;anno prossimo, mettere a disposizione di chiunque ne abbia bisogno<strong>, tutte queste informazioni rendendole pubbliche all\u2019interno di una pagina web su base google maps<\/strong> dedicata, dove chiunque potr\u00e0 navigare, misurare, verificare e raccogliere informazioni utili su P.G.T., Catasto e P.U.G.S.S. con conseguenti risparmi di tempo e denaro da parte di tutti.<\/p>\n<p>L?assessore ringrazia\u00a0tutti coloro che hanno partecipato nell\u2019iter di stesura e approvazione del Piano: l\u2019Arch. Franco, i ragazzi dell\u2019Ufficio Tecnico Edilizia privata capitanati dal Responsabile del Servizio Arch. Massimiliano Palmeri, il Sindaco, giunta, i membri della Commissione Urbanististica e i consiglieri comunali intervenuti nelle varie sedute in cui \u00e8 stato visionato il piano.<\/p>\n","protected":false},"excerpt":{"rendered":"<p>Il consiglio comunale ha approvato il piano urbano di gestione dei servizi del sottosuolo. Uno strumento che accorcia i tempi per privati e tecnici che devono effettuare scavi<\/p>\n","protected":false},"author":47,"featured_media":0,"comment_status":"open","ping_status":"open","sticky":false,"template":"","format":"standard","meta":{"footnotes":""},"categories":[4],"tags":[2840,1398],"acf":[],"yoast_head":"<!-- This site is optimized with the Yoast SEO plugin v20.1 - https:\/\/yoast.com\/wordpress\/plugins\/seo\/ -->\n<title>Cosa c&#039;\u00e8 nel sottosuolo? Te lo dice il Puggs<\/title>\n<meta name=\"description\" content=\"Il consiglio comunale ha approvato il piano urbano di gestione dei servizi del sottosuolo. Uno strumento che accorcia i tempi per privati e tecnici che devono effettuare scavi\" \/>\n<meta name=\"robots\" content=\"noindex, follow, max-snippet:-1, max-image-preview:large, max-video-preview:-1\" \/>\n<meta property=\"og:locale\" content=\"it_IT\" \/>\n<meta property=\"og:type\" content=\"article\" \/>\n<meta property=\"og:title\" content=\"Cosa c&#039;\u00e8 nel sottosuolo? Te lo dice il Puggs\" \/>\n<meta property=\"og:description\" content=\"Il consiglio comunale ha approvato il piano urbano di gestione dei servizi del sottosuolo. Uno strumento che accorcia i tempi per privati e tecnici che devono effettuare scavi\" \/>\n<meta property=\"og:url\" content=\"https:\/\/staging.varesenews.it\/2016\/12\/cosa-ce-nel-sottosuolo-te-lo-dice-il-puggs\/580974\/\" \/>\n<meta property=\"og:site_name\" content=\"VareseNews\" \/>\n<meta property=\"article:publisher\" content=\"https:\/\/www.facebook.com\/varesenews\" \/>\n<meta property=\"article:published_time\" content=\"2016-12-23T15:28:30+00:00\" \/>\n<meta property=\"article:modified_time\" content=\"2016-12-23T15:29:51+00:00\" \/>\n<meta name=\"author\" content=\"Orlando Mastrillo\" \/>\n<meta name=\"twitter:card\" content=\"summary_large_image\" \/>\n<meta name=\"twitter:creator\" content=\"@nando_mastrillo\" \/>\n<meta name=\"twitter:site\" content=\"@varesenews\" \/>\n<meta name=\"twitter:label1\" content=\"Scritto da\" \/>\n\t<meta name=\"twitter:data1\" content=\"Orlando Mastrillo\" \/>\n\t<meta name=\"twitter:label2\" content=\"Tempo di lettura stimato\" \/>\n\t<meta name=\"twitter:data2\" content=\"3 minuti\" \/>\n<script type=\"application\/ld+json\" class=\"yoast-schema-graph\">{\"@context\":\"https:\/\/schema.org\",\"@graph\":[{\"@type\":\"WebPage\",\"@id\":\"https:\/\/staging.varesenews.it\/2016\/12\/cosa-ce-nel-sottosuolo-te-lo-dice-il-puggs\/580974\/\",\"url\":\"https:\/\/staging.varesenews.it\/2016\/12\/cosa-ce-nel-sottosuolo-te-lo-dice-il-puggs\/580974\/\",\"name\":\"Cosa c'\u00e8 nel sottosuolo? Te lo dice il Puggs\",\"isPartOf\":{\"@id\":\"https:\/\/staging.varesenews.it\/#website\"},\"datePublished\":\"2016-12-23T15:28:30+00:00\",\"dateModified\":\"2016-12-23T15:29:51+00:00\",\"author\":{\"@id\":\"https:\/\/staging.varesenews.it\/#\/schema\/person\/14c47ccce537a9058dddce296f10b296\"},\"description\":\"Il consiglio comunale ha approvato il piano urbano di gestione dei servizi del sottosuolo. Uno strumento che accorcia i tempi per privati e tecnici che devono effettuare scavi\",\"breadcrumb\":{\"@id\":\"https:\/\/staging.varesenews.it\/2016\/12\/cosa-ce-nel-sottosuolo-te-lo-dice-il-puggs\/580974\/#breadcrumb\"},\"inLanguage\":\"it-IT\",\"potentialAction\":[{\"@type\":\"ReadAction\",\"target\":[\"https:\/\/staging.varesenews.it\/2016\/12\/cosa-ce-nel-sottosuolo-te-lo-dice-il-puggs\/580974\/\"]}]},{\"@type\":\"BreadcrumbList\",\"@id\":\"https:\/\/staging.varesenews.it\/2016\/12\/cosa-ce-nel-sottosuolo-te-lo-dice-il-puggs\/580974\/#breadcrumb\",\"itemListElement\":[{\"@type\":\"ListItem\",\"position\":1,\"name\":\"Home\",\"item\":\"https:\/\/www.varesenews.it\/\"},{\"@type\":\"ListItem\",\"position\":2,\"name\":\"Cosa c&#8217;\u00e8 nel sottosuolo? Te lo dice il Puggs\"}]},{\"@type\":\"WebSite\",\"@id\":\"https:\/\/staging.varesenews.it\/#website\",\"url\":\"https:\/\/staging.varesenews.it\/\",\"name\":\"VareseNews\",\"description\":\"\",\"potentialAction\":[{\"@type\":\"SearchAction\",\"target\":{\"@type\":\"EntryPoint\",\"urlTemplate\":\"https:\/\/staging.varesenews.it\/?s={search_term_string}\"},\"query-input\":\"required name=search_term_string\"}],\"inLanguage\":\"it-IT\"},{\"@type\":\"Person\",\"@id\":\"https:\/\/staging.varesenews.it\/#\/schema\/person\/14c47ccce537a9058dddce296f10b296\",\"name\":\"Orlando Mastrillo\",\"image\":{\"@type\":\"ImageObject\",\"inLanguage\":\"it-IT\",\"@id\":\"https:\/\/staging.varesenews.it\/#\/schema\/person\/image\/\",\"url\":\"https:\/\/staging.varesenews.it\/wp-content\/uploads\/2020\/12\/orlando_mastrillo_colori_500.jpg\",\"contentUrl\":\"https:\/\/staging.varesenews.it\/wp-content\/uploads\/2020\/12\/orlando_mastrillo_colori_500.jpg\",\"caption\":\"Orlando Mastrillo\"},\"description\":\"Nasco a Luino nel 1981, ho iniziato questo lavoro nell'estate del 2003 nella redazione de Il Giorno di Varese e dall'anno successivo ho intrapreso la collaborazione con VareseNews. Dopo anni nell'Alto Varesotto mi sono trasferito a Busto Arsizio nel 2007, territorio che ho iniziato a seguire e che seguo tutt'oggi. Nel 2013 sono diventato giornalista professionista. Mi occupo di cronaca politica, giudiziaria e nera in una vasta area che comprende anche parte della Valle Olona e il Legnanese. Sono sposato con Valeria Arini e ho due splendide figlie.\",\"sameAs\":[\"or_ma\",\"https:\/\/twitter.com\/nando_mastrillo\"],\"url\":\"https:\/\/staging.varesenews.it\/persona\/orlando-mastrillo1\/\"}]}<\/script>\n<!-- \/ Yoast SEO plugin. -->","yoast_head_json":{"title":"Cosa c'\u00e8 nel sottosuolo? Te lo dice il Puggs","description":"Il consiglio comunale ha approvato il piano urbano di gestione dei servizi del sottosuolo. Uno strumento che accorcia i tempi per privati e tecnici che devono effettuare scavi","robots":{"index":"noindex","follow":"follow","max-snippet":"max-snippet:-1","max-image-preview":"max-image-preview:large","max-video-preview":"max-video-preview:-1"},"og_locale":"it_IT","og_type":"article","og_title":"Cosa c'\u00e8 nel sottosuolo? Te lo dice il Puggs","og_description":"Il consiglio comunale ha approvato il piano urbano di gestione dei servizi del sottosuolo. Uno strumento che accorcia i tempi per privati e tecnici che devono effettuare scavi","og_url":"https:\/\/staging.varesenews.it\/2016\/12\/cosa-ce-nel-sottosuolo-te-lo-dice-il-puggs\/580974\/","og_site_name":"VareseNews","article_publisher":"https:\/\/www.facebook.com\/varesenews","article_published_time":"2016-12-23T15:28:30+00:00","article_modified_time":"2016-12-23T15:29:51+00:00","author":"Orlando Mastrillo","twitter_card":"summary_large_image","twitter_creator":"@nando_mastrillo","twitter_site":"@varesenews","twitter_misc":{"Scritto da":"Orlando Mastrillo","Tempo di lettura stimato":"3 minuti"},"schema":{"@context":"https:\/\/schema.org","@graph":[{"@type":"WebPage","@id":"https:\/\/staging.varesenews.it\/2016\/12\/cosa-ce-nel-sottosuolo-te-lo-dice-il-puggs\/580974\/","url":"https:\/\/staging.varesenews.it\/2016\/12\/cosa-ce-nel-sottosuolo-te-lo-dice-il-puggs\/580974\/","name":"Cosa c'\u00e8 nel sottosuolo? Te lo dice il Puggs","isPartOf":{"@id":"https:\/\/staging.varesenews.it\/#website"},"datePublished":"2016-12-23T15:28:30+00:00","dateModified":"2016-12-23T15:29:51+00:00","author":{"@id":"https:\/\/staging.varesenews.it\/#\/schema\/person\/14c47ccce537a9058dddce296f10b296"},"description":"Il consiglio comunale ha approvato il piano urbano di gestione dei servizi del sottosuolo. Uno strumento che accorcia i tempi per privati e tecnici che devono effettuare scavi","breadcrumb":{"@id":"https:\/\/staging.varesenews.it\/2016\/12\/cosa-ce-nel-sottosuolo-te-lo-dice-il-puggs\/580974\/#breadcrumb"},"inLanguage":"it-IT","potentialAction":[{"@type":"ReadAction","target":["https:\/\/staging.varesenews.it\/2016\/12\/cosa-ce-nel-sottosuolo-te-lo-dice-il-puggs\/580974\/"]}]},{"@type":"BreadcrumbList","@id":"https:\/\/staging.varesenews.it\/2016\/12\/cosa-ce-nel-sottosuolo-te-lo-dice-il-puggs\/580974\/#breadcrumb","itemListElement":[{"@type":"ListItem","position":1,"name":"Home","item":"https:\/\/www.varesenews.it\/"},{"@type":"ListItem","position":2,"name":"Cosa c&#8217;\u00e8 nel sottosuolo? Te lo dice il Puggs"}]},{"@type":"WebSite","@id":"https:\/\/staging.varesenews.it\/#website","url":"https:\/\/staging.varesenews.it\/","name":"VareseNews","description":"","potentialAction":[{"@type":"SearchAction","target":{"@type":"EntryPoint","urlTemplate":"https:\/\/staging.varesenews.it\/?s={search_term_string}"},"query-input":"required name=search_term_string"}],"inLanguage":"it-IT"},{"@type":"Person","@id":"https:\/\/staging.varesenews.it\/#\/schema\/person\/14c47ccce537a9058dddce296f10b296","name":"Orlando Mastrillo","image":{"@type":"ImageObject","inLanguage":"it-IT","@id":"https:\/\/staging.varesenews.it\/#\/schema\/person\/image\/","url":"https:\/\/staging.varesenews.it\/wp-content\/uploads\/2020\/12\/orlando_mastrillo_colori_500.jpg","contentUrl":"https:\/\/staging.varesenews.it\/wp-content\/uploads\/2020\/12\/orlando_mastrillo_colori_500.jpg","caption":"Orlando Mastrillo"},"description":"Nasco a Luino nel 1981, ho iniziato questo lavoro nell'estate del 2003 nella redazione de Il Giorno di Varese e dall'anno successivo ho intrapreso la collaborazione con VareseNews. Dopo anni nell'Alto Varesotto mi sono trasferito a Busto Arsizio nel 2007, territorio che ho iniziato a seguire e che seguo tutt'oggi. Nel 2013 sono diventato giornalista professionista. Mi occupo di cronaca politica, giudiziaria e nera in una vasta area che comprende anche parte della Valle Olona e il Legnanese. Sono sposato con Valeria Arini e ho due splendide figlie.","sameAs":["or_ma","https:\/\/twitter.com\/nando_mastrillo"],"url":"https:\/\/staging.varesenews.it\/persona\/orlando-mastrillo1\/"}]}},"post_meta":{"_edit_lock":"1482506900:47","_edit_last":"47","ratings_users":"0","ratings_score":"0","ratings_average":"0","_category_permalink":"","wdfb_og_title":"","wdfb_og_type":"","wdfb_og_description":"","wdfb_og_images":"a:1:{i:0;s:0:\"\";}","wdfb_og_custom_name":"a:1:{i:0;s:0:\"\";}","wdfb_og_custom_value":"a:1:{i:0;s:0:\"\";}","foto":"258878","argomento":"Fagnano Olona","_jd_twitter":"","_jd_tweet_this":"yes","_wpt_short_url":"http:\/\/www.varesenews.it\/2016\/12\/cosa-ce-nel-sottosuolo-te-lo-dice-il-puggs\/580974\/","_wp_jd_target":"http:\/\/www.varesenews.it\/2016\/12\/cosa-ce-nel-sottosuolo-te-lo-dice-il-puggs\/580974\/","_jd_wp_twitter":"a:1:{i:0;s:152:\"Cosa c'\u00e8 nel sottosuolo? Te lo dice il Puggs http:\/\/www.varesenews.it\/2016\/12\/cosa-ce-nel-sottosuolo-te-lo-dice-il-puggs\/580974\/ #edilizia #urbanistica\";}","_wpt_status_message":"Tweet inviato con successo.","firma_come_redazione":"1"},"photos":[{"original":"https:\/\/staging.varesenews.it\/photogallery_new\/images\/2010\/08\/lavori-stradali-via-padre-lega-gallarate-258878.jpg","full":"https:\/\/staging.varesenews.it\/photogallery_new\/images\/2010\/08\/lavori-stradali-via-padre-lega-gallarate-258878.1024x768.jpg","large":"https:\/\/staging.varesenews.it\/photogallery_new\/images\/2010\/08\/lavori-stradali-via-padre-lega-gallarate-258878.610x431.jpg"}],"_links":{"self":[{"href":"https:\/\/staging.varesenews.it\/swgapi\/v1\/wp\/v2\/posts\/580974"}],"collection":[{"href":"https:\/\/staging.varesenews.it\/swgapi\/v1\/wp\/v2\/posts"}],"about":[{"href":"https:\/\/staging.varesenews.it\/swgapi\/v1\/wp\/v2\/types\/post"}],"author":[{"embeddable":true,"href":"https:\/\/staging.varesenews.it\/swgapi\/v1\/wp\/v2\/users\/47"}],"replies":[{"embeddable":true,"href":"https:\/\/staging.varesenews.it\/swgapi\/v1\/wp\/v2\/comments?post=580974"}],"version-history":[{"count":0,"href":"https:\/\/staging.varesenews.it\/swgapi\/v1\/wp\/v2\/posts\/580974\/revisions"}],"wp:attachment":[{"href":"https:\/\/staging.varesenews.it\/swgapi\/v1\/wp\/v2\/media?parent=580974"}],"wp:term":[{"taxonomy":"category","embeddable":true,"href":"https:\/\/staging.varesenews.it\/swgapi\/v1\/wp\/v2\/categories?post=580974"},{"taxonomy":"post_tag","embeddable":true,"href":"https:\/\/staging.varesenews.it\/swgapi\/v1\/wp\/v2\/tags?post=580974"}],"curies":[{"name":"wp","href":"https:\/\/api.w.org\/{rel}","templated":true}]}}