{"id":581359,"date":"2016-12-27T11:59:11","date_gmt":"2016-12-27T10:59:11","guid":{"rendered":"http:\/\/www.varesenews.it\/?p=581359"},"modified":"2016-12-27T12:07:29","modified_gmt":"2016-12-27T11:07:29","slug":"la-openjobmetis-sfida-venezia-nella-prima-di-caja","status":"publish","type":"post","link":"https:\/\/staging.varesenews.it\/2016\/12\/la-openjobmetis-sfida-venezia-nella-prima-di-caja\/581359\/","title":{"rendered":"La Openjobmetis sfida Venezia nella &#8220;prima&#8221; di Caja"},"content":{"rendered":"<p><strong>Con Caja e senza Eyenga<\/strong>: si presenta cos\u00ec la partita che nel tardo pomeriggio di oggi &#8211; marted\u00ec 27 dicembre, palla a due alle <strong>18,45<\/strong> &#8211; vedr\u00e0 il ritorno in campo della Openjobmetis con al timone il nuovo allenatore, <strong>dopo l&#8217;esonero<\/strong> di Paolo Moretti.<\/p>\n<p>I biancorossi <strong>ospitano la Umana Venezia<\/strong> per una gara tutt&#8217;altro che semplice. La Reyer infatti ha appena concluso una striscia di dieci vittorie consecutive tra Serie A e Champions League, \u00e8 stata <strong>la prima a battere Milano<\/strong> in campionato ed \u00e8 salita <strong>sino al secondo posto<\/strong> solitario, proprio dietro alla EA7.<\/p>\n<p>\u00abSar\u00e0 una gara difficile perch\u00e9 <strong>Venezia \u00e8 forse la squadra pi\u00f9 in forma in assoluto<\/strong> con 12 vittorie\u00a0nelle ultime 13 partite &#8211; ricorda a tal proposito <strong>Attilio Caja<\/strong> &#8211; I nostri avversari si sentono in grande fiducia e possono contare su\u00a0<strong>una rosa profonda e di talento<\/strong>: gli esterni sono giocatori che manovrano la palla per se stessi e per gli altri e i lunghi sono tutti di alto livello. Detto questo vogliamo giocare una<strong> partita di coraggio e orgoglio<\/strong> per provare a misurarci contro una squadra forte. In 4 giorni dal punto di vista tecnico abbiamo potuto fare solo qualche adeguamento, per\u00f2 possiamo mostrare progressi sotto il profilo mentale.<strong> Proveremo ad accendere il pubblico<\/strong>: se diamo un segnale a livello di impegno la gente ci seguir\u00e0\u00bb.<\/p>\n<p>Per Varese, dicevamo, ci sar\u00e0 il problema di sostituire al meglio <strong>lo squalificato Eyenga:<\/strong> ci sar\u00e0 una possibilit\u00e0 per Ferrero, che pure arriva da qualche problema fisico, ma anche spazio per vedere spesso un quintetto con tre piccoli, in cui Dominique<strong> Johnson affiancher\u00e0 Maynor e Cavaliero (o Avramovic).<\/strong> Un&#8217;arma che Caja prover\u00e0 a sfruttare &#8211; al pari della difesa a zona &#8211; per attaccare il reparto esterni di De Raffaele, dove <strong>McGee e Haynes sono i fucilieri designati<\/strong> con Bramos di rincorsa\u00a0mentre <strong>mancher\u00e0 Stefano Tonut<\/strong>, uno dei giovani italiani pi\u00f9 interessanti.<\/p>\n<p>La partita \u00e8 tra l&#8217;altro particolarmente<strong> sentita a livello di sponsor,<\/strong> visto che sia Umana sia Openjobmetis operano nel campo del lavoro interinale e gi\u00e0 in passato era stata teatro di sfide verbali (simpatiche) tra i rispettivi dirigenti, Brugnaro sul fronte orogranata, Rasizza su quello biancorosso.<\/p>\n<p><strong>LA DIRETTA<\/strong> &#8211; Il match &#8220;all&#8217;ora dell&#8217;aperitivo&#8221; a Masnago sar\u00e0 raccontato come di consueto in diretta da VareseNews attraverso una diretta multimediale aperta fin dalle ore precedenti il match. Per interagire si potr\u00e0 scrivere nello spazio commenti o usare gli hashtag <strong>#varesevenezia<\/strong> o <strong>#direttavn<\/strong> su Twitter e Instagram. Per accedere direttamente al live<a href=\"http:\/\/live.varesenews.it\/Event\/Basket_Openjobmetis_Varese_-_Umana_Venezia_3\" target=\"_blank\"><strong> CLICCATE QUI<\/strong><\/a>.<\/p>\n","protected":false},"excerpt":{"rendered":"<p>Oggi &#8211; marted\u00ec 27 &#8211; si gioca all&#8217;ora dell&#8217;aperitivo a Masnago (18,45). Biancorossi senza Eyenga, squalificato, ospiti orfani di Tonut<\/p>\n","protected":false},"author":38,"featured_media":0,"comment_status":"open","ping_status":"open","sticky":false,"template":"","format":"standard","meta":{"footnotes":""},"categories":[14],"tags":[153,154],"acf":[],"yoast_head":"<!-- This site is optimized with the Yoast SEO plugin v20.1 - https:\/\/yoast.com\/wordpress\/plugins\/seo\/ -->\n<title>La Openjobmetis sfida Venezia nella &quot;prima&quot; di Caja<\/title>\n<meta name=\"description\" content=\"Oggi - marted\u00ec 27 - si gioca all&#039;ora dell&#039;aperitivo a Masnago (18,45). Biancorossi senza Eyenga, squalificato, ospiti orfani di Tonut\" \/>\n<meta name=\"robots\" content=\"noindex, follow, max-snippet:-1, max-image-preview:large, max-video-preview:-1\" \/>\n<meta property=\"og:locale\" content=\"it_IT\" \/>\n<meta property=\"og:type\" content=\"article\" \/>\n<meta property=\"og:title\" content=\"La Openjobmetis sfida Venezia nella &quot;prima&quot; di Caja\" \/>\n<meta property=\"og:description\" content=\"Oggi - marted\u00ec 27 - si gioca all&#039;ora dell&#039;aperitivo a Masnago (18,45). Biancorossi senza Eyenga, squalificato, ospiti orfani di Tonut\" \/>\n<meta property=\"og:url\" content=\"https:\/\/staging.varesenews.it\/2016\/12\/la-openjobmetis-sfida-venezia-nella-prima-di-caja\/581359\/\" \/>\n<meta property=\"og:site_name\" content=\"VareseNews\" \/>\n<meta property=\"article:publisher\" content=\"https:\/\/www.facebook.com\/varesenews\" \/>\n<meta property=\"article:published_time\" content=\"2016-12-27T10:59:11+00:00\" \/>\n<meta property=\"article:modified_time\" content=\"2016-12-27T11:07:29+00:00\" \/>\n<meta name=\"author\" content=\"Damiano Franzetti\" \/>\n<meta name=\"twitter:card\" content=\"summary_large_image\" \/>\n<meta name=\"twitter:creator\" content=\"@damianofranz\" \/>\n<meta name=\"twitter:site\" content=\"@varesenews\" \/>\n<meta name=\"twitter:label1\" content=\"Scritto da\" \/>\n\t<meta name=\"twitter:data1\" content=\"Damiano Franzetti\" \/>\n\t<meta name=\"twitter:label2\" content=\"Tempo di lettura stimato\" \/>\n\t<meta name=\"twitter:data2\" content=\"2 minuti\" \/>\n<script type=\"application\/ld+json\" class=\"yoast-schema-graph\">{\"@context\":\"https:\/\/schema.org\",\"@graph\":[{\"@type\":\"WebPage\",\"@id\":\"https:\/\/staging.varesenews.it\/2016\/12\/la-openjobmetis-sfida-venezia-nella-prima-di-caja\/581359\/\",\"url\":\"https:\/\/staging.varesenews.it\/2016\/12\/la-openjobmetis-sfida-venezia-nella-prima-di-caja\/581359\/\",\"name\":\"La Openjobmetis sfida Venezia nella \\\"prima\\\" di Caja\",\"isPartOf\":{\"@id\":\"https:\/\/staging.varesenews.it\/#website\"},\"datePublished\":\"2016-12-27T10:59:11+00:00\",\"dateModified\":\"2016-12-27T11:07:29+00:00\",\"author\":{\"@id\":\"https:\/\/staging.varesenews.it\/#\/schema\/person\/709ae3769f6b4dbde8ec332baede8a5b\"},\"description\":\"Oggi - marted\u00ec 27 - si gioca all'ora dell'aperitivo a Masnago (18,45). Biancorossi senza Eyenga, squalificato, ospiti orfani di Tonut\",\"breadcrumb\":{\"@id\":\"https:\/\/staging.varesenews.it\/2016\/12\/la-openjobmetis-sfida-venezia-nella-prima-di-caja\/581359\/#breadcrumb\"},\"inLanguage\":\"it-IT\",\"potentialAction\":[{\"@type\":\"ReadAction\",\"target\":[\"https:\/\/staging.varesenews.it\/2016\/12\/la-openjobmetis-sfida-venezia-nella-prima-di-caja\/581359\/\"]}]},{\"@type\":\"BreadcrumbList\",\"@id\":\"https:\/\/staging.varesenews.it\/2016\/12\/la-openjobmetis-sfida-venezia-nella-prima-di-caja\/581359\/#breadcrumb\",\"itemListElement\":[{\"@type\":\"ListItem\",\"position\":1,\"name\":\"Home\",\"item\":\"https:\/\/www.varesenews.it\/\"},{\"@type\":\"ListItem\",\"position\":2,\"name\":\"La Openjobmetis sfida Venezia nella &#8220;prima&#8221; di Caja\"}]},{\"@type\":\"WebSite\",\"@id\":\"https:\/\/staging.varesenews.it\/#website\",\"url\":\"https:\/\/staging.varesenews.it\/\",\"name\":\"VareseNews\",\"description\":\"\",\"potentialAction\":[{\"@type\":\"SearchAction\",\"target\":{\"@type\":\"EntryPoint\",\"urlTemplate\":\"https:\/\/staging.varesenews.it\/?s={search_term_string}\"},\"query-input\":\"required name=search_term_string\"}],\"inLanguage\":\"it-IT\"},{\"@type\":\"Person\",\"@id\":\"https:\/\/staging.varesenews.it\/#\/schema\/person\/709ae3769f6b4dbde8ec332baede8a5b\",\"name\":\"Damiano Franzetti\",\"image\":{\"@type\":\"ImageObject\",\"inLanguage\":\"it-IT\",\"@id\":\"https:\/\/staging.varesenews.it\/#\/schema\/person\/image\/\",\"url\":\"https:\/\/staging.varesenews.it\/wp-content\/uploads\/2020\/12\/damiano_franzetti_colori_500.jpg\",\"contentUrl\":\"https:\/\/staging.varesenews.it\/wp-content\/uploads\/2020\/12\/damiano_franzetti_colori_500.jpg\",\"caption\":\"Damiano Franzetti\"},\"description\":\"Classe 1976, una laurea (nel cassetto) in scienze e tecnologie alimentari; sono giornalista professionista dal 2009 nato e cresciuto con VareseNews dove mi occupo soprattutto di sport ormai da vent&rsquo;anni. Inviato sui campi (sulle piste, sulle strade...), intervistatore, coordinatore e responsabile delle pagine sportive, mi ritaglio volentieri lo spazio per scrivere di birra sul blog Malto Gradimento. Ho seguito innumerevoli campionati di Serie A di basket, di serie B di calcio, due Mondiali di ciclismo, qualche Giro d&rsquo;;Italia e tanto altro ancora. Collaboro con Tuttosport e altre testate, mi diletto di social. Ho una moglie, un figlio, vivo nella mia Gemonio e ho purtroppo smesso con il basket giocato. &nbsp;\",\"sameAs\":[\"damianofranz\",\"https:\/\/www.linkedin.com\/profile\/view?id=241597124&trk=nav_responsive_tab_profile\",\"https:\/\/twitter.com\/damianofranz\"],\"url\":\"https:\/\/staging.varesenews.it\/persona\/damiano_franzetti-2\/\"}]}<\/script>\n<!-- \/ Yoast SEO plugin. -->","yoast_head_json":{"title":"La Openjobmetis sfida Venezia nella \"prima\" di Caja","description":"Oggi - marted\u00ec 27 - si gioca all'ora dell'aperitivo a Masnago (18,45). Biancorossi senza Eyenga, squalificato, ospiti orfani di Tonut","robots":{"index":"noindex","follow":"follow","max-snippet":"max-snippet:-1","max-image-preview":"max-image-preview:large","max-video-preview":"max-video-preview:-1"},"og_locale":"it_IT","og_type":"article","og_title":"La Openjobmetis sfida Venezia nella \"prima\" di Caja","og_description":"Oggi - marted\u00ec 27 - si gioca all'ora dell'aperitivo a Masnago (18,45). Biancorossi senza Eyenga, squalificato, ospiti orfani di Tonut","og_url":"https:\/\/staging.varesenews.it\/2016\/12\/la-openjobmetis-sfida-venezia-nella-prima-di-caja\/581359\/","og_site_name":"VareseNews","article_publisher":"https:\/\/www.facebook.com\/varesenews","article_published_time":"2016-12-27T10:59:11+00:00","article_modified_time":"2016-12-27T11:07:29+00:00","author":"Damiano Franzetti","twitter_card":"summary_large_image","twitter_creator":"@damianofranz","twitter_site":"@varesenews","twitter_misc":{"Scritto da":"Damiano Franzetti","Tempo di lettura stimato":"2 minuti"},"schema":{"@context":"https:\/\/schema.org","@graph":[{"@type":"WebPage","@id":"https:\/\/staging.varesenews.it\/2016\/12\/la-openjobmetis-sfida-venezia-nella-prima-di-caja\/581359\/","url":"https:\/\/staging.varesenews.it\/2016\/12\/la-openjobmetis-sfida-venezia-nella-prima-di-caja\/581359\/","name":"La Openjobmetis sfida Venezia nella \"prima\" di Caja","isPartOf":{"@id":"https:\/\/staging.varesenews.it\/#website"},"datePublished":"2016-12-27T10:59:11+00:00","dateModified":"2016-12-27T11:07:29+00:00","author":{"@id":"https:\/\/staging.varesenews.it\/#\/schema\/person\/709ae3769f6b4dbde8ec332baede8a5b"},"description":"Oggi - marted\u00ec 27 - si gioca all'ora dell'aperitivo a Masnago (18,45). Biancorossi senza Eyenga, squalificato, ospiti orfani di Tonut","breadcrumb":{"@id":"https:\/\/staging.varesenews.it\/2016\/12\/la-openjobmetis-sfida-venezia-nella-prima-di-caja\/581359\/#breadcrumb"},"inLanguage":"it-IT","potentialAction":[{"@type":"ReadAction","target":["https:\/\/staging.varesenews.it\/2016\/12\/la-openjobmetis-sfida-venezia-nella-prima-di-caja\/581359\/"]}]},{"@type":"BreadcrumbList","@id":"https:\/\/staging.varesenews.it\/2016\/12\/la-openjobmetis-sfida-venezia-nella-prima-di-caja\/581359\/#breadcrumb","itemListElement":[{"@type":"ListItem","position":1,"name":"Home","item":"https:\/\/www.varesenews.it\/"},{"@type":"ListItem","position":2,"name":"La Openjobmetis sfida Venezia nella &#8220;prima&#8221; di Caja"}]},{"@type":"WebSite","@id":"https:\/\/staging.varesenews.it\/#website","url":"https:\/\/staging.varesenews.it\/","name":"VareseNews","description":"","potentialAction":[{"@type":"SearchAction","target":{"@type":"EntryPoint","urlTemplate":"https:\/\/staging.varesenews.it\/?s={search_term_string}"},"query-input":"required name=search_term_string"}],"inLanguage":"it-IT"},{"@type":"Person","@id":"https:\/\/staging.varesenews.it\/#\/schema\/person\/709ae3769f6b4dbde8ec332baede8a5b","name":"Damiano Franzetti","image":{"@type":"ImageObject","inLanguage":"it-IT","@id":"https:\/\/staging.varesenews.it\/#\/schema\/person\/image\/","url":"https:\/\/staging.varesenews.it\/wp-content\/uploads\/2020\/12\/damiano_franzetti_colori_500.jpg","contentUrl":"https:\/\/staging.varesenews.it\/wp-content\/uploads\/2020\/12\/damiano_franzetti_colori_500.jpg","caption":"Damiano Franzetti"},"description":"Classe 1976, una laurea (nel cassetto) in scienze e tecnologie alimentari; sono giornalista professionista dal 2009 nato e cresciuto con VareseNews dove mi occupo soprattutto di sport ormai da vent&rsquo;anni. Inviato sui campi (sulle piste, sulle strade...), intervistatore, coordinatore e responsabile delle pagine sportive, mi ritaglio volentieri lo spazio per scrivere di birra sul blog Malto Gradimento. Ho seguito innumerevoli campionati di Serie A di basket, di serie B di calcio, due Mondiali di ciclismo, qualche Giro d&rsquo;;Italia e tanto altro ancora. Collaboro con Tuttosport e altre testate, mi diletto di social. Ho una moglie, un figlio, vivo nella mia Gemonio e ho purtroppo smesso con il basket giocato. &nbsp;","sameAs":["damianofranz","https:\/\/www.linkedin.com\/profile\/view?id=241597124&trk=nav_responsive_tab_profile","https:\/\/twitter.com\/damianofranz"],"url":"https:\/\/staging.varesenews.it\/persona\/damiano_franzetti-2\/"}]}},"post_meta":{"_edit_lock":"1482838976:38","_edit_last":"38","_category_permalink":"","wdfb_og_title":"","wdfb_og_type":"","wdfb_og_description":"","wdfb_og_images":"a:1:{i:0;s:0:\"\";}","wdfb_og_custom_name":"a:1:{i:0;s:0:\"\";}","wdfb_og_custom_value":"a:1:{i:0;s:0:\"\";}","_jd_twitter":"","_jd_tweet_this":"yes","ratings_users":"0","ratings_score":"0","ratings_average":"0","foto":"585799","argomento":"Basket","_wpt_short_url":"http:\/\/www.varesenews.it\/2016\/12\/la-openjobmetis-sfida-venezia-nella-prima-di-caja\/581359\/","_wp_jd_target":"http:\/\/www.varesenews.it\/2016\/12\/la-openjobmetis-sfida-venezia-nella-prima-di-caja\/581359\/","_jd_wp_twitter":"a:1:{i:0;s:150:\"La Openjobmetis sfida Venezia nella \"prima\" di Caja http:\/\/www.varesenews.it\/2016\/12\/la-openjobmetis-sfida-venezia-nella-prima-di-caja\/581359\/ #basket\";}","_wpt_status_message":"Tweet inviato con successo."},"photos":[{"original":"https:\/\/staging.varesenews.it\/photogallery_new\/images\/2016\/12\/aok-salonicco-openjobmetis-varese-78-69-585799.jpg","full":"https:\/\/staging.varesenews.it\/photogallery_new\/images\/2016\/12\/aok-salonicco-openjobmetis-varese-78-69-585799.1024x768.jpg","large":"https:\/\/staging.varesenews.it\/photogallery_new\/images\/2016\/12\/aok-salonicco-openjobmetis-varese-78-69-585799.610x431.jpg"}],"_links":{"self":[{"href":"https:\/\/staging.varesenews.it\/swgapi\/v1\/wp\/v2\/posts\/581359"}],"collection":[{"href":"https:\/\/staging.varesenews.it\/swgapi\/v1\/wp\/v2\/posts"}],"about":[{"href":"https:\/\/staging.varesenews.it\/swgapi\/v1\/wp\/v2\/types\/post"}],"author":[{"embeddable":true,"href":"https:\/\/staging.varesenews.it\/swgapi\/v1\/wp\/v2\/users\/38"}],"replies":[{"embeddable":true,"href":"https:\/\/staging.varesenews.it\/swgapi\/v1\/wp\/v2\/comments?post=581359"}],"version-history":[{"count":0,"href":"https:\/\/staging.varesenews.it\/swgapi\/v1\/wp\/v2\/posts\/581359\/revisions"}],"wp:attachment":[{"href":"https:\/\/staging.varesenews.it\/swgapi\/v1\/wp\/v2\/media?parent=581359"}],"wp:term":[{"taxonomy":"category","embeddable":true,"href":"https:\/\/staging.varesenews.it\/swgapi\/v1\/wp\/v2\/categories?post=581359"},{"taxonomy":"post_tag","embeddable":true,"href":"https:\/\/staging.varesenews.it\/swgapi\/v1\/wp\/v2\/tags?post=581359"}],"curies":[{"name":"wp","href":"https:\/\/api.w.org\/{rel}","templated":true}]}}