{"id":581977,"date":"2016-12-30T11:15:12","date_gmt":"2016-12-30T10:15:12","guid":{"rendered":"http:\/\/www.varesenews.it\/?p=581977"},"modified":"2016-12-30T11:15:12","modified_gmt":"2016-12-30T10:15:12","slug":"a-varese-piove-sempre-ecco-come-e-andata-nel-2016","status":"publish","type":"post","link":"https:\/\/staging.varesenews.it\/2016\/12\/a-varese-piove-sempre-ecco-come-e-andata-nel-2016\/581977\/","title":{"rendered":"A Varese piove sempre? Ecco come \u00e8 andata nel 2016"},"content":{"rendered":"<p>Il 30 Novembre si e\u0300 chiuso l&#8217;anno meteorologico 2016 iniziato il 1 Dicembre 2015 e come di consueto il Centro Geofisico Prealpino, sempre attento ai fenomeni atmosferici della nostra provincia, ha redatto il report annuale sul clima degli ultimi 365 giorni.<\/p>\n<p>Il 2016 e\u0300 risultato quindi il quinto anno piu\u0300 caldo misurato a Varese con una temperatura media di 13,9\u00b0C, mezzo grado al di sotto del record appena stabilito dal 2015 (14,4\u00b0C) ma 1.1\u00b0C al di sopra della media del trentennio di riferimento 1981-2010. (<a href=\"http:\/\/www.varesenews.it\/2016\/12\/e-stato-un-altro-anno-caldissimo\/581842\/\" target=\"_blank\">LEGGI APPROFONDIMENTO<\/a>)<\/p>\n<p>Dal punto di vista climatico, l&#8217;anno appena trascorso ha fatto registrare molte anomalie positive di temperatura, mentre i mesi piu\u0300 freschi della media sono stati solamente maggio e ottobre. <strong>L&#8217;inverno e\u0300 risultato il quarto piu\u0300 caldo degli ultimi 50 anni<\/strong> grazie al tepore di dicembre e fine gennaio (la merla e\u0300 stata la seconda piu\u0300 calda di sempre) e alle correnti meridionali che hanno portato abbondanti piogge in febbraio. La neve si e\u0300 fatta attendere a lungo anche in montagna, fino al 7 febbraio e in citta\u0300 fino al 5 marzo (10 cm a Varese).<\/p>\n<p>Ma poi c&#8217;\u00e8 stata anche la pioggia, che da queste parti \u00e8 diventata famosa soprattutto dopo il 2014 anno pi\u00f9 piovoso degli ultimi 50 anni, tanto da ispirare meme come questo:<\/p>\n<p><center><img decoding=\"async\" src=\"http:\/\/www.varesenews.it\/wp-content\/uploads\/2016\/12\/pioggia.jpg\" alt=\"meme Varese pioggia\" width=\"80%\" \/><\/center><\/p>\n<p>Il 2016, tuttavia, \u00e8 stato &#8220;solamente&#8221; il 14% in pi\u00f9 dell media con 1780mm di acqua caduta. I mesi che hanno pi\u00f9 contribuito alle piogge annuali del 2016 sono stati febbraio, maggio, giugno e novembre. Particolarmente asciutto dicembre. L&#8217;unico mese di dicembre pi\u00f9 secco fu nel 2002.<\/p>\n<p><img decoding=\"async\" src=\"http:\/\/www.varesenews.it\/wp-content\/uploads\/2016\/12\/pioggia_annuale.png\" width=\"100%\" alt=\"La pioggia a Varese, grafico storico\"><\/p>\n<p>Ma ecco il riassunto mese per mese tratto paro paro dal report climatico del<a href=\"http:\/\/www.astrogeo.va.it\/meteo.htm\" target=\"_blank\"> Centro geofisico Prealpino<\/a>.<\/p>\n<blockquote>\n<p id=\"men\u00f9\" style=\"text-align: center;\"><a href=\"#1\">Gennaio<\/a>,\u00a0<a href=\"#2\">Febbraio<\/a>,\u00a0<a href=\"#3\">Marzo<\/a>,<br \/>\n<a href=\"#4\">Aprile<\/a>,\u00a0<a href=\"#5\">Maggio<\/a>,\u00a0<a href=\"#6\">Giugno<\/a>,<br \/>\n<a href=\"#7\">Luglio<\/a>,\u00a0<a href=\"#8\">Agosto<\/a>,\u00a0<a href=\"#9\">Settembre<\/a>,<br \/>\n<a href=\"#10\">Ottobre<\/a>,\u00a0<a href=\"#11\">Novembre<\/a><\/p>\n<\/blockquote>\n<p id=\"1\"><strong>GENNAIO<\/strong>, dopo un Capodanno soleggiato, porta le prime deboli perturbazioni atlantiche associate al vortice sulle Isole Britanniche con transito di due deboli perturbazioni nei giorni 2 e 4. A Varese si registrano pochi mm di pioggia e 1 cm di neve il giorno 3. A Campo dei Fiori la neve raggiunge i 6 cm, ed e\u0300 la prima dell&#8217;inverno.<\/p>\n<div class=\"photo-inside-post\"><img decoding=\"async\" loading=\"lazy\" fetchpriority=\"low\" width=\"610\" height=\"431\" src=\"https:\/\/staging.varesenews.it\/photogallery_new\/images\/2016\/11\/angera-nella-pioggia-580849.610x431.jpg\" alt=\"Angera nella pioggia\"><\/div>\n<p><strong>FEBBRAIO<\/strong>: Numerosi passaggi di perturbazioni atlantiche che si alternano a giornate di bel tempo anticiclonico per tutto il mese portano ben 208 mm di pioggia, oltre due volte e mezza la media. La prima perturbazione nei giorni 2 e 3 e\u0300 seguita anche da un temporale con piccola grandine. La perturbazione dei giorni 6 e 7, accompagnata da correnti umide meridionali, porta piogge diffuse e neve abbondante sui monti oltre 1000 metri con paesaggio finalmente invernale. Altre perturbazioni si alternano fino al 25 con un breve periodo soleggiato dal 17 al 21.<\/p>\n<p id=\"2\">Infine il giorno 26 si prepara sull&#8217;Iberia una circolazione depressionaria di stampo quasi autunnale che attraversa l&#8217;Italia nei giorni 27 e 28 con piogge abbondanti (77 mm) accentuate dallo sbarramento di correnti sciroccali con limite neve in innalzamento da 800 m fino a 1500m. Il maltempo si attenua il giorno 29.<br \/>\nGrazie alle piogge del mese i livelli dei laghi salgono notevolmente. Varese fino 10 cm oltre lo zero idrometrico e il Verbano da 192.83 m slm di inizio mese fino a 193.26 m slm il giorno 29, oltre la soglia di magra di 192.99 m slm, scongiurando il rischio di una crisi idrica primaverile.<a href=\"#men\u00f9\">Torna su<\/a><\/p>\n<div class=\"photo-inside-post\"><img decoding=\"async\" loading=\"lazy\" fetchpriority=\"low\" width=\"610\" height=\"431\" src=\"https:\/\/staging.varesenews.it\/photogallery_new\/images\/2016\/11\/un-giorno-di-pioggia-580562.610x431.jpg\" alt=\"Un giorno di pioggia\"><\/div>\n<p id=\"3\"><strong>MARZO<\/strong>\u00a0quest&#8217;anno ha fatto registrare precipitazioni nella media, concentrate pero\u0300 nella nevicata del giorno 5. Il giorno 4 si avvicina infatti dalle Isole Britanniche una fredda circolazione depressionaria che transita sull&#8217;Europa centrale e richiama aria molto umida il giorno seguente con precipitazioni abbondanti (70 mm in 24h a Varese) accompagnate da alcuni tuoni ma soprattutto limite neve fino a 300m. La nevicata raggiunge cosi\u0300 tutto il Varesotto fino a Gallarate (lo spessore della neve arriva a 10 cm a Varese, 3 cm ad Arsago Seprio, 50 cm a Campo dei Fiori e 30 cm in Valganna).<br \/>\nLa giornata di Pasqua ( giorno 27) si presenta con spesse velature al mattino e cielo coperto dal pomeriggio ma si verifica solo qualche pioviggine in serata. Per S. Angelo invece una giornata grigia con deboli piogge. Zero termico in montagna ormai oltre 2000m.<a href=\"#men\u00f9\">Torna su<\/a><\/p>\n<div class=\"photo-inside-post\"><img decoding=\"async\" loading=\"lazy\" fetchpriority=\"low\" width=\"610\" height=\"431\" src=\"https:\/\/staging.varesenews.it\/photogallery_new\/images\/2016\/11\/un-giorno-di-pioggia-580564.610x431.jpg\" alt=\"Un giorno di pioggia\"><\/div>\n<p id=\"4\"><strong>APRILE<\/strong> ha fatto registrare temperature oltre la media, piazzandosi al terzo posto tra quelli piu\u0300 caldi. Poche le piogge, solo il 33% di quelle attese nel periodo. Nei primi cinque giorni del mese aria mite e molto umida meridionale e\u0300 sospinta sul Varesotto da basse pressioni sul Mediterraneo, con episodio di pioggia colorata da sabbia sahariana il giorno 3. Durante il mese si verificano numerosi rovesci e temporali ma di modesta entita\u0300, alternati alla presenza di alta pressione africana dal 10 al 12 e dal 18 al 22. Infine, negli ultimi giorni una depressione scesa dalla Scandinavia a Nord delle Alpi porta peggioramento piu\u0300 marcato con temporali il giorno 30 (16 mm a Varese) e neve che scende fino a 1200m.<a href=\"#men\u00f9\">Torna su<\/a><\/p>\n<div class=\"photo-inside-post\"><img decoding=\"async\" loading=\"lazy\" fetchpriority=\"low\" width=\"610\" height=\"431\" src=\"https:\/\/staging.varesenews.it\/photogallery_new\/images\/2016\/11\/avarie-577016.610x431.jpg\" alt=\"Avarie\"><\/div>\n<p id=\"5\"><strong>MAGGIO<\/strong>\u00a0ha fatto registrare pioggia abbondante, con un totale di 312 mm (di cui 97 mm il giorno 11), il 73% in piu\u0300 rispetto alla media, tuttavia ben lontana dai record di 520 mm del 2002. E&#8217; stata comunque sufficiente per riportare le piogge della primavera 2016 (467 mm) leggermente sopra la media, nonostante il mese di aprile piuttosto asciutto.<br \/>\nIl mese inizia con il transito di una depressione (goccia fredda) staccatasi dal vortice sulle Isole Britanniche che porta cieli coperti e piogge a Varese con l&#8217;ultima spolverata di neve al mattino presto a Campo dei Fiori. Neve fresca fino a 10-20 cm oltre 1500m, sul Monte Lema. Poi soleggiato dal giorno 2 al 7. Dal giorno 8 il tempo peggiora, per il progressivo avvicinamento di un vortice depressionario dal Portogallo con cieli coperti e deboli piogge il 9 e 10 mentre le piogge divengono continue e battenti il giorno 11 e si attenuano il 12 nel pomeriggio.<br \/>\nI massimi quantitativi di pioggia si sono registrati a Varese e non sul Nord della Provincia, poiche\u0301 e\u0300 mancato l&#8217;effetto di sbarramento delle correnti meridionali, che non sono state particolarmente intense. Tuttavia il giorno 23 una nuova perturbazione atlantica associata al vortice depressionario sulle Isole Britanniche attraversa il N-Italia con temporali (breve grandinata a Varese), piu\u0300 intensi sulla pianura padana con anche una tromba d&#8217;aria a Melegnano (MI).<br \/>\nAnche la fine del mese e\u0300 piovosa, a causa di un vortice depressionario che resta stazionario sull&#8217;Europa centrale con piogge continue sulla Francia (piena della Senna a Parigi) ma anche tempo variabile e perturbato sul N-Italia. Numerosi rovesci si verificano sul Varesotto il giorno 29 ma piove anche il 30 e 31.<a href=\"#men\u00f9\">Torna su<\/a><\/p>\n<div class=\"photo-inside-post\"><img decoding=\"async\" loading=\"lazy\" fetchpriority=\"low\" width=\"610\" height=\"431\" src=\"https:\/\/staging.varesenews.it\/photogallery_new\/images\/2016\/09\/sacro-monte-con-la-pioggia-foto-di-andrea-plebani-568886.610x431.jpg\" alt=\"Sacro Monte con la pioggia - foto di Andrea Plebani\"><\/div>\n<p id=\"6\"><strong>GIUGNO<\/strong>\u00a0e\u0300 stato fresco e temporalesco fino al 20, poi e\u0300 sopraggiuto il caldo estivo che ha portato la media del mese 0.7\u00b0C oltre le norme stagionali (1981-2010). La pioggia e\u0300 stata abbondante, 234.5 mm (di cui 84 mm il giorno 16 con onda di piena Olona ed esondazione Lario), il 62% in piu\u0300 rispetto alla media, tuttavia lontana dal record di 343 mm del 1992, posizionandosi solo all&#8217;ottavo posto tra i mesi di giugno piu\u0300 piovosi dal 1967.<br \/>\nNei primi giorni del mese una circolazione depressionaria sull&#8217;Europa centrale (allagamenti in Francia) mantiene tempo nuvoloso o variabile con un rovescio o breve pioggia anche a Varese tutti i giorni fino al 6 quando la pressione atmosferica risale grazie all&#8217;espansione di un&#8217;alta pressione dal Marocco attraverso la Spagna e fino alle Isole Britanniche. L&#8217;alta pressione tuttavia non si trasferisce ad Est verso la penisola italiana e le giornate fino al giorno 9 sono in parte soleggiate ma sempre instabili con rovesci e temporali serali (in particolare a Lecco il giorno 7 e ad Agrate- Vimercate il giorno 8).<br \/>\nUna &#8220;goccia fredda&#8221; valica le Alpi il giorno 12 innescando forti temporali (allagamento a Sarnico \u2013 BG).<br \/>\nNei giorni seguenti, l&#8217;allontanamento verso Est del minimo depressionario favorisce giornate soleggiate anche se instabili con frequenti temporali serali. Il giorno 12 i temporali interessano l&#8217;Oltrepo&#8217; e la bassa padana, il giorno 13 il basso Varesotto e le Orobie, il giorno 14 soprattutto Monza e Merate con nubifragio e allagamenti.<br \/>\nIl giorno 15 un&#8217;area depressionaria tra le isole Britanniche e l&#8217;Iberia sospinge una perturbazione atlantica verso l&#8217;Italia, sostenuta da correnti umide da SW e si verificano prime piogge e temporali (allagamenti Merate). Tuttavia il maggior maltempo si verifica il 16 con numerosi temporali e forti piogge. A Varese le precipitazioni raggiungono 84 mm nelle 24 ore e si verifica un&#8217;onda di piena del fiume Olona che sale fino 2,30 m di livello a Fagnano verso le ore 19 (limitate esondazioni alle Ceppine). Si verifica anche la fuoriuscita dell&#8217;Arnetta su A8 a Castronno. Il Lario esonda a Como e il Verbano sale fino a 195.15 m slm, sfiorando l&#8217;esondazione a Laveno. Il giorno 17 torna il sole al mattino ma proseguono forti temporali diffusi nel pomeriggio con raffiche di vento e alcune grandinate. Le correnti meridionali umide che portano temporali sulle Prealpi, si trasformano in vento di scirocco caldo che alimenta gli incendi in Sicilia.<br \/>\nIl 18 e 19 torna il sole ma sempre con instabilita\u0300 e rovesci o temporali serali (forte a Varese il 18 con grandine da 1 cm).<br \/>\nDal giorno 20 deciso cambiamento con espansione dell&#8217;anticiclone delle Azzorre e giornate soleggiate fino alla fine del mese, stabili e via via piu\u0300 calde con zero termico sulle Alpi oltre 4000m. Anche se il 25 si verificano ancora isolati ma forti temporali con alcune grandinate (chicchi da 3 cm a Lecco) sulle Prealpi. Altri forti temporali si verificano nella serata del 26 (Besozzo, Travedona, Cuasso, Arsago, Castellanza).<a href=\"#men\u00f9\">Torna su<\/a><\/p>\n<div class=\"photo-inside-post\"><img decoding=\"async\" loading=\"lazy\" fetchpriority=\"low\" width=\"610\" height=\"431\" src=\"https:\/\/staging.varesenews.it\/photogallery_new\/images\/2016\/09\/porto-ceresio-sotto-la-pioggia-567800.610x431.jpg\" alt=\"Porto Ceresio sotto la pioggia\"><\/div>\n<p id=\"7\"><strong>LUGLIO<\/strong>\u00a0Ben 9 giornate temporalesche interrompono i periodi di alta pressione limitando le ondate di calore. Piogge totali del 38% oltre la media. Una perturbazione il giorno 2 riesce a valicare le Alpi con alcuni temporali prefrontali al mattino sul Varesotto e successivamente in serata sul Milanese (intensi) e Brianza durante il passaggio del fronte freddo. Un&#8217;altra perturbazione tocca appena le Alpi il giorno 5 con solo qualche temporale in Canton Ticino e pochi rovesci altrove sulle Prealpi. L&#8217;anticiclone porta aria sempre piu\u0300 calda e afosa dal N-Africa e Mediterraneo occidentale con le massime che culminano il giorno 9 a 33.5\u00b0C a Varese.<br \/>\nIl dominio anticiclonico e\u0300 interrotto dai temporali innescati dall&#8217;avvicinamento di un fronte freddo di origine atlantica nei giorni 11 e 12. Il transito del fronte il giorno 13 porta altri temporali, seguiti da forte vento da Nord (127 km\/h a Campo dei Fiori, 77km\/h sul lago di Varese) e brusco calo delle temperature con neve sulle Alpi fino 2000m.<br \/>\nIl bel tempo si ristabilisce il giorno 14 con leggero vento da Nord e ultimi temporali pomeridiani sulle Orobie.<br \/>\nIl giorno 21 una nuova perturbazione atlantica raggiunge le Alpi con primi temporali in serata. I temporali si estenderanno alla pianura nella mattinata del 22, particolarmente forti nell&#8217;area di Malpensa con cielo scuro e piogge intense (57 mm di pioggia con allagamento piste e aeroporto fermo per un paio di ore).<br \/>\nIl giorno 26 nella notte un forte temporale interessa il basso Varesotto (Arsago) mentre in serata altri forti temporali si abbattono su Saronno e Nord-Verbano. Il 27 i temporali piu\u0300 forti interessano Sesto Calende e Vergiate verso le h10 mentre in serata transitano sulla pianura, portando localmente oltre 70 mm di pioggia.<br \/>\nI giorni 28, 29 e 30 sono piu\u0300 stabili, soleggiati e caldi, con rinforzo dell&#8217;anticiclone dal Mediterraneo all&#8217;Europa centrale ma il giorno 31 un fronte freddo in transito tra Francia e Germania inneschera\u0300 ancora forti temporali. L&#8217;ultimo giorno del mese e\u0300 molto nuvoloso con forti temporali diffusi dalle ore 5 alle 7 accompagnati da raffiche vento e forti piogge. Si registra la caduta di un albero e cornicione a Laveno. Il temporale si trasferisce successivamente verso Est con nubifragi a Dalmine che causano un&#8217;onda di piena del fiume Adda. Alle ore 10 un nuovo forte temporale interessa la zona di Saronno con 65 mm di pioggia a Lazzate e in serata il transito degli ultimi temporali seguiti da schiarite produce arcobaleni spettacolari.<a href=\"#men\u00f9\">Torna su<\/a><\/p>\n<div class=\"photo-inside-post\"><img decoding=\"async\" loading=\"lazy\" fetchpriority=\"low\" width=\"610\" height=\"431\" src=\"https:\/\/staging.varesenews.it\/photogallery_new\/images\/2016\/06\/pioggia-sulle-amministrative-543249.610x431.jpg\" alt=\"Pioggia sulle amministrative\"><\/div>\n<p id=\"8\"><strong>AGOSTO\u00a0<\/strong>Le piogge sono state al di sotto della media, quasi tutte concentrate nei forti temporali dei giorni 4 e 20.<br \/>\nNei primi tre giorni del mese le condizioni sono di bel tempo estivo con caldo gradevole, che tocca ancora i 30\u00b0C a Varese grazie all&#8217;anticiclone delle Azzorre. Il giorno 4 una perturbazione associata al vortice depressionario sulle Isole Britanniche transita sulla Francia e interessa in serata anche il Varesotto con forti temporali (a Varese 49 mm di pioggia tra le 21 e le 23) accompagnati da raffiche di vento. Diversi danni con black-out tra Laveno e Sesto Calende e strada Vergiate-Besozzo interrotta per caduta alberi.<br \/>\nDal giorno 6 al giorno 14 torna l&#8217;alta pressione sul Mediterraneo occidentale e sull&#8217;Europa con bel tempo estivo, salvo temporali isolati il giorno 9 (Valcuvia).<br \/>\nFerragosto quest&#8217;anno e\u0300 ancora una bella giornata ma l&#8217;anticiclone si indebolisce e torna l&#8217;instabilita\u0300 con alcuni rovesci serali lungo i rilievi.<br \/>\nLa formazione di una circolazione depressionaria sulle Baleari, rende l&#8217;atmosfera ancora piu\u0300 instabile il 16 con tempo perlopiu\u0300 soleggiato in giornata ma forte temporale in serata a Varano (abbondante grandinata), Ternate, Comabbio, Ispra, Besozzo. Le piogge piu\u0300 intense si verificano a Cavaria (35mm) ma anche a Ferno e Busto A. (28 mm).<br \/>\nNei giorni 17 e 18 tempo variabile per residua instabilita\u0300 in transito con qualche rovescio o breve temporale qua e la\u0300 (il 17 sulle Orobie, il 18 a Lodi, Valtellina e Saronno). Il giorno 19 si avvicina infine un&#8217;attiva perturbazione atlantica collegata ad un profondo vortice sulle Isole Britanniche. Il giorno 20 cieli coperti e forti rovesci, soprattutto dalle 9 alle 13 con allagamenti sull&#8217;A8 e presso l&#8217;Iper di Varese.<br \/>\nIl giorno 21 rasserenamento con poco vento da Nord. Inizia quindi un periodo di dominio anticiclonico e bel tempo stabile fino alla fine del mese.<a href=\"#men\u00f9\">Torna su<\/a><\/p>\n<div class=\"photo-inside-post\"><img decoding=\"async\" loading=\"lazy\" fetchpriority=\"low\" width=\"610\" height=\"431\" src=\"https:\/\/staging.varesenews.it\/photogallery_new\/images\/2016\/06\/pioggia-sulle-amministrative-543248.610x431.jpg\" alt=\"Pioggia sulle amministrative\"><\/div>\n<p id=\"9\"><strong>SETTEMBRE<\/strong>\u00a0Le piogge sono state solo il 68% della media, concentrate in soli 5 temporali (nei giorni 12, 15, 16, 17 e 21), ma sono state ancora piu\u0300 scarse sull&#8217;Ossola e Ticino che costituiscono il bacino imbrifero del Verbano che ha cosi\u0300 proseguito la sua fase di magra raggiungendo il minimo livello il giorno 16 a quota 192.70 m slm. Anche se il mese e\u0300 largamente dominato dalla presenza dell&#8217;anticiclone, una perturbazione atlantica, collegata con un vortice depressionario tra Francia e Spagna transita nei giorni 15 e 16 con cielo molto nuvoloso, piogge e temporali intermittenti. A Gallarate si verifica ancora una<br \/>\ngrandinata nel pomeriggio del giorno 16. Residua instabilita\u0300 permane anche nei giorni 17 e 18 con nuvolosita\u0300 variabile, clima fresco e ancora qualche pioggia o breve temporale.<br \/>\nIl 21 transita una seconda veloce perturbazione con forti piogge e temporali di primo mattino. Si registra un&#8217;abbondante grandinata a Laveno, un&#8217;onda di piena del fiume Olona fino a 200 cm a Castiglione, allagamenti presso l&#8217;Ipermercato (87 mm di pioggia tra le ore 3 e le ore 11 con punte di 15 mm in 10 minuti alle ore 5) e una frana a Gurone.<a href=\"#men\u00f9\">Torna su<\/a><\/p>\n<div class=\"photo-inside-post\"><img decoding=\"async\" loading=\"lazy\" fetchpriority=\"low\" width=\"610\" height=\"431\" src=\"https:\/\/staging.varesenews.it\/photogallery_new\/images\/2016\/05\/lumaca-pioggia-nicola-tucci-537481.610x431.jpg\" alt=\"lumaca pioggia nicola tucci\"><\/div>\n<p id=\"10\"><strong>OTTOBRE<\/strong>\u00a0e\u0300 stato un mese piu\u0300 fresco della media, in parte a causa della presenza nella prima decade di una circolazione depressionaria che si e\u0300 spostata dalla Russia verso l&#8217;Europa centrale e dove restera\u0300 stazionaria fino al giorno 11 mantenendo condizioni di tempo variabile e fresco per la stagione (minime fino 6-7 gradi) con piogge significative pero\u0300 solo il giorno 9 con spolverata di neve sul monte Generoso e ben 40 cm al passo dello Stelvio. Il giorno 11 una leggera spruzzata di neve arriva all&#8217;alba anche a Campo dei Fiori.<br \/>\nDopo una breve pausa anticiclonica e soleggiata il giorno 12 (con cieli sereni all&#8217;alba prime brinate sulle Brughiere e fondovalle), il giorno 12 si avvicina dall&#8217;Atlantico una circolazione depressionaria con minimo tra Francia e Iberia che sospingera\u0300 correnti molto umide ma piu\u0300 miti da SW verso la barriera alpina con formazione di nuvole e piogge da sbarramento che saranno localmente moderate nei giorni 14 e 15 (a Varese 79 mm) con qualche tuono e polvere sahariana. Il livello del Verbano sale di 40 cm, ponendo fine al lungo periodo di magra che perdurava da fine agosto.<br \/>\nAltre piogge giungono dal 23 al 26 a causa di una vasta circolazione depressionaria sul Portogallo. La provenienza meridionale delle masse d&#8217;aria sospingera\u0300 fino a 2500m il limite delle nevicate sulle Alpi.<br \/>\nIl giorno 26 il transito del fronte freddo conclude la fase di maltempo con qualche rovescio (grandine sciolta a Varese).<a href=\"#men\u00f9\">Torna su<\/a><\/p>\n<div class=\"photo-inside-post\"><img decoding=\"async\" loading=\"lazy\" fetchpriority=\"low\" width=\"610\" height=\"431\" src=\"https:\/\/staging.varesenews.it\/photogallery_new\/images\/2016\/03\/la-pioggia-di-marzo-foto-di-dino-dettori-527810.610x431.jpg\" alt=\"La pioggia di marzo - foto di Dino Dettori\"><\/div>\n<p id=\"11\"><strong>NOVEMBRE<\/strong>\u00a0quest&#8217;anno e\u0300 risultato 0.8\u00b0C piu\u0300 caldo della media del trentennio 1981-2010, a causa soprattutto delle tiepide correnti sciroccali che hanno soffiato dal 20 al 26, portando intense piogge da sbarramento che sono state del 67% superiori alla media. Piogge e temperature comunque sono rimaste lontane dai record del 2014, quando la temperatura media raggiunse 10\u00b0C e le piogge 657 mm.<br \/>\nAnche se alcune piogge sono arrivate con una perturbazione dal N-Europa il giorno 5, la maggior parte delle precipitazioni si registra a partire dal giorno 20, quando una saccatura depressionaria si allunga dalle Isole Britanniche verso il Portogallo e correnti in quota umide e miti raggiungono da SW lo sbarramento alpino. Si verifica una fase prolungata di maltempo autunnale. Le piogge sul Varesotto culminano il giorno 22 con 85 mm\/24h ma si prolungano fino al giorno 25 con un totale di 214 mm. Le precipitazioni risulteranno ben piu\u0300 abbondanti sul Piemonte con esondazione del Po a Torino e del fiume Tanaro nel Cuneese. Anche in Ossola si registrano quantitativi importanti (380 mm in Val Grande) che contribuiscono a fare aumentare di 140 cm il livello del Verbano. Il lago di Varese arriva a 55 cm sopra lo zero idrometrico. La neve cadra\u0300 abbondante sulle Alpi solo oltre i 2300 metri di quota (50-150 cm). E piogge cessano completamente il giorno 28.<a href=\"#men\u00f9\">Torna su<\/a><\/p>\n<div class=\"photo-inside-post\"><img decoding=\"async\" loading=\"lazy\" fetchpriority=\"low\" width=\"610\" height=\"431\" src=\"https:\/\/staging.varesenews.it\/photogallery_new\/images\/2016\/04\/la-pioggia-al-lido-di-gavirate-foto-di-ulisse-piana-531383.610x431.jpg\" alt=\"La pioggia al lido di Gavirate - foto di Ulisse Piana\"><\/div>\n","protected":false},"excerpt":{"rendered":"<p>Il 30 Novembre si e\u0300 chiuso l&#8217;anno meteorologico e come di consueto il Centro Geofisico Prealpino ha redatto il report puntuale sulla pioggia degli ultimi 365 giorni<\/p>\n","protected":false},"author":52,"featured_media":0,"comment_status":"open","ping_status":"open","sticky":false,"template":"","format":"standard","meta":{"footnotes":""},"categories":[4,3,5,2],"tags":[163,66604],"acf":[],"yoast_head":"<!-- This site is optimized with the Yoast SEO plugin v20.1 - https:\/\/yoast.com\/wordpress\/plugins\/seo\/ -->\n<title>A Varese piove sempre? Ecco come \u00e8 andata nel 2016<\/title>\n<meta name=\"description\" content=\"Il 30 Novembre si e\u0300 chiuso l&#039;anno meteorologico e come di consueto il Centro Geofisico Prealpino ha redatto il report puntuale sulla pioggia degli ultimi 365 giorni\" \/>\n<meta name=\"robots\" content=\"noindex, follow, max-snippet:-1, max-image-preview:large, max-video-preview:-1\" \/>\n<meta property=\"og:locale\" content=\"it_IT\" \/>\n<meta property=\"og:type\" content=\"article\" \/>\n<meta property=\"og:title\" content=\"A Varese piove sempre? Ecco come \u00e8 andata nel 2016\" \/>\n<meta property=\"og:description\" content=\"Il 30 Novembre si e\u0300 chiuso l&#039;anno meteorologico e come di consueto il Centro Geofisico Prealpino ha redatto il report puntuale sulla pioggia degli ultimi 365 giorni\" \/>\n<meta property=\"og:url\" content=\"https:\/\/staging.varesenews.it\/2016\/12\/a-varese-piove-sempre-ecco-come-e-andata-nel-2016\/581977\/\" \/>\n<meta property=\"og:site_name\" content=\"VareseNews\" \/>\n<meta property=\"article:publisher\" content=\"https:\/\/www.facebook.com\/varesenews\" \/>\n<meta property=\"article:published_time\" content=\"2016-12-30T10:15:12+00:00\" \/>\n<meta property=\"og:image\" content=\"http:\/\/www.varesenews.it\/wp-content\/uploads\/2016\/12\/pioggia.jpg\" \/>\n<meta name=\"author\" content=\"Tomaso Bassani\" \/>\n<meta name=\"twitter:card\" content=\"summary_large_image\" \/>\n<meta name=\"twitter:creator\" content=\"@varesenews\" \/>\n<meta name=\"twitter:site\" content=\"@varesenews\" \/>\n<meta name=\"twitter:label1\" content=\"Scritto da\" \/>\n\t<meta name=\"twitter:data1\" content=\"Tomaso Bassani\" \/>\n\t<meta name=\"twitter:label2\" content=\"Tempo di lettura stimato\" \/>\n\t<meta name=\"twitter:data2\" content=\"14 minuti\" \/>\n<script type=\"application\/ld+json\" class=\"yoast-schema-graph\">{\"@context\":\"https:\/\/schema.org\",\"@graph\":[{\"@type\":\"WebPage\",\"@id\":\"https:\/\/staging.varesenews.it\/2016\/12\/a-varese-piove-sempre-ecco-come-e-andata-nel-2016\/581977\/\",\"url\":\"https:\/\/staging.varesenews.it\/2016\/12\/a-varese-piove-sempre-ecco-come-e-andata-nel-2016\/581977\/\",\"name\":\"A Varese piove sempre? Ecco come \u00e8 andata nel 2016\",\"isPartOf\":{\"@id\":\"https:\/\/staging.varesenews.it\/#website\"},\"datePublished\":\"2016-12-30T10:15:12+00:00\",\"dateModified\":\"2016-12-30T10:15:12+00:00\",\"author\":{\"@id\":\"https:\/\/staging.varesenews.it\/#\/schema\/person\/f8cc543029c96c954a35c042e01892bb\"},\"description\":\"Il 30 Novembre si e\u0300 chiuso l'anno meteorologico e come di consueto il Centro Geofisico Prealpino ha redatto il report puntuale sulla pioggia degli ultimi 365 giorni\",\"breadcrumb\":{\"@id\":\"https:\/\/staging.varesenews.it\/2016\/12\/a-varese-piove-sempre-ecco-come-e-andata-nel-2016\/581977\/#breadcrumb\"},\"inLanguage\":\"it-IT\",\"potentialAction\":[{\"@type\":\"ReadAction\",\"target\":[\"https:\/\/staging.varesenews.it\/2016\/12\/a-varese-piove-sempre-ecco-come-e-andata-nel-2016\/581977\/\"]}]},{\"@type\":\"BreadcrumbList\",\"@id\":\"https:\/\/staging.varesenews.it\/2016\/12\/a-varese-piove-sempre-ecco-come-e-andata-nel-2016\/581977\/#breadcrumb\",\"itemListElement\":[{\"@type\":\"ListItem\",\"position\":1,\"name\":\"Home\",\"item\":\"https:\/\/www.varesenews.it\/\"},{\"@type\":\"ListItem\",\"position\":2,\"name\":\"A Varese piove sempre? Ecco come \u00e8 andata nel 2016\"}]},{\"@type\":\"WebSite\",\"@id\":\"https:\/\/staging.varesenews.it\/#website\",\"url\":\"https:\/\/staging.varesenews.it\/\",\"name\":\"VareseNews\",\"description\":\"\",\"potentialAction\":[{\"@type\":\"SearchAction\",\"target\":{\"@type\":\"EntryPoint\",\"urlTemplate\":\"https:\/\/staging.varesenews.it\/?s={search_term_string}\"},\"query-input\":\"required name=search_term_string\"}],\"inLanguage\":\"it-IT\"},{\"@type\":\"Person\",\"@id\":\"https:\/\/staging.varesenews.it\/#\/schema\/person\/f8cc543029c96c954a35c042e01892bb\",\"name\":\"Tomaso Bassani\",\"image\":{\"@type\":\"ImageObject\",\"inLanguage\":\"it-IT\",\"@id\":\"https:\/\/staging.varesenews.it\/#\/schema\/person\/image\/\",\"url\":\"https:\/\/staging.varesenews.it\/wp-content\/uploads\/2020\/12\/tomaso_bassani_colori_500.jpg\",\"contentUrl\":\"https:\/\/staging.varesenews.it\/wp-content\/uploads\/2020\/12\/tomaso_bassani_colori_500.jpg\",\"caption\":\"Tomaso Bassani\"},\"description\":\"Sono nato nel 1988 e questo ha fatto s&igrave; che la mia vita sia coincisa con l'epoca di pi&ugrave; grande e veloce cambiamento della storia. Sono giornalista e caporedattore di Varesenews. Ho un master in data analysis, una laurea in storia e una formazione superiore commerciale. Sono cresciuto tra scout, tavola a rotelle, impegno associativo (in quella grande esperienza giovanile che &egrave; stato l&rsquo;Albizzate Valley Festival) e cooperativo (Circolo The Family di Albizzate). Per passione mi occupo di dati, videomaking, fotografia, scrittura e web. Per lavoro anche.&nbsp;\",\"sameAs\":[\"tomasobassani\",\"https:\/\/www.linkedin.com\/profile\/view?id=102759293&trk=nav_responsive_tab_profile\"],\"url\":\"https:\/\/staging.varesenews.it\/persona\/tomaso-bassani\/\"}]}<\/script>\n<!-- \/ Yoast SEO plugin. -->","yoast_head_json":{"title":"A Varese piove sempre? Ecco come \u00e8 andata nel 2016","description":"Il 30 Novembre si e\u0300 chiuso l'anno meteorologico e come di consueto il Centro Geofisico Prealpino ha redatto il report puntuale sulla pioggia degli ultimi 365 giorni","robots":{"index":"noindex","follow":"follow","max-snippet":"max-snippet:-1","max-image-preview":"max-image-preview:large","max-video-preview":"max-video-preview:-1"},"og_locale":"it_IT","og_type":"article","og_title":"A Varese piove sempre? Ecco come \u00e8 andata nel 2016","og_description":"Il 30 Novembre si e\u0300 chiuso l'anno meteorologico e come di consueto il Centro Geofisico Prealpino ha redatto il report puntuale sulla pioggia degli ultimi 365 giorni","og_url":"https:\/\/staging.varesenews.it\/2016\/12\/a-varese-piove-sempre-ecco-come-e-andata-nel-2016\/581977\/","og_site_name":"VareseNews","article_publisher":"https:\/\/www.facebook.com\/varesenews","article_published_time":"2016-12-30T10:15:12+00:00","og_image":[{"url":"http:\/\/www.varesenews.it\/wp-content\/uploads\/2016\/12\/pioggia.jpg"}],"author":"Tomaso Bassani","twitter_card":"summary_large_image","twitter_creator":"@varesenews","twitter_site":"@varesenews","twitter_misc":{"Scritto da":"Tomaso Bassani","Tempo di lettura stimato":"14 minuti"},"schema":{"@context":"https:\/\/schema.org","@graph":[{"@type":"WebPage","@id":"https:\/\/staging.varesenews.it\/2016\/12\/a-varese-piove-sempre-ecco-come-e-andata-nel-2016\/581977\/","url":"https:\/\/staging.varesenews.it\/2016\/12\/a-varese-piove-sempre-ecco-come-e-andata-nel-2016\/581977\/","name":"A Varese piove sempre? Ecco come \u00e8 andata nel 2016","isPartOf":{"@id":"https:\/\/staging.varesenews.it\/#website"},"datePublished":"2016-12-30T10:15:12+00:00","dateModified":"2016-12-30T10:15:12+00:00","author":{"@id":"https:\/\/staging.varesenews.it\/#\/schema\/person\/f8cc543029c96c954a35c042e01892bb"},"description":"Il 30 Novembre si e\u0300 chiuso l'anno meteorologico e come di consueto il Centro Geofisico Prealpino ha redatto il report puntuale sulla pioggia degli ultimi 365 giorni","breadcrumb":{"@id":"https:\/\/staging.varesenews.it\/2016\/12\/a-varese-piove-sempre-ecco-come-e-andata-nel-2016\/581977\/#breadcrumb"},"inLanguage":"it-IT","potentialAction":[{"@type":"ReadAction","target":["https:\/\/staging.varesenews.it\/2016\/12\/a-varese-piove-sempre-ecco-come-e-andata-nel-2016\/581977\/"]}]},{"@type":"BreadcrumbList","@id":"https:\/\/staging.varesenews.it\/2016\/12\/a-varese-piove-sempre-ecco-come-e-andata-nel-2016\/581977\/#breadcrumb","itemListElement":[{"@type":"ListItem","position":1,"name":"Home","item":"https:\/\/www.varesenews.it\/"},{"@type":"ListItem","position":2,"name":"A Varese piove sempre? Ecco come \u00e8 andata nel 2016"}]},{"@type":"WebSite","@id":"https:\/\/staging.varesenews.it\/#website","url":"https:\/\/staging.varesenews.it\/","name":"VareseNews","description":"","potentialAction":[{"@type":"SearchAction","target":{"@type":"EntryPoint","urlTemplate":"https:\/\/staging.varesenews.it\/?s={search_term_string}"},"query-input":"required name=search_term_string"}],"inLanguage":"it-IT"},{"@type":"Person","@id":"https:\/\/staging.varesenews.it\/#\/schema\/person\/f8cc543029c96c954a35c042e01892bb","name":"Tomaso Bassani","image":{"@type":"ImageObject","inLanguage":"it-IT","@id":"https:\/\/staging.varesenews.it\/#\/schema\/person\/image\/","url":"https:\/\/staging.varesenews.it\/wp-content\/uploads\/2020\/12\/tomaso_bassani_colori_500.jpg","contentUrl":"https:\/\/staging.varesenews.it\/wp-content\/uploads\/2020\/12\/tomaso_bassani_colori_500.jpg","caption":"Tomaso Bassani"},"description":"Sono nato nel 1988 e questo ha fatto s&igrave; che la mia vita sia coincisa con l'epoca di pi&ugrave; grande e veloce cambiamento della storia. Sono giornalista e caporedattore di Varesenews. Ho un master in data analysis, una laurea in storia e una formazione superiore commerciale. Sono cresciuto tra scout, tavola a rotelle, impegno associativo (in quella grande esperienza giovanile che &egrave; stato l&rsquo;Albizzate Valley Festival) e cooperativo (Circolo The Family di Albizzate). Per passione mi occupo di dati, videomaking, fotografia, scrittura e web. Per lavoro anche.&nbsp;","sameAs":["tomasobassani","https:\/\/www.linkedin.com\/profile\/view?id=102759293&trk=nav_responsive_tab_profile"],"url":"https:\/\/staging.varesenews.it\/persona\/tomaso-bassani\/"}]}},"post_meta":{"_edit_lock":"1483093381:52","_edit_last":"52","_category_permalink":"","wdfb_og_title":"","wdfb_og_type":"","wdfb_og_description":"","wdfb_og_images":"a:1:{i:0;s:0:\"\";}","wdfb_og_custom_name":"a:1:{i:0;s:0:\"\";}","wdfb_og_custom_value":"a:1:{i:0;s:0:\"\";}","_jd_twitter":"","_jd_tweet_this":"yes","foto":"543251","firma_come_redazione":"1","argomento":"Provincia","ratings_users":"0","ratings_score":"0","ratings_average":"0","_wpt_short_url":"http:\/\/www.varesenews.it\/2016\/12\/a-varese-piove-sempre-ecco-come-e-andata-nel-2016\/581977\/","_wp_jd_target":"http:\/\/www.varesenews.it\/2016\/12\/a-varese-piove-sempre-ecco-come-e-andata-nel-2016\/581977\/","_jd_wp_twitter":"a:1:{i:0;s:159:\"A Varese piove sempre? Ecco come \u00e8 andata nel 2016 http:\/\/www.varesenews.it\/2016\/12\/a-varese-piove-sempre-ecco-come-e-andata-nel-2016\/581977\/ #reportclimatico\";}","_wpt_status_message":"Tweet inviato con successo.","id_leggi_anche":"582104"},"photos":[{"original":"https:\/\/staging.varesenews.it\/photogallery_new\/images\/2016\/06\/pioggia-sulle-amministrative-543251.jpg","full":"https:\/\/staging.varesenews.it\/photogallery_new\/images\/2016\/06\/pioggia-sulle-amministrative-543251.1024x768.jpg","large":"https:\/\/staging.varesenews.it\/photogallery_new\/images\/2016\/06\/pioggia-sulle-amministrative-543251.610x431.jpg"}],"_links":{"self":[{"href":"https:\/\/staging.varesenews.it\/swgapi\/v1\/wp\/v2\/posts\/581977"}],"collection":[{"href":"https:\/\/staging.varesenews.it\/swgapi\/v1\/wp\/v2\/posts"}],"about":[{"href":"https:\/\/staging.varesenews.it\/swgapi\/v1\/wp\/v2\/types\/post"}],"author":[{"embeddable":true,"href":"https:\/\/staging.varesenews.it\/swgapi\/v1\/wp\/v2\/users\/52"}],"replies":[{"embeddable":true,"href":"https:\/\/staging.varesenews.it\/swgapi\/v1\/wp\/v2\/comments?post=581977"}],"version-history":[{"count":0,"href":"https:\/\/staging.varesenews.it\/swgapi\/v1\/wp\/v2\/posts\/581977\/revisions"}],"wp:attachment":[{"href":"https:\/\/staging.varesenews.it\/swgapi\/v1\/wp\/v2\/media?parent=581977"}],"wp:term":[{"taxonomy":"category","embeddable":true,"href":"https:\/\/staging.varesenews.it\/swgapi\/v1\/wp\/v2\/categories?post=581977"},{"taxonomy":"post_tag","embeddable":true,"href":"https:\/\/staging.varesenews.it\/swgapi\/v1\/wp\/v2\/tags?post=581977"}],"curies":[{"name":"wp","href":"https:\/\/api.w.org\/{rel}","templated":true}]}}