{"id":582185,"date":"2016-12-30T15:33:44","date_gmt":"2016-12-30T14:33:44","guid":{"rendered":"http:\/\/www.varesenews.it\/?p=582185"},"modified":"2016-12-30T15:49:49","modified_gmt":"2016-12-30T14:49:49","slug":"i-soldi-per-le-stazioni-ci-sono","status":"publish","type":"post","link":"https:\/\/staging.varesenews.it\/2016\/12\/i-soldi-per-le-stazioni-ci-sono\/582185\/","title":{"rendered":"I soldi per le stazioni ci sono"},"content":{"rendered":"<p><strong>I soldi per le stazioni di Varese ci sono<\/strong>: sono classificati al comma 141 della legge di stabilit\u00e0, approvata definitivamente in Senato, nelle concitate ore del Dopo-Renzi. <strong>\u201cI soldi ci sono &#8211; osserva il sindaco Davide Galimberti &#8211;<\/strong> gli interventi saranno fatti\u201d.<\/p>\n<p>Gi\u00e0, ma<strong> quali interventi?<\/strong> In consiglio comunale \u00e8 stato votato un progetto preliminare che ha ricevuto delle critiche. Il sindaco per\u00f2 \u00e8 sereno. Nel suo ufficio, in clima di vacanza e con pochi collaboratori per la pausa festiva, parla soddisfatto della decisione, arrivata in extremis,\u00a0in estate, di partecipare al bando.<\/p>\n<p><strong>Il Governo Renzi aveva stanziato 500mila euro<\/strong>, poi ha aggiunto un secondo bando con cui i soldi, per tutta i capoluoghi italiani, sono diventati <strong>2 miliardi 100mila euro<\/strong>. Varese ha chiesto e ottenuto <strong>18 milioni di euro<\/strong>. Nel testo della legge si parla solo del bando complessivo periferie, ma la cifra \u00e9 quella.<\/p>\n<p><div class=\"photo-inside-post\"><img decoding=\"async\" loading=\"lazy\" fetchpriority=\"low\" width=\"610\" height=\"431\" src=\"https:\/\/staging.varesenews.it\/photogallery_new\/images\/2016\/12\/partita-la-richiesta-del-bando-per-le-stazioni-586714.610x431.jpg\" alt=\"Partita la richiesta del bando per le stazioni\"><\/div><br \/>\n(il comma della legge di stabilit\u00e0)<\/p>\n<p>Il sindaco, informalmente, ha anche ottenuto la certezza che nella griglia dei circa<strong> 120 progetti presentati<\/strong> c\u2019era quello di Varese, con tutti i soldi richiesti.<\/p>\n<p><strong>\u201cSiamo stati molto bravi e veloci a partecipare al bando<\/strong> &#8211; osserva Galimberti &#8211; ora abbiamo un progetto e una somma da stanziare\u201d. Gi\u00e0, il progetto, ma il primo cittadino\u00a0e la sua maggioranza intendono andare avanti con l\u2019idea della grande <strong>passerella pedonale<\/strong> tra le stazioni? (<strong>leggi<\/strong> il<a href=\"http:\/\/www.varesenews.it\/2016\/10\/il-comune-dice-si-ok-a-stazioni-e-park-sempione\/564060\/\"> dibattito<\/a>)<\/p>\n<p>\u201cSe vuoi collegare le due stazioni &#8211; ragiona il sindaco &#8211; quello \u00e8 l\u2019unico modo possibile\u201d. Ma Galimberti \u00e8 anche aperto ad altre soluzioni. non esclude che il progetto presentato ad agosto possa essere integrato o migliorato: \u201cMi fido dei progettisti, vedremo\u201d conclude.<\/p>\n<p>\u201cMa tutto questo non basta &#8211; aggiunge\u00a0&#8211; sono tante le cose, anche piccole, che lasceranno il segno. Le vedrete tutte a tempo debito.<strong> Il quando generale entro cui ci muoviamo \u00e8 quello del programma e della sua realizzazione.<\/strong> Quando dicevo che il nostro era un programma, fattibile e concreto, non mi sbagliavo. Il nostro orizzonte \u00e9 quello\u201d.<\/p>\n","protected":false},"excerpt":{"rendered":"<p>I 18 milioni richiesti sono stati inseriti in legge di stabilit\u00e0, il sindaco spiega come verranno utilizzati<\/p>\n","protected":false},"author":50,"featured_media":0,"comment_status":"open","ping_status":"open","sticky":false,"template":"","format":"standard","meta":{"footnotes":""},"categories":[2],"tags":[66613,3544],"acf":[],"yoast_head":"<!-- This site is optimized with the Yoast SEO plugin v20.1 - https:\/\/yoast.com\/wordpress\/plugins\/seo\/ -->\n<title>I soldi per le stazioni ci sono<\/title>\n<meta name=\"description\" content=\"I 18 milioni richiesti sono stati inseriti in legge di stabilit\u00e0, il sindaco spiega come verranno utilizzati\" \/>\n<meta name=\"robots\" content=\"noindex, follow, max-snippet:-1, max-image-preview:large, max-video-preview:-1\" \/>\n<meta property=\"og:locale\" content=\"it_IT\" \/>\n<meta property=\"og:type\" content=\"article\" \/>\n<meta property=\"og:title\" content=\"I soldi per le stazioni ci sono\" \/>\n<meta property=\"og:description\" content=\"I 18 milioni richiesti sono stati inseriti in legge di stabilit\u00e0, il sindaco spiega come verranno utilizzati\" \/>\n<meta property=\"og:url\" content=\"https:\/\/staging.varesenews.it\/2016\/12\/i-soldi-per-le-stazioni-ci-sono\/582185\/\" \/>\n<meta property=\"og:site_name\" content=\"VareseNews\" \/>\n<meta property=\"article:publisher\" content=\"https:\/\/www.facebook.com\/varesenews\" \/>\n<meta property=\"article:published_time\" content=\"2016-12-30T14:33:44+00:00\" \/>\n<meta property=\"article:modified_time\" content=\"2016-12-30T14:49:49+00:00\" \/>\n<meta name=\"author\" content=\"Roberto Rotondo\" \/>\n<meta name=\"twitter:card\" content=\"summary_large_image\" \/>\n<meta name=\"twitter:creator\" content=\"@robertorotondo\" \/>\n<meta name=\"twitter:site\" content=\"@varesenews\" \/>\n<meta name=\"twitter:label1\" content=\"Scritto da\" \/>\n\t<meta name=\"twitter:data1\" content=\"Roberto Rotondo\" \/>\n\t<meta name=\"twitter:label2\" content=\"Tempo di lettura stimato\" \/>\n\t<meta name=\"twitter:data2\" content=\"2 minuti\" \/>\n<script type=\"application\/ld+json\" class=\"yoast-schema-graph\">{\"@context\":\"https:\/\/schema.org\",\"@graph\":[{\"@type\":\"WebPage\",\"@id\":\"https:\/\/staging.varesenews.it\/2016\/12\/i-soldi-per-le-stazioni-ci-sono\/582185\/\",\"url\":\"https:\/\/staging.varesenews.it\/2016\/12\/i-soldi-per-le-stazioni-ci-sono\/582185\/\",\"name\":\"I soldi per le stazioni ci sono\",\"isPartOf\":{\"@id\":\"https:\/\/staging.varesenews.it\/#website\"},\"datePublished\":\"2016-12-30T14:33:44+00:00\",\"dateModified\":\"2016-12-30T14:49:49+00:00\",\"author\":{\"@id\":\"https:\/\/staging.varesenews.it\/#\/schema\/person\/bace96b9ce1b4905df659e51a83c17fe\"},\"description\":\"I 18 milioni richiesti sono stati inseriti in legge di stabilit\u00e0, il sindaco spiega come verranno utilizzati\",\"breadcrumb\":{\"@id\":\"https:\/\/staging.varesenews.it\/2016\/12\/i-soldi-per-le-stazioni-ci-sono\/582185\/#breadcrumb\"},\"inLanguage\":\"it-IT\",\"potentialAction\":[{\"@type\":\"ReadAction\",\"target\":[\"https:\/\/staging.varesenews.it\/2016\/12\/i-soldi-per-le-stazioni-ci-sono\/582185\/\"]}]},{\"@type\":\"BreadcrumbList\",\"@id\":\"https:\/\/staging.varesenews.it\/2016\/12\/i-soldi-per-le-stazioni-ci-sono\/582185\/#breadcrumb\",\"itemListElement\":[{\"@type\":\"ListItem\",\"position\":1,\"name\":\"Home\",\"item\":\"https:\/\/www.varesenews.it\/\"},{\"@type\":\"ListItem\",\"position\":2,\"name\":\"I soldi per le stazioni ci sono\"}]},{\"@type\":\"WebSite\",\"@id\":\"https:\/\/staging.varesenews.it\/#website\",\"url\":\"https:\/\/staging.varesenews.it\/\",\"name\":\"VareseNews\",\"description\":\"\",\"potentialAction\":[{\"@type\":\"SearchAction\",\"target\":{\"@type\":\"EntryPoint\",\"urlTemplate\":\"https:\/\/staging.varesenews.it\/?s={search_term_string}\"},\"query-input\":\"required name=search_term_string\"}],\"inLanguage\":\"it-IT\"},{\"@type\":\"Person\",\"@id\":\"https:\/\/staging.varesenews.it\/#\/schema\/person\/bace96b9ce1b4905df659e51a83c17fe\",\"name\":\"Roberto Rotondo\",\"image\":{\"@type\":\"ImageObject\",\"inLanguage\":\"it-IT\",\"@id\":\"https:\/\/staging.varesenews.it\/#\/schema\/person\/image\/\",\"url\":\"https:\/\/staging.varesenews.it\/wp-content\/uploads\/2015\/03\/10888676_10204734543537926_609787919772941341_n.jpg\",\"contentUrl\":\"https:\/\/staging.varesenews.it\/wp-content\/uploads\/2015\/03\/10888676_10204734543537926_609787919772941341_n.jpg\",\"caption\":\"Roberto Rotondo\"},\"description\":\"Nato a Varese nel 1972. Laureato in Storia alla Statale di Milano. A Varese News dal 1998. Ho iniziato a scrivere su riviste locali, poi sono entrato nel progetto di Varese News quando ancora era agli inizi. Nel frattempo mi sono occupato di ricerca storica e ho collaborato con un settimanale e un quotidiano della Svizzera italiana scrivendo di cronaca e politica. Mi sono preso una pausa da Varese nel 2004. Ho lavorato per alcuni anni a Milano all'agenzia di stampa Adnkronos, con qualche stage a Roma nei palazzi della politica. Lanci di agenzia e servizi tv multimediali erano tra i miei compiti. In quegli anni ho lavorato per alcune radio anche nazionali, Radio Capital su tutte, come corrispondente locale. Ho scritto anche per un settimanale di gossip, ma sempre cronaca nera. Ed eccomi qui. Dal 2007 lavoro anche per il Corriere della sera, di cui sono corrispondente. A Varesenews sono ormai uno dei senatori. Mi occupo di cronaca nera, giudiziaria e di politica e della cronaca cittadina di Varese.\",\"sameAs\":[\"robertorotondo\",\"https:\/\/twitter.com\/robertorotondo\"],\"url\":\"https:\/\/staging.varesenews.it\/persona\/roberto-rotondo\/\"}]}<\/script>\n<!-- \/ Yoast SEO plugin. -->","yoast_head_json":{"title":"I soldi per le stazioni ci sono","description":"I 18 milioni richiesti sono stati inseriti in legge di stabilit\u00e0, il sindaco spiega come verranno utilizzati","robots":{"index":"noindex","follow":"follow","max-snippet":"max-snippet:-1","max-image-preview":"max-image-preview:large","max-video-preview":"max-video-preview:-1"},"og_locale":"it_IT","og_type":"article","og_title":"I soldi per le stazioni ci sono","og_description":"I 18 milioni richiesti sono stati inseriti in legge di stabilit\u00e0, il sindaco spiega come verranno utilizzati","og_url":"https:\/\/staging.varesenews.it\/2016\/12\/i-soldi-per-le-stazioni-ci-sono\/582185\/","og_site_name":"VareseNews","article_publisher":"https:\/\/www.facebook.com\/varesenews","article_published_time":"2016-12-30T14:33:44+00:00","article_modified_time":"2016-12-30T14:49:49+00:00","author":"Roberto Rotondo","twitter_card":"summary_large_image","twitter_creator":"@robertorotondo","twitter_site":"@varesenews","twitter_misc":{"Scritto da":"Roberto Rotondo","Tempo di lettura stimato":"2 minuti"},"schema":{"@context":"https:\/\/schema.org","@graph":[{"@type":"WebPage","@id":"https:\/\/staging.varesenews.it\/2016\/12\/i-soldi-per-le-stazioni-ci-sono\/582185\/","url":"https:\/\/staging.varesenews.it\/2016\/12\/i-soldi-per-le-stazioni-ci-sono\/582185\/","name":"I soldi per le stazioni ci sono","isPartOf":{"@id":"https:\/\/staging.varesenews.it\/#website"},"datePublished":"2016-12-30T14:33:44+00:00","dateModified":"2016-12-30T14:49:49+00:00","author":{"@id":"https:\/\/staging.varesenews.it\/#\/schema\/person\/bace96b9ce1b4905df659e51a83c17fe"},"description":"I 18 milioni richiesti sono stati inseriti in legge di stabilit\u00e0, il sindaco spiega come verranno utilizzati","breadcrumb":{"@id":"https:\/\/staging.varesenews.it\/2016\/12\/i-soldi-per-le-stazioni-ci-sono\/582185\/#breadcrumb"},"inLanguage":"it-IT","potentialAction":[{"@type":"ReadAction","target":["https:\/\/staging.varesenews.it\/2016\/12\/i-soldi-per-le-stazioni-ci-sono\/582185\/"]}]},{"@type":"BreadcrumbList","@id":"https:\/\/staging.varesenews.it\/2016\/12\/i-soldi-per-le-stazioni-ci-sono\/582185\/#breadcrumb","itemListElement":[{"@type":"ListItem","position":1,"name":"Home","item":"https:\/\/www.varesenews.it\/"},{"@type":"ListItem","position":2,"name":"I soldi per le stazioni ci sono"}]},{"@type":"WebSite","@id":"https:\/\/staging.varesenews.it\/#website","url":"https:\/\/staging.varesenews.it\/","name":"VareseNews","description":"","potentialAction":[{"@type":"SearchAction","target":{"@type":"EntryPoint","urlTemplate":"https:\/\/staging.varesenews.it\/?s={search_term_string}"},"query-input":"required name=search_term_string"}],"inLanguage":"it-IT"},{"@type":"Person","@id":"https:\/\/staging.varesenews.it\/#\/schema\/person\/bace96b9ce1b4905df659e51a83c17fe","name":"Roberto Rotondo","image":{"@type":"ImageObject","inLanguage":"it-IT","@id":"https:\/\/staging.varesenews.it\/#\/schema\/person\/image\/","url":"https:\/\/staging.varesenews.it\/wp-content\/uploads\/2015\/03\/10888676_10204734543537926_609787919772941341_n.jpg","contentUrl":"https:\/\/staging.varesenews.it\/wp-content\/uploads\/2015\/03\/10888676_10204734543537926_609787919772941341_n.jpg","caption":"Roberto Rotondo"},"description":"Nato a Varese nel 1972. Laureato in Storia alla Statale di Milano. A Varese News dal 1998. Ho iniziato a scrivere su riviste locali, poi sono entrato nel progetto di Varese News quando ancora era agli inizi. Nel frattempo mi sono occupato di ricerca storica e ho collaborato con un settimanale e un quotidiano della Svizzera italiana scrivendo di cronaca e politica. Mi sono preso una pausa da Varese nel 2004. Ho lavorato per alcuni anni a Milano all'agenzia di stampa Adnkronos, con qualche stage a Roma nei palazzi della politica. Lanci di agenzia e servizi tv multimediali erano tra i miei compiti. In quegli anni ho lavorato per alcune radio anche nazionali, Radio Capital su tutte, come corrispondente locale. Ho scritto anche per un settimanale di gossip, ma sempre cronaca nera. Ed eccomi qui. Dal 2007 lavoro anche per il Corriere della sera, di cui sono corrispondente. A Varesenews sono ormai uno dei senatori. Mi occupo di cronaca nera, giudiziaria e di politica e della cronaca cittadina di Varese.","sameAs":["robertorotondo","https:\/\/twitter.com\/robertorotondo"],"url":"https:\/\/staging.varesenews.it\/persona\/roberto-rotondo\/"}]}},"post_meta":{"_edit_lock":"1483114472:50","_edit_last":"50","_category_permalink":"","wdfb_og_title":"","wdfb_og_type":"","wdfb_og_description":"","wdfb_og_images":"a:1:{i:0;s:0:\"\";}","wdfb_og_custom_name":"a:1:{i:0;s:0:\"\";}","wdfb_og_custom_value":"a:1:{i:0;s:0:\"\";}","_jd_twitter":"","_jd_tweet_this":"yes","ratings_users":"0","ratings_score":"0","ratings_average":"0","id_leggi_anche":"546372,583328","foto":"560621","id_link_fotogallery":"548156","_wpt_short_url":"http:\/\/www.varesenews.it\/2016\/12\/i-soldi-per-le-stazioni-ci-sono\/582185\/","_wp_jd_target":"http:\/\/www.varesenews.it\/2016\/12\/i-soldi-per-le-stazioni-ci-sono\/582185\/","_jd_wp_twitter":"a:1:{i:0;s:130:\"I soldi per le stazioni ci sono http:\/\/www.varesenews.it\/2016\/12\/i-soldi-per-le-stazioni-ci-sono\/582185\/ #bandoperiferie #stazioni\";}","_wpt_status_message":"Tweet inviato con successo.","argomento":"Varese"},"photos":[{"original":"https:\/\/staging.varesenews.it\/photogallery_new\/images\/2016\/08\/nuova-stazione-varese-560621.jpg","full":"https:\/\/staging.varesenews.it\/photogallery_new\/images\/2016\/08\/nuova-stazione-varese-560621.1024x768.jpg","large":"https:\/\/staging.varesenews.it\/photogallery_new\/images\/2016\/08\/nuova-stazione-varese-560621.610x431.jpg"}],"_links":{"self":[{"href":"https:\/\/staging.varesenews.it\/swgapi\/v1\/wp\/v2\/posts\/582185"}],"collection":[{"href":"https:\/\/staging.varesenews.it\/swgapi\/v1\/wp\/v2\/posts"}],"about":[{"href":"https:\/\/staging.varesenews.it\/swgapi\/v1\/wp\/v2\/types\/post"}],"author":[{"embeddable":true,"href":"https:\/\/staging.varesenews.it\/swgapi\/v1\/wp\/v2\/users\/50"}],"replies":[{"embeddable":true,"href":"https:\/\/staging.varesenews.it\/swgapi\/v1\/wp\/v2\/comments?post=582185"}],"version-history":[{"count":0,"href":"https:\/\/staging.varesenews.it\/swgapi\/v1\/wp\/v2\/posts\/582185\/revisions"}],"wp:attachment":[{"href":"https:\/\/staging.varesenews.it\/swgapi\/v1\/wp\/v2\/media?parent=582185"}],"wp:term":[{"taxonomy":"category","embeddable":true,"href":"https:\/\/staging.varesenews.it\/swgapi\/v1\/wp\/v2\/categories?post=582185"},{"taxonomy":"post_tag","embeddable":true,"href":"https:\/\/staging.varesenews.it\/swgapi\/v1\/wp\/v2\/tags?post=582185"}],"curies":[{"name":"wp","href":"https:\/\/api.w.org\/{rel}","templated":true}]}}