{"id":582434,"date":"2017-01-02T15:56:35","date_gmt":"2017-01-02T14:56:35","guid":{"rendered":"http:\/\/www.varesenews.it\/?p=582434"},"modified":"2017-01-02T15:56:35","modified_gmt":"2017-01-02T14:56:35","slug":"botti-a-capodanno-laria-diventa-irrespirabile","status":"publish","type":"post","link":"https:\/\/staging.varesenews.it\/2017\/01\/botti-a-capodanno-laria-diventa-irrespirabile\/582434\/","title":{"rendered":"Botti a capodanno, l&#8217;aria diventa irrespirabile"},"content":{"rendered":"<p>Puntuale, come ogni anno, anche il 2017 \u00e8 iniziato con un&#8217;aria irrespirabile. Lo rilevano le centraline di Arpa che il 1\u00b0 gennaio hanno registrato livelli ben oltre i limiti di guardia in gran parte della regione e il motivo \u00e8 abbastanza semplice: i fuochi d&#8217;artificio.<\/p>\n<p>Arpa ogni anno invita infatti a limitare l&#8217;utilizzo di botti, fontane e razzi dal momento che il loro impatto sull&#8217;atmosfera \u00e8 sempre molto pesante e anche quest&#8217;anno la previsione dell&#8217;agenzia si \u00e8 rivelata -purtroppo- corretta. Maglia nera \u00e8 <strong>Busto Arsizio<\/strong> che ha raggiunto una concentrazione di PM10 di 115\u00a0\u00b5g\/m\u00b3 (quando il limite \u00e8 di 50) facendo quindi classificare la sua aria come pessima. Risultato pressoch\u00e9 identico \u00e8 quello di\u00a0<strong>Gallarate<\/strong> che si \u00e8 fermata\u00a0a 114 mentre la performance migliore \u00e8 quella di <strong>Varese<\/strong>, citt\u00e0 in cui gli inquinanti hanno raggiunto una concentrazione di 62 microgrammi per metro cubo.<\/p>\n<p>La situazione peggiore \u00e8 quella che si \u00e8 creata nel milanese con\u00a0<strong>Milano<\/strong>\u00a0che ha raggiunto una media di 137\u00a0\u00b5g\/m\u00b3 ma \u00e8 nell&#8217;hinterland che le concentrazioni sono schizzate alle stelle. A Limito di Pioltello (nella\u00a0zona di Segrate) la concentrazione il 1\u00b0 gennaio ha toccato addirittura i 191\u00a0microgrammi. Ecco la mappa di quel giorno. <div class=\"photo-inside-post\"><img decoding=\"async\" loading=\"lazy\" fetchpriority=\"low\" width=\"610\" height=\"431\" src=\"https:\/\/staging.varesenews.it\/photogallery_new\/images\/2017\/01\/avarie-586895.610x431.jpg\" alt=\"qualit\u00e0 dell'aria 2017\"><\/div><\/p>\n<p>Gi\u00e0 dal\u00a02 gennaio le concentrazioni sono sensibilmente ridotte in tutta la regione, segno del fatto che le raccomandazioni di Arpa sono corrette. \u00abL\u2019andamento dei valori orari di PM10 evidenzia ogni anno un incremento delle concentrazioni durante le ore notturne, con un picco dalla mezzanotte alle primissime ore del mattino del primo giorno dell\u2019anno\u00bb aveva spiegato il presidente di Arpa, Bruno Simini.<\/p>\n<p>\u00abE\u2019 vero che si tratta di un innalzamento repentino e limitato nel tempo -analizza Simini- e che, tendenzialmente, i livelli ritornano a valori meno preoccupanti nei giorni successivi\u00a0ma un comportamento consapevole pu\u00f2 evitare di aprire l\u2019anno con il primo giorno di sforamento sui 35 consentiti dalla normativa europea\u00bb. <strong>Ma anche per quest&#8217;anno, se ne riparler\u00e0 per il 2018.<\/strong><\/p>\n","protected":false},"excerpt":{"rendered":"<p>La notte di capodanno le concentrazioni di inquinanti sono schizzate alle stelle, come preannunciato da Arpa. Ecco tutti i dati<\/p>\n","protected":false},"author":42,"featured_media":0,"comment_status":"open","ping_status":"open","sticky":false,"template":"","format":"standard","meta":{"footnotes":""},"categories":[4,3,7,5,2],"tags":[1627,3012,613],"acf":[],"yoast_head":"<!-- This site is optimized with the Yoast SEO plugin v20.1 - https:\/\/yoast.com\/wordpress\/plugins\/seo\/ -->\n<title>Botti a capodanno, l&#039;aria diventa irrespirabile<\/title>\n<meta name=\"description\" content=\"La notte di capodanno le concentrazioni di inquinanti sono schizzate alle stelle, come preannunciato da Arpa. Ecco tutti i dati\" \/>\n<meta name=\"robots\" content=\"noindex, follow, max-snippet:-1, max-image-preview:large, max-video-preview:-1\" \/>\n<meta property=\"og:locale\" content=\"it_IT\" \/>\n<meta property=\"og:type\" content=\"article\" \/>\n<meta property=\"og:title\" content=\"Botti a capodanno, l&#039;aria diventa irrespirabile\" \/>\n<meta property=\"og:description\" content=\"La notte di capodanno le concentrazioni di inquinanti sono schizzate alle stelle, come preannunciato da Arpa. Ecco tutti i dati\" \/>\n<meta property=\"og:url\" content=\"https:\/\/staging.varesenews.it\/2017\/01\/botti-a-capodanno-laria-diventa-irrespirabile\/582434\/\" \/>\n<meta property=\"og:site_name\" content=\"VareseNews\" \/>\n<meta property=\"article:publisher\" content=\"https:\/\/www.facebook.com\/varesenews\" \/>\n<meta property=\"article:published_time\" content=\"2017-01-02T14:56:35+00:00\" \/>\n<meta name=\"author\" content=\"Marco Corso\" \/>\n<meta name=\"twitter:card\" content=\"summary_large_image\" \/>\n<meta name=\"twitter:creator\" content=\"@varesenews\" \/>\n<meta name=\"twitter:site\" content=\"@varesenews\" \/>\n<meta name=\"twitter:label1\" content=\"Scritto da\" \/>\n\t<meta name=\"twitter:data1\" content=\"Marco Corso\" \/>\n\t<meta name=\"twitter:label2\" content=\"Tempo di lettura stimato\" \/>\n\t<meta name=\"twitter:data2\" content=\"2 minuti\" \/>\n<script type=\"application\/ld+json\" class=\"yoast-schema-graph\">{\"@context\":\"https:\/\/schema.org\",\"@graph\":[{\"@type\":\"WebPage\",\"@id\":\"https:\/\/staging.varesenews.it\/2017\/01\/botti-a-capodanno-laria-diventa-irrespirabile\/582434\/\",\"url\":\"https:\/\/staging.varesenews.it\/2017\/01\/botti-a-capodanno-laria-diventa-irrespirabile\/582434\/\",\"name\":\"Botti a capodanno, l'aria diventa irrespirabile\",\"isPartOf\":{\"@id\":\"https:\/\/staging.varesenews.it\/#website\"},\"datePublished\":\"2017-01-02T14:56:35+00:00\",\"dateModified\":\"2017-01-02T14:56:35+00:00\",\"author\":{\"@id\":\"https:\/\/staging.varesenews.it\/#\/schema\/person\/f0b866bf1a4a7b2b1558574309a927fa\"},\"description\":\"La notte di capodanno le concentrazioni di inquinanti sono schizzate alle stelle, come preannunciato da Arpa. Ecco tutti i dati\",\"breadcrumb\":{\"@id\":\"https:\/\/staging.varesenews.it\/2017\/01\/botti-a-capodanno-laria-diventa-irrespirabile\/582434\/#breadcrumb\"},\"inLanguage\":\"it-IT\",\"potentialAction\":[{\"@type\":\"ReadAction\",\"target\":[\"https:\/\/staging.varesenews.it\/2017\/01\/botti-a-capodanno-laria-diventa-irrespirabile\/582434\/\"]}]},{\"@type\":\"BreadcrumbList\",\"@id\":\"https:\/\/staging.varesenews.it\/2017\/01\/botti-a-capodanno-laria-diventa-irrespirabile\/582434\/#breadcrumb\",\"itemListElement\":[{\"@type\":\"ListItem\",\"position\":1,\"name\":\"Home\",\"item\":\"https:\/\/www.varesenews.it\/\"},{\"@type\":\"ListItem\",\"position\":2,\"name\":\"Botti a capodanno, l&#8217;aria diventa irrespirabile\"}]},{\"@type\":\"WebSite\",\"@id\":\"https:\/\/staging.varesenews.it\/#website\",\"url\":\"https:\/\/staging.varesenews.it\/\",\"name\":\"VareseNews\",\"description\":\"\",\"potentialAction\":[{\"@type\":\"SearchAction\",\"target\":{\"@type\":\"EntryPoint\",\"urlTemplate\":\"https:\/\/staging.varesenews.it\/?s={search_term_string}\"},\"query-input\":\"required name=search_term_string\"}],\"inLanguage\":\"it-IT\"},{\"@type\":\"Person\",\"@id\":\"https:\/\/staging.varesenews.it\/#\/schema\/person\/f0b866bf1a4a7b2b1558574309a927fa\",\"name\":\"Marco Corso\",\"image\":{\"@type\":\"ImageObject\",\"inLanguage\":\"it-IT\",\"@id\":\"https:\/\/staging.varesenews.it\/#\/schema\/person\/image\/\",\"url\":\"https:\/\/staging.varesenews.it\/wp-content\/uploads\/2020\/12\/marco_corso_colori_500.jpg\",\"contentUrl\":\"https:\/\/staging.varesenews.it\/wp-content\/uploads\/2020\/12\/marco_corso_colori_500.jpg\",\"caption\":\"Marco Corso\"},\"description\":\"Classe 91, per diversi anni mi sono fregiato del titolo di pi&ugrave; giovane della redazione, ma adesso faccio il fratello maggiore alle nuove leve. Mi sono laureato nel 2013 in Scienze Sociali per la Globalizzazione alla Statale di Milano e nel 2015 mi sono diplomato in videogiornalismo alla Civica Scuola di Cinema di Milano. A VareseNews da 10 anni, ho seguito da sempre diversi progetti, partendo dalla mia Busto Arsizio per attraversare tutta la provincia. Adesso la \\\"sorvolo\\\" anche con il mio drone, regalando alle mie riprese sempre un punto di vista emozionale e narrativo sui luoghi e le vicende che racconto, ma rimanendo fedele alla cronaca. Quando non faccio il giornalista viaggio o mi arrampico sui monti, per guardare il mondo da altri punti di vista.\",\"sameAs\":[\"mar_corso\"],\"url\":\"https:\/\/staging.varesenews.it\/persona\/marco-corso1\/\"}]}<\/script>\n<!-- \/ Yoast SEO plugin. -->","yoast_head_json":{"title":"Botti a capodanno, l'aria diventa irrespirabile","description":"La notte di capodanno le concentrazioni di inquinanti sono schizzate alle stelle, come preannunciato da Arpa. Ecco tutti i dati","robots":{"index":"noindex","follow":"follow","max-snippet":"max-snippet:-1","max-image-preview":"max-image-preview:large","max-video-preview":"max-video-preview:-1"},"og_locale":"it_IT","og_type":"article","og_title":"Botti a capodanno, l'aria diventa irrespirabile","og_description":"La notte di capodanno le concentrazioni di inquinanti sono schizzate alle stelle, come preannunciato da Arpa. Ecco tutti i dati","og_url":"https:\/\/staging.varesenews.it\/2017\/01\/botti-a-capodanno-laria-diventa-irrespirabile\/582434\/","og_site_name":"VareseNews","article_publisher":"https:\/\/www.facebook.com\/varesenews","article_published_time":"2017-01-02T14:56:35+00:00","author":"Marco Corso","twitter_card":"summary_large_image","twitter_creator":"@varesenews","twitter_site":"@varesenews","twitter_misc":{"Scritto da":"Marco Corso","Tempo di lettura stimato":"2 minuti"},"schema":{"@context":"https:\/\/schema.org","@graph":[{"@type":"WebPage","@id":"https:\/\/staging.varesenews.it\/2017\/01\/botti-a-capodanno-laria-diventa-irrespirabile\/582434\/","url":"https:\/\/staging.varesenews.it\/2017\/01\/botti-a-capodanno-laria-diventa-irrespirabile\/582434\/","name":"Botti a capodanno, l'aria diventa irrespirabile","isPartOf":{"@id":"https:\/\/staging.varesenews.it\/#website"},"datePublished":"2017-01-02T14:56:35+00:00","dateModified":"2017-01-02T14:56:35+00:00","author":{"@id":"https:\/\/staging.varesenews.it\/#\/schema\/person\/f0b866bf1a4a7b2b1558574309a927fa"},"description":"La notte di capodanno le concentrazioni di inquinanti sono schizzate alle stelle, come preannunciato da Arpa. Ecco tutti i dati","breadcrumb":{"@id":"https:\/\/staging.varesenews.it\/2017\/01\/botti-a-capodanno-laria-diventa-irrespirabile\/582434\/#breadcrumb"},"inLanguage":"it-IT","potentialAction":[{"@type":"ReadAction","target":["https:\/\/staging.varesenews.it\/2017\/01\/botti-a-capodanno-laria-diventa-irrespirabile\/582434\/"]}]},{"@type":"BreadcrumbList","@id":"https:\/\/staging.varesenews.it\/2017\/01\/botti-a-capodanno-laria-diventa-irrespirabile\/582434\/#breadcrumb","itemListElement":[{"@type":"ListItem","position":1,"name":"Home","item":"https:\/\/www.varesenews.it\/"},{"@type":"ListItem","position":2,"name":"Botti a capodanno, l&#8217;aria diventa irrespirabile"}]},{"@type":"WebSite","@id":"https:\/\/staging.varesenews.it\/#website","url":"https:\/\/staging.varesenews.it\/","name":"VareseNews","description":"","potentialAction":[{"@type":"SearchAction","target":{"@type":"EntryPoint","urlTemplate":"https:\/\/staging.varesenews.it\/?s={search_term_string}"},"query-input":"required name=search_term_string"}],"inLanguage":"it-IT"},{"@type":"Person","@id":"https:\/\/staging.varesenews.it\/#\/schema\/person\/f0b866bf1a4a7b2b1558574309a927fa","name":"Marco Corso","image":{"@type":"ImageObject","inLanguage":"it-IT","@id":"https:\/\/staging.varesenews.it\/#\/schema\/person\/image\/","url":"https:\/\/staging.varesenews.it\/wp-content\/uploads\/2020\/12\/marco_corso_colori_500.jpg","contentUrl":"https:\/\/staging.varesenews.it\/wp-content\/uploads\/2020\/12\/marco_corso_colori_500.jpg","caption":"Marco Corso"},"description":"Classe 91, per diversi anni mi sono fregiato del titolo di pi&ugrave; giovane della redazione, ma adesso faccio il fratello maggiore alle nuove leve. Mi sono laureato nel 2013 in Scienze Sociali per la Globalizzazione alla Statale di Milano e nel 2015 mi sono diplomato in videogiornalismo alla Civica Scuola di Cinema di Milano. A VareseNews da 10 anni, ho seguito da sempre diversi progetti, partendo dalla mia Busto Arsizio per attraversare tutta la provincia. Adesso la \"sorvolo\" anche con il mio drone, regalando alle mie riprese sempre un punto di vista emozionale e narrativo sui luoghi e le vicende che racconto, ma rimanendo fedele alla cronaca. Quando non faccio il giornalista viaggio o mi arrampico sui monti, per guardare il mondo da altri punti di vista.","sameAs":["mar_corso"],"url":"https:\/\/staging.varesenews.it\/persona\/marco-corso1\/"}]}},"post_meta":{"_edit_lock":"1483373082:42","_edit_last":"42","_category_permalink":"","wdfb_og_title":"","wdfb_og_type":"","wdfb_og_description":"","wdfb_og_images":"a:1:{i:0;s:0:\"\";}","wdfb_og_custom_name":"a:1:{i:0;s:0:\"\";}","wdfb_og_custom_value":"a:1:{i:0;s:0:\"\";}","foto":"556490","argomento":"Aria","_jd_twitter":"","_jd_tweet_this":"yes","id_leggi_anche":"582197","firma-personalizzata":"mar.co.","ratings_users":"0","ratings_score":"0","ratings_average":"0","_yoast_wpseo_focuskw":"capodanno","_wpt_short_url":"http:\/\/www.varesenews.it\/2017\/01\/botti-a-capodanno-laria-diventa-irrespirabile\/582434\/","_wp_jd_target":"http:\/\/www.varesenews.it\/2017\/01\/botti-a-capodanno-laria-diventa-irrespirabile\/582434\/","_jd_wp_twitter":"a:1:{i:0;s:162:\"Botti a capodanno, l'aria diventa irrespirabile http:\/\/www.varesenews.it\/2017\/01\/botti-a-capodanno-laria-diventa-irrespirabile\/582434\/ #arpa #comuni #inquinamento\";}","_wpt_status_message":"Tweet inviato con successo.","_yoast_wpseo_linkdex":"68"},"photos":[{"original":"https:\/\/staging.varesenews.it\/photogallery_new\/images\/2016\/08\/fuochi-di-sant-eusebio-556490.jpg","full":"https:\/\/staging.varesenews.it\/photogallery_new\/images\/2016\/08\/fuochi-di-sant-eusebio-556490.1024x768.jpg","large":"https:\/\/staging.varesenews.it\/photogallery_new\/images\/2016\/08\/fuochi-di-sant-eusebio-556490.610x431.jpg"}],"_links":{"self":[{"href":"https:\/\/staging.varesenews.it\/swgapi\/v1\/wp\/v2\/posts\/582434"}],"collection":[{"href":"https:\/\/staging.varesenews.it\/swgapi\/v1\/wp\/v2\/posts"}],"about":[{"href":"https:\/\/staging.varesenews.it\/swgapi\/v1\/wp\/v2\/types\/post"}],"author":[{"embeddable":true,"href":"https:\/\/staging.varesenews.it\/swgapi\/v1\/wp\/v2\/users\/42"}],"replies":[{"embeddable":true,"href":"https:\/\/staging.varesenews.it\/swgapi\/v1\/wp\/v2\/comments?post=582434"}],"version-history":[{"count":0,"href":"https:\/\/staging.varesenews.it\/swgapi\/v1\/wp\/v2\/posts\/582434\/revisions"}],"wp:attachment":[{"href":"https:\/\/staging.varesenews.it\/swgapi\/v1\/wp\/v2\/media?parent=582434"}],"wp:term":[{"taxonomy":"category","embeddable":true,"href":"https:\/\/staging.varesenews.it\/swgapi\/v1\/wp\/v2\/categories?post=582434"},{"taxonomy":"post_tag","embeddable":true,"href":"https:\/\/staging.varesenews.it\/swgapi\/v1\/wp\/v2\/tags?post=582434"}],"curies":[{"name":"wp","href":"https:\/\/api.w.org\/{rel}","templated":true}]}}