{"id":582748,"date":"2017-01-03T18:56:29","date_gmt":"2017-01-03T17:56:29","guid":{"rendered":"http:\/\/www.varesenews.it\/?p=582748"},"modified":"2017-01-03T18:56:29","modified_gmt":"2017-01-03T17:56:29","slug":"per-la-openjobmetis-ce-subito-la-coppa","status":"publish","type":"post","link":"https:\/\/staging.varesenews.it\/2017\/01\/per-la-openjobmetis-ce-subito-la-coppa\/582748\/","title":{"rendered":"Per la Openjobmetis c&#8217;\u00e8 subito la Coppa"},"content":{"rendered":"<p>\u00c8 <strong>senza respiro<\/strong> la prima parte di 2017 per la Openjobmetis, e non solo perch\u00e9 la squadra di Attilio Caja appare <strong>in apnea nelle classifiche di campionato e coppa<\/strong>. Il calendario combinato prevede infatti di giocare <strong>4 partite in 10 giorni:<\/strong> tante per chiunque, tantissime per una formazione che continua a denotare limiti tecnici, atletici e caratteriali come \u00e8 emerso anche a Cremona.<\/p>\n<p>Purtroppo per\u00f2, i programmi non si possono cambiare e quindi <strong>alle 20,30 di mercoled\u00ec 4<\/strong> i biancorossi saranno regolarmente sul parquet di Masnago per affrontare<strong> i lettoni del Ventspils<\/strong> nell&#8217;11\u00b0 turno di Basketball Champions League.<\/p>\n<p>Coppa che coach Caja <strong>non vuole prendere sottogamba<\/strong> ma che costringer\u00e0 l&#8217;allenatore pavese a fare scelte per evitare di tirare il collo ai suoi giocatori, specie quelli alle prese con evidenti fatiche fisiche e acciacchi. Il nuovo tecnico, alla ricerca del primo successo in biancorosso dal suo ritorno a Masnago, <strong>ha fatto capire<\/strong> nel dopo gara di Cremona di voler <strong>provare\u00a0qualche assetto e qualche situazione differente<\/strong> nella gara contro il Ventspils, andando cos\u00ec alla ricerca di una affidabilit\u00e0 che fino a questo momento non \u00e8 stata garantita da Cavaliero e compagni. E chiss\u00e0 <strong>che la sfuriata<\/strong> (<a title=\"Lo sfogo di Caja: \u00abAndate a giocare in Cina!\u00bb\" href=\"http:\/\/www.varesenews.it\/2017\/01\/lo-sfogo-di-caja-andate-a-giocare-in-cina\/582692\/\">QUI l&#8217;audio<\/a>) nei confronti dei giocatori nello spogliatoio del PalaRadi non riesca a toccare le corde dell&#8217;orgoglio dei vari Maynor, Eyenga, Johnson e compagnia palleggiante.<\/p>\n<p>Dall&#8217;altra parte del campo, la Openjobmetis trover\u00e0 un <strong>Ventspils in piena corsa per qualificarsi<\/strong> alla seconda fase di Champions: i gialloblu sono quarti a pari merito con il Paok, all&#8217;andata hanno sculacciato per bene Varese e vogliono un&#8217;altra vittoria per avvicinare l&#8217;obiettivo secondo turno. Una meta gi\u00e0 sfumata per i biancorossi che per\u00f2 potrebbero ancora <strong>ambire al sesto posto e al ripescaggio in Fiba Europe Cup<\/strong>, anche se questa possibilit\u00e0 appare difficile e &#8211; tutto sommato &#8211; di secondo piano rispetto alla <strong>necessit\u00e0 di risollevarsi in Serie A<\/strong>, almeno in questo momento.<\/p>\n<p>Tra i baltici<strong> non ci sar\u00e0 pi\u00f9<\/strong> uno dei due ex presenti all&#8217;andata, <strong>Rihards Kuksiks,<\/strong> che non ha convinto pi\u00f9 di tanto ed \u00e8 stato rilasciato dal club lettone. Ben fisso in quintetto<strong> invece Willie Deane<\/strong>, playmaker che curiosamente lasci\u00f2 Varese proprio all&#8217;arrivo di Caja, due anni fa, e venne sostituito da quell&#8217;Eric <strong>Maynor che in questo momento \u00e8 nell&#8217;occhio del ciclone<\/strong> (i tifosi lo hanno contestato palesemente la PalaRadi) per le sue prestazioni.<\/p>\n<p><strong>LA DIRETTA<\/strong> &#8211; Il match del PalA2A sar\u00e0 raccontata <strong>in diretta da VareseNews<\/strong> attraverso il consueto liveblog attivo fin dal marted\u00ec sera con la infografica sulle statistiche, alcune notizie di servizio e con il sondaggio prepartita al quale tutti possono partecipare. Per intervenire nel racconto della partita invece, si potr\u00e0 scrivere nello spazio commenti o usare gli hashtag <strong>#eurovarese e #direttavn<\/strong> su Twitter e Instagram. Il liveblog \u00e8 gi\u00e0 disponibile <a href=\"http:\/\/live.varesenews.it\/Event\/BasketballCL_Openjobmetis_Varese_-_Bk_Ventspils\" target=\"_blank\"><strong>CLICCANDO QUI<\/strong><\/a>.<\/p>\n","protected":false},"excerpt":{"rendered":"<p>Mercoled\u00ec 4 (ore 20,30) i biancorossi sfideranno a Masnago i lettoni del Ventspils. Baltici in corsa per la seconda fase, Varese cerca serenit\u00e0<\/p>\n","protected":false},"author":38,"featured_media":0,"comment_status":"open","ping_status":"open","sticky":false,"template":"","format":"standard","meta":{"footnotes":""},"categories":[14],"tags":[153,62495,154],"acf":[],"yoast_head":"<!-- This site is optimized with the Yoast SEO plugin v20.1 - https:\/\/yoast.com\/wordpress\/plugins\/seo\/ -->\n<title>Per la Openjobmetis c&#039;\u00e8 subito la Coppa<\/title>\n<meta name=\"description\" content=\"Mercoled\u00ec 4 (ore 20,30) i biancorossi sfideranno a Masnago i lettoni del Ventspils. Baltici in corsa per la seconda fase, Varese cerca serenit\u00e0\" \/>\n<meta name=\"robots\" content=\"noindex, follow, max-snippet:-1, max-image-preview:large, max-video-preview:-1\" \/>\n<meta property=\"og:locale\" content=\"it_IT\" \/>\n<meta property=\"og:type\" content=\"article\" \/>\n<meta property=\"og:title\" content=\"Per la Openjobmetis c&#039;\u00e8 subito la Coppa\" \/>\n<meta property=\"og:description\" content=\"Mercoled\u00ec 4 (ore 20,30) i biancorossi sfideranno a Masnago i lettoni del Ventspils. Baltici in corsa per la seconda fase, Varese cerca serenit\u00e0\" \/>\n<meta property=\"og:url\" content=\"https:\/\/staging.varesenews.it\/2017\/01\/per-la-openjobmetis-ce-subito-la-coppa\/582748\/\" \/>\n<meta property=\"og:site_name\" content=\"VareseNews\" \/>\n<meta property=\"article:publisher\" content=\"https:\/\/www.facebook.com\/varesenews\" \/>\n<meta property=\"article:published_time\" content=\"2017-01-03T17:56:29+00:00\" \/>\n<meta name=\"author\" content=\"Damiano Franzetti\" \/>\n<meta name=\"twitter:card\" content=\"summary_large_image\" \/>\n<meta name=\"twitter:creator\" content=\"@damianofranz\" \/>\n<meta name=\"twitter:site\" content=\"@varesenews\" \/>\n<meta name=\"twitter:label1\" content=\"Scritto da\" \/>\n\t<meta name=\"twitter:data1\" content=\"Damiano Franzetti\" \/>\n\t<meta name=\"twitter:label2\" content=\"Tempo di lettura stimato\" \/>\n\t<meta name=\"twitter:data2\" content=\"2 minuti\" \/>\n<script type=\"application\/ld+json\" class=\"yoast-schema-graph\">{\"@context\":\"https:\/\/schema.org\",\"@graph\":[{\"@type\":\"WebPage\",\"@id\":\"https:\/\/staging.varesenews.it\/2017\/01\/per-la-openjobmetis-ce-subito-la-coppa\/582748\/\",\"url\":\"https:\/\/staging.varesenews.it\/2017\/01\/per-la-openjobmetis-ce-subito-la-coppa\/582748\/\",\"name\":\"Per la Openjobmetis c'\u00e8 subito la Coppa\",\"isPartOf\":{\"@id\":\"https:\/\/staging.varesenews.it\/#website\"},\"datePublished\":\"2017-01-03T17:56:29+00:00\",\"dateModified\":\"2017-01-03T17:56:29+00:00\",\"author\":{\"@id\":\"https:\/\/staging.varesenews.it\/#\/schema\/person\/709ae3769f6b4dbde8ec332baede8a5b\"},\"description\":\"Mercoled\u00ec 4 (ore 20,30) i biancorossi sfideranno a Masnago i lettoni del Ventspils. Baltici in corsa per la seconda fase, Varese cerca serenit\u00e0\",\"breadcrumb\":{\"@id\":\"https:\/\/staging.varesenews.it\/2017\/01\/per-la-openjobmetis-ce-subito-la-coppa\/582748\/#breadcrumb\"},\"inLanguage\":\"it-IT\",\"potentialAction\":[{\"@type\":\"ReadAction\",\"target\":[\"https:\/\/staging.varesenews.it\/2017\/01\/per-la-openjobmetis-ce-subito-la-coppa\/582748\/\"]}]},{\"@type\":\"BreadcrumbList\",\"@id\":\"https:\/\/staging.varesenews.it\/2017\/01\/per-la-openjobmetis-ce-subito-la-coppa\/582748\/#breadcrumb\",\"itemListElement\":[{\"@type\":\"ListItem\",\"position\":1,\"name\":\"Home\",\"item\":\"https:\/\/www.varesenews.it\/\"},{\"@type\":\"ListItem\",\"position\":2,\"name\":\"Per la Openjobmetis c&#8217;\u00e8 subito la Coppa\"}]},{\"@type\":\"WebSite\",\"@id\":\"https:\/\/staging.varesenews.it\/#website\",\"url\":\"https:\/\/staging.varesenews.it\/\",\"name\":\"VareseNews\",\"description\":\"\",\"potentialAction\":[{\"@type\":\"SearchAction\",\"target\":{\"@type\":\"EntryPoint\",\"urlTemplate\":\"https:\/\/staging.varesenews.it\/?s={search_term_string}\"},\"query-input\":\"required name=search_term_string\"}],\"inLanguage\":\"it-IT\"},{\"@type\":\"Person\",\"@id\":\"https:\/\/staging.varesenews.it\/#\/schema\/person\/709ae3769f6b4dbde8ec332baede8a5b\",\"name\":\"Damiano Franzetti\",\"image\":{\"@type\":\"ImageObject\",\"inLanguage\":\"it-IT\",\"@id\":\"https:\/\/staging.varesenews.it\/#\/schema\/person\/image\/\",\"url\":\"https:\/\/staging.varesenews.it\/wp-content\/uploads\/2020\/12\/damiano_franzetti_colori_500.jpg\",\"contentUrl\":\"https:\/\/staging.varesenews.it\/wp-content\/uploads\/2020\/12\/damiano_franzetti_colori_500.jpg\",\"caption\":\"Damiano Franzetti\"},\"description\":\"Classe 1976, una laurea (nel cassetto) in scienze e tecnologie alimentari; sono giornalista professionista dal 2009 nato e cresciuto con VareseNews dove mi occupo soprattutto di sport ormai da vent&rsquo;anni. Inviato sui campi (sulle piste, sulle strade...), intervistatore, coordinatore e responsabile delle pagine sportive, mi ritaglio volentieri lo spazio per scrivere di birra sul blog Malto Gradimento. Ho seguito innumerevoli campionati di Serie A di basket, di serie B di calcio, due Mondiali di ciclismo, qualche Giro d&rsquo;;Italia e tanto altro ancora. Collaboro con Tuttosport e altre testate, mi diletto di social. Ho una moglie, un figlio, vivo nella mia Gemonio e ho purtroppo smesso con il basket giocato. &nbsp;\",\"sameAs\":[\"damianofranz\",\"https:\/\/www.linkedin.com\/profile\/view?id=241597124&trk=nav_responsive_tab_profile\",\"https:\/\/twitter.com\/damianofranz\"],\"url\":\"https:\/\/staging.varesenews.it\/persona\/damiano_franzetti-2\/\"}]}<\/script>\n<!-- \/ Yoast SEO plugin. -->","yoast_head_json":{"title":"Per la Openjobmetis c'\u00e8 subito la Coppa","description":"Mercoled\u00ec 4 (ore 20,30) i biancorossi sfideranno a Masnago i lettoni del Ventspils. Baltici in corsa per la seconda fase, Varese cerca serenit\u00e0","robots":{"index":"noindex","follow":"follow","max-snippet":"max-snippet:-1","max-image-preview":"max-image-preview:large","max-video-preview":"max-video-preview:-1"},"og_locale":"it_IT","og_type":"article","og_title":"Per la Openjobmetis c'\u00e8 subito la Coppa","og_description":"Mercoled\u00ec 4 (ore 20,30) i biancorossi sfideranno a Masnago i lettoni del Ventspils. Baltici in corsa per la seconda fase, Varese cerca serenit\u00e0","og_url":"https:\/\/staging.varesenews.it\/2017\/01\/per-la-openjobmetis-ce-subito-la-coppa\/582748\/","og_site_name":"VareseNews","article_publisher":"https:\/\/www.facebook.com\/varesenews","article_published_time":"2017-01-03T17:56:29+00:00","author":"Damiano Franzetti","twitter_card":"summary_large_image","twitter_creator":"@damianofranz","twitter_site":"@varesenews","twitter_misc":{"Scritto da":"Damiano Franzetti","Tempo di lettura stimato":"2 minuti"},"schema":{"@context":"https:\/\/schema.org","@graph":[{"@type":"WebPage","@id":"https:\/\/staging.varesenews.it\/2017\/01\/per-la-openjobmetis-ce-subito-la-coppa\/582748\/","url":"https:\/\/staging.varesenews.it\/2017\/01\/per-la-openjobmetis-ce-subito-la-coppa\/582748\/","name":"Per la Openjobmetis c'\u00e8 subito la Coppa","isPartOf":{"@id":"https:\/\/staging.varesenews.it\/#website"},"datePublished":"2017-01-03T17:56:29+00:00","dateModified":"2017-01-03T17:56:29+00:00","author":{"@id":"https:\/\/staging.varesenews.it\/#\/schema\/person\/709ae3769f6b4dbde8ec332baede8a5b"},"description":"Mercoled\u00ec 4 (ore 20,30) i biancorossi sfideranno a Masnago i lettoni del Ventspils. Baltici in corsa per la seconda fase, Varese cerca serenit\u00e0","breadcrumb":{"@id":"https:\/\/staging.varesenews.it\/2017\/01\/per-la-openjobmetis-ce-subito-la-coppa\/582748\/#breadcrumb"},"inLanguage":"it-IT","potentialAction":[{"@type":"ReadAction","target":["https:\/\/staging.varesenews.it\/2017\/01\/per-la-openjobmetis-ce-subito-la-coppa\/582748\/"]}]},{"@type":"BreadcrumbList","@id":"https:\/\/staging.varesenews.it\/2017\/01\/per-la-openjobmetis-ce-subito-la-coppa\/582748\/#breadcrumb","itemListElement":[{"@type":"ListItem","position":1,"name":"Home","item":"https:\/\/www.varesenews.it\/"},{"@type":"ListItem","position":2,"name":"Per la Openjobmetis c&#8217;\u00e8 subito la Coppa"}]},{"@type":"WebSite","@id":"https:\/\/staging.varesenews.it\/#website","url":"https:\/\/staging.varesenews.it\/","name":"VareseNews","description":"","potentialAction":[{"@type":"SearchAction","target":{"@type":"EntryPoint","urlTemplate":"https:\/\/staging.varesenews.it\/?s={search_term_string}"},"query-input":"required name=search_term_string"}],"inLanguage":"it-IT"},{"@type":"Person","@id":"https:\/\/staging.varesenews.it\/#\/schema\/person\/709ae3769f6b4dbde8ec332baede8a5b","name":"Damiano Franzetti","image":{"@type":"ImageObject","inLanguage":"it-IT","@id":"https:\/\/staging.varesenews.it\/#\/schema\/person\/image\/","url":"https:\/\/staging.varesenews.it\/wp-content\/uploads\/2020\/12\/damiano_franzetti_colori_500.jpg","contentUrl":"https:\/\/staging.varesenews.it\/wp-content\/uploads\/2020\/12\/damiano_franzetti_colori_500.jpg","caption":"Damiano Franzetti"},"description":"Classe 1976, una laurea (nel cassetto) in scienze e tecnologie alimentari; sono giornalista professionista dal 2009 nato e cresciuto con VareseNews dove mi occupo soprattutto di sport ormai da vent&rsquo;anni. Inviato sui campi (sulle piste, sulle strade...), intervistatore, coordinatore e responsabile delle pagine sportive, mi ritaglio volentieri lo spazio per scrivere di birra sul blog Malto Gradimento. Ho seguito innumerevoli campionati di Serie A di basket, di serie B di calcio, due Mondiali di ciclismo, qualche Giro d&rsquo;;Italia e tanto altro ancora. Collaboro con Tuttosport e altre testate, mi diletto di social. Ho una moglie, un figlio, vivo nella mia Gemonio e ho purtroppo smesso con il basket giocato. &nbsp;","sameAs":["damianofranz","https:\/\/www.linkedin.com\/profile\/view?id=241597124&trk=nav_responsive_tab_profile","https:\/\/twitter.com\/damianofranz"],"url":"https:\/\/staging.varesenews.it\/persona\/damiano_franzetti-2\/"}]}},"post_meta":{"_edit_lock":"1483466107:38","_edit_last":"38","_category_permalink":"","wdfb_og_title":"","wdfb_og_type":"","wdfb_og_description":"","wdfb_og_images":"a:1:{i:0;s:0:\"\";}","wdfb_og_custom_name":"a:1:{i:0;s:0:\"\";}","wdfb_og_custom_value":"a:1:{i:0;s:0:\"\";}","foto":"582043","argomento":"Basket","_jd_twitter":"","_jd_tweet_this":"yes","id_leggi_anche":"582692,582546,582939","ratings_users":"0","ratings_score":"0","ratings_average":"0","_wpt_short_url":"http:\/\/www.varesenews.it\/2017\/01\/per-la-openjobmetis-ce-subito-la-coppa\/582748\/","_wp_jd_target":"http:\/\/www.varesenews.it\/2017\/01\/per-la-openjobmetis-ce-subito-la-coppa\/582748\/","_jd_wp_twitter":"a:1:{i:0;s:128:\"Per la Openjobmetis c'\u00e8 subito la Coppa http:\/\/www.varesenews.it\/2017\/01\/per-la-openjobmetis-ce-subito-la-coppa\/582748\/ #basket\";}","_wpt_status_message":"Tweet inviato con successo."},"photos":[{"original":"https:\/\/staging.varesenews.it\/photogallery_new\/images\/2016\/11\/caricamento-temporaneo-per-contributo-ln8tncbacj-582043.jpg","full":"https:\/\/staging.varesenews.it\/photogallery_new\/images\/2016\/11\/caricamento-temporaneo-per-contributo-ln8tncbacj-582043.1024x768.jpg","large":"https:\/\/staging.varesenews.it\/photogallery_new\/images\/2016\/11\/caricamento-temporaneo-per-contributo-ln8tncbacj-582043.610x431.jpg"}],"_links":{"self":[{"href":"https:\/\/staging.varesenews.it\/swgapi\/v1\/wp\/v2\/posts\/582748"}],"collection":[{"href":"https:\/\/staging.varesenews.it\/swgapi\/v1\/wp\/v2\/posts"}],"about":[{"href":"https:\/\/staging.varesenews.it\/swgapi\/v1\/wp\/v2\/types\/post"}],"author":[{"embeddable":true,"href":"https:\/\/staging.varesenews.it\/swgapi\/v1\/wp\/v2\/users\/38"}],"replies":[{"embeddable":true,"href":"https:\/\/staging.varesenews.it\/swgapi\/v1\/wp\/v2\/comments?post=582748"}],"version-history":[{"count":0,"href":"https:\/\/staging.varesenews.it\/swgapi\/v1\/wp\/v2\/posts\/582748\/revisions"}],"wp:attachment":[{"href":"https:\/\/staging.varesenews.it\/swgapi\/v1\/wp\/v2\/media?parent=582748"}],"wp:term":[{"taxonomy":"category","embeddable":true,"href":"https:\/\/staging.varesenews.it\/swgapi\/v1\/wp\/v2\/categories?post=582748"},{"taxonomy":"post_tag","embeddable":true,"href":"https:\/\/staging.varesenews.it\/swgapi\/v1\/wp\/v2\/tags?post=582748"}],"curies":[{"name":"wp","href":"https:\/\/api.w.org\/{rel}","templated":true}]}}