{"id":583344,"date":"2017-01-06T18:49:39","date_gmt":"2017-01-06T17:49:39","guid":{"rendered":"http:\/\/www.varesenews.it\/?p=583344"},"modified":"2017-01-06T18:54:07","modified_gmt":"2017-01-06T17:54:07","slug":"vorrei-tornare-a-busto-arsizio","status":"publish","type":"post","link":"https:\/\/staging.varesenews.it\/2017\/01\/vorrei-tornare-a-busto-arsizio\/583344\/","title":{"rendered":"Vorrei tornare a Busto Arsizio"},"content":{"rendered":"<p>&#8220;Ed \u00e8 vero che non c\u2019\u00e8 mai quasi nulla da fare, per\u00f2 per me sei bella lo stesso, mi piaci lo stesso cos\u00ec&#8221;.<\/p>\n<p>Il soggetto \u00e8 una citt\u00e0, la sua citt\u00e0: Busto Arsizio. A cantarla \u00e8 Susino Regolando e la canzone sta gi\u00e0 girando su YouTube da alcune ore.<\/p>\n<p>Dopo tanti spazi in cui si critica, questo \u00e8 un inno ai luoghi e alle abitudini della vita in provincia.<\/p>\n<p><strong>LA CANZONE<\/strong><br \/>\n<iframe loading=\"lazy\" src=\"https:\/\/www.youtube.com\/embed\/nFRlMxbbbbs\" width=\"600\" height=\"320\" frameborder=\"0\" allowfullscreen=\"allowfullscreen\"><\/iframe><\/p>\n<p><strong>IL TESTO INTEGRALE<\/strong><\/p>\n<p>Vorrei tornare a Busto Arsizio a vivere un po\u2019,<br \/>\ntra la nebbia ed il pav\u00e9 del centro,<br \/>\ne quanta gente che dice \u201cprima o poi me ne andr\u00f2\u201d,<br \/>\nma alla fine si ritrova chiusa qui dentro.<br \/>\nVorrei tornare a Busto Arsizio a vivere un po\u2019,<br \/>\npasseggiare nei miei gioved\u00ec sera estivi,<br \/>\ncon i negozi aperti io non ti tradir\u00f2,<br \/>\ncome il tempo in cui ci sentivamo ancora vivi.<\/p>\n<p>Ed \u00e8 vero che non c\u2019\u00e8 mai quasi nulla da fare,<br \/>\nPer\u00f2 per me sei bella lo stesso, mi piaci lo stesso cos\u00ec.<\/p>\n<p>E mi ricordo le serate in Santa, i kebab da Mos\u00e8 ed il gelato al Koki,<br \/>\nI motorini davanti al Colombo, le risse al Mc Donald, gin tonic al B Bar.<br \/>\nA studiare sempre in biblioteca, ma solamente in quella vecchia,<br \/>\nChe in quella nuova poi la gente parla e non c\u2019\u00e8 la macchinetta del caff\u00e8.<\/p>\n<p>Vorrei tornare a Busto Arsizio a vivere un po\u2019,<br \/>\nle domeniche in tribuna allo stadio Speroni,<br \/>\nper tifare la Pro Patria sempre ci sar\u00f2,<br \/>\nogni fine settimana un bel film al Manzoni.<br \/>\nVorrei tornare a Busto Arsizio a vivere un po\u2019,<br \/>\ngrigliate al Parco Alto Milanese,<br \/>\nTra Beata a Borsano quanti amici avr\u00f2,<br \/>\ncaramelle in oratorio io non bado a spese.<\/p>\n<p>E ancora non ci credo che ha chiuso il Blockbuster,<br \/>\nE hanno spostato la piazza Tre Culi, no non sar\u00e0 mai pi\u00f9 di li.<\/p>\n<p>E mi ricordo le serate in Santa, i kebab da Mos\u00e9 ed il gelato al Koki,<br \/>\nI motorini davanti al Colombo, le risse al Mc Donald, gin tonic al B Bar.<br \/>\nA studiare sempre in biblioteca, ma solamente in quella vecchia,<br \/>\nChe in quella nuova poi la gente parla e non c\u2019\u00e8 la macchinetta del caff\u00e8.<\/p>\n<p>Il Tarlisu, la Bumbasina, tu resti sempre la stessa,<br \/>\nin piazza San Giovanni a Natale per la messa,<br \/>\nIl Buzzi e il Ghiringhelli qui non ci sono pi\u00f9,<br \/>\nMa uno sbagliato al Cortiletto devi prenderlo anche tu,<br \/>\nsi uno sbagliato al Cortiletto devi prenderlo anche tu.<\/p>\n<p>E mi ricordo le serate in Santa, i kebab da Mos\u00e9 ed il gelato al Koki,<br \/>\nI motorini davanti al Colombo, le risse al Mc Donald, gin tonic al B Bar.<br \/>\nA studiare sempre in biblioteca, ma solamente in quella vecchia,<br \/>\nChe in quella nuova poi la gente parla e non c\u2019\u00e8 la macchinetta del caff\u00e8.<\/p>\n<p>E quanti treni presi per Cadorna, tutte le settimane dalla stazione Nord,<br \/>\ncon le strade buie grigie e fredde, in un inverno che sembra non passare pi\u00f9.<br \/>\nPer quelle volte che ti lascio sola e che mi allontano giusto un po\u2019,<br \/>\nTe lo prometto che ritorno presto perch\u00e9 per me ci sei soltanto tu.<\/p>\n","protected":false},"excerpt":{"rendered":"<p>Susino Regolando regala un inno alla sua citt\u00e0. I luoghi, le abitudini &#8220;ed \u00e8 vero che non c\u2019\u00e8 mai quasi nulla da fare, per\u00f2 per me sei bella lo stesso, mi piaci lo stesso cos\u00ec&#8221;<\/p>\n","protected":false},"author":54,"featured_media":0,"comment_status":"open","ping_status":"open","sticky":false,"template":"","format":"standard","meta":{"footnotes":""},"categories":[4,20],"tags":[7846],"acf":[],"yoast_head":"<!-- This site is optimized with the Yoast SEO plugin v20.1 - https:\/\/yoast.com\/wordpress\/plugins\/seo\/ -->\n<title>Vorrei tornare a Busto Arsizio<\/title>\n<meta name=\"description\" content=\"Susino Regolando regala un inno alla sua citt\u00e0. I luoghi, le abitudini &quot;ed \u00e8 vero che non c\u2019\u00e8 mai quasi nulla da fare, per\u00f2 per me sei bella lo stesso, mi piaci lo stesso cos\u00ec&quot;\" \/>\n<meta name=\"robots\" content=\"noindex, follow, max-snippet:-1, max-image-preview:large, max-video-preview:-1\" \/>\n<meta property=\"og:locale\" content=\"it_IT\" \/>\n<meta property=\"og:type\" content=\"article\" \/>\n<meta property=\"og:title\" content=\"Vorrei tornare a Busto Arsizio\" \/>\n<meta property=\"og:description\" content=\"Susino Regolando regala un inno alla sua citt\u00e0. I luoghi, le abitudini &quot;ed \u00e8 vero che non c\u2019\u00e8 mai quasi nulla da fare, per\u00f2 per me sei bella lo stesso, mi piaci lo stesso cos\u00ec&quot;\" \/>\n<meta property=\"og:url\" content=\"https:\/\/staging.varesenews.it\/2017\/01\/vorrei-tornare-a-busto-arsizio\/583344\/\" \/>\n<meta property=\"og:site_name\" content=\"VareseNews\" \/>\n<meta property=\"article:publisher\" content=\"https:\/\/www.facebook.com\/varesenews\" \/>\n<meta property=\"article:author\" content=\"https:\/\/www.facebook.com\/giovannelli.marco?fref=ts\" \/>\n<meta property=\"article:published_time\" content=\"2017-01-06T17:49:39+00:00\" \/>\n<meta property=\"article:modified_time\" content=\"2017-01-06T17:54:07+00:00\" \/>\n<meta name=\"author\" content=\"Marco Giovannelli\" \/>\n<meta name=\"twitter:card\" content=\"summary_large_image\" \/>\n<meta name=\"twitter:creator\" content=\"@marcogio59\" \/>\n<meta name=\"twitter:site\" content=\"@varesenews\" \/>\n<meta name=\"twitter:label1\" content=\"Scritto da\" \/>\n\t<meta name=\"twitter:data1\" content=\"Marco Giovannelli\" \/>\n\t<meta name=\"twitter:label2\" content=\"Tempo di lettura stimato\" \/>\n\t<meta name=\"twitter:data2\" content=\"3 minuti\" \/>\n<script type=\"application\/ld+json\" class=\"yoast-schema-graph\">{\"@context\":\"https:\/\/schema.org\",\"@graph\":[{\"@type\":\"WebPage\",\"@id\":\"https:\/\/staging.varesenews.it\/2017\/01\/vorrei-tornare-a-busto-arsizio\/583344\/\",\"url\":\"https:\/\/staging.varesenews.it\/2017\/01\/vorrei-tornare-a-busto-arsizio\/583344\/\",\"name\":\"Vorrei tornare a Busto Arsizio\",\"isPartOf\":{\"@id\":\"https:\/\/staging.varesenews.it\/#website\"},\"datePublished\":\"2017-01-06T17:49:39+00:00\",\"dateModified\":\"2017-01-06T17:54:07+00:00\",\"author\":{\"@id\":\"https:\/\/staging.varesenews.it\/#\/schema\/person\/b32b6f44664f8274f79469e452856024\"},\"description\":\"Susino Regolando regala un inno alla sua citt\u00e0. I luoghi, le abitudini \\\"ed \u00e8 vero che non c\u2019\u00e8 mai quasi nulla da fare, per\u00f2 per me sei bella lo stesso, mi piaci lo stesso cos\u00ec\\\"\",\"breadcrumb\":{\"@id\":\"https:\/\/staging.varesenews.it\/2017\/01\/vorrei-tornare-a-busto-arsizio\/583344\/#breadcrumb\"},\"inLanguage\":\"it-IT\",\"potentialAction\":[{\"@type\":\"ReadAction\",\"target\":[\"https:\/\/staging.varesenews.it\/2017\/01\/vorrei-tornare-a-busto-arsizio\/583344\/\"]}]},{\"@type\":\"BreadcrumbList\",\"@id\":\"https:\/\/staging.varesenews.it\/2017\/01\/vorrei-tornare-a-busto-arsizio\/583344\/#breadcrumb\",\"itemListElement\":[{\"@type\":\"ListItem\",\"position\":1,\"name\":\"Home\",\"item\":\"https:\/\/www.varesenews.it\/\"},{\"@type\":\"ListItem\",\"position\":2,\"name\":\"Vorrei tornare a Busto Arsizio\"}]},{\"@type\":\"WebSite\",\"@id\":\"https:\/\/staging.varesenews.it\/#website\",\"url\":\"https:\/\/staging.varesenews.it\/\",\"name\":\"VareseNews\",\"description\":\"\",\"potentialAction\":[{\"@type\":\"SearchAction\",\"target\":{\"@type\":\"EntryPoint\",\"urlTemplate\":\"https:\/\/staging.varesenews.it\/?s={search_term_string}\"},\"query-input\":\"required name=search_term_string\"}],\"inLanguage\":\"it-IT\"},{\"@type\":\"Person\",\"@id\":\"https:\/\/staging.varesenews.it\/#\/schema\/person\/b32b6f44664f8274f79469e452856024\",\"name\":\"Marco Giovannelli\",\"image\":{\"@type\":\"ImageObject\",\"inLanguage\":\"it-IT\",\"@id\":\"https:\/\/staging.varesenews.it\/#\/schema\/person\/image\/\",\"url\":\"https:\/\/staging.varesenews.it\/wp-content\/uploads\/2020\/12\/marco_giovannelli_colori_500.jpg\",\"contentUrl\":\"https:\/\/staging.varesenews.it\/wp-content\/uploads\/2020\/12\/marco_giovannelli_colori_500.jpg\",\"caption\":\"Marco Giovannelli\"},\"description\":\"Viterbese di origine vivo a Varese dal 1978. Due figli grandi, due lauree in scienze &ldquo;inutili&rdquo; quanto affascinanti che mi portano a mettere lo studio ancora al primo posto. Dopo aver lavorato per il sindacato, fondato e lavorato al centro Gulliver, in una cooperativa che gestiva il Circolino a Varese, con un altro viterbese e un lucano ho fondato VareseNews quando nessuno o quasi sapeva cosa fosse Internet. Ho alcune grandi passioni, la prima &egrave; il cammino che cerco di vivere quotidianamente. Averne percorsi alcuni storici con Santiago e la Francigena mi ha poi portato a far diventare anche lavoro la loro valorizzazione e in particolare la Via Francisca del Lucomagno. Amo leggere, andare al cinema, viaggiare. Mi piace conoscere. La mia migliore attitudine &egrave; connettere mondi e per questo mi affascina la contemporaneit&agrave; e il digitale. Ho insegnato diritto ed economia per un decennio nelle scuole superiori. Ho tenuto diverse lezioni e laboratori allo Iulm e ora all&rsquo;Universit&agrave; dell&rsquo;Insubria con un corso di Giornalismo digitale alla specialistica. Ho fondato diversi progetti editoriali.&nbsp;\",\"sameAs\":[\"https:\/\/www.facebook.com\/giovannelli.marco?fref=ts\",\"marcogio59\",\"https:\/\/it.linkedin.com\/in\/giovannellimarco\",\"https:\/\/twitter.com\/marcogio59\"],\"url\":\"https:\/\/staging.varesenews.it\/persona\/marco_giovannelli-2\/\"}]}<\/script>\n<!-- \/ Yoast SEO plugin. -->","yoast_head_json":{"title":"Vorrei tornare a Busto Arsizio","description":"Susino Regolando regala un inno alla sua citt\u00e0. I luoghi, le abitudini \"ed \u00e8 vero che non c\u2019\u00e8 mai quasi nulla da fare, per\u00f2 per me sei bella lo stesso, mi piaci lo stesso cos\u00ec\"","robots":{"index":"noindex","follow":"follow","max-snippet":"max-snippet:-1","max-image-preview":"max-image-preview:large","max-video-preview":"max-video-preview:-1"},"og_locale":"it_IT","og_type":"article","og_title":"Vorrei tornare a Busto Arsizio","og_description":"Susino Regolando regala un inno alla sua citt\u00e0. I luoghi, le abitudini \"ed \u00e8 vero che non c\u2019\u00e8 mai quasi nulla da fare, per\u00f2 per me sei bella lo stesso, mi piaci lo stesso cos\u00ec\"","og_url":"https:\/\/staging.varesenews.it\/2017\/01\/vorrei-tornare-a-busto-arsizio\/583344\/","og_site_name":"VareseNews","article_publisher":"https:\/\/www.facebook.com\/varesenews","article_author":"https:\/\/www.facebook.com\/giovannelli.marco?fref=ts","article_published_time":"2017-01-06T17:49:39+00:00","article_modified_time":"2017-01-06T17:54:07+00:00","author":"Marco Giovannelli","twitter_card":"summary_large_image","twitter_creator":"@marcogio59","twitter_site":"@varesenews","twitter_misc":{"Scritto da":"Marco Giovannelli","Tempo di lettura stimato":"3 minuti"},"schema":{"@context":"https:\/\/schema.org","@graph":[{"@type":"WebPage","@id":"https:\/\/staging.varesenews.it\/2017\/01\/vorrei-tornare-a-busto-arsizio\/583344\/","url":"https:\/\/staging.varesenews.it\/2017\/01\/vorrei-tornare-a-busto-arsizio\/583344\/","name":"Vorrei tornare a Busto Arsizio","isPartOf":{"@id":"https:\/\/staging.varesenews.it\/#website"},"datePublished":"2017-01-06T17:49:39+00:00","dateModified":"2017-01-06T17:54:07+00:00","author":{"@id":"https:\/\/staging.varesenews.it\/#\/schema\/person\/b32b6f44664f8274f79469e452856024"},"description":"Susino Regolando regala un inno alla sua citt\u00e0. I luoghi, le abitudini \"ed \u00e8 vero che non c\u2019\u00e8 mai quasi nulla da fare, per\u00f2 per me sei bella lo stesso, mi piaci lo stesso cos\u00ec\"","breadcrumb":{"@id":"https:\/\/staging.varesenews.it\/2017\/01\/vorrei-tornare-a-busto-arsizio\/583344\/#breadcrumb"},"inLanguage":"it-IT","potentialAction":[{"@type":"ReadAction","target":["https:\/\/staging.varesenews.it\/2017\/01\/vorrei-tornare-a-busto-arsizio\/583344\/"]}]},{"@type":"BreadcrumbList","@id":"https:\/\/staging.varesenews.it\/2017\/01\/vorrei-tornare-a-busto-arsizio\/583344\/#breadcrumb","itemListElement":[{"@type":"ListItem","position":1,"name":"Home","item":"https:\/\/www.varesenews.it\/"},{"@type":"ListItem","position":2,"name":"Vorrei tornare a Busto Arsizio"}]},{"@type":"WebSite","@id":"https:\/\/staging.varesenews.it\/#website","url":"https:\/\/staging.varesenews.it\/","name":"VareseNews","description":"","potentialAction":[{"@type":"SearchAction","target":{"@type":"EntryPoint","urlTemplate":"https:\/\/staging.varesenews.it\/?s={search_term_string}"},"query-input":"required name=search_term_string"}],"inLanguage":"it-IT"},{"@type":"Person","@id":"https:\/\/staging.varesenews.it\/#\/schema\/person\/b32b6f44664f8274f79469e452856024","name":"Marco Giovannelli","image":{"@type":"ImageObject","inLanguage":"it-IT","@id":"https:\/\/staging.varesenews.it\/#\/schema\/person\/image\/","url":"https:\/\/staging.varesenews.it\/wp-content\/uploads\/2020\/12\/marco_giovannelli_colori_500.jpg","contentUrl":"https:\/\/staging.varesenews.it\/wp-content\/uploads\/2020\/12\/marco_giovannelli_colori_500.jpg","caption":"Marco Giovannelli"},"description":"Viterbese di origine vivo a Varese dal 1978. Due figli grandi, due lauree in scienze &ldquo;inutili&rdquo; quanto affascinanti che mi portano a mettere lo studio ancora al primo posto. Dopo aver lavorato per il sindacato, fondato e lavorato al centro Gulliver, in una cooperativa che gestiva il Circolino a Varese, con un altro viterbese e un lucano ho fondato VareseNews quando nessuno o quasi sapeva cosa fosse Internet. Ho alcune grandi passioni, la prima &egrave; il cammino che cerco di vivere quotidianamente. Averne percorsi alcuni storici con Santiago e la Francigena mi ha poi portato a far diventare anche lavoro la loro valorizzazione e in particolare la Via Francisca del Lucomagno. Amo leggere, andare al cinema, viaggiare. Mi piace conoscere. La mia migliore attitudine &egrave; connettere mondi e per questo mi affascina la contemporaneit&agrave; e il digitale. Ho insegnato diritto ed economia per un decennio nelle scuole superiori. Ho tenuto diverse lezioni e laboratori allo Iulm e ora all&rsquo;Universit&agrave; dell&rsquo;Insubria con un corso di Giornalismo digitale alla specialistica. Ho fondato diversi progetti editoriali.&nbsp;","sameAs":["https:\/\/www.facebook.com\/giovannelli.marco?fref=ts","marcogio59","https:\/\/it.linkedin.com\/in\/giovannellimarco","https:\/\/twitter.com\/marcogio59"],"url":"https:\/\/staging.varesenews.it\/persona\/marco_giovannelli-2\/"}]}},"post_meta":{"_edit_lock":"1483725405:54","_edit_last":"54","ratings_users":"0","ratings_score":"0","ratings_average":"0","_category_permalink":"","wdfb_og_title":"","wdfb_og_type":"","wdfb_og_description":"","wdfb_og_images":"a:1:{i:0;s:0:\"\";}","wdfb_og_custom_name":"a:1:{i:0;s:0:\"\";}","wdfb_og_custom_value":"a:1:{i:0;s:0:\"\";}","foto":"581580","argomento":"Una canzone per Busto","_jd_twitter":"","_jd_tweet_this":"yes","_wpt_short_url":"http:\/\/www.varesenews.it\/2017\/01\/vorrei-tornare-a-busto-arsizio\/583344\/","_wp_jd_target":"http:\/\/www.varesenews.it\/2017\/01\/vorrei-tornare-a-busto-arsizio\/583344\/","_jd_wp_twitter":"a:1:{i:0;s:111:\"Vorrei tornare a Busto Arsizio http:\/\/www.varesenews.it\/2017\/01\/vorrei-tornare-a-busto-arsizio\/583344\/ #canzone\";}","_wpt_status_message":"Tweet inviato con successo.","firma_come_redazione":"1"},"photos":[{"original":"https:\/\/staging.varesenews.it\/photogallery_new\/images\/2016\/11\/natale-busto-arsizio-centro-2016-581580.jpg","full":"https:\/\/staging.varesenews.it\/photogallery_new\/images\/2016\/11\/natale-busto-arsizio-centro-2016-581580.1024x768.jpg","large":"https:\/\/staging.varesenews.it\/photogallery_new\/images\/2016\/11\/natale-busto-arsizio-centro-2016-581580.610x431.jpg"}],"_links":{"self":[{"href":"https:\/\/staging.varesenews.it\/swgapi\/v1\/wp\/v2\/posts\/583344"}],"collection":[{"href":"https:\/\/staging.varesenews.it\/swgapi\/v1\/wp\/v2\/posts"}],"about":[{"href":"https:\/\/staging.varesenews.it\/swgapi\/v1\/wp\/v2\/types\/post"}],"author":[{"embeddable":true,"href":"https:\/\/staging.varesenews.it\/swgapi\/v1\/wp\/v2\/users\/54"}],"replies":[{"embeddable":true,"href":"https:\/\/staging.varesenews.it\/swgapi\/v1\/wp\/v2\/comments?post=583344"}],"version-history":[{"count":0,"href":"https:\/\/staging.varesenews.it\/swgapi\/v1\/wp\/v2\/posts\/583344\/revisions"}],"wp:attachment":[{"href":"https:\/\/staging.varesenews.it\/swgapi\/v1\/wp\/v2\/media?parent=583344"}],"wp:term":[{"taxonomy":"category","embeddable":true,"href":"https:\/\/staging.varesenews.it\/swgapi\/v1\/wp\/v2\/categories?post=583344"},{"taxonomy":"post_tag","embeddable":true,"href":"https:\/\/staging.varesenews.it\/swgapi\/v1\/wp\/v2\/tags?post=583344"}],"curies":[{"name":"wp","href":"https:\/\/api.w.org\/{rel}","templated":true}]}}