{"id":583571,"date":"2017-01-08T15:11:44","date_gmt":"2017-01-08T14:11:44","guid":{"rendered":"http:\/\/www.varesenews.it\/?p=583571"},"modified":"2017-01-08T15:11:44","modified_gmt":"2017-01-08T14:11:44","slug":"pronto-soccorso-lemergenza-e-epocale","status":"publish","type":"post","link":"https:\/\/staging.varesenews.it\/2017\/01\/pronto-soccorso-lemergenza-e-epocale\/583571\/","title":{"rendered":"\u201cPronto soccorso: l\u2019emergenza \u00e8 epocale\u201d"},"content":{"rendered":"<p class=\"p1\"><span class=\"s2\">\u00ab <\/span><span class=\"s1\"><strong>Stiamo vivendo un\u2019emergenza epocale<\/strong>. Erano oltre 30 anni che non si registrava un afflusso cosi&#8217; imponente ai PS e un numero di chiamate cosi alto al 118. Lo stiamo affrontando con tutti gli strumenti che abbiamo. Mi scuso per gli evidenti disagi che stanno vivendo coloro che accedono ai vari punti di Pronto Soccorso e ringrazio sentitamente i medici e gli infermieri che con grande professionalit\u00e0, capacit\u00e0 e umanit\u00e0 stanno facendo del loro meglio x gestire questa delicata e straordinaria situazione\u00bb.<\/span><\/p>\n<p class=\"p2\"><span class=\"s1\">Cos\u00ec <strong>l\u2019assessore regionale al Welfare Giulio Gallera<\/strong><a href=\"https:\/\/www.facebook.com\/giulio.gallera.9?fref=ts\" target=\"_blank\">, sulla sua pagina Facebook,<\/a><strong>\u00a0<\/strong>\u00a0ha definito la crisi dei PS lombardi pi\u00f9 volte finiti in affanno in queste vacanze natalizie. <\/span><\/p>\n<p class=\"p2\"><span class=\"s1\"><strong>Nell\u2019ospedale di Varese l\u2019iperafflusso non \u00e8 pi\u00f9 una novit\u00e0,<\/strong>\u00a0tanto che si \u00e8 definito, gi\u00e0 due anni fa, un piano di intervento in caso di crescita della barellaia.<\/span><\/p>\n<p class=\"p2\"><span class=\"s1\">Il picco influenzale, intanto, non \u00e8 ancora stato raggiunto e molti temono che il peggio non sia ancora alle spalle <\/span><\/p>\n","protected":false},"excerpt":{"rendered":"<p>L&#8217;assessore regionale al Welfare Gallera ha cos\u00ec definito l&#8217;intasamento che si \u00e8 registrato in questi giorni negli ospedali lombardi<\/p>\n","protected":false},"author":33,"featured_media":0,"comment_status":"open","ping_status":"open","sticky":false,"template":"","format":"standard","meta":{"footnotes":""},"categories":[7,24,1],"tags":[11159,1050],"acf":[],"yoast_head":"<!-- This site is optimized with the Yoast SEO plugin v20.1 - https:\/\/yoast.com\/wordpress\/plugins\/seo\/ -->\n<title>\u201cPronto soccorso: l\u2019emergenza \u00e8 epocale\u201d<\/title>\n<meta name=\"description\" content=\"L&#039;assessore regionale al Welfare Gallera ha cos\u00ec definito l&#039;intasamento che si \u00e8 registrato in questi giorni negli ospedali lombardi\" \/>\n<meta name=\"robots\" content=\"noindex, follow, max-snippet:-1, max-image-preview:large, max-video-preview:-1\" \/>\n<meta property=\"og:locale\" content=\"it_IT\" \/>\n<meta property=\"og:type\" content=\"article\" \/>\n<meta property=\"og:title\" content=\"\u201cPronto soccorso: l\u2019emergenza \u00e8 epocale\u201d\" \/>\n<meta property=\"og:description\" content=\"L&#039;assessore regionale al Welfare Gallera ha cos\u00ec definito l&#039;intasamento che si \u00e8 registrato in questi giorni negli ospedali lombardi\" \/>\n<meta property=\"og:url\" content=\"https:\/\/staging.varesenews.it\/2017\/01\/pronto-soccorso-lemergenza-e-epocale\/583571\/\" \/>\n<meta property=\"og:site_name\" content=\"VareseNews\" \/>\n<meta property=\"article:publisher\" content=\"https:\/\/www.facebook.com\/varesenews\" \/>\n<meta property=\"article:author\" content=\"alessandra.toni7\" \/>\n<meta property=\"article:published_time\" content=\"2017-01-08T14:11:44+00:00\" \/>\n<meta name=\"author\" content=\"Alessandra Toni\" \/>\n<meta name=\"twitter:card\" content=\"summary_large_image\" \/>\n<meta name=\"twitter:creator\" content=\"@alessandra_toni\" \/>\n<meta name=\"twitter:site\" content=\"@varesenews\" \/>\n<meta name=\"twitter:label1\" content=\"Scritto da\" \/>\n\t<meta name=\"twitter:data1\" content=\"Alessandra Toni\" \/>\n\t<meta name=\"twitter:label2\" content=\"Tempo di lettura stimato\" \/>\n\t<meta name=\"twitter:data2\" content=\"1 minuto\" \/>\n<script type=\"application\/ld+json\" class=\"yoast-schema-graph\">{\"@context\":\"https:\/\/schema.org\",\"@graph\":[{\"@type\":\"WebPage\",\"@id\":\"https:\/\/staging.varesenews.it\/2017\/01\/pronto-soccorso-lemergenza-e-epocale\/583571\/\",\"url\":\"https:\/\/staging.varesenews.it\/2017\/01\/pronto-soccorso-lemergenza-e-epocale\/583571\/\",\"name\":\"\u201cPronto soccorso: l\u2019emergenza \u00e8 epocale\u201d\",\"isPartOf\":{\"@id\":\"https:\/\/staging.varesenews.it\/#website\"},\"datePublished\":\"2017-01-08T14:11:44+00:00\",\"dateModified\":\"2017-01-08T14:11:44+00:00\",\"author\":{\"@id\":\"https:\/\/staging.varesenews.it\/#\/schema\/person\/2643ce123d4a3c9511e015dc548779b8\"},\"description\":\"L'assessore regionale al Welfare Gallera ha cos\u00ec definito l'intasamento che si \u00e8 registrato in questi giorni negli ospedali lombardi\",\"breadcrumb\":{\"@id\":\"https:\/\/staging.varesenews.it\/2017\/01\/pronto-soccorso-lemergenza-e-epocale\/583571\/#breadcrumb\"},\"inLanguage\":\"it-IT\",\"potentialAction\":[{\"@type\":\"ReadAction\",\"target\":[\"https:\/\/staging.varesenews.it\/2017\/01\/pronto-soccorso-lemergenza-e-epocale\/583571\/\"]}]},{\"@type\":\"BreadcrumbList\",\"@id\":\"https:\/\/staging.varesenews.it\/2017\/01\/pronto-soccorso-lemergenza-e-epocale\/583571\/#breadcrumb\",\"itemListElement\":[{\"@type\":\"ListItem\",\"position\":1,\"name\":\"Home\",\"item\":\"https:\/\/www.varesenews.it\/\"},{\"@type\":\"ListItem\",\"position\":2,\"name\":\"\u201cPronto soccorso: l\u2019emergenza \u00e8 epocale\u201d\"}]},{\"@type\":\"WebSite\",\"@id\":\"https:\/\/staging.varesenews.it\/#website\",\"url\":\"https:\/\/staging.varesenews.it\/\",\"name\":\"VareseNews\",\"description\":\"\",\"potentialAction\":[{\"@type\":\"SearchAction\",\"target\":{\"@type\":\"EntryPoint\",\"urlTemplate\":\"https:\/\/staging.varesenews.it\/?s={search_term_string}\"},\"query-input\":\"required name=search_term_string\"}],\"inLanguage\":\"it-IT\"},{\"@type\":\"Person\",\"@id\":\"https:\/\/staging.varesenews.it\/#\/schema\/person\/2643ce123d4a3c9511e015dc548779b8\",\"name\":\"Alessandra Toni\",\"image\":{\"@type\":\"ImageObject\",\"inLanguage\":\"it-IT\",\"@id\":\"https:\/\/staging.varesenews.it\/#\/schema\/person\/image\/\",\"url\":\"https:\/\/staging.varesenews.it\/wp-content\/uploads\/2020\/12\/alessandra_toni_colori_500.jpg\",\"contentUrl\":\"https:\/\/staging.varesenews.it\/wp-content\/uploads\/2020\/12\/alessandra_toni_colori_500.jpg\",\"caption\":\"Alessandra Toni\"},\"description\":\"Sono entrata nella redazione di VareseNews nel lontano anno 2000. Ero reduce da una bellissima esperienza nella redazione giornalistica della TV Nuova Antennatre, sotto la direzione dell'indimenticabile direttore Adolfo Caldarini. Sono arrivata quando era ancora una piccola realt\u00e0 editoriale e insieme abbiamo fatto un lungo ed entusiasmante lavoro. Mi occupo prevalentemente di scuola e di sanit\u00e0, settori impegnativi di grande valore sociale.\u00a0\",\"sameAs\":[\"alessandra.toni7\",\"alessandra.toni\",\"https:\/\/twitter.com\/alessandra_toni\"],\"url\":\"https:\/\/staging.varesenews.it\/persona\/alessandra_toni1\/\"}]}<\/script>\n<!-- \/ Yoast SEO plugin. -->","yoast_head_json":{"title":"\u201cPronto soccorso: l\u2019emergenza \u00e8 epocale\u201d","description":"L'assessore regionale al Welfare Gallera ha cos\u00ec definito l'intasamento che si \u00e8 registrato in questi giorni negli ospedali lombardi","robots":{"index":"noindex","follow":"follow","max-snippet":"max-snippet:-1","max-image-preview":"max-image-preview:large","max-video-preview":"max-video-preview:-1"},"og_locale":"it_IT","og_type":"article","og_title":"\u201cPronto soccorso: l\u2019emergenza \u00e8 epocale\u201d","og_description":"L'assessore regionale al Welfare Gallera ha cos\u00ec definito l'intasamento che si \u00e8 registrato in questi giorni negli ospedali lombardi","og_url":"https:\/\/staging.varesenews.it\/2017\/01\/pronto-soccorso-lemergenza-e-epocale\/583571\/","og_site_name":"VareseNews","article_publisher":"https:\/\/www.facebook.com\/varesenews","article_author":"alessandra.toni7","article_published_time":"2017-01-08T14:11:44+00:00","author":"Alessandra Toni","twitter_card":"summary_large_image","twitter_creator":"@alessandra_toni","twitter_site":"@varesenews","twitter_misc":{"Scritto da":"Alessandra Toni","Tempo di lettura stimato":"1 minuto"},"schema":{"@context":"https:\/\/schema.org","@graph":[{"@type":"WebPage","@id":"https:\/\/staging.varesenews.it\/2017\/01\/pronto-soccorso-lemergenza-e-epocale\/583571\/","url":"https:\/\/staging.varesenews.it\/2017\/01\/pronto-soccorso-lemergenza-e-epocale\/583571\/","name":"\u201cPronto soccorso: l\u2019emergenza \u00e8 epocale\u201d","isPartOf":{"@id":"https:\/\/staging.varesenews.it\/#website"},"datePublished":"2017-01-08T14:11:44+00:00","dateModified":"2017-01-08T14:11:44+00:00","author":{"@id":"https:\/\/staging.varesenews.it\/#\/schema\/person\/2643ce123d4a3c9511e015dc548779b8"},"description":"L'assessore regionale al Welfare Gallera ha cos\u00ec definito l'intasamento che si \u00e8 registrato in questi giorni negli ospedali lombardi","breadcrumb":{"@id":"https:\/\/staging.varesenews.it\/2017\/01\/pronto-soccorso-lemergenza-e-epocale\/583571\/#breadcrumb"},"inLanguage":"it-IT","potentialAction":[{"@type":"ReadAction","target":["https:\/\/staging.varesenews.it\/2017\/01\/pronto-soccorso-lemergenza-e-epocale\/583571\/"]}]},{"@type":"BreadcrumbList","@id":"https:\/\/staging.varesenews.it\/2017\/01\/pronto-soccorso-lemergenza-e-epocale\/583571\/#breadcrumb","itemListElement":[{"@type":"ListItem","position":1,"name":"Home","item":"https:\/\/www.varesenews.it\/"},{"@type":"ListItem","position":2,"name":"\u201cPronto soccorso: l\u2019emergenza \u00e8 epocale\u201d"}]},{"@type":"WebSite","@id":"https:\/\/staging.varesenews.it\/#website","url":"https:\/\/staging.varesenews.it\/","name":"VareseNews","description":"","potentialAction":[{"@type":"SearchAction","target":{"@type":"EntryPoint","urlTemplate":"https:\/\/staging.varesenews.it\/?s={search_term_string}"},"query-input":"required name=search_term_string"}],"inLanguage":"it-IT"},{"@type":"Person","@id":"https:\/\/staging.varesenews.it\/#\/schema\/person\/2643ce123d4a3c9511e015dc548779b8","name":"Alessandra Toni","image":{"@type":"ImageObject","inLanguage":"it-IT","@id":"https:\/\/staging.varesenews.it\/#\/schema\/person\/image\/","url":"https:\/\/staging.varesenews.it\/wp-content\/uploads\/2020\/12\/alessandra_toni_colori_500.jpg","contentUrl":"https:\/\/staging.varesenews.it\/wp-content\/uploads\/2020\/12\/alessandra_toni_colori_500.jpg","caption":"Alessandra Toni"},"description":"Sono entrata nella redazione di VareseNews nel lontano anno 2000. Ero reduce da una bellissima esperienza nella redazione giornalistica della TV Nuova Antennatre, sotto la direzione dell'indimenticabile direttore Adolfo Caldarini. Sono arrivata quando era ancora una piccola realt\u00e0 editoriale e insieme abbiamo fatto un lungo ed entusiasmante lavoro. Mi occupo prevalentemente di scuola e di sanit\u00e0, settori impegnativi di grande valore sociale.\u00a0","sameAs":["alessandra.toni7","alessandra.toni","https:\/\/twitter.com\/alessandra_toni"],"url":"https:\/\/staging.varesenews.it\/persona\/alessandra_toni1\/"}]}},"post_meta":{"_edit_lock":"1483885722:33","_edit_last":"33","_category_permalink":"24","wdfb_og_title":"","wdfb_og_type":"","wdfb_og_description":"","wdfb_og_images":"a:1:{i:0;s:0:\"\";}","wdfb_og_custom_name":"a:1:{i:0;s:0:\"\";}","wdfb_og_custom_value":"a:1:{i:0;s:0:\"\";}","firma_come_redazione":"1","argomento":"Sanit\u00e0","_yoast_wpseo_focuskw":"giulio gallera","_jd_twitter":"","_jd_tweet_this":"yes","_yoast_wpseo_linkdex":"43","id_leggi_anche":"582943,583200,582969,581938,581769,589258","foto":"581996","ratings_users":"0","ratings_score":"0","ratings_average":"0","_wpt_short_url":"http:\/\/www.varesenews.it\/2017\/01\/pronto-soccorso-lemergenza-e-epocale\/583571\/","_wp_jd_target":"http:\/\/www.varesenews.it\/2017\/01\/pronto-soccorso-lemergenza-e-epocale\/583571\/","_jd_wp_twitter":"a:1:{i:0;s:152:\"\u201cPronto soccorso: l\u2019emergenza \u00e8 epocale\u201d http:\/\/www.varesenews.it\/2017\/01\/pronto-soccorso-lemergenza-e-epocale\/583571\/ #influenza #prontosoccorso\";}","_wpt_status_message":"Tweet inviato con successo."},"photos":[{"original":"https:\/\/staging.varesenews.it\/photogallery_new\/images\/2016\/11\/giulio-gallera-581996.jpg","full":"https:\/\/staging.varesenews.it\/photogallery_new\/images\/2016\/11\/giulio-gallera-581996.1024x768.jpg","large":"https:\/\/staging.varesenews.it\/photogallery_new\/images\/2016\/11\/giulio-gallera-581996.610x431.jpg"}],"_links":{"self":[{"href":"https:\/\/staging.varesenews.it\/swgapi\/v1\/wp\/v2\/posts\/583571"}],"collection":[{"href":"https:\/\/staging.varesenews.it\/swgapi\/v1\/wp\/v2\/posts"}],"about":[{"href":"https:\/\/staging.varesenews.it\/swgapi\/v1\/wp\/v2\/types\/post"}],"author":[{"embeddable":true,"href":"https:\/\/staging.varesenews.it\/swgapi\/v1\/wp\/v2\/users\/33"}],"replies":[{"embeddable":true,"href":"https:\/\/staging.varesenews.it\/swgapi\/v1\/wp\/v2\/comments?post=583571"}],"version-history":[{"count":0,"href":"https:\/\/staging.varesenews.it\/swgapi\/v1\/wp\/v2\/posts\/583571\/revisions"}],"wp:attachment":[{"href":"https:\/\/staging.varesenews.it\/swgapi\/v1\/wp\/v2\/media?parent=583571"}],"wp:term":[{"taxonomy":"category","embeddable":true,"href":"https:\/\/staging.varesenews.it\/swgapi\/v1\/wp\/v2\/categories?post=583571"},{"taxonomy":"post_tag","embeddable":true,"href":"https:\/\/staging.varesenews.it\/swgapi\/v1\/wp\/v2\/tags?post=583571"}],"curies":[{"name":"wp","href":"https:\/\/api.w.org\/{rel}","templated":true}]}}