{"id":58611,"date":"2013-06-07T00:00:00","date_gmt":"2013-06-07T00:00:00","guid":{"rendered":""},"modified":"2013-06-07T00:00:00","modified_gmt":"2013-06-07T00:00:00","slug":"oggi-siamo-a-caronno-pertusella","status":"publish","type":"post","link":"https:\/\/staging.varesenews.it\/2013\/06\/oggi-siamo-a-caronno-pertusella\/58611\/","title":{"rendered":"Oggi siamo a Caronno Pertusella"},"content":{"rendered":"<p><!--[if gte mso 9]><xml>\n<w:WordDocument>\n<w:View>Normal<\/w:View>\n<w:Zoom>0<\/w:Zoom>\n<w:HyphenationZone>14<\/w:HyphenationZone>\n<w:PunctuationKerning \/>\n<w:ValidateAgainstSchemas \/>\n<w:SaveIfXMLInvalid>false<\/w:SaveIfXMLInvalid>\n<w:IgnoreMixedContent>false<\/w:IgnoreMixedContent>\n<w:AlwaysShowPlaceholderText>false<\/w:AlwaysShowPlaceholderText>\n<w:Compatibility>\n<w:BreakWrappedTables \/>\n<w:SnapToGridInCell \/>\n<w:WrapTextWithPunct \/>\n<w:UseAsianBreakRules \/>\n<w:DontGrowAutofit \/>\n<\/w:Compatibility>\n<w:BrowserLevel>MicrosoftInternetExplorer4<\/w:BrowserLevel>\n<\/w:WordDocument>\n<\/xml><![endif]--><\/p>\n<p class=\"MsoNormal\">Caronno Pertusella<span style=\"mso-spacerun:yes\"> <\/span>con<span style=\"mso-spacerun:yes\">&nbsp; <\/span>i suoi oltre 16.000 abitanti &egrave; in provincia di Varese, ma in realt&agrave; fa parte dell&#8217;area metropolitana milanese. Molte industrie ma anche singolari iniziative che le hanno dato una certa visibilit&agrave; anche di carattere nazionale, come il record da Guinnes<span style=\"mso-spacerun:yes\">&nbsp; per il<\/span> Tiramis&ugrave; pi&ugrave; grande del mondo e la partita di softball pi&ugrave; lunga: 120 ore consecutive.<\/p>\n<p>Prosegue qui il lungo tour per i 141 comuni della provincia (qui&nbsp;<strong><a target=\"_blank\" href=\"http:\/\/www3.varesenews.it\/comuni\/tour\/\">il calendario di tutte le tappe<\/a><\/strong>).<br \/>\nSeguiteci, scriveteci, cercateci, segnalateci qualsiasi cosa vi passa     per la testa. In una logica tutta &quot;glocal&quot;, cerchiamo anche storie di     persone che non vivono pi&ugrave; nel loro paese di origine. Potete inviare  le    vostre segnalazioni a&nbsp;<strong><a href=\"mailto:141@varesenews.it?subject=141tour\">141@varesenews.it <\/a><\/p>\n<p><\/strong>Per vedere questa tappa<a href=\"http:\/\/live.varesenews.it\/Event\/Caronno_Petusella\">&nbsp;<strong>&nbsp;cliccate qui<\/strong><\/a>&nbsp;<\/p>\n","protected":false},"excerpt":{"rendered":"<p>Caronno Pertusella  con  i suoi oltre 16.000 abitanti fa parte dell&#8217;area metropolitana milanese. Molte industrie, un piano di riqualificazione urbana in atto ma anche curiosit\u00e0 come il tiramis\u00f9 pi\u00f9 grande del mondo. Prosegue qui  il nostro tour per i 141 comuni della provincia di Varese. <\/p>\n","protected":false},"author":10,"featured_media":0,"comment_status":"open","ping_status":"open","sticky":false,"template":"","format":"standard","meta":{"footnotes":""},"categories":[5],"tags":[2683],"acf":[],"yoast_head":"<!-- This site is optimized with the Yoast SEO plugin v20.1 - https:\/\/yoast.com\/wordpress\/plugins\/seo\/ -->\n<title>Oggi siamo a Caronno Pertusella<\/title>\n<meta name=\"description\" content=\"Caronno Pertusella con i suoi oltre 16.000 abitanti fa parte dell&#039;area metropolitana milanese. Molte industrie, un piano di riqualificazione urbana in atto ma anche curiosit\u00e0 come il tiramis\u00f9 pi\u00f9 grande del mondo. Prosegue qui il nostro tour per i 141 comuni della provincia di Varese.\" \/>\n<meta name=\"robots\" content=\"noindex, follow, max-snippet:-1, max-image-preview:large, max-video-preview:-1\" \/>\n<meta property=\"og:locale\" content=\"it_IT\" \/>\n<meta property=\"og:type\" content=\"article\" \/>\n<meta property=\"og:title\" content=\"Oggi siamo a Caronno Pertusella\" \/>\n<meta property=\"og:description\" content=\"Caronno Pertusella con i suoi oltre 16.000 abitanti fa parte dell&#039;area metropolitana milanese. Molte industrie, un piano di riqualificazione urbana in atto ma anche curiosit\u00e0 come il tiramis\u00f9 pi\u00f9 grande del mondo. Prosegue qui il nostro tour per i 141 comuni della provincia di Varese.\" \/>\n<meta property=\"og:url\" content=\"https:\/\/staging.varesenews.it\/2013\/06\/oggi-siamo-a-caronno-pertusella\/58611\/\" \/>\n<meta property=\"og:site_name\" content=\"VareseNews\" \/>\n<meta property=\"article:publisher\" content=\"https:\/\/www.facebook.com\/varesenews\" \/>\n<meta property=\"article:published_time\" content=\"2013-06-07T00:00:00+00:00\" \/>\n<meta name=\"author\" content=\"Redazione VareseNews\" \/>\n<meta name=\"twitter:card\" content=\"summary_large_image\" \/>\n<meta name=\"twitter:creator\" content=\"@varesenews\" \/>\n<meta name=\"twitter:site\" content=\"@varesenews\" \/>\n<meta name=\"twitter:label1\" content=\"Scritto da\" \/>\n\t<meta name=\"twitter:data1\" content=\"Redazione VareseNews\" \/>\n\t<meta name=\"twitter:label2\" content=\"Tempo di lettura stimato\" \/>\n\t<meta name=\"twitter:data2\" content=\"1 minuto\" \/>\n<script type=\"application\/ld+json\" class=\"yoast-schema-graph\">{\"@context\":\"https:\/\/schema.org\",\"@graph\":[{\"@type\":\"WebPage\",\"@id\":\"https:\/\/staging.varesenews.it\/2013\/06\/oggi-siamo-a-caronno-pertusella\/58611\/\",\"url\":\"https:\/\/staging.varesenews.it\/2013\/06\/oggi-siamo-a-caronno-pertusella\/58611\/\",\"name\":\"Oggi siamo a Caronno Pertusella\",\"isPartOf\":{\"@id\":\"https:\/\/staging.varesenews.it\/#website\"},\"datePublished\":\"2013-06-07T00:00:00+00:00\",\"dateModified\":\"2013-06-07T00:00:00+00:00\",\"author\":{\"@id\":\"https:\/\/staging.varesenews.it\/#\/schema\/person\/fb20c4da0b7b16c291707a20db73e169\"},\"description\":\"Caronno Pertusella con i suoi oltre 16.000 abitanti fa parte dell'area metropolitana milanese. Molte industrie, un piano di riqualificazione urbana in atto ma anche curiosit\u00e0 come il tiramis\u00f9 pi\u00f9 grande del mondo. Prosegue qui il nostro tour per i 141 comuni della provincia di Varese.\",\"breadcrumb\":{\"@id\":\"https:\/\/staging.varesenews.it\/2013\/06\/oggi-siamo-a-caronno-pertusella\/58611\/#breadcrumb\"},\"inLanguage\":\"it-IT\",\"potentialAction\":[{\"@type\":\"ReadAction\",\"target\":[\"https:\/\/staging.varesenews.it\/2013\/06\/oggi-siamo-a-caronno-pertusella\/58611\/\"]}]},{\"@type\":\"BreadcrumbList\",\"@id\":\"https:\/\/staging.varesenews.it\/2013\/06\/oggi-siamo-a-caronno-pertusella\/58611\/#breadcrumb\",\"itemListElement\":[{\"@type\":\"ListItem\",\"position\":1,\"name\":\"Home\",\"item\":\"https:\/\/www.varesenews.it\/\"},{\"@type\":\"ListItem\",\"position\":2,\"name\":\"Oggi siamo a Caronno Pertusella\"}]},{\"@type\":\"WebSite\",\"@id\":\"https:\/\/staging.varesenews.it\/#website\",\"url\":\"https:\/\/staging.varesenews.it\/\",\"name\":\"VareseNews\",\"description\":\"\",\"potentialAction\":[{\"@type\":\"SearchAction\",\"target\":{\"@type\":\"EntryPoint\",\"urlTemplate\":\"https:\/\/staging.varesenews.it\/?s={search_term_string}\"},\"query-input\":\"required name=search_term_string\"}],\"inLanguage\":\"it-IT\"},{\"@type\":\"Person\",\"@id\":\"https:\/\/staging.varesenews.it\/#\/schema\/person\/fb20c4da0b7b16c291707a20db73e169\",\"name\":\"Redazione VareseNews\",\"image\":{\"@type\":\"ImageObject\",\"inLanguage\":\"it-IT\",\"@id\":\"https:\/\/staging.varesenews.it\/#\/schema\/person\/image\/\",\"url\":\"https:\/\/staging.varesenews.it\/wp-content\/uploads\/2020\/12\/logo_VN_colori_500.png\",\"contentUrl\":\"https:\/\/staging.varesenews.it\/wp-content\/uploads\/2020\/12\/logo_VN_colori_500.png\",\"caption\":\"Redazione VareseNews\"},\"url\":\"https:\/\/staging.varesenews.it\/persona\/redazione1\/\"}]}<\/script>\n<!-- \/ Yoast SEO plugin. -->","yoast_head_json":{"title":"Oggi siamo a Caronno Pertusella","description":"Caronno Pertusella con i suoi oltre 16.000 abitanti fa parte dell'area metropolitana milanese. Molte industrie, un piano di riqualificazione urbana in atto ma anche curiosit\u00e0 come il tiramis\u00f9 pi\u00f9 grande del mondo. Prosegue qui il nostro tour per i 141 comuni della provincia di Varese.","robots":{"index":"noindex","follow":"follow","max-snippet":"max-snippet:-1","max-image-preview":"max-image-preview:large","max-video-preview":"max-video-preview:-1"},"og_locale":"it_IT","og_type":"article","og_title":"Oggi siamo a Caronno Pertusella","og_description":"Caronno Pertusella con i suoi oltre 16.000 abitanti fa parte dell'area metropolitana milanese. Molte industrie, un piano di riqualificazione urbana in atto ma anche curiosit\u00e0 come il tiramis\u00f9 pi\u00f9 grande del mondo. Prosegue qui il nostro tour per i 141 comuni della provincia di Varese.","og_url":"https:\/\/staging.varesenews.it\/2013\/06\/oggi-siamo-a-caronno-pertusella\/58611\/","og_site_name":"VareseNews","article_publisher":"https:\/\/www.facebook.com\/varesenews","article_published_time":"2013-06-07T00:00:00+00:00","author":"Redazione VareseNews","twitter_card":"summary_large_image","twitter_creator":"@varesenews","twitter_site":"@varesenews","twitter_misc":{"Scritto da":"Redazione VareseNews","Tempo di lettura stimato":"1 minuto"},"schema":{"@context":"https:\/\/schema.org","@graph":[{"@type":"WebPage","@id":"https:\/\/staging.varesenews.it\/2013\/06\/oggi-siamo-a-caronno-pertusella\/58611\/","url":"https:\/\/staging.varesenews.it\/2013\/06\/oggi-siamo-a-caronno-pertusella\/58611\/","name":"Oggi siamo a Caronno Pertusella","isPartOf":{"@id":"https:\/\/staging.varesenews.it\/#website"},"datePublished":"2013-06-07T00:00:00+00:00","dateModified":"2013-06-07T00:00:00+00:00","author":{"@id":"https:\/\/staging.varesenews.it\/#\/schema\/person\/fb20c4da0b7b16c291707a20db73e169"},"description":"Caronno Pertusella con i suoi oltre 16.000 abitanti fa parte dell'area metropolitana milanese. Molte industrie, un piano di riqualificazione urbana in atto ma anche curiosit\u00e0 come il tiramis\u00f9 pi\u00f9 grande del mondo. Prosegue qui il nostro tour per i 141 comuni della provincia di Varese.","breadcrumb":{"@id":"https:\/\/staging.varesenews.it\/2013\/06\/oggi-siamo-a-caronno-pertusella\/58611\/#breadcrumb"},"inLanguage":"it-IT","potentialAction":[{"@type":"ReadAction","target":["https:\/\/staging.varesenews.it\/2013\/06\/oggi-siamo-a-caronno-pertusella\/58611\/"]}]},{"@type":"BreadcrumbList","@id":"https:\/\/staging.varesenews.it\/2013\/06\/oggi-siamo-a-caronno-pertusella\/58611\/#breadcrumb","itemListElement":[{"@type":"ListItem","position":1,"name":"Home","item":"https:\/\/www.varesenews.it\/"},{"@type":"ListItem","position":2,"name":"Oggi siamo a Caronno Pertusella"}]},{"@type":"WebSite","@id":"https:\/\/staging.varesenews.it\/#website","url":"https:\/\/staging.varesenews.it\/","name":"VareseNews","description":"","potentialAction":[{"@type":"SearchAction","target":{"@type":"EntryPoint","urlTemplate":"https:\/\/staging.varesenews.it\/?s={search_term_string}"},"query-input":"required name=search_term_string"}],"inLanguage":"it-IT"},{"@type":"Person","@id":"https:\/\/staging.varesenews.it\/#\/schema\/person\/fb20c4da0b7b16c291707a20db73e169","name":"Redazione VareseNews","image":{"@type":"ImageObject","inLanguage":"it-IT","@id":"https:\/\/staging.varesenews.it\/#\/schema\/person\/image\/","url":"https:\/\/staging.varesenews.it\/wp-content\/uploads\/2020\/12\/logo_VN_colori_500.png","contentUrl":"https:\/\/staging.varesenews.it\/wp-content\/uploads\/2020\/12\/logo_VN_colori_500.png","caption":"Redazione VareseNews"},"url":"https:\/\/staging.varesenews.it\/persona\/redazione1\/"}]}},"post_meta":{"id_old":"264743","argomento":"141Tour","id_link_fotogallery":"299712,299711","video":"316477,316478,316479"},"photos":[],"_links":{"self":[{"href":"https:\/\/staging.varesenews.it\/swgapi\/v1\/wp\/v2\/posts\/58611"}],"collection":[{"href":"https:\/\/staging.varesenews.it\/swgapi\/v1\/wp\/v2\/posts"}],"about":[{"href":"https:\/\/staging.varesenews.it\/swgapi\/v1\/wp\/v2\/types\/post"}],"author":[{"embeddable":true,"href":"https:\/\/staging.varesenews.it\/swgapi\/v1\/wp\/v2\/users\/10"}],"replies":[{"embeddable":true,"href":"https:\/\/staging.varesenews.it\/swgapi\/v1\/wp\/v2\/comments?post=58611"}],"version-history":[{"count":0,"href":"https:\/\/staging.varesenews.it\/swgapi\/v1\/wp\/v2\/posts\/58611\/revisions"}],"wp:attachment":[{"href":"https:\/\/staging.varesenews.it\/swgapi\/v1\/wp\/v2\/media?parent=58611"}],"wp:term":[{"taxonomy":"category","embeddable":true,"href":"https:\/\/staging.varesenews.it\/swgapi\/v1\/wp\/v2\/categories?post=58611"},{"taxonomy":"post_tag","embeddable":true,"href":"https:\/\/staging.varesenews.it\/swgapi\/v1\/wp\/v2\/tags?post=58611"}],"curies":[{"name":"wp","href":"https:\/\/api.w.org\/{rel}","templated":true}]}}