{"id":58632,"date":"2013-06-03T00:00:00","date_gmt":"2013-06-03T00:00:00","guid":{"rendered":""},"modified":"2013-06-03T00:00:00","modified_gmt":"2013-06-03T00:00:00","slug":"e-morto-il-partigiano-federico-marelli","status":"publish","type":"post","link":"https:\/\/staging.varesenews.it\/2013\/06\/e-morto-il-partigiano-federico-marelli\/58632\/","title":{"rendered":"E&#8217; morto il partigiano Federico Marelli"},"content":{"rendered":"<p><img loading=\"lazy\" decoding=\"async\" src=\"https:\/\/www3.varesenews.it\/immagini_articoli\/201306\/dsc00611__1_.jpg\" width=\"300\" height=\"225\" vspace=\"5\" hspace=\"5\" border=\"1\" align=\"left\" alt=\"\" \/>L&rsquo;Anpi di Luino annuncia la <strong>scomparsa del Partigiano combattente Federico Marelli <\/strong>&nbsp;(a destra nella foto) di Voldomino, nato nel 1925, da sempre militante attivo della nostra Associazione.<strong>&nbsp;Federico Marelli &egrave; morto sabato 1&deg; giugno<\/strong>,  causa un&rsquo;incurabile e dolorosa malattia, dopo una lunga vita in piena salute ed efficienza.&nbsp;Le esequie si sono svolte oggi luned&igrave; 3 giugno, alle 15 nella chiesa di San Biagio di Voldomino.&nbsp;L&rsquo;Anpi di Luino sar&agrave; presente con il proprio labaro nell&rsquo;estremo dovuto omaggio. Ai figli, Annamaria e Maurizio, nostre sentite condoglianze.<\/p>\n<p><strong>LA STORIA &#8211;<\/strong> Avventurosa la sua partecipazione agli eventi bellici della seconda guerra mondiale che lo vide, insieme a suo fratello gemello Mario, nell&rsquo;ottobre del 1943 renitente alla leva dell&rsquo;esercito della repubblica di Sal&ograve;, al quale furono poi costretti consegnarsi perch&eacute; i fascisti luinesi avevano arrestato la madre e condotta all&rsquo;Hotel Helvezia di Luino, sede delle SS tedesche e noto luogo di tortura.&nbsp;I due giovani Marelli vennero mandati in Germania  ad addestrarsi nella fascista Brigata Alpina Monterosa e nella primavera del 1944 furono ricondotti in Italia a fronteggiare gli eserciti degli Alleati che stavano risalendo, liberandola, l&rsquo;Italia.<\/p>\n<p>Giunti in Italia, gli alpini fascisti della Monterosa, anzich&eacute; dirigersi verso Bologna al fronte contro gli Americani, furono spediti nella val Trebbia, a Bobbio, a combattere i Partigiani. Dopo alcuni mesi i due giovani gemelli disertano, come hanno fatto in tanti loro commilitoni, e si uniscono ai partigiani di Giustizia e Libert&agrave;.&nbsp;Con i partigiani conducono una vita molto dura, fatta di fame e di stenti, con agguati, rastrellamenti, sbandamenti e tragici fatti di guerra.<br \/>\nA fine dicembre decidono di rientrare a Luino. I due voldominesi si fanno a piedi, fra mille avventure, dalla val Tidone sull&rsquo;Appennino piacentino a Voldomino; quasi un mese di viaggio.<\/p>\n<p>Da Voldomino passano poi in Svizzera, dove, aiutati anche dal noto agronomo svizzero Mario Baggiolini, fratello della Rosetta Merini Garibaldi della Gera. In svizzera, nel canton Ticino, rimangono svolgendo l&rsquo;attivit&agrave; di boscaioli, sino al termine della guerra.&nbsp;Rimangono, per questioni burocratiche, fino al mese di giugno, quando senza autorizzazione raggiungono i famigliari a Voldomino.&nbsp;Alcuni giorni dopo, nell&rsquo;intento di accompagnare un ebreo spagnolo che voleva entrare in Svizzera, clandestinamente, per raggiungere poi la Spagna, vengono alla frontiera fermati dalla Guardia di Finanza e tenuti in prigione per circa quindici giorni.<\/p>\n<p>Al processo che si tenne in seguito alla Pretura di Luino. L&rsquo;avvocato difensore d&rsquo;ufficio fu il padre del Senatore Piero Pellicini, nonno dell&rsquo;attuale sindaco di Luino, Andrea Pellicini. Dopo breve dibattimento i due giovani furono assolti.&nbsp;Finiscono cos&igrave;, nell&rsquo;agosto del 1945, le tribolazioni di guerra dei gemelli Mario e Federico Marelli.&nbsp;Tutte queste informazioni e altro, compreso la vicenda dell&rsquo;avv. Pellicini, si possono leggere nel volume n. 5, anno 2011 de &ldquo;Il fiore meraviglioso, Testimonianze partigiane dal Lago Maggiore e dalla Riviera di Levante&rdquo;, a cura dell&rsquo;Anpi di Ispra.<\/p>\n","protected":false},"excerpt":{"rendered":"<p>Insieme al fratello gemello Mario disert\u00f2 per passare dalle milizie della repubblica di Sal\u00f2 al gruppo di partigiani di Giustizia e Libert\u00e0. Oggi si sono svolte le esequie<\/p>\n","protected":false},"author":10,"featured_media":0,"comment_status":"open","ping_status":"open","sticky":false,"template":"","format":"standard","meta":{"footnotes":""},"categories":[2],"tags":[1021,3181,10905,3148],"acf":[],"yoast_head":"<!-- This site is optimized with the Yoast SEO plugin v20.1 - https:\/\/yoast.com\/wordpress\/plugins\/seo\/ -->\n<title>E&#039; morto il partigiano Federico Marelli<\/title>\n<meta name=\"description\" content=\"Insieme al fratello gemello Mario disert\u00f2 per passare dalle milizie della repubblica di Sal\u00f2 al gruppo di partigiani di Giustizia e Libert\u00e0. Oggi si sono svolte le esequie\" \/>\n<meta name=\"robots\" content=\"noindex, follow, max-snippet:-1, max-image-preview:large, max-video-preview:-1\" \/>\n<meta property=\"og:locale\" content=\"it_IT\" \/>\n<meta property=\"og:type\" content=\"article\" \/>\n<meta property=\"og:title\" content=\"E&#039; morto il partigiano Federico Marelli\" \/>\n<meta property=\"og:description\" content=\"Insieme al fratello gemello Mario disert\u00f2 per passare dalle milizie della repubblica di Sal\u00f2 al gruppo di partigiani di Giustizia e Libert\u00e0. Oggi si sono svolte le esequie\" \/>\n<meta property=\"og:url\" content=\"https:\/\/staging.varesenews.it\/2013\/06\/e-morto-il-partigiano-federico-marelli\/58632\/\" \/>\n<meta property=\"og:site_name\" content=\"VareseNews\" \/>\n<meta property=\"article:publisher\" content=\"https:\/\/www.facebook.com\/varesenews\" \/>\n<meta property=\"article:published_time\" content=\"2013-06-03T00:00:00+00:00\" \/>\n<meta property=\"og:image\" content=\"https:\/\/www3.varesenews.it\/immagini_articoli\/201306\/dsc00611__1_.jpg\" \/>\n<meta name=\"author\" content=\"Redazione VareseNews\" \/>\n<meta name=\"twitter:card\" content=\"summary_large_image\" \/>\n<meta name=\"twitter:creator\" content=\"@varesenews\" \/>\n<meta name=\"twitter:site\" content=\"@varesenews\" \/>\n<meta name=\"twitter:label1\" content=\"Scritto da\" \/>\n\t<meta name=\"twitter:data1\" content=\"Redazione VareseNews\" \/>\n\t<meta name=\"twitter:label2\" content=\"Tempo di lettura stimato\" \/>\n\t<meta name=\"twitter:data2\" content=\"3 minuti\" \/>\n<script type=\"application\/ld+json\" class=\"yoast-schema-graph\">{\"@context\":\"https:\/\/schema.org\",\"@graph\":[{\"@type\":\"WebPage\",\"@id\":\"https:\/\/staging.varesenews.it\/2013\/06\/e-morto-il-partigiano-federico-marelli\/58632\/\",\"url\":\"https:\/\/staging.varesenews.it\/2013\/06\/e-morto-il-partigiano-federico-marelli\/58632\/\",\"name\":\"E' morto il partigiano Federico Marelli\",\"isPartOf\":{\"@id\":\"https:\/\/staging.varesenews.it\/#website\"},\"datePublished\":\"2013-06-03T00:00:00+00:00\",\"dateModified\":\"2013-06-03T00:00:00+00:00\",\"author\":{\"@id\":\"https:\/\/staging.varesenews.it\/#\/schema\/person\/fb20c4da0b7b16c291707a20db73e169\"},\"description\":\"Insieme al fratello gemello Mario disert\u00f2 per passare dalle milizie della repubblica di Sal\u00f2 al gruppo di partigiani di Giustizia e Libert\u00e0. Oggi si sono svolte le esequie\",\"breadcrumb\":{\"@id\":\"https:\/\/staging.varesenews.it\/2013\/06\/e-morto-il-partigiano-federico-marelli\/58632\/#breadcrumb\"},\"inLanguage\":\"it-IT\",\"potentialAction\":[{\"@type\":\"ReadAction\",\"target\":[\"https:\/\/staging.varesenews.it\/2013\/06\/e-morto-il-partigiano-federico-marelli\/58632\/\"]}]},{\"@type\":\"BreadcrumbList\",\"@id\":\"https:\/\/staging.varesenews.it\/2013\/06\/e-morto-il-partigiano-federico-marelli\/58632\/#breadcrumb\",\"itemListElement\":[{\"@type\":\"ListItem\",\"position\":1,\"name\":\"Home\",\"item\":\"https:\/\/www.varesenews.it\/\"},{\"@type\":\"ListItem\",\"position\":2,\"name\":\"E&#8217; morto il partigiano Federico Marelli\"}]},{\"@type\":\"WebSite\",\"@id\":\"https:\/\/staging.varesenews.it\/#website\",\"url\":\"https:\/\/staging.varesenews.it\/\",\"name\":\"VareseNews\",\"description\":\"\",\"potentialAction\":[{\"@type\":\"SearchAction\",\"target\":{\"@type\":\"EntryPoint\",\"urlTemplate\":\"https:\/\/staging.varesenews.it\/?s={search_term_string}\"},\"query-input\":\"required name=search_term_string\"}],\"inLanguage\":\"it-IT\"},{\"@type\":\"Person\",\"@id\":\"https:\/\/staging.varesenews.it\/#\/schema\/person\/fb20c4da0b7b16c291707a20db73e169\",\"name\":\"Redazione VareseNews\",\"image\":{\"@type\":\"ImageObject\",\"inLanguage\":\"it-IT\",\"@id\":\"https:\/\/staging.varesenews.it\/#\/schema\/person\/image\/\",\"url\":\"https:\/\/staging.varesenews.it\/wp-content\/uploads\/2020\/12\/logo_VN_colori_500.png\",\"contentUrl\":\"https:\/\/staging.varesenews.it\/wp-content\/uploads\/2020\/12\/logo_VN_colori_500.png\",\"caption\":\"Redazione VareseNews\"},\"url\":\"https:\/\/staging.varesenews.it\/persona\/redazione1\/\"}]}<\/script>\n<!-- \/ Yoast SEO plugin. -->","yoast_head_json":{"title":"E' morto il partigiano Federico Marelli","description":"Insieme al fratello gemello Mario disert\u00f2 per passare dalle milizie della repubblica di Sal\u00f2 al gruppo di partigiani di Giustizia e Libert\u00e0. Oggi si sono svolte le esequie","robots":{"index":"noindex","follow":"follow","max-snippet":"max-snippet:-1","max-image-preview":"max-image-preview:large","max-video-preview":"max-video-preview:-1"},"og_locale":"it_IT","og_type":"article","og_title":"E' morto il partigiano Federico Marelli","og_description":"Insieme al fratello gemello Mario disert\u00f2 per passare dalle milizie della repubblica di Sal\u00f2 al gruppo di partigiani di Giustizia e Libert\u00e0. Oggi si sono svolte le esequie","og_url":"https:\/\/staging.varesenews.it\/2013\/06\/e-morto-il-partigiano-federico-marelli\/58632\/","og_site_name":"VareseNews","article_publisher":"https:\/\/www.facebook.com\/varesenews","article_published_time":"2013-06-03T00:00:00+00:00","og_image":[{"url":"https:\/\/www3.varesenews.it\/immagini_articoli\/201306\/dsc00611__1_.jpg"}],"author":"Redazione VareseNews","twitter_card":"summary_large_image","twitter_creator":"@varesenews","twitter_site":"@varesenews","twitter_misc":{"Scritto da":"Redazione VareseNews","Tempo di lettura stimato":"3 minuti"},"schema":{"@context":"https:\/\/schema.org","@graph":[{"@type":"WebPage","@id":"https:\/\/staging.varesenews.it\/2013\/06\/e-morto-il-partigiano-federico-marelli\/58632\/","url":"https:\/\/staging.varesenews.it\/2013\/06\/e-morto-il-partigiano-federico-marelli\/58632\/","name":"E' morto il partigiano Federico Marelli","isPartOf":{"@id":"https:\/\/staging.varesenews.it\/#website"},"datePublished":"2013-06-03T00:00:00+00:00","dateModified":"2013-06-03T00:00:00+00:00","author":{"@id":"https:\/\/staging.varesenews.it\/#\/schema\/person\/fb20c4da0b7b16c291707a20db73e169"},"description":"Insieme al fratello gemello Mario disert\u00f2 per passare dalle milizie della repubblica di Sal\u00f2 al gruppo di partigiani di Giustizia e Libert\u00e0. Oggi si sono svolte le esequie","breadcrumb":{"@id":"https:\/\/staging.varesenews.it\/2013\/06\/e-morto-il-partigiano-federico-marelli\/58632\/#breadcrumb"},"inLanguage":"it-IT","potentialAction":[{"@type":"ReadAction","target":["https:\/\/staging.varesenews.it\/2013\/06\/e-morto-il-partigiano-federico-marelli\/58632\/"]}]},{"@type":"BreadcrumbList","@id":"https:\/\/staging.varesenews.it\/2013\/06\/e-morto-il-partigiano-federico-marelli\/58632\/#breadcrumb","itemListElement":[{"@type":"ListItem","position":1,"name":"Home","item":"https:\/\/www.varesenews.it\/"},{"@type":"ListItem","position":2,"name":"E&#8217; morto il partigiano Federico Marelli"}]},{"@type":"WebSite","@id":"https:\/\/staging.varesenews.it\/#website","url":"https:\/\/staging.varesenews.it\/","name":"VareseNews","description":"","potentialAction":[{"@type":"SearchAction","target":{"@type":"EntryPoint","urlTemplate":"https:\/\/staging.varesenews.it\/?s={search_term_string}"},"query-input":"required name=search_term_string"}],"inLanguage":"it-IT"},{"@type":"Person","@id":"https:\/\/staging.varesenews.it\/#\/schema\/person\/fb20c4da0b7b16c291707a20db73e169","name":"Redazione VareseNews","image":{"@type":"ImageObject","inLanguage":"it-IT","@id":"https:\/\/staging.varesenews.it\/#\/schema\/person\/image\/","url":"https:\/\/staging.varesenews.it\/wp-content\/uploads\/2020\/12\/logo_VN_colori_500.png","contentUrl":"https:\/\/staging.varesenews.it\/wp-content\/uploads\/2020\/12\/logo_VN_colori_500.png","caption":"Redazione VareseNews"},"url":"https:\/\/staging.varesenews.it\/persona\/redazione1\/"}]}},"post_meta":{"id_old":"264722","argomento":"Luino"},"photos":[],"_links":{"self":[{"href":"https:\/\/staging.varesenews.it\/swgapi\/v1\/wp\/v2\/posts\/58632"}],"collection":[{"href":"https:\/\/staging.varesenews.it\/swgapi\/v1\/wp\/v2\/posts"}],"about":[{"href":"https:\/\/staging.varesenews.it\/swgapi\/v1\/wp\/v2\/types\/post"}],"author":[{"embeddable":true,"href":"https:\/\/staging.varesenews.it\/swgapi\/v1\/wp\/v2\/users\/10"}],"replies":[{"embeddable":true,"href":"https:\/\/staging.varesenews.it\/swgapi\/v1\/wp\/v2\/comments?post=58632"}],"version-history":[{"count":0,"href":"https:\/\/staging.varesenews.it\/swgapi\/v1\/wp\/v2\/posts\/58632\/revisions"}],"wp:attachment":[{"href":"https:\/\/staging.varesenews.it\/swgapi\/v1\/wp\/v2\/media?parent=58632"}],"wp:term":[{"taxonomy":"category","embeddable":true,"href":"https:\/\/staging.varesenews.it\/swgapi\/v1\/wp\/v2\/categories?post=58632"},{"taxonomy":"post_tag","embeddable":true,"href":"https:\/\/staging.varesenews.it\/swgapi\/v1\/wp\/v2\/tags?post=58632"}],"curies":[{"name":"wp","href":"https:\/\/api.w.org\/{rel}","templated":true}]}}