{"id":588081,"date":"2017-01-23T16:04:50","date_gmt":"2017-01-23T15:04:50","guid":{"rendered":"http:\/\/www.varesenews.it\/?p=588081"},"modified":"2017-01-23T16:20:44","modified_gmt":"2017-01-23T15:20:44","slug":"condizioni-di-lavoro-estreme-quella-gente-non-la-dimenticheremo","status":"publish","type":"post","link":"https:\/\/staging.varesenews.it\/2017\/01\/condizioni-di-lavoro-estreme-quella-gente-non-la-dimenticheremo\/588081\/","title":{"rendered":"&#8220;Condizioni estreme: quella gente non la dimenticheremo&#8221;"},"content":{"rendered":"<p class=\"p1\"><span class=\"s1\">Un abbraccio, una parola di conforto. A volte solo la presenza fisica. Nell\u2019emergenza che ha colpito il centro Italia, gli uomini<strong> dell\u2019elisoccorso partito da Como settimana scorsa<\/strong> hanno lavorato in condizioni difficilissime per rispondere a \u00ab <strong>una tale quantit\u00e0 di richieste di soccorso impossibile da preventivare in<span class=\"Apple-converted-space\">\u00a0 <\/span>qualsiasi piano studiato a tavolino\u00bb<\/strong>. Cos\u00ec descrive i suoi giorni di lavoro il <strong>dottor Simone Zerbi, medico rianimatore<\/strong>\u00a0dell&#8217;ASST Lariana partito alla volta dell\u2019ospedale di Teramo insieme al comandante dell\u2019elicottero\u00a0<strong>Gianfranco<\/strong> <b>Molina<\/b>, al copilota <strong>Riccardo<\/strong> <b>Pozzetto,<\/b>\u00a0al tecnico <strong>Fabio<\/strong> <b>Ciroi<\/b> di Inaer Aviation Italia, <strong>all\u2019infermiere<\/strong> <strong>Umberto<\/strong> <b>Piccolo<\/b> e<span class=\"Apple-converted-space\">\u00a0 <\/span>al tecnico del Soccorso Alpino \u00a0<strong>Alessio<\/strong> <b>Bortoli<\/b>.<\/span><\/p>\n<h3 class=\"p1\">CONDIZIONI DI LAVORO ESTREME<\/h3>\n<p class=\"p1\"><span class=\"s1\">Condizioni di lavoro estreme, spesso<strong> appesi al verricello per raggiungere frazioni e abitazioni isolate<\/strong> a causa di muri di neve alti fino a 5 metri, alla ricerca di quanti avevano bisogno di aiuto, senza indicazioni precise o segni evidenti : \u00ab Tutto sotto di noi era bianco &#8211; ricorda il <strong>comandante Molina<\/strong> &#8211; il paesaggio era uniforme. I punti di riferimento spesso erano sepolti sotto la neve, quindi ci muovevamo tra mille difficolt\u00e0:<strong> lasciavamo scendere a terra i tecnici del soccorso alpino<\/strong> che controllavano la zona e cercavano quanti erano in difficolt\u00e0. A quel punto<strong> facevamo scendere a terra il personale sanitario.<\/strong> Poi ci alzavamo di nuovo in volo per ritornare a prenderli: soli o con qualche paziente da trasportare in ospedale\u00bb.<\/span><\/p>\n<p class=\"p1\"><span class=\"s1\">Come quella <strong>mamma incinta di 7 mesi e suo\u00a0figlio di un anno<\/strong> isolata nell&#8217;abitazione di Castelli insieme ai genitori anziani e al nonno novantenne. O, quei <strong>due bambini con la febbre alta senza pi\u00f9 farmaci<\/strong>, o <strong>l\u2019anziana a Forca di Valle con problemi respiratori<\/strong> a cui \u00e8 bastato vederli arrivare per rilassarsi e stare meglio : \u00ab Abbiamo lavorato su segnalazioni &#8211; ha raccontato il comandante &#8211; il parente che non aveva pi\u00f9 notizie del congiunto, il vicino di casa che spiegava le sue preoccupazioni, o qualche conoscente che segnalava casi. Quando arrivavamo sul posto, per\u00f2, le condizioni non erano quelle che ci aspettavamo. La neve era tanta, mai vista tanta neve\u2026.\u00bb.<\/span><\/p>\n<p class=\"p1\"><span class=\"s1\"><strong>Gestire la paura e l\u2019ansia di una situazione doppiamente preoccupante<\/strong>, con la neve a bloccare la strada e la terra che tremava, ha generato un\u2019emergenza continua: \u00ab Abbiamo effettuato in 24 ore<strong> una dozzina interventi<\/strong> &#8211; ha raccontato il dottor Zerbi &#8211; ma solo la met\u00e0 aveva reale necessit\u00e0 di trasporto in ospedale. <strong>Molti ci aspettavano solo per essere tranquillizzat<\/strong>i. Lo stress da isolamento ha messo a dura prova <strong>una popolazione che ha mostrato forza e tenacia, una grande capacit\u00e0 di reagire e di<span class=\"Apple-converted-space\">\u00a0 <\/span>agevolare i soccorsi<\/strong>\u00bb.<\/span><\/p>\n<h3 class=\"p1\">SALVATAGGIO DRAMMATICO<\/h3>\n<p class=\"p1\"><span class=\"s1\">Un momento particolarmente delicato \u00e8 stato vissuto quando sono stati mandati a <strong>Pietralta<\/strong> ad aiutare un gruppo di trenta persone radunate in un rustico.<br \/>\nPrima scendono gli uomini del soccorso alpino che individuano il rustico, quindi arrivano i sanitari. Poi il tecnico del soccorso va cercare<span class=\"Apple-converted-space\">\u00a0 <\/span>dei bambini con la febbre, nella loro casa dall\u2019altra parte della frazione. Intanto passa il tempo, le condizioni del tempo peggiorano, la visibilit\u00e0 si riduce. Il capitano Moglia avverte che le <strong>condizioni di volo si fanno proibitive<\/strong>. \u00a0A terra, c\u2019\u00e8 ancora chi ha bisogno: una donna con il diabete che va accudita. La visibilit\u00e0 ormai non c\u2019\u00e8 pi\u00f9. <strong>Per il personale dell\u2019elisoccorso sceso a terra si prospetta una notte nella frazione<\/strong>: \u00ab C\u2019\u00e8 stata una gara per darci un letto, un posto caldo &#8211; racconta il medico &#8211; poi, per\u00f2, c\u2019\u00e8 stata una pausa nel maltempo. L\u2019elisoccorso \u00e8 tornato e siamo riusciti a ripartire\u00bb. <div class=\"photo-inside-post\"><img decoding=\"async\" loading=\"lazy\" fetchpriority=\"low\" width=\"610\" height=\"431\" src=\"https:\/\/staging.varesenews.it\/photogallery_new\/images\/2017\/01\/elisoccorso-590368.610x431.jpg\" alt=\"elisoccorso \"><\/div><\/span><\/p>\n<h3 class=\"p1\">LA SOLIDARIETA&#8217;<\/h3>\n<p class=\"p1\"><span class=\"s1\"><strong>Piccole storie straordinarie di una missione di soccorso diversa da solito:<\/strong> \u00ab Erano salti nel buio ogni volta &#8211; racconta Zerbi &#8211; richieste di aiuto non specificate, per persone con cui non avevamo parlato, in luoghi ormai sepolti dalla neve. Ci preparavamo ad affrontare ogni situazione\u00bb. <\/span><\/p>\n<p class=\"p1\"><span class=\"s1\"><strong>Un impegno ripagato dai sorrisi, dai gesti di cortesia, da un SMS di ringraziamento arrivato a ore di distanza<\/strong> : \u00ab Abbiamo visto che davanti a una maxi emergenza come questa, <strong>nessuno si tira indietro<\/strong> &#8211; \u00a0commenta il comandante Molina &#8211; Ogni sforzo \u00e8 teso ad aiutare gli altri in un grande coordinamento spontaneo. Devo ringraziare quanti ci hanno accolto all\u2019ospedale di Teramo, ai colleghi degli altri elioscopi. Il lavoro di squadra \u00e8 stato enorme\u00bb<\/span><\/p>\n<p class=\"p1\"><span class=\"s1\">\u00ab Perch\u00e9 \u00e8 la squadra che vince &#8211; conclude il <strong>direttore della Soreu del Laghi Mario Landriscina<\/strong> &#8211;<span class=\"Apple-converted-space\">\u00a0 <\/span>Si impara tutti insieme e queste esperienze indicano che stiamo andando nella strada giusta\u00bb.<\/span><\/p>\n<h3 class=\"p1\">ESPERIENZA INDIMENTICABILE<\/h3>\n<p class=\"p1\"><span class=\"s1\">L\u2019elisoccorso di Como, che ha visto operare anche la dottoressa <strong>Laura<\/strong> <b>Cicciarella<\/b>, l\u2019infermiera <strong>Elena<\/strong> <b>Sala e<\/b> il tecnico del Soccorso Alpino <strong>Stefano<\/strong> <b>Pizzagalli<\/b> come sostituti della prima squadra, ora \u00e8 tornato alla base di Villa Guardia per presidiare i territori di Como e Varese. Al suo posto sta lavorando quello di Milano insieme a tutto il personale medico, infermieristico e dei Vigili del fuoco inviati dalla Lombardia: \u00ab \u00c8 stata un\u2019esperienza bellissima &#8211; si lascia andare l\u2019infermiere <strong>Umberto Piccolo<\/strong> &#8211; non fraintendetemi: \u00e8 stata dura, ed \u00e8 dura. Ma poter mettere in pratica in modo efficiente ed efficace ci\u00f2 che si \u00e8 imparato con lunga preparazione d\u00e0 forti emozioni. Che non si dimenticano\u00bb.<\/span><\/p>\n","protected":false},"excerpt":{"rendered":"<p>\u00c8 rientrato alla base di Como l&#8217;elisoccorso impegnato nella zona di Teramo. I racconti dei protagonisti tra missioni difficilissime ed emozioni forti<\/p>\n","protected":false},"author":33,"featured_media":0,"comment_status":"open","ping_status":"open","sticky":false,"template":"","format":"standard","meta":{"footnotes":""},"categories":[9,7,24,2],"tags":[3087,2021,27720],"acf":[],"yoast_head":"<!-- This site is optimized with the Yoast SEO plugin v20.1 - https:\/\/yoast.com\/wordpress\/plugins\/seo\/ -->\n<title>&quot;Condizioni estreme: quella gente non la dimenticheremo&quot;<\/title>\n<meta name=\"description\" content=\"\u00c8 rientrato alla base di Como l&#039;elisoccorso impegnato nella zona di Teramo. I racconti dei protagonisti tra missioni difficilissime ed emozioni forti\" \/>\n<meta name=\"robots\" content=\"noindex, follow, max-snippet:-1, max-image-preview:large, max-video-preview:-1\" \/>\n<meta property=\"og:locale\" content=\"it_IT\" \/>\n<meta property=\"og:type\" content=\"article\" \/>\n<meta property=\"og:title\" content=\"&quot;Condizioni estreme: quella gente non la dimenticheremo&quot;\" \/>\n<meta property=\"og:description\" content=\"\u00c8 rientrato alla base di Como l&#039;elisoccorso impegnato nella zona di Teramo. I racconti dei protagonisti tra missioni difficilissime ed emozioni forti\" \/>\n<meta property=\"og:url\" content=\"https:\/\/www.varesenews.it\/2017\/01\/condizioni-di-lavoro-estreme-quella-gente-non-la-dimenticheremo\/588081\/\" \/>\n<meta property=\"og:site_name\" content=\"VareseNews\" \/>\n<meta property=\"article:publisher\" content=\"https:\/\/www.facebook.com\/varesenews\" \/>\n<meta property=\"article:author\" content=\"alessandra.toni7\" \/>\n<meta property=\"article:published_time\" content=\"2017-01-23T15:04:50+00:00\" \/>\n<meta property=\"article:modified_time\" content=\"2017-01-23T15:20:44+00:00\" \/>\n<meta name=\"author\" content=\"Alessandra Toni\" \/>\n<meta name=\"twitter:card\" content=\"summary_large_image\" \/>\n<meta name=\"twitter:creator\" content=\"@alessandra_toni\" \/>\n<meta name=\"twitter:site\" content=\"@varesenews\" \/>\n<meta name=\"twitter:label1\" content=\"Scritto da\" \/>\n\t<meta name=\"twitter:data1\" content=\"Alessandra Toni\" \/>\n\t<meta name=\"twitter:label2\" content=\"Tempo di lettura stimato\" \/>\n\t<meta name=\"twitter:data2\" content=\"4 minuti\" \/>\n<script type=\"application\/ld+json\" class=\"yoast-schema-graph\">{\"@context\":\"https:\/\/schema.org\",\"@graph\":[{\"@type\":\"WebPage\",\"@id\":\"https:\/\/www.varesenews.it\/2017\/01\/condizioni-di-lavoro-estreme-quella-gente-non-la-dimenticheremo\/588081\/\",\"url\":\"https:\/\/www.varesenews.it\/2017\/01\/condizioni-di-lavoro-estreme-quella-gente-non-la-dimenticheremo\/588081\/\",\"name\":\"\\\"Condizioni estreme: quella gente non la dimenticheremo\\\"\",\"isPartOf\":{\"@id\":\"https:\/\/staging.varesenews.it\/#website\"},\"datePublished\":\"2017-01-23T15:04:50+00:00\",\"dateModified\":\"2017-01-23T15:20:44+00:00\",\"author\":{\"@id\":\"https:\/\/staging.varesenews.it\/#\/schema\/person\/2643ce123d4a3c9511e015dc548779b8\"},\"description\":\"\u00c8 rientrato alla base di Como l'elisoccorso impegnato nella zona di Teramo. I racconti dei protagonisti tra missioni difficilissime ed emozioni forti\",\"breadcrumb\":{\"@id\":\"https:\/\/www.varesenews.it\/2017\/01\/condizioni-di-lavoro-estreme-quella-gente-non-la-dimenticheremo\/588081\/#breadcrumb\"},\"inLanguage\":\"it-IT\",\"potentialAction\":[{\"@type\":\"ReadAction\",\"target\":[\"https:\/\/www.varesenews.it\/2017\/01\/condizioni-di-lavoro-estreme-quella-gente-non-la-dimenticheremo\/588081\/\"]}]},{\"@type\":\"BreadcrumbList\",\"@id\":\"https:\/\/www.varesenews.it\/2017\/01\/condizioni-di-lavoro-estreme-quella-gente-non-la-dimenticheremo\/588081\/#breadcrumb\",\"itemListElement\":[{\"@type\":\"ListItem\",\"position\":1,\"name\":\"Home\",\"item\":\"https:\/\/www.varesenews.it\/\"},{\"@type\":\"ListItem\",\"position\":2,\"name\":\"&#8220;Condizioni estreme: quella gente non la dimenticheremo&#8221;\"}]},{\"@type\":\"WebSite\",\"@id\":\"https:\/\/staging.varesenews.it\/#website\",\"url\":\"https:\/\/staging.varesenews.it\/\",\"name\":\"VareseNews\",\"description\":\"\",\"potentialAction\":[{\"@type\":\"SearchAction\",\"target\":{\"@type\":\"EntryPoint\",\"urlTemplate\":\"https:\/\/staging.varesenews.it\/?s={search_term_string}\"},\"query-input\":\"required name=search_term_string\"}],\"inLanguage\":\"it-IT\"},{\"@type\":\"Person\",\"@id\":\"https:\/\/staging.varesenews.it\/#\/schema\/person\/2643ce123d4a3c9511e015dc548779b8\",\"name\":\"Alessandra Toni\",\"image\":{\"@type\":\"ImageObject\",\"inLanguage\":\"it-IT\",\"@id\":\"https:\/\/staging.varesenews.it\/#\/schema\/person\/image\/\",\"url\":\"https:\/\/staging.varesenews.it\/wp-content\/uploads\/2020\/12\/alessandra_toni_colori_500.jpg\",\"contentUrl\":\"https:\/\/staging.varesenews.it\/wp-content\/uploads\/2020\/12\/alessandra_toni_colori_500.jpg\",\"caption\":\"Alessandra Toni\"},\"description\":\"Sono entrata nella redazione di VareseNews nel lontano anno 2000. Ero reduce da una bellissima esperienza nella redazione giornalistica della TV Nuova Antennatre, sotto la direzione dell'indimenticabile direttore Adolfo Caldarini. Sono arrivata quando era ancora una piccola realt\u00e0 editoriale e insieme abbiamo fatto un lungo ed entusiasmante lavoro. Mi occupo prevalentemente di scuola e di sanit\u00e0, settori impegnativi di grande valore sociale.\u00a0\",\"sameAs\":[\"alessandra.toni7\",\"alessandra.toni\",\"https:\/\/twitter.com\/alessandra_toni\"],\"url\":\"https:\/\/staging.varesenews.it\/persona\/alessandra_toni1\/\"}]}<\/script>\n<!-- \/ Yoast SEO plugin. -->","yoast_head_json":{"title":"\"Condizioni estreme: quella gente non la dimenticheremo\"","description":"\u00c8 rientrato alla base di Como l'elisoccorso impegnato nella zona di Teramo. I racconti dei protagonisti tra missioni difficilissime ed emozioni forti","robots":{"index":"noindex","follow":"follow","max-snippet":"max-snippet:-1","max-image-preview":"max-image-preview:large","max-video-preview":"max-video-preview:-1"},"og_locale":"it_IT","og_type":"article","og_title":"\"Condizioni estreme: quella gente non la dimenticheremo\"","og_description":"\u00c8 rientrato alla base di Como l'elisoccorso impegnato nella zona di Teramo. I racconti dei protagonisti tra missioni difficilissime ed emozioni forti","og_url":"https:\/\/www.varesenews.it\/2017\/01\/condizioni-di-lavoro-estreme-quella-gente-non-la-dimenticheremo\/588081\/","og_site_name":"VareseNews","article_publisher":"https:\/\/www.facebook.com\/varesenews","article_author":"alessandra.toni7","article_published_time":"2017-01-23T15:04:50+00:00","article_modified_time":"2017-01-23T15:20:44+00:00","author":"Alessandra Toni","twitter_card":"summary_large_image","twitter_creator":"@alessandra_toni","twitter_site":"@varesenews","twitter_misc":{"Scritto da":"Alessandra Toni","Tempo di lettura stimato":"4 minuti"},"schema":{"@context":"https:\/\/schema.org","@graph":[{"@type":"WebPage","@id":"https:\/\/www.varesenews.it\/2017\/01\/condizioni-di-lavoro-estreme-quella-gente-non-la-dimenticheremo\/588081\/","url":"https:\/\/www.varesenews.it\/2017\/01\/condizioni-di-lavoro-estreme-quella-gente-non-la-dimenticheremo\/588081\/","name":"\"Condizioni estreme: quella gente non la dimenticheremo\"","isPartOf":{"@id":"https:\/\/staging.varesenews.it\/#website"},"datePublished":"2017-01-23T15:04:50+00:00","dateModified":"2017-01-23T15:20:44+00:00","author":{"@id":"https:\/\/staging.varesenews.it\/#\/schema\/person\/2643ce123d4a3c9511e015dc548779b8"},"description":"\u00c8 rientrato alla base di Como l'elisoccorso impegnato nella zona di Teramo. I racconti dei protagonisti tra missioni difficilissime ed emozioni forti","breadcrumb":{"@id":"https:\/\/www.varesenews.it\/2017\/01\/condizioni-di-lavoro-estreme-quella-gente-non-la-dimenticheremo\/588081\/#breadcrumb"},"inLanguage":"it-IT","potentialAction":[{"@type":"ReadAction","target":["https:\/\/www.varesenews.it\/2017\/01\/condizioni-di-lavoro-estreme-quella-gente-non-la-dimenticheremo\/588081\/"]}]},{"@type":"BreadcrumbList","@id":"https:\/\/www.varesenews.it\/2017\/01\/condizioni-di-lavoro-estreme-quella-gente-non-la-dimenticheremo\/588081\/#breadcrumb","itemListElement":[{"@type":"ListItem","position":1,"name":"Home","item":"https:\/\/www.varesenews.it\/"},{"@type":"ListItem","position":2,"name":"&#8220;Condizioni estreme: quella gente non la dimenticheremo&#8221;"}]},{"@type":"WebSite","@id":"https:\/\/staging.varesenews.it\/#website","url":"https:\/\/staging.varesenews.it\/","name":"VareseNews","description":"","potentialAction":[{"@type":"SearchAction","target":{"@type":"EntryPoint","urlTemplate":"https:\/\/staging.varesenews.it\/?s={search_term_string}"},"query-input":"required name=search_term_string"}],"inLanguage":"it-IT"},{"@type":"Person","@id":"https:\/\/staging.varesenews.it\/#\/schema\/person\/2643ce123d4a3c9511e015dc548779b8","name":"Alessandra Toni","image":{"@type":"ImageObject","inLanguage":"it-IT","@id":"https:\/\/staging.varesenews.it\/#\/schema\/person\/image\/","url":"https:\/\/staging.varesenews.it\/wp-content\/uploads\/2020\/12\/alessandra_toni_colori_500.jpg","contentUrl":"https:\/\/staging.varesenews.it\/wp-content\/uploads\/2020\/12\/alessandra_toni_colori_500.jpg","caption":"Alessandra Toni"},"description":"Sono entrata nella redazione di VareseNews nel lontano anno 2000. Ero reduce da una bellissima esperienza nella redazione giornalistica della TV Nuova Antennatre, sotto la direzione dell'indimenticabile direttore Adolfo Caldarini. Sono arrivata quando era ancora una piccola realt\u00e0 editoriale e insieme abbiamo fatto un lungo ed entusiasmante lavoro. Mi occupo prevalentemente di scuola e di sanit\u00e0, settori impegnativi di grande valore sociale.\u00a0","sameAs":["alessandra.toni7","alessandra.toni","https:\/\/twitter.com\/alessandra_toni"],"url":"https:\/\/staging.varesenews.it\/persona\/alessandra_toni1\/"}]}},"post_meta":{"_edit_lock":"1485184799:33","_edit_last":"33","_category_permalink":"","wdfb_og_title":"","wdfb_og_type":"","wdfb_og_description":"","wdfb_og_images":"a:1:{i:0;s:0:\"\";}","wdfb_og_custom_name":"a:1:{i:0;s:0:\"\";}","wdfb_og_custom_value":"a:1:{i:0;s:0:\"\";}","foto":"590364,590368,590419","argomento":"Emergenza Abruzzo","_jd_twitter":"","_jd_tweet_this":"yes","id_video_vzaar":"9065479","ratings_users":"0","ratings_score":"0","ratings_average":"0","_wpt_short_url":"http:\/\/www.varesenews.it\/2017\/01\/condizioni-di-lavoro-estreme-quella-gente-non-la-dimenticheremo\/588081\/","_wp_jd_target":"http:\/\/www.varesenews.it\/2017\/01\/condizioni-di-lavoro-estreme-quella-gente-non-la-dimenticheremo\/588081\/","_jd_wp_twitter":"a:1:{i:0;s:190:\"\"Condizioni di lavoro estreme: quella gente non la dimenticheremo\" http:\/\/www.varesenews.it\/2017\/01\/condizioni-di-lavoro-estreme-quella-gente-non-la-dimenticheremo\/588081\/ #areu #elisoccorso\";}","_wpt_status_message":"Tweet inviato con successo.","video":"588132,588128"},"photos":[{"original":"https:\/\/staging.varesenews.it\/photogallery_new\/images\/2017\/01\/intervento-a-teramo-terremoto-e-neve-590364.jpg","full":"https:\/\/staging.varesenews.it\/photogallery_new\/images\/2017\/01\/intervento-a-teramo-terremoto-e-neve-590364.1024x768.jpg","large":"https:\/\/staging.varesenews.it\/photogallery_new\/images\/2017\/01\/intervento-a-teramo-terremoto-e-neve-590364.610x431.jpg"},{"original":"https:\/\/staging.varesenews.it\/photogallery_new\/images\/2017\/01\/elisoccorso-590368.jpg","full":"https:\/\/staging.varesenews.it\/photogallery_new\/images\/2017\/01\/elisoccorso-590368.1024x768.jpg","large":"https:\/\/staging.varesenews.it\/photogallery_new\/images\/2017\/01\/elisoccorso-590368.610x431.jpg"},{"original":"https:\/\/staging.varesenews.it\/photogallery_new\/images\/2017\/01\/elisoccorso-teramo-terremoto-590419.jpg","full":"https:\/\/staging.varesenews.it\/photogallery_new\/images\/2017\/01\/elisoccorso-teramo-terremoto-590419.1024x768.jpg","large":"https:\/\/staging.varesenews.it\/photogallery_new\/images\/2017\/01\/elisoccorso-teramo-terremoto-590419.610x431.jpg"}],"_links":{"self":[{"href":"https:\/\/staging.varesenews.it\/swgapi\/v1\/wp\/v2\/posts\/588081"}],"collection":[{"href":"https:\/\/staging.varesenews.it\/swgapi\/v1\/wp\/v2\/posts"}],"about":[{"href":"https:\/\/staging.varesenews.it\/swgapi\/v1\/wp\/v2\/types\/post"}],"author":[{"embeddable":true,"href":"https:\/\/staging.varesenews.it\/swgapi\/v1\/wp\/v2\/users\/33"}],"replies":[{"embeddable":true,"href":"https:\/\/staging.varesenews.it\/swgapi\/v1\/wp\/v2\/comments?post=588081"}],"version-history":[{"count":0,"href":"https:\/\/staging.varesenews.it\/swgapi\/v1\/wp\/v2\/posts\/588081\/revisions"}],"wp:attachment":[{"href":"https:\/\/staging.varesenews.it\/swgapi\/v1\/wp\/v2\/media?parent=588081"}],"wp:term":[{"taxonomy":"category","embeddable":true,"href":"https:\/\/staging.varesenews.it\/swgapi\/v1\/wp\/v2\/categories?post=588081"},{"taxonomy":"post_tag","embeddable":true,"href":"https:\/\/staging.varesenews.it\/swgapi\/v1\/wp\/v2\/tags?post=588081"}],"curies":[{"name":"wp","href":"https:\/\/api.w.org\/{rel}","templated":true}]}}