{"id":588152,"date":"2017-01-23T16:48:28","date_gmt":"2017-01-23T15:48:28","guid":{"rendered":"http:\/\/www.varesenews.it\/?p=588152"},"modified":"2017-01-23T16:48:28","modified_gmt":"2017-01-23T15:48:28","slug":"oscar-2017-martedi-le-nomination-la-speranza-di-fuocoammare","status":"publish","type":"post","link":"https:\/\/staging.varesenews.it\/2017\/01\/oscar-2017-martedi-le-nomination-la-speranza-di-fuocoammare\/588152\/","title":{"rendered":"Oscar 2017, marted\u00ec le nomination. La speranza di &#8220;Fuocoammare&#8221;"},"content":{"rendered":"<p><strong>Saranno annunciate il 24 gennaio le nomination per gli Oscar 2017.<\/strong> In pole position per le candidature c&#8217;\u00e8 sicuramente il musical La La Land, ma potrebbero esserci anche tante sorprese. Grande attesa per la possibile candidatura di <strong>Fuocoammare<\/strong> di <strong>Gianfranco\u00a0Rosi<\/strong> nella categoria del miglior documentario, gi\u00e0 vincitore al Festival di Berlino la scorsa primavera.<\/p>\n<p>L\u2019annuncio dei candidati ai prossimi Academy Awards\u00ae sar\u00e0 trasmesso su Sky Cinema Uno HD, marted\u00ec 24 gennaio dalle 14.15, in diretta da Los Angeles. Saranno presenti, insieme al presidente dell\u2019Academy Cheryl <strong>Boone Isaacs,<\/strong> star pluripremiate del calibro di <strong>Jennifer Hudson<\/strong> (Oscar come miglior attrice non protagonista nel 2007 per Dreamgirls),<strong> Brie Larson<\/strong> (Oscar come migliore attrice protagonista nel 2016 per Room),<strong> Emmanuel Lubezki<\/strong> (Oscar per la migliore fotografia nel 2014 per Gravity, nel 2015 per Birdman e nel 2016 per Revenant &#8211; Redivivo), <strong>Jason Reitman<\/strong> (4 nomination agli Oscar per Juno e Tra le nuvole) e <strong>Ken Watanabe<\/strong> (nomination all\u2019Oscar come migliore attore non protagonista nel 2004 per l\u2019interpretazione in L\u2019ultimo Samurai).<\/p>\n<p>La cerimonia di premiazione<strong> dell\u201989\u00b0edizione degli Academy Awards<\/strong>\u00a0sar\u00e0 in onda in diretta e in esclusiva su Sky, <strong>domenica 26 febbraio 2016 dalle 22.50 su Sky Cinema Oscar HD<\/strong>, il canale dedicato ai film premiati con l\u2019ambita statuetta che si accender\u00e0 sul canale 304 da sabato 18 febbraio a domenica 5 marzo, tutto in alta definizione e con i migliori titoli disponibili anche su Sky On Demand.<\/p>\n","protected":false},"excerpt":{"rendered":"<p>La chance italiana pi\u00f9 grande \u00e8 per il documentario di Gianfranco Rosi, gi\u00e0 vincitore a Berlino, che conquisti anche la candidatura come &#8220;miglior documentario&#8221; <\/p>\n","protected":false},"author":51,"featured_media":0,"comment_status":"open","ping_status":"open","sticky":false,"template":"","format":"standard","meta":{"footnotes":""},"categories":[13],"tags":[4514,67042,67043],"acf":[],"yoast_head":"<!-- This site is optimized with the Yoast SEO plugin v20.1 - https:\/\/yoast.com\/wordpress\/plugins\/seo\/ -->\n<title>Oscar 2017, marted\u00ec le nomination. La speranza di &quot;Fuocoammare&quot;<\/title>\n<meta name=\"description\" content=\"La chance italiana pi\u00f9 grande \u00e8 per il documentario di Gianfranco Rosi, gi\u00e0 vincitore a Berlino, che conquisti anche la candidatura come &quot;miglior documentario&quot;\" \/>\n<meta name=\"robots\" content=\"noindex, follow, max-snippet:-1, max-image-preview:large, max-video-preview:-1\" \/>\n<meta property=\"og:locale\" content=\"it_IT\" \/>\n<meta property=\"og:type\" content=\"article\" \/>\n<meta property=\"og:title\" content=\"Oscar 2017, marted\u00ec le nomination. La speranza di &quot;Fuocoammare&quot;\" \/>\n<meta property=\"og:description\" content=\"La chance italiana pi\u00f9 grande \u00e8 per il documentario di Gianfranco Rosi, gi\u00e0 vincitore a Berlino, che conquisti anche la candidatura come &quot;miglior documentario&quot;\" \/>\n<meta property=\"og:url\" content=\"https:\/\/staging.varesenews.it\/2017\/01\/oscar-2017-martedi-le-nomination-la-speranza-di-fuocoammare\/588152\/\" \/>\n<meta property=\"og:site_name\" content=\"VareseNews\" \/>\n<meta property=\"article:publisher\" content=\"https:\/\/www.facebook.com\/varesenews\" \/>\n<meta property=\"article:author\" content=\"https:\/\/www.facebook.com\/manuel.sgarella\" \/>\n<meta property=\"article:published_time\" content=\"2017-01-23T15:48:28+00:00\" \/>\n<meta name=\"author\" content=\"Manuel Sgarella\" \/>\n<meta name=\"twitter:card\" content=\"summary_large_image\" \/>\n<meta name=\"twitter:creator\" content=\"@Sgarel\" \/>\n<meta name=\"twitter:site\" content=\"@varesenews\" \/>\n<meta name=\"twitter:label1\" content=\"Scritto da\" \/>\n\t<meta name=\"twitter:data1\" content=\"Manuel Sgarella\" \/>\n\t<meta name=\"twitter:label2\" content=\"Tempo di lettura stimato\" \/>\n\t<meta name=\"twitter:data2\" content=\"1 minuto\" \/>\n<script type=\"application\/ld+json\" class=\"yoast-schema-graph\">{\"@context\":\"https:\/\/schema.org\",\"@graph\":[{\"@type\":\"WebPage\",\"@id\":\"https:\/\/staging.varesenews.it\/2017\/01\/oscar-2017-martedi-le-nomination-la-speranza-di-fuocoammare\/588152\/\",\"url\":\"https:\/\/staging.varesenews.it\/2017\/01\/oscar-2017-martedi-le-nomination-la-speranza-di-fuocoammare\/588152\/\",\"name\":\"Oscar 2017, marted\u00ec le nomination. La speranza di \\\"Fuocoammare\\\"\",\"isPartOf\":{\"@id\":\"https:\/\/staging.varesenews.it\/#website\"},\"datePublished\":\"2017-01-23T15:48:28+00:00\",\"dateModified\":\"2017-01-23T15:48:28+00:00\",\"author\":{\"@id\":\"https:\/\/staging.varesenews.it\/#\/schema\/person\/1ec987bf360cbcf5fab38b0367dbc9d4\"},\"description\":\"La chance italiana pi\u00f9 grande \u00e8 per il documentario di Gianfranco Rosi, gi\u00e0 vincitore a Berlino, che conquisti anche la candidatura come \\\"miglior documentario\\\"\",\"breadcrumb\":{\"@id\":\"https:\/\/staging.varesenews.it\/2017\/01\/oscar-2017-martedi-le-nomination-la-speranza-di-fuocoammare\/588152\/#breadcrumb\"},\"inLanguage\":\"it-IT\",\"potentialAction\":[{\"@type\":\"ReadAction\",\"target\":[\"https:\/\/staging.varesenews.it\/2017\/01\/oscar-2017-martedi-le-nomination-la-speranza-di-fuocoammare\/588152\/\"]}]},{\"@type\":\"BreadcrumbList\",\"@id\":\"https:\/\/staging.varesenews.it\/2017\/01\/oscar-2017-martedi-le-nomination-la-speranza-di-fuocoammare\/588152\/#breadcrumb\",\"itemListElement\":[{\"@type\":\"ListItem\",\"position\":1,\"name\":\"Home\",\"item\":\"https:\/\/www.varesenews.it\/\"},{\"@type\":\"ListItem\",\"position\":2,\"name\":\"Oscar 2017, marted\u00ec le nomination. La speranza di &#8220;Fuocoammare&#8221;\"}]},{\"@type\":\"WebSite\",\"@id\":\"https:\/\/staging.varesenews.it\/#website\",\"url\":\"https:\/\/staging.varesenews.it\/\",\"name\":\"VareseNews\",\"description\":\"\",\"potentialAction\":[{\"@type\":\"SearchAction\",\"target\":{\"@type\":\"EntryPoint\",\"urlTemplate\":\"https:\/\/staging.varesenews.it\/?s={search_term_string}\"},\"query-input\":\"required name=search_term_string\"}],\"inLanguage\":\"it-IT\"},{\"@type\":\"Person\",\"@id\":\"https:\/\/staging.varesenews.it\/#\/schema\/person\/1ec987bf360cbcf5fab38b0367dbc9d4\",\"name\":\"Manuel Sgarella\",\"image\":{\"@type\":\"ImageObject\",\"inLanguage\":\"it-IT\",\"@id\":\"https:\/\/staging.varesenews.it\/#\/schema\/person\/image\/\",\"url\":\"https:\/\/staging.varesenews.it\/wp-content\/uploads\/2020\/12\/manuel_sgarella_colori_500.jpg\",\"contentUrl\":\"https:\/\/staging.varesenews.it\/wp-content\/uploads\/2020\/12\/manuel_sgarella_colori_500.jpg\",\"caption\":\"Manuel Sgarella\"},\"description\":\"A VareseNews dal 1999, da quando ho iniziato a collaborare per la pagina del cinema. Col tempo mi sono occupato della cronaca del territorio di Saronno-Tradate e dell'organizzazione di alcuni progetti speciali di VareseNews, tra cui la produzione del film Digitalife. Dal 2009 sono giornalista professionista. Diplomato alla Civica scuola del cinema di Milano, coltivo da sempre una passione per tutto quello che &egrave; narrazione, soprattutto per film e serie tv. Dal 2014 Pubblico romanzi come autore indipendente.&nbsp;\",\"sameAs\":[\"https:\/\/www.facebook.com\/manuel.sgarella\",\"Sgarel\",\"https:\/\/twitter.com\/Sgarel\"],\"url\":\"https:\/\/staging.varesenews.it\/persona\/manuel-sgarella1\/\"}]}<\/script>\n<!-- \/ Yoast SEO plugin. -->","yoast_head_json":{"title":"Oscar 2017, marted\u00ec le nomination. La speranza di \"Fuocoammare\"","description":"La chance italiana pi\u00f9 grande \u00e8 per il documentario di Gianfranco Rosi, gi\u00e0 vincitore a Berlino, che conquisti anche la candidatura come \"miglior documentario\"","robots":{"index":"noindex","follow":"follow","max-snippet":"max-snippet:-1","max-image-preview":"max-image-preview:large","max-video-preview":"max-video-preview:-1"},"og_locale":"it_IT","og_type":"article","og_title":"Oscar 2017, marted\u00ec le nomination. La speranza di \"Fuocoammare\"","og_description":"La chance italiana pi\u00f9 grande \u00e8 per il documentario di Gianfranco Rosi, gi\u00e0 vincitore a Berlino, che conquisti anche la candidatura come \"miglior documentario\"","og_url":"https:\/\/staging.varesenews.it\/2017\/01\/oscar-2017-martedi-le-nomination-la-speranza-di-fuocoammare\/588152\/","og_site_name":"VareseNews","article_publisher":"https:\/\/www.facebook.com\/varesenews","article_author":"https:\/\/www.facebook.com\/manuel.sgarella","article_published_time":"2017-01-23T15:48:28+00:00","author":"Manuel Sgarella","twitter_card":"summary_large_image","twitter_creator":"@Sgarel","twitter_site":"@varesenews","twitter_misc":{"Scritto da":"Manuel Sgarella","Tempo di lettura stimato":"1 minuto"},"schema":{"@context":"https:\/\/schema.org","@graph":[{"@type":"WebPage","@id":"https:\/\/staging.varesenews.it\/2017\/01\/oscar-2017-martedi-le-nomination-la-speranza-di-fuocoammare\/588152\/","url":"https:\/\/staging.varesenews.it\/2017\/01\/oscar-2017-martedi-le-nomination-la-speranza-di-fuocoammare\/588152\/","name":"Oscar 2017, marted\u00ec le nomination. La speranza di \"Fuocoammare\"","isPartOf":{"@id":"https:\/\/staging.varesenews.it\/#website"},"datePublished":"2017-01-23T15:48:28+00:00","dateModified":"2017-01-23T15:48:28+00:00","author":{"@id":"https:\/\/staging.varesenews.it\/#\/schema\/person\/1ec987bf360cbcf5fab38b0367dbc9d4"},"description":"La chance italiana pi\u00f9 grande \u00e8 per il documentario di Gianfranco Rosi, gi\u00e0 vincitore a Berlino, che conquisti anche la candidatura come \"miglior documentario\"","breadcrumb":{"@id":"https:\/\/staging.varesenews.it\/2017\/01\/oscar-2017-martedi-le-nomination-la-speranza-di-fuocoammare\/588152\/#breadcrumb"},"inLanguage":"it-IT","potentialAction":[{"@type":"ReadAction","target":["https:\/\/staging.varesenews.it\/2017\/01\/oscar-2017-martedi-le-nomination-la-speranza-di-fuocoammare\/588152\/"]}]},{"@type":"BreadcrumbList","@id":"https:\/\/staging.varesenews.it\/2017\/01\/oscar-2017-martedi-le-nomination-la-speranza-di-fuocoammare\/588152\/#breadcrumb","itemListElement":[{"@type":"ListItem","position":1,"name":"Home","item":"https:\/\/www.varesenews.it\/"},{"@type":"ListItem","position":2,"name":"Oscar 2017, marted\u00ec le nomination. La speranza di &#8220;Fuocoammare&#8221;"}]},{"@type":"WebSite","@id":"https:\/\/staging.varesenews.it\/#website","url":"https:\/\/staging.varesenews.it\/","name":"VareseNews","description":"","potentialAction":[{"@type":"SearchAction","target":{"@type":"EntryPoint","urlTemplate":"https:\/\/staging.varesenews.it\/?s={search_term_string}"},"query-input":"required name=search_term_string"}],"inLanguage":"it-IT"},{"@type":"Person","@id":"https:\/\/staging.varesenews.it\/#\/schema\/person\/1ec987bf360cbcf5fab38b0367dbc9d4","name":"Manuel Sgarella","image":{"@type":"ImageObject","inLanguage":"it-IT","@id":"https:\/\/staging.varesenews.it\/#\/schema\/person\/image\/","url":"https:\/\/staging.varesenews.it\/wp-content\/uploads\/2020\/12\/manuel_sgarella_colori_500.jpg","contentUrl":"https:\/\/staging.varesenews.it\/wp-content\/uploads\/2020\/12\/manuel_sgarella_colori_500.jpg","caption":"Manuel Sgarella"},"description":"A VareseNews dal 1999, da quando ho iniziato a collaborare per la pagina del cinema. Col tempo mi sono occupato della cronaca del territorio di Saronno-Tradate e dell'organizzazione di alcuni progetti speciali di VareseNews, tra cui la produzione del film Digitalife. Dal 2009 sono giornalista professionista. Diplomato alla Civica scuola del cinema di Milano, coltivo da sempre una passione per tutto quello che &egrave; narrazione, soprattutto per film e serie tv. Dal 2014 Pubblico romanzi come autore indipendente.&nbsp;","sameAs":["https:\/\/www.facebook.com\/manuel.sgarella","Sgarel","https:\/\/twitter.com\/Sgarel"],"url":"https:\/\/staging.varesenews.it\/persona\/manuel-sgarella1\/"}]}},"post_meta":{"_edit_lock":"1485186540:51","_edit_last":"51","ratings_users":"0","ratings_score":"0","ratings_average":"0","_category_permalink":"","wdfb_og_title":"","wdfb_og_type":"","wdfb_og_description":"","wdfb_og_images":"a:1:{i:0;s:0:\"\";}","wdfb_og_custom_name":"a:1:{i:0;s:0:\"\";}","wdfb_og_custom_value":"a:1:{i:0;s:0:\"\";}","foto":"590424","argomento":"Cinema","_yoast_wpseo_focuskw":"oscar","_yoast_wpseo_metadesc":"La chance italiana pi\u00f9 grande \u00e8 per il documentario di Gianfranco Rosi, gi\u00e0 vincitore a Berlino, che conquisti anche la candidatura come \"miglior documentario\"","_jd_twitter":"","_jd_tweet_this":"yes","_wpt_short_url":"http:\/\/www.varesenews.it\/2017\/01\/oscar-2017-martedi-le-nomination-la-speranza-di-fuocoammare\/588152\/","_wp_jd_target":"http:\/\/www.varesenews.it\/2017\/01\/oscar-2017-martedi-le-nomination-la-speranza-di-fuocoammare\/588152\/","_jd_wp_twitter":"a:1:{i:0;s:203:\"Oscar 2017, marted\u00ec le nomination. La speranza di \"Fuocoammare\" http:\/\/www.varesenews.it\/2017\/01\/oscar-2017-martedi-le-nomination-la-speranza-di-fuocoammare\/588152\/ #documentario #fuocoammare #oscar2017\";}","_wpt_status_message":"Tweet inviato con successo.","_yoast_wpseo_linkdex":"67"},"photos":[{"original":"https:\/\/staging.varesenews.it\/photogallery_new\/images\/2017\/01\/fuocoammare-590424.jpg","full":"https:\/\/staging.varesenews.it\/photogallery_new\/images\/2017\/01\/fuocoammare-590424.1024x768.jpg","large":"https:\/\/staging.varesenews.it\/photogallery_new\/images\/2017\/01\/fuocoammare-590424.610x431.jpg"}],"_links":{"self":[{"href":"https:\/\/staging.varesenews.it\/swgapi\/v1\/wp\/v2\/posts\/588152"}],"collection":[{"href":"https:\/\/staging.varesenews.it\/swgapi\/v1\/wp\/v2\/posts"}],"about":[{"href":"https:\/\/staging.varesenews.it\/swgapi\/v1\/wp\/v2\/types\/post"}],"author":[{"embeddable":true,"href":"https:\/\/staging.varesenews.it\/swgapi\/v1\/wp\/v2\/users\/51"}],"replies":[{"embeddable":true,"href":"https:\/\/staging.varesenews.it\/swgapi\/v1\/wp\/v2\/comments?post=588152"}],"version-history":[{"count":0,"href":"https:\/\/staging.varesenews.it\/swgapi\/v1\/wp\/v2\/posts\/588152\/revisions"}],"wp:attachment":[{"href":"https:\/\/staging.varesenews.it\/swgapi\/v1\/wp\/v2\/media?parent=588152"}],"wp:term":[{"taxonomy":"category","embeddable":true,"href":"https:\/\/staging.varesenews.it\/swgapi\/v1\/wp\/v2\/categories?post=588152"},{"taxonomy":"post_tag","embeddable":true,"href":"https:\/\/staging.varesenews.it\/swgapi\/v1\/wp\/v2\/tags?post=588152"}],"curies":[{"name":"wp","href":"https:\/\/api.w.org\/{rel}","templated":true}]}}