{"id":588557,"date":"2017-01-24T16:16:15","date_gmt":"2017-01-24T15:16:15","guid":{"rendered":"http:\/\/www.varesenews.it\/?p=588557"},"modified":"2017-01-24T16:16:15","modified_gmt":"2017-01-24T15:16:15","slug":"varese-primo-allenamento-per-bomber-gucci","status":"publish","type":"post","link":"https:\/\/staging.varesenews.it\/2017\/01\/varese-primo-allenamento-per-bomber-gucci\/588557\/","title":{"rendered":"Varese, primo allenamento per bomber Gucci"},"content":{"rendered":"<p>Il Varese calcio ha chiuso in modo positivo la trattativa per portare a Masnago un <strong>nuovo centravanti.<\/strong> Il nome \u00e8 quello che circolava da qualche giorno, e cio\u00e8 da quando era stata abbandonata la pista che portava all&#8217;esperto Coralli: la novit\u00e0 dell&#8217;attacco biancorosso \u00e8 <strong>quindi Niccol\u00f2 Gucci, classe 1990,<\/strong> prelevato dall&#8217;<strong>Alma Fano<\/strong>.<\/p>\n<p>Toscano, <strong>nato a Bagno a Ripol<\/strong>i, lo stesso comune di <strong>Gino Bartali<\/strong> (che era della frazione Ponte a Ema), Gucci ha giocato per <strong>tante stagioni in quarta serie,<\/strong> sia che si chiamasse C2, sia con la denominazione Serie D, quella del Varese. Dopo aver vestito diverse maglie toscane, <strong>il bomber \u00e8 giunto all&#8217;Alma Juve e ne \u00e8 diventato una delle bandiere recenti:<\/strong> con i granata ha disputato due stagioni e mezzo, segnato<strong> 36\u00a0reti in 82 presenze<\/strong> e contribuito, lo scorso anno, alla promozione dei marchigiani in Lega Pro. <div class=\"photo-inside-post\"><img decoding=\"async\" loading=\"lazy\" fetchpriority=\"low\" width=\"610\" height=\"431\" src=\"https:\/\/staging.varesenews.it\/photogallery_new\/images\/2017\/01\/niccol-gucci-varese-calcio-590601.610x431.jpg\" alt=\"niccol\u00f2 gucci varese calcio\"><\/div><\/p>\n<p>Il suo arrivo al Varese \u00e8 proprio permesso dal <strong>mercato della Lega Pro,<\/strong> che ha tempi differenti rispetto a quello dei dilettanti e segue il calendario di Serie A e B, chiudendosi quindi a fine gennaio. Proprio per questo motivo Gucci <strong>non sar\u00e0 a disposizione di Baiano per le partite ufficiali fino al 31 gennaio<\/strong> prossimo; l&#8217;esordio (se il tecnico decider\u00e0 di schierarlo) sar\u00e0 quindi possibile dalla partita di domenica <strong>5\u00a0febbraio in quel di Voghera<\/strong>. Il bomber per\u00f2, intanto, si \u00e8 gi\u00e0 unito ai nuovi compagni di squadra e quest&#8217;oggi &#8211; marted\u00ec 24 &#8211; ha iniziato ad allenarsi in biancorosso.<\/p>\n<p>Con l&#8217;arrivo di Gucci, Baiano avr\u00e0 a disposizione <strong>un terzo centravanti oltre a Scapini e Moretti,<\/strong> anche se il giocatore toscano si candida fin da subito a una maglia da titolare. Nel ruolo ci sarebbe anche <strong>Piraccini<\/strong>, che per\u00f2 \u00e8 ancora infortunato e comunque pu\u00f2 giocare anche da esterno. Un&#8217;abbondanza che aumenter\u00e0 la concorrenza, anche se <strong>forse il Varese <\/strong>(orfano di Zazzi, infortunato)<strong> avrebbe bisogno di qualche alternativa in mezzo al campo<\/strong>, proprio per innescare al meglio il reparto\u00a0avanzato.<\/p>\n","protected":false},"excerpt":{"rendered":"<p>Il centravanti toscano \u00e8 diventato un giocatore biancorosso e da oggi lavora a Masnago. Potr\u00e0 giocare solo da febbraio<\/p>\n","protected":false},"author":38,"featured_media":0,"comment_status":"open","ping_status":"open","sticky":false,"template":"","format":"standard","meta":{"footnotes":""},"categories":[14],"tags":[144,2409,9192],"acf":[],"yoast_head":"<!-- This site is optimized with the Yoast SEO plugin v20.1 - https:\/\/yoast.com\/wordpress\/plugins\/seo\/ -->\n<title>Varese, primo allenamento per bomber Gucci<\/title>\n<meta name=\"description\" content=\"Il centravanti toscano \u00e8 diventato un giocatore biancorosso e da oggi lavora a Masnago. Potr\u00e0 giocare solo da febbraio\" \/>\n<meta name=\"robots\" content=\"noindex, follow, max-snippet:-1, max-image-preview:large, max-video-preview:-1\" \/>\n<meta property=\"og:locale\" content=\"it_IT\" \/>\n<meta property=\"og:type\" content=\"article\" \/>\n<meta property=\"og:title\" content=\"Varese, primo allenamento per bomber Gucci\" \/>\n<meta property=\"og:description\" content=\"Il centravanti toscano \u00e8 diventato un giocatore biancorosso e da oggi lavora a Masnago. Potr\u00e0 giocare solo da febbraio\" \/>\n<meta property=\"og:url\" content=\"https:\/\/staging.varesenews.it\/2017\/01\/varese-primo-allenamento-per-bomber-gucci\/588557\/\" \/>\n<meta property=\"og:site_name\" content=\"VareseNews\" \/>\n<meta property=\"article:publisher\" content=\"https:\/\/www.facebook.com\/varesenews\" \/>\n<meta property=\"article:published_time\" content=\"2017-01-24T15:16:15+00:00\" \/>\n<meta name=\"author\" content=\"Damiano Franzetti\" \/>\n<meta name=\"twitter:card\" content=\"summary_large_image\" \/>\n<meta name=\"twitter:creator\" content=\"@damianofranz\" \/>\n<meta name=\"twitter:site\" content=\"@varesenews\" \/>\n<meta name=\"twitter:label1\" content=\"Scritto da\" \/>\n\t<meta name=\"twitter:data1\" content=\"Damiano Franzetti\" \/>\n\t<meta name=\"twitter:label2\" content=\"Tempo di lettura stimato\" \/>\n\t<meta name=\"twitter:data2\" content=\"2 minuti\" \/>\n<script type=\"application\/ld+json\" class=\"yoast-schema-graph\">{\"@context\":\"https:\/\/schema.org\",\"@graph\":[{\"@type\":\"WebPage\",\"@id\":\"https:\/\/staging.varesenews.it\/2017\/01\/varese-primo-allenamento-per-bomber-gucci\/588557\/\",\"url\":\"https:\/\/staging.varesenews.it\/2017\/01\/varese-primo-allenamento-per-bomber-gucci\/588557\/\",\"name\":\"Varese, primo allenamento per bomber Gucci\",\"isPartOf\":{\"@id\":\"https:\/\/staging.varesenews.it\/#website\"},\"datePublished\":\"2017-01-24T15:16:15+00:00\",\"dateModified\":\"2017-01-24T15:16:15+00:00\",\"author\":{\"@id\":\"https:\/\/staging.varesenews.it\/#\/schema\/person\/709ae3769f6b4dbde8ec332baede8a5b\"},\"description\":\"Il centravanti toscano \u00e8 diventato un giocatore biancorosso e da oggi lavora a Masnago. Potr\u00e0 giocare solo da febbraio\",\"breadcrumb\":{\"@id\":\"https:\/\/staging.varesenews.it\/2017\/01\/varese-primo-allenamento-per-bomber-gucci\/588557\/#breadcrumb\"},\"inLanguage\":\"it-IT\",\"potentialAction\":[{\"@type\":\"ReadAction\",\"target\":[\"https:\/\/staging.varesenews.it\/2017\/01\/varese-primo-allenamento-per-bomber-gucci\/588557\/\"]}]},{\"@type\":\"BreadcrumbList\",\"@id\":\"https:\/\/staging.varesenews.it\/2017\/01\/varese-primo-allenamento-per-bomber-gucci\/588557\/#breadcrumb\",\"itemListElement\":[{\"@type\":\"ListItem\",\"position\":1,\"name\":\"Home\",\"item\":\"https:\/\/www.varesenews.it\/\"},{\"@type\":\"ListItem\",\"position\":2,\"name\":\"Varese, primo allenamento per bomber Gucci\"}]},{\"@type\":\"WebSite\",\"@id\":\"https:\/\/staging.varesenews.it\/#website\",\"url\":\"https:\/\/staging.varesenews.it\/\",\"name\":\"VareseNews\",\"description\":\"\",\"potentialAction\":[{\"@type\":\"SearchAction\",\"target\":{\"@type\":\"EntryPoint\",\"urlTemplate\":\"https:\/\/staging.varesenews.it\/?s={search_term_string}\"},\"query-input\":\"required name=search_term_string\"}],\"inLanguage\":\"it-IT\"},{\"@type\":\"Person\",\"@id\":\"https:\/\/staging.varesenews.it\/#\/schema\/person\/709ae3769f6b4dbde8ec332baede8a5b\",\"name\":\"Damiano Franzetti\",\"image\":{\"@type\":\"ImageObject\",\"inLanguage\":\"it-IT\",\"@id\":\"https:\/\/staging.varesenews.it\/#\/schema\/person\/image\/\",\"url\":\"https:\/\/staging.varesenews.it\/wp-content\/uploads\/2020\/12\/damiano_franzetti_colori_500.jpg\",\"contentUrl\":\"https:\/\/staging.varesenews.it\/wp-content\/uploads\/2020\/12\/damiano_franzetti_colori_500.jpg\",\"caption\":\"Damiano Franzetti\"},\"description\":\"Classe 1976, una laurea (nel cassetto) in scienze e tecnologie alimentari; sono giornalista professionista dal 2009 nato e cresciuto con VareseNews dove mi occupo soprattutto di sport ormai da vent&rsquo;anni. Inviato sui campi (sulle piste, sulle strade...), intervistatore, coordinatore e responsabile delle pagine sportive, mi ritaglio volentieri lo spazio per scrivere di birra sul blog Malto Gradimento. Ho seguito innumerevoli campionati di Serie A di basket, di serie B di calcio, due Mondiali di ciclismo, qualche Giro d&rsquo;;Italia e tanto altro ancora. Collaboro con Tuttosport e altre testate, mi diletto di social. Ho una moglie, un figlio, vivo nella mia Gemonio e ho purtroppo smesso con il basket giocato. &nbsp;\",\"sameAs\":[\"damianofranz\",\"https:\/\/www.linkedin.com\/profile\/view?id=241597124&trk=nav_responsive_tab_profile\",\"https:\/\/twitter.com\/damianofranz\"],\"url\":\"https:\/\/staging.varesenews.it\/persona\/damiano_franzetti-2\/\"}]}<\/script>\n<!-- \/ Yoast SEO plugin. -->","yoast_head_json":{"title":"Varese, primo allenamento per bomber Gucci","description":"Il centravanti toscano \u00e8 diventato un giocatore biancorosso e da oggi lavora a Masnago. Potr\u00e0 giocare solo da febbraio","robots":{"index":"noindex","follow":"follow","max-snippet":"max-snippet:-1","max-image-preview":"max-image-preview:large","max-video-preview":"max-video-preview:-1"},"og_locale":"it_IT","og_type":"article","og_title":"Varese, primo allenamento per bomber Gucci","og_description":"Il centravanti toscano \u00e8 diventato un giocatore biancorosso e da oggi lavora a Masnago. Potr\u00e0 giocare solo da febbraio","og_url":"https:\/\/staging.varesenews.it\/2017\/01\/varese-primo-allenamento-per-bomber-gucci\/588557\/","og_site_name":"VareseNews","article_publisher":"https:\/\/www.facebook.com\/varesenews","article_published_time":"2017-01-24T15:16:15+00:00","author":"Damiano Franzetti","twitter_card":"summary_large_image","twitter_creator":"@damianofranz","twitter_site":"@varesenews","twitter_misc":{"Scritto da":"Damiano Franzetti","Tempo di lettura stimato":"2 minuti"},"schema":{"@context":"https:\/\/schema.org","@graph":[{"@type":"WebPage","@id":"https:\/\/staging.varesenews.it\/2017\/01\/varese-primo-allenamento-per-bomber-gucci\/588557\/","url":"https:\/\/staging.varesenews.it\/2017\/01\/varese-primo-allenamento-per-bomber-gucci\/588557\/","name":"Varese, primo allenamento per bomber Gucci","isPartOf":{"@id":"https:\/\/staging.varesenews.it\/#website"},"datePublished":"2017-01-24T15:16:15+00:00","dateModified":"2017-01-24T15:16:15+00:00","author":{"@id":"https:\/\/staging.varesenews.it\/#\/schema\/person\/709ae3769f6b4dbde8ec332baede8a5b"},"description":"Il centravanti toscano \u00e8 diventato un giocatore biancorosso e da oggi lavora a Masnago. Potr\u00e0 giocare solo da febbraio","breadcrumb":{"@id":"https:\/\/staging.varesenews.it\/2017\/01\/varese-primo-allenamento-per-bomber-gucci\/588557\/#breadcrumb"},"inLanguage":"it-IT","potentialAction":[{"@type":"ReadAction","target":["https:\/\/staging.varesenews.it\/2017\/01\/varese-primo-allenamento-per-bomber-gucci\/588557\/"]}]},{"@type":"BreadcrumbList","@id":"https:\/\/staging.varesenews.it\/2017\/01\/varese-primo-allenamento-per-bomber-gucci\/588557\/#breadcrumb","itemListElement":[{"@type":"ListItem","position":1,"name":"Home","item":"https:\/\/www.varesenews.it\/"},{"@type":"ListItem","position":2,"name":"Varese, primo allenamento per bomber Gucci"}]},{"@type":"WebSite","@id":"https:\/\/staging.varesenews.it\/#website","url":"https:\/\/staging.varesenews.it\/","name":"VareseNews","description":"","potentialAction":[{"@type":"SearchAction","target":{"@type":"EntryPoint","urlTemplate":"https:\/\/staging.varesenews.it\/?s={search_term_string}"},"query-input":"required name=search_term_string"}],"inLanguage":"it-IT"},{"@type":"Person","@id":"https:\/\/staging.varesenews.it\/#\/schema\/person\/709ae3769f6b4dbde8ec332baede8a5b","name":"Damiano Franzetti","image":{"@type":"ImageObject","inLanguage":"it-IT","@id":"https:\/\/staging.varesenews.it\/#\/schema\/person\/image\/","url":"https:\/\/staging.varesenews.it\/wp-content\/uploads\/2020\/12\/damiano_franzetti_colori_500.jpg","contentUrl":"https:\/\/staging.varesenews.it\/wp-content\/uploads\/2020\/12\/damiano_franzetti_colori_500.jpg","caption":"Damiano Franzetti"},"description":"Classe 1976, una laurea (nel cassetto) in scienze e tecnologie alimentari; sono giornalista professionista dal 2009 nato e cresciuto con VareseNews dove mi occupo soprattutto di sport ormai da vent&rsquo;anni. Inviato sui campi (sulle piste, sulle strade...), intervistatore, coordinatore e responsabile delle pagine sportive, mi ritaglio volentieri lo spazio per scrivere di birra sul blog Malto Gradimento. Ho seguito innumerevoli campionati di Serie A di basket, di serie B di calcio, due Mondiali di ciclismo, qualche Giro d&rsquo;;Italia e tanto altro ancora. Collaboro con Tuttosport e altre testate, mi diletto di social. Ho una moglie, un figlio, vivo nella mia Gemonio e ho purtroppo smesso con il basket giocato. &nbsp;","sameAs":["damianofranz","https:\/\/www.linkedin.com\/profile\/view?id=241597124&trk=nav_responsive_tab_profile","https:\/\/twitter.com\/damianofranz"],"url":"https:\/\/staging.varesenews.it\/persona\/damiano_franzetti-2\/"}]}},"post_meta":{"_edit_lock":"1485272257:38","_edit_last":"38","ratings_users":"0","ratings_score":"0","ratings_average":"0","_category_permalink":"","wdfb_og_title":"","wdfb_og_type":"","wdfb_og_description":"","wdfb_og_images":"a:1:{i:0;s:0:\"\";}","wdfb_og_custom_name":"a:1:{i:0;s:0:\"\";}","wdfb_og_custom_value":"a:1:{i:0;s:0:\"\";}","id_leggi_anche":"588398","foto":"590600","argomento":"Calcio","_jd_twitter":"","_jd_tweet_this":"yes","_wpt_short_url":"http:\/\/www.varesenews.it\/2017\/01\/varese-primo-allenamento-per-bomber-gucci\/588557\/","_wp_jd_target":"http:\/\/www.varesenews.it\/2017\/01\/varese-primo-allenamento-per-bomber-gucci\/588557\/","_jd_wp_twitter":"a:1:{i:0;s:162:\"Varese, primo allenamento per bomber Gucci http:\/\/www.varesenews.it\/2017\/01\/varese-primo-allenamento-per-bomber-gucci\/588557\/ #calcio #calciomercato #varesecalcio\";}","_wpt_status_message":"Tweet inviato con successo."},"photos":[{"original":"https:\/\/staging.varesenews.it\/photogallery_new\/images\/2017\/01\/niccol-gucci-varese-calcio-590600.jpg","full":"https:\/\/staging.varesenews.it\/photogallery_new\/images\/2017\/01\/niccol-gucci-varese-calcio-590600.1024x768.jpg","large":"https:\/\/staging.varesenews.it\/photogallery_new\/images\/2017\/01\/niccol-gucci-varese-calcio-590600.610x431.jpg"}],"_links":{"self":[{"href":"https:\/\/staging.varesenews.it\/swgapi\/v1\/wp\/v2\/posts\/588557"}],"collection":[{"href":"https:\/\/staging.varesenews.it\/swgapi\/v1\/wp\/v2\/posts"}],"about":[{"href":"https:\/\/staging.varesenews.it\/swgapi\/v1\/wp\/v2\/types\/post"}],"author":[{"embeddable":true,"href":"https:\/\/staging.varesenews.it\/swgapi\/v1\/wp\/v2\/users\/38"}],"replies":[{"embeddable":true,"href":"https:\/\/staging.varesenews.it\/swgapi\/v1\/wp\/v2\/comments?post=588557"}],"version-history":[{"count":0,"href":"https:\/\/staging.varesenews.it\/swgapi\/v1\/wp\/v2\/posts\/588557\/revisions"}],"wp:attachment":[{"href":"https:\/\/staging.varesenews.it\/swgapi\/v1\/wp\/v2\/media?parent=588557"}],"wp:term":[{"taxonomy":"category","embeddable":true,"href":"https:\/\/staging.varesenews.it\/swgapi\/v1\/wp\/v2\/categories?post=588557"},{"taxonomy":"post_tag","embeddable":true,"href":"https:\/\/staging.varesenews.it\/swgapi\/v1\/wp\/v2\/tags?post=588557"}],"curies":[{"name":"wp","href":"https:\/\/api.w.org\/{rel}","templated":true}]}}