{"id":588701,"date":"2017-01-24T20:25:20","date_gmt":"2017-01-24T19:25:20","guid":{"rendered":"http:\/\/www.varesenews.it\/?p=588701"},"modified":"2018-11-02T13:26:49","modified_gmt":"2018-11-02T12:26:49","slug":"vagoni-e-barconi-per-il-giorno-della-memoria","status":"publish","type":"post","link":"https:\/\/staging.varesenews.it\/2017\/01\/vagoni-e-barconi-per-il-giorno-della-memoria\/588701\/","title":{"rendered":"&#8220;Vagoni e barconi&#8221; per il Giorno della Memoria"},"content":{"rendered":"<p><strong>Venerd\u00ec 27 gennaio<\/strong>, in occasione del Giorno della Memoria dedicato alle vittime del nazifascismo,<strong> il Circolo Quarto Stato ospita &#8220;Vagoni e barconi&#8221;<\/strong>, una iniziativa promossa da<strong> SamarateLoveBooks<\/strong>, dalle sezioni<strong> Anpi Samarate-Verghera e Cardano al Campo<\/strong>, oltre che dallo stesso circolo della Casa del Popolo.<\/p>\n<p><strong>&#8220;I sommersi e i salvati di ieri e di oggi&#8221;<\/strong> \u00e8 il titolo che riecheggia una celebre opera di Primo Levi e che racconta l&#8217;intenzione di connettere la memoria di quel che \u00e8 accaduto 70 e pi\u00f9 anni fa, con le sfide e i drammi di oggi, con riferimento in particolare alle migrazioni sull&#8217;onda della povert\u00e0 e dei conflitti che insanguinano Medio Oriente, Africa, Asia centrale. Le letture dei brani sono a cura di Consuelo Sozzi, Cristiana Zocchi, Franca Rossetto, Silvia Martella.<\/p>\n<p>L&#8217;appuntamento \u00e8 a partire dalle 21 al Quarto Stato, via Vittorio Veneto, Cardano al Campo.<\/p>\n","protected":false},"excerpt":{"rendered":"<p>I sommersi e i salvati di ieri e di oggi, in una iniziativa che unisce la memoria dei fatti del passato e le sfide e i drammi del presente<\/p>\n","protected":false},"author":46,"featured_media":0,"comment_status":"open","ping_status":"open","sticky":false,"template":"","format":"standard","meta":{"footnotes":""},"categories":[3,21],"tags":[66774,89071],"acf":[],"yoast_head":"<!-- This site is optimized with the Yoast SEO plugin v20.1 - https:\/\/yoast.com\/wordpress\/plugins\/seo\/ -->\n<title>&quot;Vagoni e barconi&quot; per il Giorno della Memoria<\/title>\n<meta name=\"description\" content=\"I sommersi e i salvati di ieri e di oggi, in una iniziativa che unisce la memoria dei fatti del passato e le sfide e i drammi del presente\" \/>\n<meta name=\"robots\" content=\"noindex, follow, max-snippet:-1, max-image-preview:large, max-video-preview:-1\" \/>\n<meta property=\"og:locale\" content=\"it_IT\" \/>\n<meta property=\"og:type\" content=\"article\" \/>\n<meta property=\"og:title\" content=\"&quot;Vagoni e barconi&quot; per il Giorno della Memoria\" \/>\n<meta property=\"og:description\" content=\"I sommersi e i salvati di ieri e di oggi, in una iniziativa che unisce la memoria dei fatti del passato e le sfide e i drammi del presente\" \/>\n<meta property=\"og:url\" content=\"https:\/\/staging.varesenews.it\/2017\/01\/vagoni-e-barconi-per-il-giorno-della-memoria\/588701\/\" \/>\n<meta property=\"og:site_name\" content=\"VareseNews\" \/>\n<meta property=\"article:publisher\" content=\"https:\/\/www.facebook.com\/varesenews\" \/>\n<meta property=\"article:published_time\" content=\"2017-01-24T19:25:20+00:00\" \/>\n<meta property=\"article:modified_time\" content=\"2018-11-02T12:26:49+00:00\" \/>\n<meta name=\"author\" content=\"Roberto Morandi\" \/>\n<meta name=\"twitter:card\" content=\"summary_large_image\" \/>\n<meta name=\"twitter:creator\" content=\"@ilmorands\" \/>\n<meta name=\"twitter:site\" content=\"@varesenews\" \/>\n<meta name=\"twitter:label1\" content=\"Scritto da\" \/>\n\t<meta name=\"twitter:data1\" content=\"Roberto Morandi\" \/>\n\t<meta name=\"twitter:label2\" content=\"Tempo di lettura stimato\" \/>\n\t<meta name=\"twitter:data2\" content=\"1 minuto\" \/>\n<script type=\"application\/ld+json\" class=\"yoast-schema-graph\">{\"@context\":\"https:\/\/schema.org\",\"@graph\":[{\"@type\":\"WebPage\",\"@id\":\"https:\/\/staging.varesenews.it\/2017\/01\/vagoni-e-barconi-per-il-giorno-della-memoria\/588701\/\",\"url\":\"https:\/\/staging.varesenews.it\/2017\/01\/vagoni-e-barconi-per-il-giorno-della-memoria\/588701\/\",\"name\":\"\\\"Vagoni e barconi\\\" per il Giorno della Memoria\",\"isPartOf\":{\"@id\":\"https:\/\/staging.varesenews.it\/#website\"},\"datePublished\":\"2017-01-24T19:25:20+00:00\",\"dateModified\":\"2018-11-02T12:26:49+00:00\",\"author\":{\"@id\":\"https:\/\/staging.varesenews.it\/#\/schema\/person\/efe592ae4c76536b551f89d8b6674bc3\"},\"description\":\"I sommersi e i salvati di ieri e di oggi, in una iniziativa che unisce la memoria dei fatti del passato e le sfide e i drammi del presente\",\"breadcrumb\":{\"@id\":\"https:\/\/staging.varesenews.it\/2017\/01\/vagoni-e-barconi-per-il-giorno-della-memoria\/588701\/#breadcrumb\"},\"inLanguage\":\"it-IT\",\"potentialAction\":[{\"@type\":\"ReadAction\",\"target\":[\"https:\/\/staging.varesenews.it\/2017\/01\/vagoni-e-barconi-per-il-giorno-della-memoria\/588701\/\"]}]},{\"@type\":\"BreadcrumbList\",\"@id\":\"https:\/\/staging.varesenews.it\/2017\/01\/vagoni-e-barconi-per-il-giorno-della-memoria\/588701\/#breadcrumb\",\"itemListElement\":[{\"@type\":\"ListItem\",\"position\":1,\"name\":\"Home\",\"item\":\"https:\/\/www.varesenews.it\/\"},{\"@type\":\"ListItem\",\"position\":2,\"name\":\"&#8220;Vagoni e barconi&#8221; per il Giorno della Memoria\"}]},{\"@type\":\"WebSite\",\"@id\":\"https:\/\/staging.varesenews.it\/#website\",\"url\":\"https:\/\/staging.varesenews.it\/\",\"name\":\"VareseNews\",\"description\":\"\",\"potentialAction\":[{\"@type\":\"SearchAction\",\"target\":{\"@type\":\"EntryPoint\",\"urlTemplate\":\"https:\/\/staging.varesenews.it\/?s={search_term_string}\"},\"query-input\":\"required name=search_term_string\"}],\"inLanguage\":\"it-IT\"},{\"@type\":\"Person\",\"@id\":\"https:\/\/staging.varesenews.it\/#\/schema\/person\/efe592ae4c76536b551f89d8b6674bc3\",\"name\":\"Roberto Morandi\",\"image\":{\"@type\":\"ImageObject\",\"inLanguage\":\"it-IT\",\"@id\":\"https:\/\/staging.varesenews.it\/#\/schema\/person\/image\/\",\"url\":\"https:\/\/staging.varesenews.it\/wp-content\/uploads\/2020\/12\/roberto_morandi_colori_500.jpg\",\"contentUrl\":\"https:\/\/staging.varesenews.it\/wp-content\/uploads\/2020\/12\/roberto_morandi_colori_500.jpg\",\"caption\":\"Roberto Morandi\"},\"description\":\"Classe 1980, laureato in storia, mi occupo dell&rsquo;area di Gallarate e di Malpensa, di trasporti e mobilit&agrave;. Amo molto la dimensione della citt&agrave;, come luogo d&rsquo;incontro di persone diverse e come organismo che si trasforma costantemente. Mi piace anche raccontare le piccole e grandi vicende, anche locali, che compongono la Storia con la S maiuscola. Appassionato di bicicletta: la macchina perfetta per muoversi in citt&agrave; e per viaggiare.\",\"sameAs\":[\"https:\/\/twitter.com\/ilmorands\"],\"url\":\"https:\/\/staging.varesenews.it\/persona\/roberto-morandi1\/\"}]}<\/script>\n<!-- \/ Yoast SEO plugin. -->","yoast_head_json":{"title":"\"Vagoni e barconi\" per il Giorno della Memoria","description":"I sommersi e i salvati di ieri e di oggi, in una iniziativa che unisce la memoria dei fatti del passato e le sfide e i drammi del presente","robots":{"index":"noindex","follow":"follow","max-snippet":"max-snippet:-1","max-image-preview":"max-image-preview:large","max-video-preview":"max-video-preview:-1"},"og_locale":"it_IT","og_type":"article","og_title":"\"Vagoni e barconi\" per il Giorno della Memoria","og_description":"I sommersi e i salvati di ieri e di oggi, in una iniziativa che unisce la memoria dei fatti del passato e le sfide e i drammi del presente","og_url":"https:\/\/staging.varesenews.it\/2017\/01\/vagoni-e-barconi-per-il-giorno-della-memoria\/588701\/","og_site_name":"VareseNews","article_publisher":"https:\/\/www.facebook.com\/varesenews","article_published_time":"2017-01-24T19:25:20+00:00","article_modified_time":"2018-11-02T12:26:49+00:00","author":"Roberto Morandi","twitter_card":"summary_large_image","twitter_creator":"@ilmorands","twitter_site":"@varesenews","twitter_misc":{"Scritto da":"Roberto Morandi","Tempo di lettura stimato":"1 minuto"},"schema":{"@context":"https:\/\/schema.org","@graph":[{"@type":"WebPage","@id":"https:\/\/staging.varesenews.it\/2017\/01\/vagoni-e-barconi-per-il-giorno-della-memoria\/588701\/","url":"https:\/\/staging.varesenews.it\/2017\/01\/vagoni-e-barconi-per-il-giorno-della-memoria\/588701\/","name":"\"Vagoni e barconi\" per il Giorno della Memoria","isPartOf":{"@id":"https:\/\/staging.varesenews.it\/#website"},"datePublished":"2017-01-24T19:25:20+00:00","dateModified":"2018-11-02T12:26:49+00:00","author":{"@id":"https:\/\/staging.varesenews.it\/#\/schema\/person\/efe592ae4c76536b551f89d8b6674bc3"},"description":"I sommersi e i salvati di ieri e di oggi, in una iniziativa che unisce la memoria dei fatti del passato e le sfide e i drammi del presente","breadcrumb":{"@id":"https:\/\/staging.varesenews.it\/2017\/01\/vagoni-e-barconi-per-il-giorno-della-memoria\/588701\/#breadcrumb"},"inLanguage":"it-IT","potentialAction":[{"@type":"ReadAction","target":["https:\/\/staging.varesenews.it\/2017\/01\/vagoni-e-barconi-per-il-giorno-della-memoria\/588701\/"]}]},{"@type":"BreadcrumbList","@id":"https:\/\/staging.varesenews.it\/2017\/01\/vagoni-e-barconi-per-il-giorno-della-memoria\/588701\/#breadcrumb","itemListElement":[{"@type":"ListItem","position":1,"name":"Home","item":"https:\/\/www.varesenews.it\/"},{"@type":"ListItem","position":2,"name":"&#8220;Vagoni e barconi&#8221; per il Giorno della Memoria"}]},{"@type":"WebSite","@id":"https:\/\/staging.varesenews.it\/#website","url":"https:\/\/staging.varesenews.it\/","name":"VareseNews","description":"","potentialAction":[{"@type":"SearchAction","target":{"@type":"EntryPoint","urlTemplate":"https:\/\/staging.varesenews.it\/?s={search_term_string}"},"query-input":"required name=search_term_string"}],"inLanguage":"it-IT"},{"@type":"Person","@id":"https:\/\/staging.varesenews.it\/#\/schema\/person\/efe592ae4c76536b551f89d8b6674bc3","name":"Roberto Morandi","image":{"@type":"ImageObject","inLanguage":"it-IT","@id":"https:\/\/staging.varesenews.it\/#\/schema\/person\/image\/","url":"https:\/\/staging.varesenews.it\/wp-content\/uploads\/2020\/12\/roberto_morandi_colori_500.jpg","contentUrl":"https:\/\/staging.varesenews.it\/wp-content\/uploads\/2020\/12\/roberto_morandi_colori_500.jpg","caption":"Roberto Morandi"},"description":"Classe 1980, laureato in storia, mi occupo dell&rsquo;area di Gallarate e di Malpensa, di trasporti e mobilit&agrave;. Amo molto la dimensione della citt&agrave;, come luogo d&rsquo;incontro di persone diverse e come organismo che si trasforma costantemente. Mi piace anche raccontare le piccole e grandi vicende, anche locali, che compongono la Storia con la S maiuscola. Appassionato di bicicletta: la macchina perfetta per muoversi in citt&agrave; e per viaggiare.","sameAs":["https:\/\/twitter.com\/ilmorands"],"url":"https:\/\/staging.varesenews.it\/persona\/roberto-morandi1\/"}]}},"post_meta":{"_edit_lock":"1541161645:46","_edit_last":"46","_category_permalink":"a:1:{s:8:\"category\";s:1:\"3\";}","ratings_users":"0","ratings_score":"0","ratings_average":"0","wdfb_og_title":"","wdfb_og_type":"","wdfb_og_description":"","wdfb_og_images":"a:1:{i:0;s:0:\"\";}","wdfb_og_custom_name":"a:1:{i:0;s:0:\"\";}","wdfb_og_custom_value":"a:1:{i:0;s:0:\"\";}","foto":"590681","firma_come_redazione":"1","argomento":"Cardano al Campo","_jd_tweet_this":"yes","_wpt_short_url":"http:\/\/www.varesenews.it\/2017\/01\/vagoni-e-barconi-per-il-giorno-della-memoria\/588701\/","_wp_jd_target":"http:\/\/www.varesenews.it\/2017\/01\/vagoni-e-barconi-per-il-giorno-della-memoria\/588701\/","_jd_wp_twitter":"a:1:{i:0;s:153:\"\"Vagoni e barconi\" per il Giorno della Memoria http:\/\/www.varesenews.it\/2017\/01\/vagoni-e-barconi-per-il-giorno-della-memoria\/588701\/ #gallarate #Malpensa\";}","_wpt_status_message":"Tweet inviato con successo.","_yoast_wpseo_content_score":"30"},"photos":[{"original":"https:\/\/staging.varesenews.it\/photogallery_new\/images\/2017\/01\/giorno-della-memoria-cardano-al-campo-2017-590681.jpg","full":"https:\/\/staging.varesenews.it\/photogallery_new\/images\/2017\/01\/giorno-della-memoria-cardano-al-campo-2017-590681.1024x768.jpg","large":"https:\/\/staging.varesenews.it\/photogallery_new\/images\/2017\/01\/giorno-della-memoria-cardano-al-campo-2017-590681.610x431.jpg"}],"_links":{"self":[{"href":"https:\/\/staging.varesenews.it\/swgapi\/v1\/wp\/v2\/posts\/588701"}],"collection":[{"href":"https:\/\/staging.varesenews.it\/swgapi\/v1\/wp\/v2\/posts"}],"about":[{"href":"https:\/\/staging.varesenews.it\/swgapi\/v1\/wp\/v2\/types\/post"}],"author":[{"embeddable":true,"href":"https:\/\/staging.varesenews.it\/swgapi\/v1\/wp\/v2\/users\/46"}],"replies":[{"embeddable":true,"href":"https:\/\/staging.varesenews.it\/swgapi\/v1\/wp\/v2\/comments?post=588701"}],"version-history":[{"count":0,"href":"https:\/\/staging.varesenews.it\/swgapi\/v1\/wp\/v2\/posts\/588701\/revisions"}],"wp:attachment":[{"href":"https:\/\/staging.varesenews.it\/swgapi\/v1\/wp\/v2\/media?parent=588701"}],"wp:term":[{"taxonomy":"category","embeddable":true,"href":"https:\/\/staging.varesenews.it\/swgapi\/v1\/wp\/v2\/categories?post=588701"},{"taxonomy":"post_tag","embeddable":true,"href":"https:\/\/staging.varesenews.it\/swgapi\/v1\/wp\/v2\/tags?post=588701"}],"curies":[{"name":"wp","href":"https:\/\/api.w.org\/{rel}","templated":true}]}}