{"id":589924,"date":"2017-01-29T08:00:06","date_gmt":"2017-01-29T07:00:06","guid":{"rendered":"http:\/\/www.varesenews.it\/?p=589924"},"modified":"2017-02-13T10:03:45","modified_gmt":"2017-02-13T09:03:45","slug":"aspem-e-molina-il-passato-che-non-passa","status":"publish","type":"post","link":"https:\/\/staging.varesenews.it\/2017\/01\/aspem-e-molina-il-passato-che-non-passa\/589924\/","title":{"rendered":"Aspem e Molina, uno scontro politico"},"content":{"rendered":"<p><strong>Il caso politico della settimana,<\/strong> a Varese, \u00e8 l&#8217;intreccio di <strong>due vicende del passato<\/strong> che sono tornate a galla, in questi mesi, lasciando emergere scorie e sospetti che potrebbero inquinare la politica. <strong>Aspem Reti<\/strong>, una societ\u00e0 comunale che gestisce, tra le altre cose, la <strong>piscina della Schiranna<\/strong>, ha consegnato al sindaco una relazione in cui, in sostanza, si afferma che durante la gestione del <strong>presidente Calemme di Forza Italia<\/strong>, sono state effettuate spese eccessive e appalti non a norma di legge. Il sindaco ha girato il dossier ai magistrati.<\/p>\n<p>Su un altro fronte, invece, sta arrivando al traguardo il caso della <strong>Fondazione Molina<\/strong>, la onlus che gestisce la casa di riposo comunale, i cui vertici sono nominati per statuto dal sindaco di Varese e che, per un antico costume, sono sempre legati alla politica; <strong>il commissario Carmine Pallino<\/strong>, nominato in via straordinaria dal Governatore Maroni (dopo che la Ats Insubria ha rimosso il cda guidato da <strong>Cristian Campiotti dell&#8217;Udc<\/strong>\u00a0a causa del prestito finito a persone del suo stesso partito), sar\u00e0 ascoltato in Regione mercoled\u00ec prossimo e ha fatto capire che avr\u00e0 cose scottanti da dire.<\/p>\n<p><strong>Le due vicende, il cui destino giudiziario e amministrativo ignoriamo, hanno per\u00f2 un comune denominatore politico.<\/strong> Riguardano la gestione del potere del passato governo cittadino: Forza Italia e Udc erano in maggioranza con la Lega Nord e servivano al carroccio per mantenere il 51% di voti a Varese. Ma c&#8217;\u00e8 anche una ricaduta sulle relazioni politiche del presente. La piscina del <strong>Lido Schiranna<\/strong> \u00e8 stata gestita per anni da Ciro Calemme, esponente del gruppo che guida Forza Italia e che ha come leader Nino Caianiello. Il vecchio cda del Molina era invece espressione del centrodestra, con la <strong>guida affidata all&#8217;Udc<\/strong> (poi divenuto Lega Civica) il cui leader carismatico \u00e8 Lorenzo Airoldi, che \u00e8 anche l&#8217;editore di Rete 55 (il prestito del Molina \u00e9 andato a Rete 55 Evolution).<\/p>\n<p>A questo punto il lettore penserebbe che <strong>l&#8217;attuale sindaco del Pd Davide Galimberti<\/strong> abbia solo da guadagnarci se alcune presunte magagne del passato venissero a galla. In realt\u00e0 nessuno pu\u00f2 stare tranquillo. Le ripercussioni politiche minacciano tutti. <strong>Il centrosinistra ha vinto le elezioni grazie ai voti della Lega Civica-Udc. <\/strong>E<strong>\u00a0<\/strong>non \u00e9 un caso che, attualmente, alla guida di Aspem Reti e Avt, ci siano esponenti vicini a quel partito. Gli intrecci della politica a volte sono spericolati e il passato non \u00e8 mai cos\u00ec passato. Ma davvero qualcuno ha gestito male le due aziende? Non lo sappiamo. \u00a0Sarebbe comunque bello che le due vicende <strong>insegnassero agli amministratori pubblici, di destra e sinistra, a migliorare e a essere pi\u00f9 trasparenti.\u00a0<\/strong>Quella s\u00ec, sarebbe una ripercussione gradita.<\/p>\n","protected":false},"excerpt":{"rendered":"<p>Appalti, potere e societ\u00e0: le guerre politiche e l&#8217;interesse dei cittadini<\/p>\n","protected":false},"author":50,"featured_media":0,"comment_status":"open","ping_status":"open","sticky":false,"template":"","format":"standard","meta":{"footnotes":""},"categories":[16,2],"tags":[7486,1734,1822,781,67188,67528],"acf":[],"yoast_head":"<!-- This site is optimized with the Yoast SEO plugin v20.1 - https:\/\/yoast.com\/wordpress\/plugins\/seo\/ -->\n<title>Aspem e Molina, uno scontro politico<\/title>\n<meta name=\"description\" content=\"Appalti, potere e societ\u00e0: le guerre politiche e l&#039;interesse dei cittadini\" \/>\n<meta name=\"robots\" content=\"noindex, follow, max-snippet:-1, max-image-preview:large, max-video-preview:-1\" \/>\n<meta property=\"og:locale\" content=\"it_IT\" \/>\n<meta property=\"og:type\" content=\"article\" \/>\n<meta property=\"og:title\" content=\"Aspem e Molina, uno scontro politico\" \/>\n<meta property=\"og:description\" content=\"Appalti, potere e societ\u00e0: le guerre politiche e l&#039;interesse dei cittadini\" \/>\n<meta property=\"og:url\" content=\"https:\/\/staging.varesenews.it\/2017\/01\/aspem-e-molina-il-passato-che-non-passa\/589924\/\" \/>\n<meta property=\"og:site_name\" content=\"VareseNews\" \/>\n<meta property=\"article:publisher\" content=\"https:\/\/www.facebook.com\/varesenews\" \/>\n<meta property=\"article:published_time\" content=\"2017-01-29T07:00:06+00:00\" \/>\n<meta property=\"article:modified_time\" content=\"2017-02-13T09:03:45+00:00\" \/>\n<meta name=\"author\" content=\"Roberto Rotondo\" \/>\n<meta name=\"twitter:card\" content=\"summary_large_image\" \/>\n<meta name=\"twitter:creator\" content=\"@robertorotondo\" \/>\n<meta name=\"twitter:site\" content=\"@varesenews\" \/>\n<meta name=\"twitter:label1\" content=\"Scritto da\" \/>\n\t<meta name=\"twitter:data1\" content=\"Roberto Rotondo\" \/>\n\t<meta name=\"twitter:label2\" content=\"Tempo di lettura stimato\" \/>\n\t<meta name=\"twitter:data2\" content=\"2 minuti\" \/>\n<script type=\"application\/ld+json\" class=\"yoast-schema-graph\">{\"@context\":\"https:\/\/schema.org\",\"@graph\":[{\"@type\":\"WebPage\",\"@id\":\"https:\/\/staging.varesenews.it\/2017\/01\/aspem-e-molina-il-passato-che-non-passa\/589924\/\",\"url\":\"https:\/\/staging.varesenews.it\/2017\/01\/aspem-e-molina-il-passato-che-non-passa\/589924\/\",\"name\":\"Aspem e Molina, uno scontro politico\",\"isPartOf\":{\"@id\":\"https:\/\/staging.varesenews.it\/#website\"},\"datePublished\":\"2017-01-29T07:00:06+00:00\",\"dateModified\":\"2017-02-13T09:03:45+00:00\",\"author\":{\"@id\":\"https:\/\/staging.varesenews.it\/#\/schema\/person\/bace96b9ce1b4905df659e51a83c17fe\"},\"description\":\"Appalti, potere e societ\u00e0: le guerre politiche e l'interesse dei cittadini\",\"breadcrumb\":{\"@id\":\"https:\/\/staging.varesenews.it\/2017\/01\/aspem-e-molina-il-passato-che-non-passa\/589924\/#breadcrumb\"},\"inLanguage\":\"it-IT\",\"potentialAction\":[{\"@type\":\"ReadAction\",\"target\":[\"https:\/\/staging.varesenews.it\/2017\/01\/aspem-e-molina-il-passato-che-non-passa\/589924\/\"]}]},{\"@type\":\"BreadcrumbList\",\"@id\":\"https:\/\/staging.varesenews.it\/2017\/01\/aspem-e-molina-il-passato-che-non-passa\/589924\/#breadcrumb\",\"itemListElement\":[{\"@type\":\"ListItem\",\"position\":1,\"name\":\"Home\",\"item\":\"https:\/\/www.varesenews.it\/\"},{\"@type\":\"ListItem\",\"position\":2,\"name\":\"Aspem e Molina, uno scontro politico\"}]},{\"@type\":\"WebSite\",\"@id\":\"https:\/\/staging.varesenews.it\/#website\",\"url\":\"https:\/\/staging.varesenews.it\/\",\"name\":\"VareseNews\",\"description\":\"\",\"potentialAction\":[{\"@type\":\"SearchAction\",\"target\":{\"@type\":\"EntryPoint\",\"urlTemplate\":\"https:\/\/staging.varesenews.it\/?s={search_term_string}\"},\"query-input\":\"required name=search_term_string\"}],\"inLanguage\":\"it-IT\"},{\"@type\":\"Person\",\"@id\":\"https:\/\/staging.varesenews.it\/#\/schema\/person\/bace96b9ce1b4905df659e51a83c17fe\",\"name\":\"Roberto Rotondo\",\"image\":{\"@type\":\"ImageObject\",\"inLanguage\":\"it-IT\",\"@id\":\"https:\/\/staging.varesenews.it\/#\/schema\/person\/image\/\",\"url\":\"https:\/\/staging.varesenews.it\/wp-content\/uploads\/2015\/03\/10888676_10204734543537926_609787919772941341_n.jpg\",\"contentUrl\":\"https:\/\/staging.varesenews.it\/wp-content\/uploads\/2015\/03\/10888676_10204734543537926_609787919772941341_n.jpg\",\"caption\":\"Roberto Rotondo\"},\"description\":\"Nato a Varese nel 1972. Laureato in Storia alla Statale di Milano. A Varese News dal 1998. Ho iniziato a scrivere su riviste locali, poi sono entrato nel progetto di Varese News quando ancora era agli inizi. Nel frattempo mi sono occupato di ricerca storica e ho collaborato con un settimanale e un quotidiano della Svizzera italiana scrivendo di cronaca e politica. Mi sono preso una pausa da Varese nel 2004. Ho lavorato per alcuni anni a Milano all'agenzia di stampa Adnkronos, con qualche stage a Roma nei palazzi della politica. Lanci di agenzia e servizi tv multimediali erano tra i miei compiti. In quegli anni ho lavorato per alcune radio anche nazionali, Radio Capital su tutte, come corrispondente locale. Ho scritto anche per un settimanale di gossip, ma sempre cronaca nera. Ed eccomi qui. Dal 2007 lavoro anche per il Corriere della sera, di cui sono corrispondente. A Varesenews sono ormai uno dei senatori. Mi occupo di cronaca nera, giudiziaria e di politica e della cronaca cittadina di Varese.\",\"sameAs\":[\"robertorotondo\",\"https:\/\/twitter.com\/robertorotondo\"],\"url\":\"https:\/\/staging.varesenews.it\/persona\/roberto-rotondo\/\"}]}<\/script>\n<!-- \/ Yoast SEO plugin. -->","yoast_head_json":{"title":"Aspem e Molina, uno scontro politico","description":"Appalti, potere e societ\u00e0: le guerre politiche e l'interesse dei cittadini","robots":{"index":"noindex","follow":"follow","max-snippet":"max-snippet:-1","max-image-preview":"max-image-preview:large","max-video-preview":"max-video-preview:-1"},"og_locale":"it_IT","og_type":"article","og_title":"Aspem e Molina, uno scontro politico","og_description":"Appalti, potere e societ\u00e0: le guerre politiche e l'interesse dei cittadini","og_url":"https:\/\/staging.varesenews.it\/2017\/01\/aspem-e-molina-il-passato-che-non-passa\/589924\/","og_site_name":"VareseNews","article_publisher":"https:\/\/www.facebook.com\/varesenews","article_published_time":"2017-01-29T07:00:06+00:00","article_modified_time":"2017-02-13T09:03:45+00:00","author":"Roberto Rotondo","twitter_card":"summary_large_image","twitter_creator":"@robertorotondo","twitter_site":"@varesenews","twitter_misc":{"Scritto da":"Roberto Rotondo","Tempo di lettura stimato":"2 minuti"},"schema":{"@context":"https:\/\/schema.org","@graph":[{"@type":"WebPage","@id":"https:\/\/staging.varesenews.it\/2017\/01\/aspem-e-molina-il-passato-che-non-passa\/589924\/","url":"https:\/\/staging.varesenews.it\/2017\/01\/aspem-e-molina-il-passato-che-non-passa\/589924\/","name":"Aspem e Molina, uno scontro politico","isPartOf":{"@id":"https:\/\/staging.varesenews.it\/#website"},"datePublished":"2017-01-29T07:00:06+00:00","dateModified":"2017-02-13T09:03:45+00:00","author":{"@id":"https:\/\/staging.varesenews.it\/#\/schema\/person\/bace96b9ce1b4905df659e51a83c17fe"},"description":"Appalti, potere e societ\u00e0: le guerre politiche e l'interesse dei cittadini","breadcrumb":{"@id":"https:\/\/staging.varesenews.it\/2017\/01\/aspem-e-molina-il-passato-che-non-passa\/589924\/#breadcrumb"},"inLanguage":"it-IT","potentialAction":[{"@type":"ReadAction","target":["https:\/\/staging.varesenews.it\/2017\/01\/aspem-e-molina-il-passato-che-non-passa\/589924\/"]}]},{"@type":"BreadcrumbList","@id":"https:\/\/staging.varesenews.it\/2017\/01\/aspem-e-molina-il-passato-che-non-passa\/589924\/#breadcrumb","itemListElement":[{"@type":"ListItem","position":1,"name":"Home","item":"https:\/\/www.varesenews.it\/"},{"@type":"ListItem","position":2,"name":"Aspem e Molina, uno scontro politico"}]},{"@type":"WebSite","@id":"https:\/\/staging.varesenews.it\/#website","url":"https:\/\/staging.varesenews.it\/","name":"VareseNews","description":"","potentialAction":[{"@type":"SearchAction","target":{"@type":"EntryPoint","urlTemplate":"https:\/\/staging.varesenews.it\/?s={search_term_string}"},"query-input":"required name=search_term_string"}],"inLanguage":"it-IT"},{"@type":"Person","@id":"https:\/\/staging.varesenews.it\/#\/schema\/person\/bace96b9ce1b4905df659e51a83c17fe","name":"Roberto Rotondo","image":{"@type":"ImageObject","inLanguage":"it-IT","@id":"https:\/\/staging.varesenews.it\/#\/schema\/person\/image\/","url":"https:\/\/staging.varesenews.it\/wp-content\/uploads\/2015\/03\/10888676_10204734543537926_609787919772941341_n.jpg","contentUrl":"https:\/\/staging.varesenews.it\/wp-content\/uploads\/2015\/03\/10888676_10204734543537926_609787919772941341_n.jpg","caption":"Roberto Rotondo"},"description":"Nato a Varese nel 1972. Laureato in Storia alla Statale di Milano. A Varese News dal 1998. Ho iniziato a scrivere su riviste locali, poi sono entrato nel progetto di Varese News quando ancora era agli inizi. Nel frattempo mi sono occupato di ricerca storica e ho collaborato con un settimanale e un quotidiano della Svizzera italiana scrivendo di cronaca e politica. Mi sono preso una pausa da Varese nel 2004. Ho lavorato per alcuni anni a Milano all'agenzia di stampa Adnkronos, con qualche stage a Roma nei palazzi della politica. Lanci di agenzia e servizi tv multimediali erano tra i miei compiti. In quegli anni ho lavorato per alcune radio anche nazionali, Radio Capital su tutte, come corrispondente locale. Ho scritto anche per un settimanale di gossip, ma sempre cronaca nera. Ed eccomi qui. Dal 2007 lavoro anche per il Corriere della sera, di cui sono corrispondente. A Varesenews sono ormai uno dei senatori. Mi occupo di cronaca nera, giudiziaria e di politica e della cronaca cittadina di Varese.","sameAs":["robertorotondo","https:\/\/twitter.com\/robertorotondo"],"url":"https:\/\/staging.varesenews.it\/persona\/roberto-rotondo\/"}]}},"post_meta":{"_edit_lock":"1486977670:50","_edit_last":"50","_category_permalink":"16","wdfb_og_title":"","wdfb_og_type":"","wdfb_og_description":"","wdfb_og_images":"a:1:{i:0;s:0:\"\";}","wdfb_og_custom_name":"a:1:{i:0;s:0:\"\";}","wdfb_og_custom_value":"a:1:{i:0;s:0:\"\";}","id_leggi_anche":"589615,588598,589885,589764,595426,595842,603940","foto":"545523","argomento":"Varese","_jd_twitter":"","_jd_tweet_this":"yes","_wpt_short_url":"http:\/\/www.varesenews.it\/2017\/01\/aspem-e-molina-il-passato-che-non-passa\/589924\/","_wp_jd_target":"http:\/\/www.varesenews.it\/2017\/01\/aspem-e-molina-il-passato-che-non-passa\/589924\/","_jd_wp_twitter":"a:1:{i:0;s:125:\"Aspem e Molina, uno scontro politico http:\/\/www.varesenews.it\/2017\/01\/aspem-e-molina-il-passato-che-non-passa\/589924\/ #molina\";}","_wpt_status_message":"Tweet inviato con successo.","ratings_users":"0","ratings_score":"0","ratings_average":"0"},"photos":[{"original":"https:\/\/staging.varesenews.it\/photogallery_new\/images\/2016\/06\/varese-palazzo-estense-545523.jpg","full":"https:\/\/staging.varesenews.it\/photogallery_new\/images\/2016\/06\/varese-palazzo-estense-545523.1024x768.jpg","large":"https:\/\/staging.varesenews.it\/photogallery_new\/images\/2016\/06\/varese-palazzo-estense-545523.610x431.jpg"}],"_links":{"self":[{"href":"https:\/\/staging.varesenews.it\/swgapi\/v1\/wp\/v2\/posts\/589924"}],"collection":[{"href":"https:\/\/staging.varesenews.it\/swgapi\/v1\/wp\/v2\/posts"}],"about":[{"href":"https:\/\/staging.varesenews.it\/swgapi\/v1\/wp\/v2\/types\/post"}],"author":[{"embeddable":true,"href":"https:\/\/staging.varesenews.it\/swgapi\/v1\/wp\/v2\/users\/50"}],"replies":[{"embeddable":true,"href":"https:\/\/staging.varesenews.it\/swgapi\/v1\/wp\/v2\/comments?post=589924"}],"version-history":[{"count":0,"href":"https:\/\/staging.varesenews.it\/swgapi\/v1\/wp\/v2\/posts\/589924\/revisions"}],"wp:attachment":[{"href":"https:\/\/staging.varesenews.it\/swgapi\/v1\/wp\/v2\/media?parent=589924"}],"wp:term":[{"taxonomy":"category","embeddable":true,"href":"https:\/\/staging.varesenews.it\/swgapi\/v1\/wp\/v2\/categories?post=589924"},{"taxonomy":"post_tag","embeddable":true,"href":"https:\/\/staging.varesenews.it\/swgapi\/v1\/wp\/v2\/tags?post=589924"}],"curies":[{"name":"wp","href":"https:\/\/api.w.org\/{rel}","templated":true}]}}