{"id":590338,"date":"2017-01-30T15:08:03","date_gmt":"2017-01-30T14:08:03","guid":{"rendered":"http:\/\/www.varesenews.it\/?p=590338"},"modified":"2017-01-30T15:08:03","modified_gmt":"2017-01-30T14:08:03","slug":"post-it-in-mostra-ultima-settimana-per-generaction","status":"publish","type":"post","link":"https:\/\/staging.varesenews.it\/2017\/01\/post-it-in-mostra-ultima-settimana-per-generaction\/590338\/","title":{"rendered":"Post-it in mostra, ultima settimana per &#8220;GenerAction&#8221;"},"content":{"rendered":"<p>Termina domenica 5 febbraio la rassegna internazionale d\u2019Arte Postale \u201c<strong>GenerAction<\/strong>\u201d ideata e curata da Ruggero Maggi presso il Museo MA*GA di Gallarate in occasione dei festeggiamenti per i trent\u2019anni dell\u2019Universit\u00e0 del Melo, centro culturale della cooperativa sociale Il Melo ONLUS,.<\/p>\n<p>Il tema \u201cIncontro tra le generazioni\u201d proposto agli artisti invitati ha offerto lo spunto per sottolineare una volta di pi\u00f9 quale importanza abbia da sempre il rapporto che unisce tutte le varie \u201cet\u00e0\u201d del genere umano. Rapporto che si pone come elemento fondamentale dell\u2019Amore:<strong> unica arma per combattere l\u2019odio, l\u2019arroganza, l\u2019incivilt\u00e0 \u2026 un Post-it sul libro della Vita e dell\u2019Amore.<\/strong><\/p>\n<p>Centinaia di artisti di una quarantina di Nazioni hanno risposto entusiasticamente all\u2019appello: migliaia di Post-it\u00ae sono stati inviati con la specifica richiesta di un intervento, di un gesto che indicasse la propria volont\u00e0 di rendersi partecipi di questa azione-evento, in cui Arte, Poesia, Sociologia ne costituiscono gli elementi fondanti.<\/p>\n<p>La Terra non \u00e8 un enorme vortice, un gorgo dove tutte le civilt\u00e0, tutte le trib\u00f9, tutte le radici culturali si mescolano e si confondono, ma \u00e8 formata da una miriade di punti, di pixel che si intersecano interagendo in continuazione. Se vogliamo la presente rassegna \u00e8 proprio questo: <strong>una grande allegoria della vita con le sue innumerevoli sfaccettature, con le sue molteplici possibilit\u00e0 e potenzialit\u00e0, in questo caso naturalmente poetiche ed artistiche. \u00a0<\/strong>La visione totale dell\u2019installazione si completer\u00e0 con la scoperta da parte del visitatore delle singole opere ottenute con le tecniche pi\u00f9 disparate e sfruttando ogni possibilit\u00e0 di impiego dei famosi foglietti gialli.<\/p>\n","protected":false},"excerpt":{"rendered":"<p>La mostra di mail art allestita al Museo Maga chiuder\u00e0 domenica 5 febbraio. Ultima occasione per vedere le opere di 350 artisti<\/p>\n","protected":false},"author":42,"featured_media":0,"comment_status":"open","ping_status":"open","sticky":false,"template":"","format":"standard","meta":{"footnotes":""},"categories":[18,3],"tags":[57681,4693,483,158],"acf":[],"yoast_head":"<!-- This site is optimized with the Yoast SEO plugin v20.1 - https:\/\/yoast.com\/wordpress\/plugins\/seo\/ -->\n<title>Post-it in mostra, ultima settimana per &quot;GenerAction&quot;<\/title>\n<meta name=\"description\" content=\"La mostra di mail art allestita al Museo Maga chiuder\u00e0 domenica 5 febbraio. Ultima occasione per vedere le opere di 350 artisti\" \/>\n<meta name=\"robots\" content=\"noindex, follow, max-snippet:-1, max-image-preview:large, max-video-preview:-1\" \/>\n<meta property=\"og:locale\" content=\"it_IT\" \/>\n<meta property=\"og:type\" content=\"article\" \/>\n<meta property=\"og:title\" content=\"Post-it in mostra, ultima settimana per &quot;GenerAction&quot;\" \/>\n<meta property=\"og:description\" content=\"La mostra di mail art allestita al Museo Maga chiuder\u00e0 domenica 5 febbraio. Ultima occasione per vedere le opere di 350 artisti\" \/>\n<meta property=\"og:url\" content=\"https:\/\/staging.varesenews.it\/2017\/01\/post-it-in-mostra-ultima-settimana-per-generaction\/590338\/\" \/>\n<meta property=\"og:site_name\" content=\"VareseNews\" \/>\n<meta property=\"article:publisher\" content=\"https:\/\/www.facebook.com\/varesenews\" \/>\n<meta property=\"article:published_time\" content=\"2017-01-30T14:08:03+00:00\" \/>\n<meta name=\"author\" content=\"Marco Corso\" \/>\n<meta name=\"twitter:card\" content=\"summary_large_image\" \/>\n<meta name=\"twitter:creator\" content=\"@varesenews\" \/>\n<meta name=\"twitter:site\" content=\"@varesenews\" \/>\n<meta name=\"twitter:label1\" content=\"Scritto da\" \/>\n\t<meta name=\"twitter:data1\" content=\"Marco Corso\" \/>\n\t<meta name=\"twitter:label2\" content=\"Tempo di lettura stimato\" \/>\n\t<meta name=\"twitter:data2\" content=\"1 minuto\" \/>\n<script type=\"application\/ld+json\" class=\"yoast-schema-graph\">{\"@context\":\"https:\/\/schema.org\",\"@graph\":[{\"@type\":\"WebPage\",\"@id\":\"https:\/\/staging.varesenews.it\/2017\/01\/post-it-in-mostra-ultima-settimana-per-generaction\/590338\/\",\"url\":\"https:\/\/staging.varesenews.it\/2017\/01\/post-it-in-mostra-ultima-settimana-per-generaction\/590338\/\",\"name\":\"Post-it in mostra, ultima settimana per \\\"GenerAction\\\"\",\"isPartOf\":{\"@id\":\"https:\/\/staging.varesenews.it\/#website\"},\"datePublished\":\"2017-01-30T14:08:03+00:00\",\"dateModified\":\"2017-01-30T14:08:03+00:00\",\"author\":{\"@id\":\"https:\/\/staging.varesenews.it\/#\/schema\/person\/f0b866bf1a4a7b2b1558574309a927fa\"},\"description\":\"La mostra di mail art allestita al Museo Maga chiuder\u00e0 domenica 5 febbraio. Ultima occasione per vedere le opere di 350 artisti\",\"breadcrumb\":{\"@id\":\"https:\/\/staging.varesenews.it\/2017\/01\/post-it-in-mostra-ultima-settimana-per-generaction\/590338\/#breadcrumb\"},\"inLanguage\":\"it-IT\",\"potentialAction\":[{\"@type\":\"ReadAction\",\"target\":[\"https:\/\/staging.varesenews.it\/2017\/01\/post-it-in-mostra-ultima-settimana-per-generaction\/590338\/\"]}]},{\"@type\":\"BreadcrumbList\",\"@id\":\"https:\/\/staging.varesenews.it\/2017\/01\/post-it-in-mostra-ultima-settimana-per-generaction\/590338\/#breadcrumb\",\"itemListElement\":[{\"@type\":\"ListItem\",\"position\":1,\"name\":\"Home\",\"item\":\"https:\/\/www.varesenews.it\/\"},{\"@type\":\"ListItem\",\"position\":2,\"name\":\"Post-it in mostra, ultima settimana per &#8220;GenerAction&#8221;\"}]},{\"@type\":\"WebSite\",\"@id\":\"https:\/\/staging.varesenews.it\/#website\",\"url\":\"https:\/\/staging.varesenews.it\/\",\"name\":\"VareseNews\",\"description\":\"\",\"potentialAction\":[{\"@type\":\"SearchAction\",\"target\":{\"@type\":\"EntryPoint\",\"urlTemplate\":\"https:\/\/staging.varesenews.it\/?s={search_term_string}\"},\"query-input\":\"required name=search_term_string\"}],\"inLanguage\":\"it-IT\"},{\"@type\":\"Person\",\"@id\":\"https:\/\/staging.varesenews.it\/#\/schema\/person\/f0b866bf1a4a7b2b1558574309a927fa\",\"name\":\"Marco Corso\",\"image\":{\"@type\":\"ImageObject\",\"inLanguage\":\"it-IT\",\"@id\":\"https:\/\/staging.varesenews.it\/#\/schema\/person\/image\/\",\"url\":\"https:\/\/staging.varesenews.it\/wp-content\/uploads\/2020\/12\/marco_corso_colori_500.jpg\",\"contentUrl\":\"https:\/\/staging.varesenews.it\/wp-content\/uploads\/2020\/12\/marco_corso_colori_500.jpg\",\"caption\":\"Marco Corso\"},\"description\":\"Classe 91, per diversi anni mi sono fregiato del titolo di pi&ugrave; giovane della redazione, ma adesso faccio il fratello maggiore alle nuove leve. Mi sono laureato nel 2013 in Scienze Sociali per la Globalizzazione alla Statale di Milano e nel 2015 mi sono diplomato in videogiornalismo alla Civica Scuola di Cinema di Milano. A VareseNews da 10 anni, ho seguito da sempre diversi progetti, partendo dalla mia Busto Arsizio per attraversare tutta la provincia. Adesso la \\\"sorvolo\\\" anche con il mio drone, regalando alle mie riprese sempre un punto di vista emozionale e narrativo sui luoghi e le vicende che racconto, ma rimanendo fedele alla cronaca. Quando non faccio il giornalista viaggio o mi arrampico sui monti, per guardare il mondo da altri punti di vista.\",\"sameAs\":[\"mar_corso\"],\"url\":\"https:\/\/staging.varesenews.it\/persona\/marco-corso1\/\"}]}<\/script>\n<!-- \/ Yoast SEO plugin. -->","yoast_head_json":{"title":"Post-it in mostra, ultima settimana per \"GenerAction\"","description":"La mostra di mail art allestita al Museo Maga chiuder\u00e0 domenica 5 febbraio. Ultima occasione per vedere le opere di 350 artisti","robots":{"index":"noindex","follow":"follow","max-snippet":"max-snippet:-1","max-image-preview":"max-image-preview:large","max-video-preview":"max-video-preview:-1"},"og_locale":"it_IT","og_type":"article","og_title":"Post-it in mostra, ultima settimana per \"GenerAction\"","og_description":"La mostra di mail art allestita al Museo Maga chiuder\u00e0 domenica 5 febbraio. Ultima occasione per vedere le opere di 350 artisti","og_url":"https:\/\/staging.varesenews.it\/2017\/01\/post-it-in-mostra-ultima-settimana-per-generaction\/590338\/","og_site_name":"VareseNews","article_publisher":"https:\/\/www.facebook.com\/varesenews","article_published_time":"2017-01-30T14:08:03+00:00","author":"Marco Corso","twitter_card":"summary_large_image","twitter_creator":"@varesenews","twitter_site":"@varesenews","twitter_misc":{"Scritto da":"Marco Corso","Tempo di lettura stimato":"1 minuto"},"schema":{"@context":"https:\/\/schema.org","@graph":[{"@type":"WebPage","@id":"https:\/\/staging.varesenews.it\/2017\/01\/post-it-in-mostra-ultima-settimana-per-generaction\/590338\/","url":"https:\/\/staging.varesenews.it\/2017\/01\/post-it-in-mostra-ultima-settimana-per-generaction\/590338\/","name":"Post-it in mostra, ultima settimana per \"GenerAction\"","isPartOf":{"@id":"https:\/\/staging.varesenews.it\/#website"},"datePublished":"2017-01-30T14:08:03+00:00","dateModified":"2017-01-30T14:08:03+00:00","author":{"@id":"https:\/\/staging.varesenews.it\/#\/schema\/person\/f0b866bf1a4a7b2b1558574309a927fa"},"description":"La mostra di mail art allestita al Museo Maga chiuder\u00e0 domenica 5 febbraio. Ultima occasione per vedere le opere di 350 artisti","breadcrumb":{"@id":"https:\/\/staging.varesenews.it\/2017\/01\/post-it-in-mostra-ultima-settimana-per-generaction\/590338\/#breadcrumb"},"inLanguage":"it-IT","potentialAction":[{"@type":"ReadAction","target":["https:\/\/staging.varesenews.it\/2017\/01\/post-it-in-mostra-ultima-settimana-per-generaction\/590338\/"]}]},{"@type":"BreadcrumbList","@id":"https:\/\/staging.varesenews.it\/2017\/01\/post-it-in-mostra-ultima-settimana-per-generaction\/590338\/#breadcrumb","itemListElement":[{"@type":"ListItem","position":1,"name":"Home","item":"https:\/\/www.varesenews.it\/"},{"@type":"ListItem","position":2,"name":"Post-it in mostra, ultima settimana per &#8220;GenerAction&#8221;"}]},{"@type":"WebSite","@id":"https:\/\/staging.varesenews.it\/#website","url":"https:\/\/staging.varesenews.it\/","name":"VareseNews","description":"","potentialAction":[{"@type":"SearchAction","target":{"@type":"EntryPoint","urlTemplate":"https:\/\/staging.varesenews.it\/?s={search_term_string}"},"query-input":"required name=search_term_string"}],"inLanguage":"it-IT"},{"@type":"Person","@id":"https:\/\/staging.varesenews.it\/#\/schema\/person\/f0b866bf1a4a7b2b1558574309a927fa","name":"Marco Corso","image":{"@type":"ImageObject","inLanguage":"it-IT","@id":"https:\/\/staging.varesenews.it\/#\/schema\/person\/image\/","url":"https:\/\/staging.varesenews.it\/wp-content\/uploads\/2020\/12\/marco_corso_colori_500.jpg","contentUrl":"https:\/\/staging.varesenews.it\/wp-content\/uploads\/2020\/12\/marco_corso_colori_500.jpg","caption":"Marco Corso"},"description":"Classe 91, per diversi anni mi sono fregiato del titolo di pi&ugrave; giovane della redazione, ma adesso faccio il fratello maggiore alle nuove leve. Mi sono laureato nel 2013 in Scienze Sociali per la Globalizzazione alla Statale di Milano e nel 2015 mi sono diplomato in videogiornalismo alla Civica Scuola di Cinema di Milano. A VareseNews da 10 anni, ho seguito da sempre diversi progetti, partendo dalla mia Busto Arsizio per attraversare tutta la provincia. Adesso la \"sorvolo\" anche con il mio drone, regalando alle mie riprese sempre un punto di vista emozionale e narrativo sui luoghi e le vicende che racconto, ma rimanendo fedele alla cronaca. Quando non faccio il giornalista viaggio o mi arrampico sui monti, per guardare il mondo da altri punti di vista.","sameAs":["mar_corso"],"url":"https:\/\/staging.varesenews.it\/persona\/marco-corso1\/"}]}},"post_meta":{"_edit_lock":"1485785749:42","_edit_last":"42","_category_permalink":"","wdfb_og_title":"","wdfb_og_type":"","wdfb_og_description":"","wdfb_og_images":"a:1:{i:0;s:0:\"\";}","wdfb_og_custom_name":"a:1:{i:0;s:0:\"\";}","wdfb_og_custom_value":"a:1:{i:0;s:0:\"\";}","foto":"591420","firma_come_redazione":"1","argomento":"Gallarate","_jd_twitter":"","_jd_tweet_this":"yes","ratings_users":"0","ratings_score":"0","ratings_average":"0","_wpt_short_url":"http:\/\/www.varesenews.it\/2017\/01\/post-it-in-mostra-ultima-settimana-per-generaction\/590338\/","_wp_jd_target":"http:\/\/www.varesenews.it\/2017\/01\/post-it-in-mostra-ultima-settimana-per-generaction\/590338\/","_jd_wp_twitter":"a:1:{i:0;s:173:\"Post-it in mostra, ultima settimana per \"GenerAction\" http:\/\/www.varesenews.it\/2017\/01\/post-it-in-mostra-ultima-settimana-per-generaction\/590338\/ #IlMeloOnlus #maga #weekend\";}","_wpt_status_message":"Tweet inviato con successo."},"photos":[{"original":"https:\/\/staging.varesenews.it\/photogallery_new\/images\/2017\/01\/avarie-591420.jpg","full":"https:\/\/staging.varesenews.it\/photogallery_new\/images\/2017\/01\/avarie-591420.1024x768.jpg","large":"https:\/\/staging.varesenews.it\/photogallery_new\/images\/2017\/01\/avarie-591420.610x431.jpg"}],"_links":{"self":[{"href":"https:\/\/staging.varesenews.it\/swgapi\/v1\/wp\/v2\/posts\/590338"}],"collection":[{"href":"https:\/\/staging.varesenews.it\/swgapi\/v1\/wp\/v2\/posts"}],"about":[{"href":"https:\/\/staging.varesenews.it\/swgapi\/v1\/wp\/v2\/types\/post"}],"author":[{"embeddable":true,"href":"https:\/\/staging.varesenews.it\/swgapi\/v1\/wp\/v2\/users\/42"}],"replies":[{"embeddable":true,"href":"https:\/\/staging.varesenews.it\/swgapi\/v1\/wp\/v2\/comments?post=590338"}],"version-history":[{"count":0,"href":"https:\/\/staging.varesenews.it\/swgapi\/v1\/wp\/v2\/posts\/590338\/revisions"}],"wp:attachment":[{"href":"https:\/\/staging.varesenews.it\/swgapi\/v1\/wp\/v2\/media?parent=590338"}],"wp:term":[{"taxonomy":"category","embeddable":true,"href":"https:\/\/staging.varesenews.it\/swgapi\/v1\/wp\/v2\/categories?post=590338"},{"taxonomy":"post_tag","embeddable":true,"href":"https:\/\/staging.varesenews.it\/swgapi\/v1\/wp\/v2\/tags?post=590338"}],"curies":[{"name":"wp","href":"https:\/\/api.w.org\/{rel}","templated":true}]}}