{"id":590350,"date":"2017-01-30T15:42:39","date_gmt":"2017-01-30T14:42:39","guid":{"rendered":"http:\/\/www.varesenews.it\/?p=590350"},"modified":"2017-01-30T15:52:18","modified_gmt":"2017-01-30T14:52:18","slug":"genova-sara-il-porto-della-svizzera","status":"publish","type":"post","link":"https:\/\/staging.varesenews.it\/2017\/01\/genova-sara-il-porto-della-svizzera\/590350\/","title":{"rendered":"Genova sar\u00e0 il porto della Svizzera"},"content":{"rendered":"<p><strong>Genova sar\u00e0 il porto della Svizzera<\/strong> e forse, un giorno non lontano, anche <strong>Malpensa sar\u00e0 l\u2019aeroporto dell\u2019intera Europea centrale <\/strong>(<em>foto, il ministro Graziano Del Rio<\/em>). Sono questi i due obiettivi, politici ed economici, che l\u2019Italia sta inseguendo con la creazione, in questi anni, di una serie di infrastrutture ferroviarie che se messe in fila, danno il senso di un grande <strong>cambiamento epocale della mobilit\u00e0 italoelvetica<\/strong>.<\/p>\n<p><strong>ITALIA E SVIZZERA ALLEATE PER FAR VIAGGIARE LA MERCI <\/strong><\/p>\n<p>Spulciando tra i discorsi ufficiali fatti dai politici, oggi, <strong>al cantiere della ferrovia Arcisate Stabio,<\/strong> emerge ci\u00f2 che sta avvenendo sul nostro territorio.<br \/>\nE\u2019 stato <strong>Graziano Del Rio<\/strong>, ministro delle infrastrutture, a dire che \u201cGenova sar\u00e0 il porto della Svizzera\u201d, ricordando che con Berna esistono dei programmi di medio periodo per costruire, insieme, una \u00a0nuova mobilit\u00f2 ferroviaria che\u00a0guardi al futuro.<\/p>\n<p><strong>Gli Svizzeri stanno ultimando il megaprogetto<a title=\"AlpTransit, il tunnel entra in servizio\" href=\"http:\/\/www.varesenews.it\/2016\/12\/alptransit-il-tunnel-entra-in-servizio\/577060\/\"> Alptransit<\/a><\/strong>, la ferrovia di pianure sotto le alpi che,<a title=\"Alptransit pronto per il 2020. \u201cE nessun ritardo sul versante italiano\u201d\" href=\"http:\/\/www.varesenews.it\/2016\/11\/alptransit-pronto-per-il-2020-e-nessun-ritardo-sul-versante-italiano\/569617\/\"> dal 2020,<\/a> porter\u00e0 pi\u00f9 merci e in meno tempo, da Rotterdam a Genova. Gli italiani, invece, stanno aumentando la capacit\u00e0 della linea <strong>Domodossola<\/strong>, stanno migliorando la dotazione tecnologica della <strong>Como-Chiasso<\/strong> e stanno per ampliare<strong><a title=\"Dalla Svizzera 120 milioni per ampliare la linea ferroviaria di Luino\" href=\"http:\/\/www.varesenews.it\/2014\/01\/dalla-svizzera-120-milioni-per-ampliare-la-linea-ferroviaria-di-luino\/42875\/\"> la ferrovia da Luino<\/a><\/strong>, per adattarla ai treni merci elvetici. Il percorso nel Varesotto prevede<strong> l\u2019eliminazione di tutti i <a title=\"10 milioni per togliere i passaggi a livello da Alptransit\" href=\"http:\/\/www.varesenews.it\/2015\/12\/10-milioni-per-togliere-i-passaggi-a-livello-da-alptransit\/469273\/\">passaggi a livello<\/a><\/strong> e la Svizzera ha finanziato l\u2019opera ferroviaria. La cooperazione tra Italia e Berna, sul fronte ferroviari merci, \u00e8 assolutamente strategica e prosegue.<\/p>\n<p><strong>MALPENSA E I PASSEGGERI D&#8217;EUROPA<\/strong><\/p>\n<p>Per il Presidente della Regione Lombardia <strong>Roberto Maroni<\/strong> \u00e8 strategica anche la creazione della <strong>ferrovia che collegher\u00e0 il Terminal 2 <a title=\"\u201cMalpensa sempre pi\u00f9 collegata, avanti con la nuova linea per Gallarate\u201d\" href=\"http:\/\/www.varesenews.it\/2016\/12\/malpensa-sempre-piu-collegata-avanti-con-la-nuova-linea-per-gallarate\/576157\/\">alla linea ferroviaria di Gallarate<\/a><\/strong>, dopo la creazione di una <a title=\"Attivo il collegamento ferroviario al T2\" href=\"http:\/\/www.varesenews.it\/2016\/12\/attivo-il-collegamento-ferroviario-al-t2\/579364\/\">tratta ferroviaria tra il T1 e il T2<\/a> finalmente inaugurata nel 2016.<br \/>\nSul fronte passeggeri Maroni vede, in prospettiva, una ferrovia che porti da <strong>Lugano a Malpensa<\/strong> senza alcun cambio.<\/p>\n<p>&nbsp;<\/p>\n<p><div class=\"photo-inside-post\"><img decoding=\"async\" loading=\"lazy\" fetchpriority=\"low\" width=\"610\" height=\"431\" src=\"https:\/\/staging.varesenews.it\/photogallery_new\/images\/2017\/01\/maroni-del-rio-591424.610x431.jpg\" alt=\"maroni del rio\"><\/div><br \/>\n(Il presidente della Lombardia Roberto Maroni)<\/p>\n<p><strong>VARESE STAZIONE DI TRANSITO <\/strong><\/p>\n<p>In questo\u00a0quadro generale la tratta della<strong> Varese-Mendrisio-Lugano<\/strong> che partir\u00e0 nel dicembre del 2017, al termine dei lavori tra Arcisate e Stabio, cambier\u00e0 ulteriormente\u00a0la mobilit\u00e0 tra i due paesi. Diventer\u00e0 semplice usare il treno tra <strong>Milano e Lugano<\/strong>. E quando sar\u00e0 realizzata la ferrovia tra il T2 e Gallarate, come auspica Maroni, diverr\u00e0 pi\u00f9 veloce andare a Malpensa per un bacino davvero molto ampio di popolazione: le distanze e i confini saranno meno critici.<\/p>\n<p>&nbsp;<\/p>\n<p><div class=\"photo-inside-post\"><img decoding=\"async\" loading=\"lazy\" fetchpriority=\"low\" width=\"610\" height=\"431\" src=\"https:\/\/staging.varesenews.it\/photogallery_new\/images\/2016\/06\/i-giorno-di-alptransit-542663.610x431.jpg\" alt=\"I giorno di AlpTransit\"><\/div><br \/>\n(L&#8217;alptransit, parzialmente gi\u00e0 avviato)<\/p>\n<p><strong>Sul fronte merci la\u00a0Svizzera \u00e8 stata il perno<\/strong> di questa rivoluzione dei trasporti, con il progetto Alptransit. La presenza sotto le alpi di una nuova ferrovia in pianura, quasi ultimata, e che di colpo abbatte le montagne, ha generato una corsa a completare questa nuova mobilit\u00e0. Per intenderci, ci\u00f2 che \u00e8 in gioco \u00e8 questo: se le alpi svizzere con Alptransit diventano piatte,<strong> a una nave cinese<\/strong> conviene andare a Genova o a Rotterdam per trasportare merci verso la Germania?<\/p>\n<p>&nbsp;<\/p>\n<p><div class=\"photo-inside-post\"><img decoding=\"async\" loading=\"lazy\" fetchpriority=\"low\" width=\"610\" height=\"431\" src=\"https:\/\/staging.varesenews.it\/photogallery_new\/images\/2016\/12\/nuova-ferrovia-terminal-2-malpensa-583273.610x431.jpg\" alt=\"nuova ferrovia Terminal 2 Malpensa\"><\/div><br \/>\n(La nuova ferrovia tra i due terminal di Malpensa)<\/p>\n<p><strong>I VANTAGGI PER LA POPOLAZIONE<\/strong><\/p>\n<p><strong>La speranza per il Varesotto<\/strong> \u00e8 che i servizi connessi a questo futuro prossimo, diano lavoro a tante persone. Logistica, innanzitutto, con aziende che porteranno qui i propri servizi, ma anche attivit\u00e0 che sfruttino l\u2019incremento del turismo sull\u2019asse Varese, Mendrisio, Lugano, Como. La data di inizio di questo futuro \u00e8 <strong>il 10 dicembre del 2017,<\/strong> il giorno in cui entra in vigore l\u2019orario l\u2019invernale, probabile data di inizio del servizio passeggeri tra Varese e Mendrisio: \u00e8 il primo giorno di una nuova era.<\/p>\n","protected":false},"excerpt":{"rendered":"<p>Alptranist, Malpensa e Arcisate-Stabio. Gli obiettivi di Governo e Regione, e la speranza dei cittadini: pi\u00f9 lavoro per la gente<\/p>\n","protected":false},"author":50,"featured_media":0,"comment_status":"open","ping_status":"open","sticky":false,"template":"","format":"standard","meta":{"footnotes":""},"categories":[2],"tags":[1285,1818],"acf":[],"yoast_head":"<!-- This site is optimized with the Yoast SEO plugin v20.1 - https:\/\/yoast.com\/wordpress\/plugins\/seo\/ -->\n<title>Genova sar\u00e0 il porto della Svizzera<\/title>\n<meta name=\"description\" content=\"Alptranist, Malpensa e Arcisate-Stabio. Gli obiettivi di Governo e Regione, e la speranza dei cittadini: pi\u00f9 lavoro per la gente\" \/>\n<meta name=\"robots\" content=\"noindex, follow, max-snippet:-1, max-image-preview:large, max-video-preview:-1\" \/>\n<meta property=\"og:locale\" content=\"it_IT\" \/>\n<meta property=\"og:type\" content=\"article\" \/>\n<meta property=\"og:title\" content=\"Genova sar\u00e0 il porto della Svizzera\" \/>\n<meta property=\"og:description\" content=\"Alptranist, Malpensa e Arcisate-Stabio. Gli obiettivi di Governo e Regione, e la speranza dei cittadini: pi\u00f9 lavoro per la gente\" \/>\n<meta property=\"og:url\" content=\"https:\/\/staging.varesenews.it\/2017\/01\/genova-sara-il-porto-della-svizzera\/590350\/\" \/>\n<meta property=\"og:site_name\" content=\"VareseNews\" \/>\n<meta property=\"article:publisher\" content=\"https:\/\/www.facebook.com\/varesenews\" \/>\n<meta property=\"article:published_time\" content=\"2017-01-30T14:42:39+00:00\" \/>\n<meta property=\"article:modified_time\" content=\"2017-01-30T14:52:18+00:00\" \/>\n<meta name=\"author\" content=\"Roberto Rotondo\" \/>\n<meta name=\"twitter:card\" content=\"summary_large_image\" \/>\n<meta name=\"twitter:creator\" content=\"@robertorotondo\" \/>\n<meta name=\"twitter:site\" content=\"@varesenews\" \/>\n<meta name=\"twitter:label1\" content=\"Scritto da\" \/>\n\t<meta name=\"twitter:data1\" content=\"Roberto Rotondo\" \/>\n\t<meta name=\"twitter:label2\" content=\"Tempo di lettura stimato\" \/>\n\t<meta name=\"twitter:data2\" content=\"3 minuti\" \/>\n<script type=\"application\/ld+json\" class=\"yoast-schema-graph\">{\"@context\":\"https:\/\/schema.org\",\"@graph\":[{\"@type\":\"WebPage\",\"@id\":\"https:\/\/staging.varesenews.it\/2017\/01\/genova-sara-il-porto-della-svizzera\/590350\/\",\"url\":\"https:\/\/staging.varesenews.it\/2017\/01\/genova-sara-il-porto-della-svizzera\/590350\/\",\"name\":\"Genova sar\u00e0 il porto della Svizzera\",\"isPartOf\":{\"@id\":\"https:\/\/staging.varesenews.it\/#website\"},\"datePublished\":\"2017-01-30T14:42:39+00:00\",\"dateModified\":\"2017-01-30T14:52:18+00:00\",\"author\":{\"@id\":\"https:\/\/staging.varesenews.it\/#\/schema\/person\/bace96b9ce1b4905df659e51a83c17fe\"},\"description\":\"Alptranist, Malpensa e Arcisate-Stabio. Gli obiettivi di Governo e Regione, e la speranza dei cittadini: pi\u00f9 lavoro per la gente\",\"breadcrumb\":{\"@id\":\"https:\/\/staging.varesenews.it\/2017\/01\/genova-sara-il-porto-della-svizzera\/590350\/#breadcrumb\"},\"inLanguage\":\"it-IT\",\"potentialAction\":[{\"@type\":\"ReadAction\",\"target\":[\"https:\/\/staging.varesenews.it\/2017\/01\/genova-sara-il-porto-della-svizzera\/590350\/\"]}]},{\"@type\":\"BreadcrumbList\",\"@id\":\"https:\/\/staging.varesenews.it\/2017\/01\/genova-sara-il-porto-della-svizzera\/590350\/#breadcrumb\",\"itemListElement\":[{\"@type\":\"ListItem\",\"position\":1,\"name\":\"Home\",\"item\":\"https:\/\/www.varesenews.it\/\"},{\"@type\":\"ListItem\",\"position\":2,\"name\":\"Genova sar\u00e0 il porto della Svizzera\"}]},{\"@type\":\"WebSite\",\"@id\":\"https:\/\/staging.varesenews.it\/#website\",\"url\":\"https:\/\/staging.varesenews.it\/\",\"name\":\"VareseNews\",\"description\":\"\",\"potentialAction\":[{\"@type\":\"SearchAction\",\"target\":{\"@type\":\"EntryPoint\",\"urlTemplate\":\"https:\/\/staging.varesenews.it\/?s={search_term_string}\"},\"query-input\":\"required name=search_term_string\"}],\"inLanguage\":\"it-IT\"},{\"@type\":\"Person\",\"@id\":\"https:\/\/staging.varesenews.it\/#\/schema\/person\/bace96b9ce1b4905df659e51a83c17fe\",\"name\":\"Roberto Rotondo\",\"image\":{\"@type\":\"ImageObject\",\"inLanguage\":\"it-IT\",\"@id\":\"https:\/\/staging.varesenews.it\/#\/schema\/person\/image\/\",\"url\":\"https:\/\/staging.varesenews.it\/wp-content\/uploads\/2015\/03\/10888676_10204734543537926_609787919772941341_n.jpg\",\"contentUrl\":\"https:\/\/staging.varesenews.it\/wp-content\/uploads\/2015\/03\/10888676_10204734543537926_609787919772941341_n.jpg\",\"caption\":\"Roberto Rotondo\"},\"description\":\"Nato a Varese nel 1972. Laureato in Storia alla Statale di Milano. A Varese News dal 1998. Ho iniziato a scrivere su riviste locali, poi sono entrato nel progetto di Varese News quando ancora era agli inizi. Nel frattempo mi sono occupato di ricerca storica e ho collaborato con un settimanale e un quotidiano della Svizzera italiana scrivendo di cronaca e politica. Mi sono preso una pausa da Varese nel 2004. Ho lavorato per alcuni anni a Milano all'agenzia di stampa Adnkronos, con qualche stage a Roma nei palazzi della politica. Lanci di agenzia e servizi tv multimediali erano tra i miei compiti. In quegli anni ho lavorato per alcune radio anche nazionali, Radio Capital su tutte, come corrispondente locale. Ho scritto anche per un settimanale di gossip, ma sempre cronaca nera. Ed eccomi qui. Dal 2007 lavoro anche per il Corriere della sera, di cui sono corrispondente. A Varesenews sono ormai uno dei senatori. Mi occupo di cronaca nera, giudiziaria e di politica e della cronaca cittadina di Varese.\",\"sameAs\":[\"robertorotondo\",\"https:\/\/twitter.com\/robertorotondo\"],\"url\":\"https:\/\/staging.varesenews.it\/persona\/roberto-rotondo\/\"}]}<\/script>\n<!-- \/ Yoast SEO plugin. -->","yoast_head_json":{"title":"Genova sar\u00e0 il porto della Svizzera","description":"Alptranist, Malpensa e Arcisate-Stabio. Gli obiettivi di Governo e Regione, e la speranza dei cittadini: pi\u00f9 lavoro per la gente","robots":{"index":"noindex","follow":"follow","max-snippet":"max-snippet:-1","max-image-preview":"max-image-preview:large","max-video-preview":"max-video-preview:-1"},"og_locale":"it_IT","og_type":"article","og_title":"Genova sar\u00e0 il porto della Svizzera","og_description":"Alptranist, Malpensa e Arcisate-Stabio. Gli obiettivi di Governo e Regione, e la speranza dei cittadini: pi\u00f9 lavoro per la gente","og_url":"https:\/\/staging.varesenews.it\/2017\/01\/genova-sara-il-porto-della-svizzera\/590350\/","og_site_name":"VareseNews","article_publisher":"https:\/\/www.facebook.com\/varesenews","article_published_time":"2017-01-30T14:42:39+00:00","article_modified_time":"2017-01-30T14:52:18+00:00","author":"Roberto Rotondo","twitter_card":"summary_large_image","twitter_creator":"@robertorotondo","twitter_site":"@varesenews","twitter_misc":{"Scritto da":"Roberto Rotondo","Tempo di lettura stimato":"3 minuti"},"schema":{"@context":"https:\/\/schema.org","@graph":[{"@type":"WebPage","@id":"https:\/\/staging.varesenews.it\/2017\/01\/genova-sara-il-porto-della-svizzera\/590350\/","url":"https:\/\/staging.varesenews.it\/2017\/01\/genova-sara-il-porto-della-svizzera\/590350\/","name":"Genova sar\u00e0 il porto della Svizzera","isPartOf":{"@id":"https:\/\/staging.varesenews.it\/#website"},"datePublished":"2017-01-30T14:42:39+00:00","dateModified":"2017-01-30T14:52:18+00:00","author":{"@id":"https:\/\/staging.varesenews.it\/#\/schema\/person\/bace96b9ce1b4905df659e51a83c17fe"},"description":"Alptranist, Malpensa e Arcisate-Stabio. Gli obiettivi di Governo e Regione, e la speranza dei cittadini: pi\u00f9 lavoro per la gente","breadcrumb":{"@id":"https:\/\/staging.varesenews.it\/2017\/01\/genova-sara-il-porto-della-svizzera\/590350\/#breadcrumb"},"inLanguage":"it-IT","potentialAction":[{"@type":"ReadAction","target":["https:\/\/staging.varesenews.it\/2017\/01\/genova-sara-il-porto-della-svizzera\/590350\/"]}]},{"@type":"BreadcrumbList","@id":"https:\/\/staging.varesenews.it\/2017\/01\/genova-sara-il-porto-della-svizzera\/590350\/#breadcrumb","itemListElement":[{"@type":"ListItem","position":1,"name":"Home","item":"https:\/\/www.varesenews.it\/"},{"@type":"ListItem","position":2,"name":"Genova sar\u00e0 il porto della Svizzera"}]},{"@type":"WebSite","@id":"https:\/\/staging.varesenews.it\/#website","url":"https:\/\/staging.varesenews.it\/","name":"VareseNews","description":"","potentialAction":[{"@type":"SearchAction","target":{"@type":"EntryPoint","urlTemplate":"https:\/\/staging.varesenews.it\/?s={search_term_string}"},"query-input":"required name=search_term_string"}],"inLanguage":"it-IT"},{"@type":"Person","@id":"https:\/\/staging.varesenews.it\/#\/schema\/person\/bace96b9ce1b4905df659e51a83c17fe","name":"Roberto Rotondo","image":{"@type":"ImageObject","inLanguage":"it-IT","@id":"https:\/\/staging.varesenews.it\/#\/schema\/person\/image\/","url":"https:\/\/staging.varesenews.it\/wp-content\/uploads\/2015\/03\/10888676_10204734543537926_609787919772941341_n.jpg","contentUrl":"https:\/\/staging.varesenews.it\/wp-content\/uploads\/2015\/03\/10888676_10204734543537926_609787919772941341_n.jpg","caption":"Roberto Rotondo"},"description":"Nato a Varese nel 1972. Laureato in Storia alla Statale di Milano. A Varese News dal 1998. Ho iniziato a scrivere su riviste locali, poi sono entrato nel progetto di Varese News quando ancora era agli inizi. Nel frattempo mi sono occupato di ricerca storica e ho collaborato con un settimanale e un quotidiano della Svizzera italiana scrivendo di cronaca e politica. Mi sono preso una pausa da Varese nel 2004. Ho lavorato per alcuni anni a Milano all'agenzia di stampa Adnkronos, con qualche stage a Roma nei palazzi della politica. Lanci di agenzia e servizi tv multimediali erano tra i miei compiti. In quegli anni ho lavorato per alcune radio anche nazionali, Radio Capital su tutte, come corrispondente locale. Ho scritto anche per un settimanale di gossip, ma sempre cronaca nera. Ed eccomi qui. Dal 2007 lavoro anche per il Corriere della sera, di cui sono corrispondente. A Varesenews sono ormai uno dei senatori. Mi occupo di cronaca nera, giudiziaria e di politica e della cronaca cittadina di Varese.","sameAs":["robertorotondo","https:\/\/twitter.com\/robertorotondo"],"url":"https:\/\/staging.varesenews.it\/persona\/roberto-rotondo\/"}]}},"post_meta":{"_edit_lock":"1485789553:50","_edit_last":"50","_category_permalink":"","wdfb_og_title":"","wdfb_og_type":"","wdfb_og_description":"","wdfb_og_images":"a:1:{i:0;s:0:\"\";}","wdfb_og_custom_name":"a:1:{i:0;s:0:\"\";}","wdfb_og_custom_value":"a:1:{i:0;s:0:\"\";}","foto":"591425","argomento":"Varesotto","_jd_twitter":"","_jd_tweet_this":"yes","ratings_users":"0","ratings_score":"0","ratings_average":"0","_wpt_short_url":"http:\/\/www.varesenews.it\/2017\/01\/genova-sara-il-porto-della-svizzera\/590350\/","_wp_jd_target":"http:\/\/www.varesenews.it\/2017\/01\/genova-sara-il-porto-della-svizzera\/590350\/","_jd_wp_twitter":"a:1:{i:0;s:141:\"Genova sar\u00e0 il porto della Svizzera http:\/\/www.varesenews.it\/2017\/01\/genova-sara-il-porto-della-svizzera\/590350\/ #alptransit #arcisatestabio\";}","_wpt_status_message":"Tweet inviato con successo.","id_link_fotogallery":"590382","id_leggi_anche":"590385,590564,592067,599456"},"photos":[{"original":"https:\/\/staging.varesenews.it\/photogallery_new\/images\/2017\/01\/maroni-del-rio-591425.jpg","full":"https:\/\/staging.varesenews.it\/photogallery_new\/images\/2017\/01\/maroni-del-rio-591425.1024x768.jpg","large":"https:\/\/staging.varesenews.it\/photogallery_new\/images\/2017\/01\/maroni-del-rio-591425.610x431.jpg"}],"_links":{"self":[{"href":"https:\/\/staging.varesenews.it\/swgapi\/v1\/wp\/v2\/posts\/590350"}],"collection":[{"href":"https:\/\/staging.varesenews.it\/swgapi\/v1\/wp\/v2\/posts"}],"about":[{"href":"https:\/\/staging.varesenews.it\/swgapi\/v1\/wp\/v2\/types\/post"}],"author":[{"embeddable":true,"href":"https:\/\/staging.varesenews.it\/swgapi\/v1\/wp\/v2\/users\/50"}],"replies":[{"embeddable":true,"href":"https:\/\/staging.varesenews.it\/swgapi\/v1\/wp\/v2\/comments?post=590350"}],"version-history":[{"count":0,"href":"https:\/\/staging.varesenews.it\/swgapi\/v1\/wp\/v2\/posts\/590350\/revisions"}],"wp:attachment":[{"href":"https:\/\/staging.varesenews.it\/swgapi\/v1\/wp\/v2\/media?parent=590350"}],"wp:term":[{"taxonomy":"category","embeddable":true,"href":"https:\/\/staging.varesenews.it\/swgapi\/v1\/wp\/v2\/categories?post=590350"},{"taxonomy":"post_tag","embeddable":true,"href":"https:\/\/staging.varesenews.it\/swgapi\/v1\/wp\/v2\/tags?post=590350"}],"curies":[{"name":"wp","href":"https:\/\/api.w.org\/{rel}","templated":true}]}}