{"id":590972,"date":"2017-02-01T11:08:45","date_gmt":"2017-02-01T10:08:45","guid":{"rendered":"http:\/\/www.varesenews.it\/?p=590972"},"modified":"2017-02-01T11:09:09","modified_gmt":"2017-02-01T10:09:09","slug":"coro-e-orchestra-per-la-festa-di-san-giulio","status":"publish","type":"post","link":"https:\/\/staging.varesenews.it\/2017\/02\/coro-e-orchestra-per-la-festa-di-san-giulio\/590972\/","title":{"rendered":"Coro e orchestra per la festa di San Giulio"},"content":{"rendered":"<p>Sabato 4 febbraio alle ore 21,00 nella Chiesa di San Giulio in occasione della festa patronale cittadina dedicata a San Giulio la Corale di San Giulio e il Corpo Musicale Santa Cecilia si esibiranno insieme, ma in due momenti distinti, per sottolineare la solennit\u00e0 della ricorrenza.<\/p>\n<p>La Festa di San Giulio \u00e8 uno dei momenti pi\u00f9 significativi per la comunit\u00e0 cittadina e le due realt\u00e0 associative, la Corale di San Giulio, diretta da Enrico Raimondi, e il Corpo Musicale Santa Cecilia, guidato da Daniele Balleello, si sono ritrovate per offrire il loro contributo alla celebrazione offrendo un concerto che vedr\u00e0 esibirsi nella prima parte i coristi, mentre saranno i musicisti ad occupare la seconda parte del concerto.<\/p>\n<p>La Corale di San Giulio si esibir\u00e0 in un repertorio musicale che comprende i seguenti pezzi: Tu sei il Cristo\u00a0(M. Frisina, 1954) &#8211; Gloria\u00a0dalla\u00a0Secunda Missa Pontificalis\u00a0(L. Perosi, 1872-1956) &#8211; Hallelujah\u00a0(L. Cohen, 1934-2016) &#8211; Sei il mio rifugio\u00a0(J. A. Cate) &#8211; Santo\u00a0(E. Ciociano, 1928-1977) &#8211; Angele Dei\u00a0sul tema\u00a0Gabriel&#8217; Oboe\u00a0(E. Morricone, 1928) -Salve Regina\u00a0(B. Vlahek, 1986).<\/p>\n<p>Seguir\u00e0 l\u2019esibizione del Corpo Musicale Santa Cecilia che presenter\u00e0: Schafe k\u00f6nnen sicher weiden. Aria dalla cantata BWV 208\u00a0(J. S. Bach, 1685-1750) &#8211; Sogno\u00a0da\u00a0Guglielmo Ratcliff\u00a0\u00a0(P. Mascagni, 1863-1945) -Adagio in sol minore\u00a0\u00a0\u00a0(R. Giazotto, 1919-1998 e T. Albinoni, 1671-1751) &#8211; Finale dalla Sinfonia n\u00b0 3\u00a0(C. Saint-Sa\u00ebns, 1835-1921) -L\u2019arlesienne\u00a0(G. Bizet, 1838-1875).<\/p>\n<p>Ingresso libero. Per informazioni: Ufficio Cultura \u2013 tel. 0331.526263 \u2013 e-mail: cultura@comune.castellanza.va.it.<\/p>\n","protected":false},"excerpt":{"rendered":"<p>In occasione della festa patronale si esibiranno il coro San Giulio e il corpo musicale Santa Cecilia<\/p>\n","protected":false},"author":47,"featured_media":0,"comment_status":"open","ping_status":"open","sticky":false,"template":"","format":"standard","meta":{"footnotes":""},"categories":[4,21],"tags":[37714,1168,158],"acf":[],"yoast_head":"<!-- This site is optimized with the Yoast SEO plugin v20.1 - https:\/\/yoast.com\/wordpress\/plugins\/seo\/ -->\n<title>Coro e orchestra per la festa di San Giulio<\/title>\n<meta name=\"description\" content=\"In occasione della festa patronale si esibiranno il coro San Giulio e il corpo musicale Santa Cecilia\" \/>\n<meta name=\"robots\" content=\"noindex, follow, max-snippet:-1, max-image-preview:large, max-video-preview:-1\" \/>\n<meta property=\"og:locale\" content=\"it_IT\" \/>\n<meta property=\"og:type\" content=\"article\" \/>\n<meta property=\"og:title\" content=\"Coro e orchestra per la festa di San Giulio\" \/>\n<meta property=\"og:description\" content=\"In occasione della festa patronale si esibiranno il coro San Giulio e il corpo musicale Santa Cecilia\" \/>\n<meta property=\"og:url\" content=\"https:\/\/staging.varesenews.it\/2017\/02\/coro-e-orchestra-per-la-festa-di-san-giulio\/590972\/\" \/>\n<meta property=\"og:site_name\" content=\"VareseNews\" \/>\n<meta property=\"article:publisher\" content=\"https:\/\/www.facebook.com\/varesenews\" \/>\n<meta property=\"article:published_time\" content=\"2017-02-01T10:08:45+00:00\" \/>\n<meta property=\"article:modified_time\" content=\"2017-02-01T10:09:09+00:00\" \/>\n<meta name=\"author\" content=\"Orlando Mastrillo\" \/>\n<meta name=\"twitter:card\" content=\"summary_large_image\" \/>\n<meta name=\"twitter:creator\" content=\"@nando_mastrillo\" \/>\n<meta name=\"twitter:site\" content=\"@varesenews\" \/>\n<meta name=\"twitter:label1\" content=\"Scritto da\" \/>\n\t<meta name=\"twitter:data1\" content=\"Orlando Mastrillo\" \/>\n\t<meta name=\"twitter:label2\" content=\"Tempo di lettura stimato\" \/>\n\t<meta name=\"twitter:data2\" content=\"1 minuto\" \/>\n<script type=\"application\/ld+json\" class=\"yoast-schema-graph\">{\"@context\":\"https:\/\/schema.org\",\"@graph\":[{\"@type\":\"WebPage\",\"@id\":\"https:\/\/staging.varesenews.it\/2017\/02\/coro-e-orchestra-per-la-festa-di-san-giulio\/590972\/\",\"url\":\"https:\/\/staging.varesenews.it\/2017\/02\/coro-e-orchestra-per-la-festa-di-san-giulio\/590972\/\",\"name\":\"Coro e orchestra per la festa di San Giulio\",\"isPartOf\":{\"@id\":\"https:\/\/staging.varesenews.it\/#website\"},\"datePublished\":\"2017-02-01T10:08:45+00:00\",\"dateModified\":\"2017-02-01T10:09:09+00:00\",\"author\":{\"@id\":\"https:\/\/staging.varesenews.it\/#\/schema\/person\/14c47ccce537a9058dddce296f10b296\"},\"description\":\"In occasione della festa patronale si esibiranno il coro San Giulio e il corpo musicale Santa Cecilia\",\"breadcrumb\":{\"@id\":\"https:\/\/staging.varesenews.it\/2017\/02\/coro-e-orchestra-per-la-festa-di-san-giulio\/590972\/#breadcrumb\"},\"inLanguage\":\"it-IT\",\"potentialAction\":[{\"@type\":\"ReadAction\",\"target\":[\"https:\/\/staging.varesenews.it\/2017\/02\/coro-e-orchestra-per-la-festa-di-san-giulio\/590972\/\"]}]},{\"@type\":\"BreadcrumbList\",\"@id\":\"https:\/\/staging.varesenews.it\/2017\/02\/coro-e-orchestra-per-la-festa-di-san-giulio\/590972\/#breadcrumb\",\"itemListElement\":[{\"@type\":\"ListItem\",\"position\":1,\"name\":\"Home\",\"item\":\"https:\/\/www.varesenews.it\/\"},{\"@type\":\"ListItem\",\"position\":2,\"name\":\"Coro e orchestra per la festa di San Giulio\"}]},{\"@type\":\"WebSite\",\"@id\":\"https:\/\/staging.varesenews.it\/#website\",\"url\":\"https:\/\/staging.varesenews.it\/\",\"name\":\"VareseNews\",\"description\":\"\",\"potentialAction\":[{\"@type\":\"SearchAction\",\"target\":{\"@type\":\"EntryPoint\",\"urlTemplate\":\"https:\/\/staging.varesenews.it\/?s={search_term_string}\"},\"query-input\":\"required name=search_term_string\"}],\"inLanguage\":\"it-IT\"},{\"@type\":\"Person\",\"@id\":\"https:\/\/staging.varesenews.it\/#\/schema\/person\/14c47ccce537a9058dddce296f10b296\",\"name\":\"Orlando Mastrillo\",\"image\":{\"@type\":\"ImageObject\",\"inLanguage\":\"it-IT\",\"@id\":\"https:\/\/staging.varesenews.it\/#\/schema\/person\/image\/\",\"url\":\"https:\/\/staging.varesenews.it\/wp-content\/uploads\/2020\/12\/orlando_mastrillo_colori_500.jpg\",\"contentUrl\":\"https:\/\/staging.varesenews.it\/wp-content\/uploads\/2020\/12\/orlando_mastrillo_colori_500.jpg\",\"caption\":\"Orlando Mastrillo\"},\"description\":\"Nasco a Luino nel 1981, ho iniziato questo lavoro nell'estate del 2003 nella redazione de Il Giorno di Varese e dall'anno successivo ho intrapreso la collaborazione con VareseNews. Dopo anni nell'Alto Varesotto mi sono trasferito a Busto Arsizio nel 2007, territorio che ho iniziato a seguire e che seguo tutt'oggi. Nel 2013 sono diventato giornalista professionista. Mi occupo di cronaca politica, giudiziaria e nera in una vasta area che comprende anche parte della Valle Olona e il Legnanese. Sono sposato con Valeria Arini e ho due splendide figlie.\",\"sameAs\":[\"or_ma\",\"https:\/\/twitter.com\/nando_mastrillo\"],\"url\":\"https:\/\/staging.varesenews.it\/persona\/orlando-mastrillo1\/\"}]}<\/script>\n<!-- \/ Yoast SEO plugin. -->","yoast_head_json":{"title":"Coro e orchestra per la festa di San Giulio","description":"In occasione della festa patronale si esibiranno il coro San Giulio e il corpo musicale Santa Cecilia","robots":{"index":"noindex","follow":"follow","max-snippet":"max-snippet:-1","max-image-preview":"max-image-preview:large","max-video-preview":"max-video-preview:-1"},"og_locale":"it_IT","og_type":"article","og_title":"Coro e orchestra per la festa di San Giulio","og_description":"In occasione della festa patronale si esibiranno il coro San Giulio e il corpo musicale Santa Cecilia","og_url":"https:\/\/staging.varesenews.it\/2017\/02\/coro-e-orchestra-per-la-festa-di-san-giulio\/590972\/","og_site_name":"VareseNews","article_publisher":"https:\/\/www.facebook.com\/varesenews","article_published_time":"2017-02-01T10:08:45+00:00","article_modified_time":"2017-02-01T10:09:09+00:00","author":"Orlando Mastrillo","twitter_card":"summary_large_image","twitter_creator":"@nando_mastrillo","twitter_site":"@varesenews","twitter_misc":{"Scritto da":"Orlando Mastrillo","Tempo di lettura stimato":"1 minuto"},"schema":{"@context":"https:\/\/schema.org","@graph":[{"@type":"WebPage","@id":"https:\/\/staging.varesenews.it\/2017\/02\/coro-e-orchestra-per-la-festa-di-san-giulio\/590972\/","url":"https:\/\/staging.varesenews.it\/2017\/02\/coro-e-orchestra-per-la-festa-di-san-giulio\/590972\/","name":"Coro e orchestra per la festa di San Giulio","isPartOf":{"@id":"https:\/\/staging.varesenews.it\/#website"},"datePublished":"2017-02-01T10:08:45+00:00","dateModified":"2017-02-01T10:09:09+00:00","author":{"@id":"https:\/\/staging.varesenews.it\/#\/schema\/person\/14c47ccce537a9058dddce296f10b296"},"description":"In occasione della festa patronale si esibiranno il coro San Giulio e il corpo musicale Santa Cecilia","breadcrumb":{"@id":"https:\/\/staging.varesenews.it\/2017\/02\/coro-e-orchestra-per-la-festa-di-san-giulio\/590972\/#breadcrumb"},"inLanguage":"it-IT","potentialAction":[{"@type":"ReadAction","target":["https:\/\/staging.varesenews.it\/2017\/02\/coro-e-orchestra-per-la-festa-di-san-giulio\/590972\/"]}]},{"@type":"BreadcrumbList","@id":"https:\/\/staging.varesenews.it\/2017\/02\/coro-e-orchestra-per-la-festa-di-san-giulio\/590972\/#breadcrumb","itemListElement":[{"@type":"ListItem","position":1,"name":"Home","item":"https:\/\/www.varesenews.it\/"},{"@type":"ListItem","position":2,"name":"Coro e orchestra per la festa di San Giulio"}]},{"@type":"WebSite","@id":"https:\/\/staging.varesenews.it\/#website","url":"https:\/\/staging.varesenews.it\/","name":"VareseNews","description":"","potentialAction":[{"@type":"SearchAction","target":{"@type":"EntryPoint","urlTemplate":"https:\/\/staging.varesenews.it\/?s={search_term_string}"},"query-input":"required name=search_term_string"}],"inLanguage":"it-IT"},{"@type":"Person","@id":"https:\/\/staging.varesenews.it\/#\/schema\/person\/14c47ccce537a9058dddce296f10b296","name":"Orlando Mastrillo","image":{"@type":"ImageObject","inLanguage":"it-IT","@id":"https:\/\/staging.varesenews.it\/#\/schema\/person\/image\/","url":"https:\/\/staging.varesenews.it\/wp-content\/uploads\/2020\/12\/orlando_mastrillo_colori_500.jpg","contentUrl":"https:\/\/staging.varesenews.it\/wp-content\/uploads\/2020\/12\/orlando_mastrillo_colori_500.jpg","caption":"Orlando Mastrillo"},"description":"Nasco a Luino nel 1981, ho iniziato questo lavoro nell'estate del 2003 nella redazione de Il Giorno di Varese e dall'anno successivo ho intrapreso la collaborazione con VareseNews. Dopo anni nell'Alto Varesotto mi sono trasferito a Busto Arsizio nel 2007, territorio che ho iniziato a seguire e che seguo tutt'oggi. Nel 2013 sono diventato giornalista professionista. Mi occupo di cronaca politica, giudiziaria e nera in una vasta area che comprende anche parte della Valle Olona e il Legnanese. Sono sposato con Valeria Arini e ho due splendide figlie.","sameAs":["or_ma","https:\/\/twitter.com\/nando_mastrillo"],"url":"https:\/\/staging.varesenews.it\/persona\/orlando-mastrillo1\/"}]}},"post_meta":{"_edit_lock":"1485945039:47","_edit_last":"47","ratings_users":"0","ratings_score":"0","ratings_average":"0","_category_permalink":"","wdfb_og_title":"","wdfb_og_type":"","wdfb_og_description":"","wdfb_og_images":"a:1:{i:0;s:0:\"\";}","wdfb_og_custom_name":"a:1:{i:0;s:0:\"\";}","wdfb_og_custom_value":"a:1:{i:0;s:0:\"\";}","foto":"591704","argomento":"Castellanza","_jd_twitter":"","_jd_tweet_this":"yes","_wpt_short_url":"http:\/\/www.varesenews.it\/2017\/02\/coro-e-orchestra-per-la-festa-di-san-giulio\/590972\/","_wp_jd_target":"http:\/\/www.varesenews.it\/2017\/02\/coro-e-orchestra-per-la-festa-di-san-giulio\/590972\/","_jd_wp_twitter":"a:1:{i:0;s:170:\"Coro e orchestra per la festa di San Giulio http:\/\/www.varesenews.it\/2017\/02\/coro-e-orchestra-per-la-festa-di-san-giulio\/590972\/ #chiesasangiulio #festapatronale #weekend\";}","_wpt_status_message":"Tweet inviato con successo.","firma_come_redazione":"1"},"photos":[{"original":"https:\/\/staging.varesenews.it\/photogallery_new\/images\/2017\/02\/chiesa-san-giulio-castellanza-591704.jpg","full":"https:\/\/staging.varesenews.it\/photogallery_new\/images\/2017\/02\/chiesa-san-giulio-castellanza-591704.1024x768.jpg","large":"https:\/\/staging.varesenews.it\/photogallery_new\/images\/2017\/02\/chiesa-san-giulio-castellanza-591704.610x431.jpg"}],"_links":{"self":[{"href":"https:\/\/staging.varesenews.it\/swgapi\/v1\/wp\/v2\/posts\/590972"}],"collection":[{"href":"https:\/\/staging.varesenews.it\/swgapi\/v1\/wp\/v2\/posts"}],"about":[{"href":"https:\/\/staging.varesenews.it\/swgapi\/v1\/wp\/v2\/types\/post"}],"author":[{"embeddable":true,"href":"https:\/\/staging.varesenews.it\/swgapi\/v1\/wp\/v2\/users\/47"}],"replies":[{"embeddable":true,"href":"https:\/\/staging.varesenews.it\/swgapi\/v1\/wp\/v2\/comments?post=590972"}],"version-history":[{"count":0,"href":"https:\/\/staging.varesenews.it\/swgapi\/v1\/wp\/v2\/posts\/590972\/revisions"}],"wp:attachment":[{"href":"https:\/\/staging.varesenews.it\/swgapi\/v1\/wp\/v2\/media?parent=590972"}],"wp:term":[{"taxonomy":"category","embeddable":true,"href":"https:\/\/staging.varesenews.it\/swgapi\/v1\/wp\/v2\/categories?post=590972"},{"taxonomy":"post_tag","embeddable":true,"href":"https:\/\/staging.varesenews.it\/swgapi\/v1\/wp\/v2\/tags?post=590972"}],"curies":[{"name":"wp","href":"https:\/\/api.w.org\/{rel}","templated":true}]}}