{"id":592315,"date":"2017-02-05T18:30:00","date_gmt":"2017-02-05T17:30:00","guid":{"rendered":"http:\/\/www.varesenews.it\/?p=592315"},"modified":"2017-02-05T18:30:00","modified_gmt":"2017-02-05T17:30:00","slug":"varese-revoca-le-misure-antismog","status":"publish","type":"post","link":"https:\/\/staging.varesenews.it\/2017\/02\/varese-revoca-le-misure-antismog\/592315\/","title":{"rendered":"Varese revoca le misure antismog"},"content":{"rendered":"<p class=\"p1\"><span class=\"s1\">Da<strong> domani, luned\u00ec 6 febbraio,<\/strong> <strong>saranno sospese a Varese tutte le misure antismog<\/strong>. Grazie alla pioggia che ha abbattuto gli inquinanti nell\u2019aria, possono essere revocate le misure <\/span><span class=\"s2\">previste nel primo livello del &#8220;Protocollo regionale sulla qualit\u00e0 dell&#8217;aria&#8221; al quale il Comune di Varese ha aderito. Divieti e raccomandazioni erano entrati in vigore venerd\u00ec scorso a causa del superamento dei livelli di inquinamento per sette giorni consecutivamente.<\/span><\/p>\n<p class=\"p1\">\u00abQuesti giorni di pioggia<strong> hanno riportato i valori di Pm10<\/strong> <strong>sotto le soglie di attenzione<\/strong> \u2013 dichiara <strong>Dino De Simone, assessore all\u2019Ambiente<\/strong> &#8211; questo per\u00f2 non deve farci abbassare la guardia perch\u00e9 l\u2019inverno \u00e8 ancora lungo e dobbiamo continuare il nostro impegno perch\u00e9 l\u2019aria di Varese non torni ad essere irrespirabile di nuovo tra qualche giorno. <strong>Limitare l\u2019uso della macchina preferendo il trasporto pubblico e tenere i caloriferi di casa a temperature non troppo elevate,<\/strong> preferibilmente tra i 19 e i 20 gradi, sono tutte pratiche sostenibili che possiamo attuare ogni giorno. I comportamenti di ciascuno di noi possono fare la differenza. <strong>Chiediamo per\u00f2 anche ai Comuni pi\u00f9 piccoli che circondano Varese di aderire al Protocollo per la qualit\u00e0 dell\u2019aria<\/strong> cos\u00ec come ha fatto la nostra citt\u00e0. Lo smog non ha confini territoriali e dobbiamo unire le nostre forze per combattere il problema dell\u2019inquinamento\u00bb.<\/p>\n","protected":false},"excerpt":{"rendered":"<p>Da luned\u00ec 6 febbraio sono revocate le misure adottate venerd\u00ec scorso per combattere l&#8217;inquinamento. La pioggia di questi giorni ha abbattuto le polveri sottili<\/p>\n","protected":false},"author":33,"featured_media":0,"comment_status":"open","ping_status":"open","sticky":false,"template":"","format":"standard","meta":{"footnotes":""},"categories":[1,2],"tags":[1272,613,8897],"acf":[],"yoast_head":"<!-- This site is optimized with the Yoast SEO plugin v20.1 - https:\/\/yoast.com\/wordpress\/plugins\/seo\/ -->\n<title>Varese revoca le misure antismog<\/title>\n<meta name=\"description\" content=\"Da luned\u00ec 6 febbraio sono revocate le misure adottate venerd\u00ec scorso per combattere l&#039;inquinamento. La pioggia di questi giorni ha abbattuto le polveri sottili\" \/>\n<meta name=\"robots\" content=\"noindex, follow, max-snippet:-1, max-image-preview:large, max-video-preview:-1\" \/>\n<meta property=\"og:locale\" content=\"it_IT\" \/>\n<meta property=\"og:type\" content=\"article\" \/>\n<meta property=\"og:title\" content=\"Varese revoca le misure antismog\" \/>\n<meta property=\"og:description\" content=\"Da luned\u00ec 6 febbraio sono revocate le misure adottate venerd\u00ec scorso per combattere l&#039;inquinamento. La pioggia di questi giorni ha abbattuto le polveri sottili\" \/>\n<meta property=\"og:url\" content=\"https:\/\/staging.varesenews.it\/2017\/02\/varese-revoca-le-misure-antismog\/592315\/\" \/>\n<meta property=\"og:site_name\" content=\"VareseNews\" \/>\n<meta property=\"article:publisher\" content=\"https:\/\/www.facebook.com\/varesenews\" \/>\n<meta property=\"article:author\" content=\"alessandra.toni7\" \/>\n<meta property=\"article:published_time\" content=\"2017-02-05T17:30:00+00:00\" \/>\n<meta name=\"author\" content=\"Alessandra Toni\" \/>\n<meta name=\"twitter:card\" content=\"summary_large_image\" \/>\n<meta name=\"twitter:creator\" content=\"@alessandra_toni\" \/>\n<meta name=\"twitter:site\" content=\"@varesenews\" \/>\n<meta name=\"twitter:label1\" content=\"Scritto da\" \/>\n\t<meta name=\"twitter:data1\" content=\"Alessandra Toni\" \/>\n\t<meta name=\"twitter:label2\" content=\"Tempo di lettura stimato\" \/>\n\t<meta name=\"twitter:data2\" content=\"1 minuto\" \/>\n<script type=\"application\/ld+json\" class=\"yoast-schema-graph\">{\"@context\":\"https:\/\/schema.org\",\"@graph\":[{\"@type\":\"WebPage\",\"@id\":\"https:\/\/staging.varesenews.it\/2017\/02\/varese-revoca-le-misure-antismog\/592315\/\",\"url\":\"https:\/\/staging.varesenews.it\/2017\/02\/varese-revoca-le-misure-antismog\/592315\/\",\"name\":\"Varese revoca le misure antismog\",\"isPartOf\":{\"@id\":\"https:\/\/staging.varesenews.it\/#website\"},\"datePublished\":\"2017-02-05T17:30:00+00:00\",\"dateModified\":\"2017-02-05T17:30:00+00:00\",\"author\":{\"@id\":\"https:\/\/staging.varesenews.it\/#\/schema\/person\/2643ce123d4a3c9511e015dc548779b8\"},\"description\":\"Da luned\u00ec 6 febbraio sono revocate le misure adottate venerd\u00ec scorso per combattere l'inquinamento. La pioggia di questi giorni ha abbattuto le polveri sottili\",\"breadcrumb\":{\"@id\":\"https:\/\/staging.varesenews.it\/2017\/02\/varese-revoca-le-misure-antismog\/592315\/#breadcrumb\"},\"inLanguage\":\"it-IT\",\"potentialAction\":[{\"@type\":\"ReadAction\",\"target\":[\"https:\/\/staging.varesenews.it\/2017\/02\/varese-revoca-le-misure-antismog\/592315\/\"]}]},{\"@type\":\"BreadcrumbList\",\"@id\":\"https:\/\/staging.varesenews.it\/2017\/02\/varese-revoca-le-misure-antismog\/592315\/#breadcrumb\",\"itemListElement\":[{\"@type\":\"ListItem\",\"position\":1,\"name\":\"Home\",\"item\":\"https:\/\/www.varesenews.it\/\"},{\"@type\":\"ListItem\",\"position\":2,\"name\":\"Varese revoca le misure antismog\"}]},{\"@type\":\"WebSite\",\"@id\":\"https:\/\/staging.varesenews.it\/#website\",\"url\":\"https:\/\/staging.varesenews.it\/\",\"name\":\"VareseNews\",\"description\":\"\",\"potentialAction\":[{\"@type\":\"SearchAction\",\"target\":{\"@type\":\"EntryPoint\",\"urlTemplate\":\"https:\/\/staging.varesenews.it\/?s={search_term_string}\"},\"query-input\":\"required name=search_term_string\"}],\"inLanguage\":\"it-IT\"},{\"@type\":\"Person\",\"@id\":\"https:\/\/staging.varesenews.it\/#\/schema\/person\/2643ce123d4a3c9511e015dc548779b8\",\"name\":\"Alessandra Toni\",\"image\":{\"@type\":\"ImageObject\",\"inLanguage\":\"it-IT\",\"@id\":\"https:\/\/staging.varesenews.it\/#\/schema\/person\/image\/\",\"url\":\"https:\/\/staging.varesenews.it\/wp-content\/uploads\/2020\/12\/alessandra_toni_colori_500.jpg\",\"contentUrl\":\"https:\/\/staging.varesenews.it\/wp-content\/uploads\/2020\/12\/alessandra_toni_colori_500.jpg\",\"caption\":\"Alessandra Toni\"},\"description\":\"Sono entrata nella redazione di VareseNews nel lontano anno 2000. Ero reduce da una bellissima esperienza nella redazione giornalistica della TV Nuova Antennatre, sotto la direzione dell'indimenticabile direttore Adolfo Caldarini. Sono arrivata quando era ancora una piccola realt\u00e0 editoriale e insieme abbiamo fatto un lungo ed entusiasmante lavoro. Mi occupo prevalentemente di scuola e di sanit\u00e0, settori impegnativi di grande valore sociale.\u00a0\",\"sameAs\":[\"alessandra.toni7\",\"alessandra.toni\",\"https:\/\/twitter.com\/alessandra_toni\"],\"url\":\"https:\/\/staging.varesenews.it\/persona\/alessandra_toni1\/\"}]}<\/script>\n<!-- \/ Yoast SEO plugin. -->","yoast_head_json":{"title":"Varese revoca le misure antismog","description":"Da luned\u00ec 6 febbraio sono revocate le misure adottate venerd\u00ec scorso per combattere l'inquinamento. La pioggia di questi giorni ha abbattuto le polveri sottili","robots":{"index":"noindex","follow":"follow","max-snippet":"max-snippet:-1","max-image-preview":"max-image-preview:large","max-video-preview":"max-video-preview:-1"},"og_locale":"it_IT","og_type":"article","og_title":"Varese revoca le misure antismog","og_description":"Da luned\u00ec 6 febbraio sono revocate le misure adottate venerd\u00ec scorso per combattere l'inquinamento. La pioggia di questi giorni ha abbattuto le polveri sottili","og_url":"https:\/\/staging.varesenews.it\/2017\/02\/varese-revoca-le-misure-antismog\/592315\/","og_site_name":"VareseNews","article_publisher":"https:\/\/www.facebook.com\/varesenews","article_author":"alessandra.toni7","article_published_time":"2017-02-05T17:30:00+00:00","author":"Alessandra Toni","twitter_card":"summary_large_image","twitter_creator":"@alessandra_toni","twitter_site":"@varesenews","twitter_misc":{"Scritto da":"Alessandra Toni","Tempo di lettura stimato":"1 minuto"},"schema":{"@context":"https:\/\/schema.org","@graph":[{"@type":"WebPage","@id":"https:\/\/staging.varesenews.it\/2017\/02\/varese-revoca-le-misure-antismog\/592315\/","url":"https:\/\/staging.varesenews.it\/2017\/02\/varese-revoca-le-misure-antismog\/592315\/","name":"Varese revoca le misure antismog","isPartOf":{"@id":"https:\/\/staging.varesenews.it\/#website"},"datePublished":"2017-02-05T17:30:00+00:00","dateModified":"2017-02-05T17:30:00+00:00","author":{"@id":"https:\/\/staging.varesenews.it\/#\/schema\/person\/2643ce123d4a3c9511e015dc548779b8"},"description":"Da luned\u00ec 6 febbraio sono revocate le misure adottate venerd\u00ec scorso per combattere l'inquinamento. La pioggia di questi giorni ha abbattuto le polveri sottili","breadcrumb":{"@id":"https:\/\/staging.varesenews.it\/2017\/02\/varese-revoca-le-misure-antismog\/592315\/#breadcrumb"},"inLanguage":"it-IT","potentialAction":[{"@type":"ReadAction","target":["https:\/\/staging.varesenews.it\/2017\/02\/varese-revoca-le-misure-antismog\/592315\/"]}]},{"@type":"BreadcrumbList","@id":"https:\/\/staging.varesenews.it\/2017\/02\/varese-revoca-le-misure-antismog\/592315\/#breadcrumb","itemListElement":[{"@type":"ListItem","position":1,"name":"Home","item":"https:\/\/www.varesenews.it\/"},{"@type":"ListItem","position":2,"name":"Varese revoca le misure antismog"}]},{"@type":"WebSite","@id":"https:\/\/staging.varesenews.it\/#website","url":"https:\/\/staging.varesenews.it\/","name":"VareseNews","description":"","potentialAction":[{"@type":"SearchAction","target":{"@type":"EntryPoint","urlTemplate":"https:\/\/staging.varesenews.it\/?s={search_term_string}"},"query-input":"required name=search_term_string"}],"inLanguage":"it-IT"},{"@type":"Person","@id":"https:\/\/staging.varesenews.it\/#\/schema\/person\/2643ce123d4a3c9511e015dc548779b8","name":"Alessandra Toni","image":{"@type":"ImageObject","inLanguage":"it-IT","@id":"https:\/\/staging.varesenews.it\/#\/schema\/person\/image\/","url":"https:\/\/staging.varesenews.it\/wp-content\/uploads\/2020\/12\/alessandra_toni_colori_500.jpg","contentUrl":"https:\/\/staging.varesenews.it\/wp-content\/uploads\/2020\/12\/alessandra_toni_colori_500.jpg","caption":"Alessandra Toni"},"description":"Sono entrata nella redazione di VareseNews nel lontano anno 2000. Ero reduce da una bellissima esperienza nella redazione giornalistica della TV Nuova Antennatre, sotto la direzione dell'indimenticabile direttore Adolfo Caldarini. Sono arrivata quando era ancora una piccola realt\u00e0 editoriale e insieme abbiamo fatto un lungo ed entusiasmante lavoro. Mi occupo prevalentemente di scuola e di sanit\u00e0, settori impegnativi di grande valore sociale.\u00a0","sameAs":["alessandra.toni7","alessandra.toni","https:\/\/twitter.com\/alessandra_toni"],"url":"https:\/\/staging.varesenews.it\/persona\/alessandra_toni1\/"}]}},"post_meta":{"_edit_lock":"1486317840:33","_edit_last":"33","_category_permalink":"2","wdfb_og_title":"","wdfb_og_type":"","wdfb_og_description":"","wdfb_og_images":"a:1:{i:0;s:0:\"\";}","wdfb_og_custom_name":"a:1:{i:0;s:0:\"\";}","wdfb_og_custom_value":"a:1:{i:0;s:0:\"\";}","foto":"583461","firma_come_redazione":"1","argomento":"Varese","_yoast_wpseo_focuskw":"smog","_jd_twitter":"","_jd_tweet_this":"yes","_yoast_wpseo_linkdex":"57","ratings_users":"0","ratings_score":"0","ratings_average":"0","_wpt_short_url":"http:\/\/www.varesenews.it\/2017\/02\/varese-revoca-le-misure-antismog\/592315\/","_wp_jd_target":"http:\/\/www.varesenews.it\/2017\/02\/varese-revoca-le-misure-antismog\/592315\/","_jd_wp_twitter":"a:1:{i:0;s:142:\"Varese revoca le misure antismog http:\/\/www.varesenews.it\/2017\/02\/varese-revoca-le-misure-antismog\/592315\/ #comunedivarese #inquinamento #Pm10\";}","_wpt_status_message":"Tweet inviato con successo."},"photos":[{"original":"https:\/\/staging.varesenews.it\/photogallery_new\/images\/2016\/12\/inquinamento-smog-pm10-lombardia-583461.jpg","full":"https:\/\/staging.varesenews.it\/photogallery_new\/images\/2016\/12\/inquinamento-smog-pm10-lombardia-583461.1024x768.jpg","large":"https:\/\/staging.varesenews.it\/photogallery_new\/images\/2016\/12\/inquinamento-smog-pm10-lombardia-583461.610x431.jpg"}],"_links":{"self":[{"href":"https:\/\/staging.varesenews.it\/swgapi\/v1\/wp\/v2\/posts\/592315"}],"collection":[{"href":"https:\/\/staging.varesenews.it\/swgapi\/v1\/wp\/v2\/posts"}],"about":[{"href":"https:\/\/staging.varesenews.it\/swgapi\/v1\/wp\/v2\/types\/post"}],"author":[{"embeddable":true,"href":"https:\/\/staging.varesenews.it\/swgapi\/v1\/wp\/v2\/users\/33"}],"replies":[{"embeddable":true,"href":"https:\/\/staging.varesenews.it\/swgapi\/v1\/wp\/v2\/comments?post=592315"}],"version-history":[{"count":0,"href":"https:\/\/staging.varesenews.it\/swgapi\/v1\/wp\/v2\/posts\/592315\/revisions"}],"wp:attachment":[{"href":"https:\/\/staging.varesenews.it\/swgapi\/v1\/wp\/v2\/media?parent=592315"}],"wp:term":[{"taxonomy":"category","embeddable":true,"href":"https:\/\/staging.varesenews.it\/swgapi\/v1\/wp\/v2\/categories?post=592315"},{"taxonomy":"post_tag","embeddable":true,"href":"https:\/\/staging.varesenews.it\/swgapi\/v1\/wp\/v2\/tags?post=592315"}],"curies":[{"name":"wp","href":"https:\/\/api.w.org\/{rel}","templated":true}]}}