{"id":593238,"date":"2017-02-08T18:33:44","date_gmt":"2017-02-08T17:33:44","guid":{"rendered":"http:\/\/www.varesenews.it\/?p=593238"},"modified":"2017-02-08T18:34:08","modified_gmt":"2017-02-08T17:34:08","slug":"scrivi-lamore-torna-il-premio-berrino","status":"publish","type":"post","link":"https:\/\/staging.varesenews.it\/2017\/02\/scrivi-lamore-torna-il-premio-berrino\/593238\/","title":{"rendered":"Scrivi l&#8217;amore, torna il Premio Berrino"},"content":{"rendered":"<p>Questa mattina, 8 febbraio 2017, a <strong>Villa Recalcati<\/strong> \u00e8 stata presentata la cerimonia di premiazione del Premio <strong>Mario Berrino Scrivi l\u2019amore<\/strong>, che si terr\u00e0 <strong>domenica 12 febbraio<\/strong> a <strong>Ispra<\/strong>.<\/p>\n<p>All\u2019incontro con la stampa erano presenti la Consigliera provinciale alla Cultura <strong>Cristina Riva<\/strong> e gli organizzatori dell\u2019iniziativa: <strong>Gianpietro Roncari<\/strong>, Presidente dell&#8217;Associazione culturale &#8220;Associazione amici di Mario Berrino&#8221;; <strong>Wally Giambelli Villa<\/strong>, Presidente dell&#8217;Associazione &#8220;Amici di Renzo Villa&#8221;; <strong>Salvatore Torre<\/strong>, Presidente del I Club nazionale Fiat 600 Besozzo; <strong>Rinaldo Enargelico<\/strong>, del Comitato artistico del Premio Mario Berrino e <strong>Stefania Bertini<\/strong>, Presidente di giuria del Premio Mario Berrino.<\/p>\n<p>\u00abSono felice di poter presentare a Villa Recalcati iniziative culturali legate al nostro territorio \u2013 ha dichiarato la consigliera Riva \u2013 Il Berrino \u00e8 un Premio che in questi dieci anni di vita ha dimostrato di saper crescere sia a livello organizzativo sia nei contenuti. Questo grazie all\u2019impegno dell\u2019Associazione che lo promuove e che, edizione dopo edizione, ha sempre saputo dare al premio un tocco di vitalit\u00e0 e rinnovamento\u00bb.<\/p>\n<p>\u00abL&#8217; obiettivo che ci poniamo per il futuro \u00e8 quello di interfacciarci ancor di pi\u00f9 con il JRC di Ispra e particolarmente con il loro gruppo cultuRale &#8211; \u00a0Ha dichiarato\u00a0\u00a0<strong>Gianpietro Roncari<\/strong>, Presidente dell&#8217;Associazione culturale &#8220;Amici di Mario Berrino&#8221; di Ispra &#8211; Per contribuire a internazionalizzare ancor di pi\u00f9 la rassegna letteraria &#8220;Scrivi l&#8217;amore-Premio Mario Berrino\u00bb.<\/p>\n<p>\u00abQuella tra l&#8217;associazione Mario Berrino e l&#8217;associazione Amici di Renzo Villa \u00e8 innanzitutto una storia di amicizia &#8211; Spiega <strong>Wally Giambelli Villa<\/strong>, presidente &#8211; Mario Berrino era legatissimo \u00a0a Lucio Flauto e Renzo villa, fin dalla nascita del muretto di Alassio. Una liason che \u00e8 passata senza difficolt\u00e0 dall&#8217;amicizia al sostegno delle attivit\u00e0 reciproche\u00bb<\/p>\n<h4>LA GIORNATA DELLA FINALE<\/h4>\n<p>Domenica alle \u00a016, nella Cornice de la Tenuta La Quassa si celebrer\u00e0 la decima finale della rassegna letteraria &#8220;Scrivi l&#8217;amore-Premio Mario Berrino, organizzata dall\u2019Associazione Culturale &#8220;Amici di Mario Berrino&#8221;, con il patrocinio del Comune di Ispra, del Centro Pannunzio, de &#8220;La B\u00ecssa De l&#8217;Ins\u00fcbria, de la Fondazione Mario Berrino per il Muretto di Alassio e dell&#8217;Associazione Amici di Renzo Villa.<\/p>\n<p>\u2020<\/p>\n<p>&nbsp;<\/p>\n<p>La giuria decreter\u00e0 i vincitori con la premiazione delle categorie in gara e, verranno declamate, ad opera del Comitato Artistico, composto dal decano <strong>Giovanni Seveso<\/strong>, assieme a <strong>Daniela Balzarini<\/strong> e <strong>Chiara Ferraro<\/strong>, le opere che avranno partecipato alla manifestazione. Previsto l\u2019accompagnamento musicale di <strong>Rinaldo Enargelico<\/strong> alla chitarra classica e di <strong>Matteo Teo Pietra<\/strong> alla pianola.\u2028 Saranno eccezionalmente presenti <strong>Massimo Meurat<\/strong> al clarinetto, <strong>Francesco Nizzolini<\/strong> al flauto traverso ed <strong>Ettore Bardelli<\/strong> al pianoforte.<\/p>\n<p>Fra gli ospiti <strong>Roberto Cibin<\/strong>, autore de La ragazza del tram che, oltre ad essere fra i premiatori, racconter\u00e0 la sua romantica storia e, nell&#8217;occasione, si potr\u00e0 acquistare il suo libro autografato.<\/p>\n<p>Radio Due Laghi, la radio ufficiale della rassegna letteraria seguir\u00e0 live in diretta l&#8217;evento. Un momento celebrativo sar\u00e0 riservato a tutti i vincitori delle passate nove edizioni.<\/p>\n","protected":false},"excerpt":{"rendered":"<p>A Villa Recalcati presentata la cerimonia di premiazione del Premio Mario Berrino Scrivi l\u2019amore, che si terr\u00e0 domenica 12 febbraio a Ispra<\/p>\n","protected":false},"author":48,"featured_media":0,"comment_status":"open","ping_status":"open","sticky":false,"template":"","format":"standard","meta":{"footnotes":""},"categories":[26,21,2],"tags":[51945,158],"acf":[],"yoast_head":"<!-- This site is optimized with the Yoast SEO plugin v20.1 - https:\/\/yoast.com\/wordpress\/plugins\/seo\/ -->\n<title>Scrivi l&#039;amore, torna il Premio Berrino<\/title>\n<meta name=\"description\" content=\"A Villa Recalcati presentata la cerimonia di premiazione del Premio Mario Berrino Scrivi l\u2019amore, che si terr\u00e0 domenica 12 febbraio a Ispra\" \/>\n<meta name=\"robots\" content=\"noindex, follow, max-snippet:-1, max-image-preview:large, max-video-preview:-1\" \/>\n<meta property=\"og:locale\" content=\"it_IT\" \/>\n<meta property=\"og:type\" content=\"article\" \/>\n<meta property=\"og:title\" content=\"Scrivi l&#039;amore, torna il Premio Berrino\" \/>\n<meta property=\"og:description\" content=\"A Villa Recalcati presentata la cerimonia di premiazione del Premio Mario Berrino Scrivi l\u2019amore, che si terr\u00e0 domenica 12 febbraio a Ispra\" \/>\n<meta property=\"og:url\" content=\"https:\/\/staging.varesenews.it\/2017\/02\/scrivi-lamore-torna-il-premio-berrino\/593238\/\" \/>\n<meta property=\"og:site_name\" content=\"VareseNews\" \/>\n<meta property=\"article:publisher\" content=\"https:\/\/www.facebook.com\/varesenews\" \/>\n<meta property=\"article:author\" content=\"https:\/\/www.facebook.com\/stefaniaradman\" \/>\n<meta property=\"article:published_time\" content=\"2017-02-08T17:33:44+00:00\" \/>\n<meta property=\"article:modified_time\" content=\"2017-02-08T17:34:08+00:00\" \/>\n<meta name=\"author\" content=\"Stefania Radman\" \/>\n<meta name=\"twitter:card\" content=\"summary_large_image\" \/>\n<meta name=\"twitter:creator\" content=\"@LaRadman\" \/>\n<meta name=\"twitter:site\" content=\"@varesenews\" \/>\n<meta name=\"twitter:label1\" content=\"Scritto da\" \/>\n\t<meta name=\"twitter:data1\" content=\"Stefania Radman\" \/>\n\t<meta name=\"twitter:label2\" content=\"Tempo di lettura stimato\" \/>\n\t<meta name=\"twitter:data2\" content=\"2 minuti\" \/>\n<script type=\"application\/ld+json\" class=\"yoast-schema-graph\">{\"@context\":\"https:\/\/schema.org\",\"@graph\":[{\"@type\":\"WebPage\",\"@id\":\"https:\/\/staging.varesenews.it\/2017\/02\/scrivi-lamore-torna-il-premio-berrino\/593238\/\",\"url\":\"https:\/\/staging.varesenews.it\/2017\/02\/scrivi-lamore-torna-il-premio-berrino\/593238\/\",\"name\":\"Scrivi l'amore, torna il Premio Berrino\",\"isPartOf\":{\"@id\":\"https:\/\/staging.varesenews.it\/#website\"},\"datePublished\":\"2017-02-08T17:33:44+00:00\",\"dateModified\":\"2017-02-08T17:34:08+00:00\",\"author\":{\"@id\":\"https:\/\/staging.varesenews.it\/#\/schema\/person\/995d2e6a31c67237a9a1bc1f0079f3aa\"},\"description\":\"A Villa Recalcati presentata la cerimonia di premiazione del Premio Mario Berrino Scrivi l\u2019amore, che si terr\u00e0 domenica 12 febbraio a Ispra\",\"breadcrumb\":{\"@id\":\"https:\/\/staging.varesenews.it\/2017\/02\/scrivi-lamore-torna-il-premio-berrino\/593238\/#breadcrumb\"},\"inLanguage\":\"it-IT\",\"potentialAction\":[{\"@type\":\"ReadAction\",\"target\":[\"https:\/\/staging.varesenews.it\/2017\/02\/scrivi-lamore-torna-il-premio-berrino\/593238\/\"]}]},{\"@type\":\"BreadcrumbList\",\"@id\":\"https:\/\/staging.varesenews.it\/2017\/02\/scrivi-lamore-torna-il-premio-berrino\/593238\/#breadcrumb\",\"itemListElement\":[{\"@type\":\"ListItem\",\"position\":1,\"name\":\"Home\",\"item\":\"https:\/\/www.varesenews.it\/\"},{\"@type\":\"ListItem\",\"position\":2,\"name\":\"Scrivi l&#8217;amore, torna il Premio Berrino\"}]},{\"@type\":\"WebSite\",\"@id\":\"https:\/\/staging.varesenews.it\/#website\",\"url\":\"https:\/\/staging.varesenews.it\/\",\"name\":\"VareseNews\",\"description\":\"\",\"potentialAction\":[{\"@type\":\"SearchAction\",\"target\":{\"@type\":\"EntryPoint\",\"urlTemplate\":\"https:\/\/staging.varesenews.it\/?s={search_term_string}\"},\"query-input\":\"required name=search_term_string\"}],\"inLanguage\":\"it-IT\"},{\"@type\":\"Person\",\"@id\":\"https:\/\/staging.varesenews.it\/#\/schema\/person\/995d2e6a31c67237a9a1bc1f0079f3aa\",\"name\":\"Stefania Radman\",\"image\":{\"@type\":\"ImageObject\",\"inLanguage\":\"it-IT\",\"@id\":\"https:\/\/staging.varesenews.it\/#\/schema\/person\/image\/\",\"url\":\"https:\/\/staging.varesenews.it\/wp-content\/uploads\/2020\/12\/stefania_radman_colori_500.jpg\",\"contentUrl\":\"https:\/\/staging.varesenews.it\/wp-content\/uploads\/2020\/12\/stefania_radman_colori_500.jpg\",\"caption\":\"Stefania Radman\"},\"description\":\"Varesina dal 1991, lavoro dal 2000 per Varesenews.it, prima come responsabile della pagina dell&rsquo;economia, poi della pagina life, ora della citt&agrave; di Varese.Ma sono (e sono stata) anche altro: per esempio, agli albori delle radio private ero dj in una radio milanese, Onda Radio. Da 20 anni sono corrispondente da Varese di Radio Popolare e ho collaborato con Espresso, Repubblica, Diario della Settimana, Italia Oggi. &ldquo;Smanettona&rdquo; da sempre, ho aperto il mio primo sito personale con Geocities nei primi anni novanta (chi se lo ricorda?) e i miei primi blog in Splinder all&rsquo;inizio del 2000. Ora sono sui social: qui quasi sempre sono semplicemente \\\"LaRadman&rdquo;.\",\"sameAs\":[\"http:\/\/laradman.blogspot.it\",\"https:\/\/www.facebook.com\/stefaniaradman\",\"@LaRadman\",\"https:\/\/www.linkedin.com\/in\/stefaniaradman\",\"https:\/\/twitter.com\/LaRadman\"],\"url\":\"https:\/\/staging.varesenews.it\/persona\/stefania-radman1\/\"}]}<\/script>\n<!-- \/ Yoast SEO plugin. -->","yoast_head_json":{"title":"Scrivi l'amore, torna il Premio Berrino","description":"A Villa Recalcati presentata la cerimonia di premiazione del Premio Mario Berrino Scrivi l\u2019amore, che si terr\u00e0 domenica 12 febbraio a Ispra","robots":{"index":"noindex","follow":"follow","max-snippet":"max-snippet:-1","max-image-preview":"max-image-preview:large","max-video-preview":"max-video-preview:-1"},"og_locale":"it_IT","og_type":"article","og_title":"Scrivi l'amore, torna il Premio Berrino","og_description":"A Villa Recalcati presentata la cerimonia di premiazione del Premio Mario Berrino Scrivi l\u2019amore, che si terr\u00e0 domenica 12 febbraio a Ispra","og_url":"https:\/\/staging.varesenews.it\/2017\/02\/scrivi-lamore-torna-il-premio-berrino\/593238\/","og_site_name":"VareseNews","article_publisher":"https:\/\/www.facebook.com\/varesenews","article_author":"https:\/\/www.facebook.com\/stefaniaradman","article_published_time":"2017-02-08T17:33:44+00:00","article_modified_time":"2017-02-08T17:34:08+00:00","author":"Stefania Radman","twitter_card":"summary_large_image","twitter_creator":"@LaRadman","twitter_site":"@varesenews","twitter_misc":{"Scritto da":"Stefania Radman","Tempo di lettura stimato":"2 minuti"},"schema":{"@context":"https:\/\/schema.org","@graph":[{"@type":"WebPage","@id":"https:\/\/staging.varesenews.it\/2017\/02\/scrivi-lamore-torna-il-premio-berrino\/593238\/","url":"https:\/\/staging.varesenews.it\/2017\/02\/scrivi-lamore-torna-il-premio-berrino\/593238\/","name":"Scrivi l'amore, torna il Premio Berrino","isPartOf":{"@id":"https:\/\/staging.varesenews.it\/#website"},"datePublished":"2017-02-08T17:33:44+00:00","dateModified":"2017-02-08T17:34:08+00:00","author":{"@id":"https:\/\/staging.varesenews.it\/#\/schema\/person\/995d2e6a31c67237a9a1bc1f0079f3aa"},"description":"A Villa Recalcati presentata la cerimonia di premiazione del Premio Mario Berrino Scrivi l\u2019amore, che si terr\u00e0 domenica 12 febbraio a Ispra","breadcrumb":{"@id":"https:\/\/staging.varesenews.it\/2017\/02\/scrivi-lamore-torna-il-premio-berrino\/593238\/#breadcrumb"},"inLanguage":"it-IT","potentialAction":[{"@type":"ReadAction","target":["https:\/\/staging.varesenews.it\/2017\/02\/scrivi-lamore-torna-il-premio-berrino\/593238\/"]}]},{"@type":"BreadcrumbList","@id":"https:\/\/staging.varesenews.it\/2017\/02\/scrivi-lamore-torna-il-premio-berrino\/593238\/#breadcrumb","itemListElement":[{"@type":"ListItem","position":1,"name":"Home","item":"https:\/\/www.varesenews.it\/"},{"@type":"ListItem","position":2,"name":"Scrivi l&#8217;amore, torna il Premio Berrino"}]},{"@type":"WebSite","@id":"https:\/\/staging.varesenews.it\/#website","url":"https:\/\/staging.varesenews.it\/","name":"VareseNews","description":"","potentialAction":[{"@type":"SearchAction","target":{"@type":"EntryPoint","urlTemplate":"https:\/\/staging.varesenews.it\/?s={search_term_string}"},"query-input":"required name=search_term_string"}],"inLanguage":"it-IT"},{"@type":"Person","@id":"https:\/\/staging.varesenews.it\/#\/schema\/person\/995d2e6a31c67237a9a1bc1f0079f3aa","name":"Stefania Radman","image":{"@type":"ImageObject","inLanguage":"it-IT","@id":"https:\/\/staging.varesenews.it\/#\/schema\/person\/image\/","url":"https:\/\/staging.varesenews.it\/wp-content\/uploads\/2020\/12\/stefania_radman_colori_500.jpg","contentUrl":"https:\/\/staging.varesenews.it\/wp-content\/uploads\/2020\/12\/stefania_radman_colori_500.jpg","caption":"Stefania Radman"},"description":"Varesina dal 1991, lavoro dal 2000 per Varesenews.it, prima come responsabile della pagina dell&rsquo;economia, poi della pagina life, ora della citt&agrave; di Varese.Ma sono (e sono stata) anche altro: per esempio, agli albori delle radio private ero dj in una radio milanese, Onda Radio. Da 20 anni sono corrispondente da Varese di Radio Popolare e ho collaborato con Espresso, Repubblica, Diario della Settimana, Italia Oggi. &ldquo;Smanettona&rdquo; da sempre, ho aperto il mio primo sito personale con Geocities nei primi anni novanta (chi se lo ricorda?) e i miei primi blog in Splinder all&rsquo;inizio del 2000. Ora sono sui social: qui quasi sempre sono semplicemente \"LaRadman&rdquo;.","sameAs":["http:\/\/laradman.blogspot.it","https:\/\/www.facebook.com\/stefaniaradman","@LaRadman","https:\/\/www.linkedin.com\/in\/stefaniaradman","https:\/\/twitter.com\/LaRadman"],"url":"https:\/\/staging.varesenews.it\/persona\/stefania-radman1\/"}]}},"post_meta":{"_edit_lock":"1486575757:48","_oembed_9377b1999c99568f6e4a7c55151ae1ea":"{{unknown}}","_edit_last":"48","_category_permalink":"","wdfb_og_title":"","wdfb_og_type":"","wdfb_og_description":"","wdfb_og_images":"a:1:{i:0;s:0:\"\";}","wdfb_og_custom_name":"a:1:{i:0;s:0:\"\";}","wdfb_og_custom_value":"a:1:{i:0;s:0:\"\";}","_jd_twitter":"","_jd_tweet_this":"yes","ratings_users":"0","ratings_score":"0","ratings_average":"0","foto":"528374","argomento":"Varese","_yoast_wpseo_focuskw":"berrino","_yoast_wpseo_metadesc":"A Villa Recalcati presentata la cerimonia di premiazione del Premio Mario Berrino Scrivi l\u2019amore, che si terr\u00e0 domenica 12 febbraio a Ispra","_wpt_short_url":"http:\/\/www.varesenews.it\/2017\/02\/scrivi-lamore-torna-il-premio-berrino\/593238\/","_wp_jd_target":"http:\/\/www.varesenews.it\/2017\/02\/scrivi-lamore-torna-il-premio-berrino\/593238\/","_jd_wp_twitter":"a:1:{i:0;s:141:\"Scrivi l'amore, torna il Premio Berrino http:\/\/www.varesenews.it\/2017\/02\/scrivi-lamore-torna-il-premio-berrino\/593238\/ #scrivilamore #weekend\";}","_wpt_status_message":"Tweet inviato con successo.","_yoast_wpseo_linkdex":"83","id_leggi_anche":"692574"},"photos":[{"original":"https:\/\/staging.varesenews.it\/photogallery_new\/images\/2016\/04\/avarie-528374.jpg","full":"https:\/\/staging.varesenews.it\/photogallery_new\/images\/2016\/04\/avarie-528374.1024x768.jpg","large":"https:\/\/staging.varesenews.it\/photogallery_new\/images\/2016\/04\/avarie-528374.610x431.jpg"}],"_links":{"self":[{"href":"https:\/\/staging.varesenews.it\/swgapi\/v1\/wp\/v2\/posts\/593238"}],"collection":[{"href":"https:\/\/staging.varesenews.it\/swgapi\/v1\/wp\/v2\/posts"}],"about":[{"href":"https:\/\/staging.varesenews.it\/swgapi\/v1\/wp\/v2\/types\/post"}],"author":[{"embeddable":true,"href":"https:\/\/staging.varesenews.it\/swgapi\/v1\/wp\/v2\/users\/48"}],"replies":[{"embeddable":true,"href":"https:\/\/staging.varesenews.it\/swgapi\/v1\/wp\/v2\/comments?post=593238"}],"version-history":[{"count":0,"href":"https:\/\/staging.varesenews.it\/swgapi\/v1\/wp\/v2\/posts\/593238\/revisions"}],"wp:attachment":[{"href":"https:\/\/staging.varesenews.it\/swgapi\/v1\/wp\/v2\/media?parent=593238"}],"wp:term":[{"taxonomy":"category","embeddable":true,"href":"https:\/\/staging.varesenews.it\/swgapi\/v1\/wp\/v2\/categories?post=593238"},{"taxonomy":"post_tag","embeddable":true,"href":"https:\/\/staging.varesenews.it\/swgapi\/v1\/wp\/v2\/tags?post=593238"}],"curies":[{"name":"wp","href":"https:\/\/api.w.org\/{rel}","templated":true}]}}