{"id":593387,"date":"2017-02-09T10:51:29","date_gmt":"2017-02-09T09:51:29","guid":{"rendered":"http:\/\/www.varesenews.it\/?p=593387"},"modified":"2017-02-09T11:08:14","modified_gmt":"2017-02-09T10:08:14","slug":"ultimo-saluto-allalpino-roberto-toia","status":"publish","type":"post","link":"https:\/\/staging.varesenews.it\/2017\/02\/ultimo-saluto-allalpino-roberto-toia\/593387\/","title":{"rendered":"Ultimo saluto all&#8217;alpino Roberto Toia"},"content":{"rendered":"<p>Il<strong> gruppo Alpini di Busto Arsizio<\/strong> annuncia la scomparsa del suo vice-capogruppo<strong>\u00a0Roberto Toia<\/strong>. Uno dei componenti pi\u00f9 stimati e attivi dell&#8217;associazione cittadina se n&#8217;\u00e8 andato all&#8217;et\u00e0 di 68 anni dopo una lunga malattia contro la quale aveva lottato con tutte le sue forze.<\/p>\n<p>L&#8217;alpino Toia \u00e8 stato salutato da molti amici sulla <a href=\"https:\/\/www.facebook.com\/Gruppo-Alpini-Busto-Arsizio-1443773359252613\/?fref=ts\">bacheca facebook dell&#8217;Ana di Busto Arsizi<\/a>o mentre l&#8217;ultimo saluto pubblico si terr\u00e0 venerd\u00ec alle 15.15 nella basilica di San Giovanni. Questa sera alle 19,30 rosario con camera ardente, nella sede del gruppo in via Bellini 7.<\/p>\n<p>Da 8 anni una intensa collaborazione con il presidente <strong>Franco Montalto<\/strong>: \u00abMi ha sempre dato una mano con la sua saggezza e la sua pacatezza, ci mancher\u00e0 \u00a0e mi mancher\u00e0 moltissimo. Lui \u00e8 stato un vero e proprio fratello che mi ha sostenuto anche nei momenti pi\u00f9 complicati della vita associativa\u00bb.<\/p>\n<p><a href=\"http:\/\/necrologie.varesenews.it\/annuncio-famiglia\/roberto-toia\/\" target=\"_blank\"> <img loading=\"lazy\" decoding=\"async\" src=\"http:\/\/www.varesenews.it\/photogallery_new\/images\/2016\/02\/necrologie-513306.jpg\" alt=\"\" width=\"600\" height=\"60\" border=\"0\" \/><\/a><\/p>\n","protected":false},"excerpt":{"rendered":"<p>Da 8 anni era il vice-capogruppo della sezione dell&#8217;Associazione Nazionale Alpini di Busto Arsizio. Domani i funerali<\/p>\n","protected":false},"author":47,"featured_media":0,"comment_status":"open","ping_status":"open","sticky":false,"template":"","format":"standard","meta":{"footnotes":""},"categories":[4],"tags":[67461,66663,66697],"acf":[],"yoast_head":"<!-- This site is optimized with the Yoast SEO plugin v20.1 - https:\/\/yoast.com\/wordpress\/plugins\/seo\/ -->\n<title>Ultimo saluto all&#039;alpino Roberto Toia<\/title>\n<meta name=\"description\" content=\"Da 8 anni era il vice-capogruppo della sezione dell&#039;Associazione Nazionale Alpini di Busto Arsizio. Domani i funerali\" \/>\n<meta name=\"robots\" content=\"noindex, follow, max-snippet:-1, max-image-preview:large, max-video-preview:-1\" \/>\n<meta property=\"og:locale\" content=\"it_IT\" \/>\n<meta property=\"og:type\" content=\"article\" \/>\n<meta property=\"og:title\" content=\"Ultimo saluto all&#039;alpino Roberto Toia\" \/>\n<meta property=\"og:description\" content=\"Da 8 anni era il vice-capogruppo della sezione dell&#039;Associazione Nazionale Alpini di Busto Arsizio. Domani i funerali\" \/>\n<meta property=\"og:url\" content=\"https:\/\/staging.varesenews.it\/2017\/02\/ultimo-saluto-allalpino-roberto-toia\/593387\/\" \/>\n<meta property=\"og:site_name\" content=\"VareseNews\" \/>\n<meta property=\"article:publisher\" content=\"https:\/\/www.facebook.com\/varesenews\" \/>\n<meta property=\"article:published_time\" content=\"2017-02-09T09:51:29+00:00\" \/>\n<meta property=\"article:modified_time\" content=\"2017-02-09T10:08:14+00:00\" \/>\n<meta property=\"og:image\" content=\"http:\/\/www.varesenews.it\/photogallery_new\/images\/2016\/02\/necrologie-513306.jpg\" \/>\n<meta name=\"author\" content=\"Orlando Mastrillo\" \/>\n<meta name=\"twitter:card\" content=\"summary_large_image\" \/>\n<meta name=\"twitter:creator\" content=\"@nando_mastrillo\" \/>\n<meta name=\"twitter:site\" content=\"@varesenews\" \/>\n<meta name=\"twitter:label1\" content=\"Scritto da\" \/>\n\t<meta name=\"twitter:data1\" content=\"Orlando Mastrillo\" \/>\n\t<meta name=\"twitter:label2\" content=\"Tempo di lettura stimato\" \/>\n\t<meta name=\"twitter:data2\" content=\"1 minuto\" \/>\n<script type=\"application\/ld+json\" class=\"yoast-schema-graph\">{\"@context\":\"https:\/\/schema.org\",\"@graph\":[{\"@type\":\"WebPage\",\"@id\":\"https:\/\/staging.varesenews.it\/2017\/02\/ultimo-saluto-allalpino-roberto-toia\/593387\/\",\"url\":\"https:\/\/staging.varesenews.it\/2017\/02\/ultimo-saluto-allalpino-roberto-toia\/593387\/\",\"name\":\"Ultimo saluto all'alpino Roberto Toia\",\"isPartOf\":{\"@id\":\"https:\/\/staging.varesenews.it\/#website\"},\"datePublished\":\"2017-02-09T09:51:29+00:00\",\"dateModified\":\"2017-02-09T10:08:14+00:00\",\"author\":{\"@id\":\"https:\/\/staging.varesenews.it\/#\/schema\/person\/14c47ccce537a9058dddce296f10b296\"},\"description\":\"Da 8 anni era il vice-capogruppo della sezione dell'Associazione Nazionale Alpini di Busto Arsizio. Domani i funerali\",\"breadcrumb\":{\"@id\":\"https:\/\/staging.varesenews.it\/2017\/02\/ultimo-saluto-allalpino-roberto-toia\/593387\/#breadcrumb\"},\"inLanguage\":\"it-IT\",\"potentialAction\":[{\"@type\":\"ReadAction\",\"target\":[\"https:\/\/staging.varesenews.it\/2017\/02\/ultimo-saluto-allalpino-roberto-toia\/593387\/\"]}]},{\"@type\":\"BreadcrumbList\",\"@id\":\"https:\/\/staging.varesenews.it\/2017\/02\/ultimo-saluto-allalpino-roberto-toia\/593387\/#breadcrumb\",\"itemListElement\":[{\"@type\":\"ListItem\",\"position\":1,\"name\":\"Home\",\"item\":\"https:\/\/www.varesenews.it\/\"},{\"@type\":\"ListItem\",\"position\":2,\"name\":\"Ultimo saluto all&#8217;alpino Roberto Toia\"}]},{\"@type\":\"WebSite\",\"@id\":\"https:\/\/staging.varesenews.it\/#website\",\"url\":\"https:\/\/staging.varesenews.it\/\",\"name\":\"VareseNews\",\"description\":\"\",\"potentialAction\":[{\"@type\":\"SearchAction\",\"target\":{\"@type\":\"EntryPoint\",\"urlTemplate\":\"https:\/\/staging.varesenews.it\/?s={search_term_string}\"},\"query-input\":\"required name=search_term_string\"}],\"inLanguage\":\"it-IT\"},{\"@type\":\"Person\",\"@id\":\"https:\/\/staging.varesenews.it\/#\/schema\/person\/14c47ccce537a9058dddce296f10b296\",\"name\":\"Orlando Mastrillo\",\"image\":{\"@type\":\"ImageObject\",\"inLanguage\":\"it-IT\",\"@id\":\"https:\/\/staging.varesenews.it\/#\/schema\/person\/image\/\",\"url\":\"https:\/\/staging.varesenews.it\/wp-content\/uploads\/2020\/12\/orlando_mastrillo_colori_500.jpg\",\"contentUrl\":\"https:\/\/staging.varesenews.it\/wp-content\/uploads\/2020\/12\/orlando_mastrillo_colori_500.jpg\",\"caption\":\"Orlando Mastrillo\"},\"description\":\"Nasco a Luino nel 1981, ho iniziato questo lavoro nell'estate del 2003 nella redazione de Il Giorno di Varese e dall'anno successivo ho intrapreso la collaborazione con VareseNews. Dopo anni nell'Alto Varesotto mi sono trasferito a Busto Arsizio nel 2007, territorio che ho iniziato a seguire e che seguo tutt'oggi. Nel 2013 sono diventato giornalista professionista. Mi occupo di cronaca politica, giudiziaria e nera in una vasta area che comprende anche parte della Valle Olona e il Legnanese. Sono sposato con Valeria Arini e ho due splendide figlie.\",\"sameAs\":[\"or_ma\",\"https:\/\/twitter.com\/nando_mastrillo\"],\"url\":\"https:\/\/staging.varesenews.it\/persona\/orlando-mastrillo1\/\"}]}<\/script>\n<!-- \/ Yoast SEO plugin. -->","yoast_head_json":{"title":"Ultimo saluto all'alpino Roberto Toia","description":"Da 8 anni era il vice-capogruppo della sezione dell'Associazione Nazionale Alpini di Busto Arsizio. Domani i funerali","robots":{"index":"noindex","follow":"follow","max-snippet":"max-snippet:-1","max-image-preview":"max-image-preview:large","max-video-preview":"max-video-preview:-1"},"og_locale":"it_IT","og_type":"article","og_title":"Ultimo saluto all'alpino Roberto Toia","og_description":"Da 8 anni era il vice-capogruppo della sezione dell'Associazione Nazionale Alpini di Busto Arsizio. Domani i funerali","og_url":"https:\/\/staging.varesenews.it\/2017\/02\/ultimo-saluto-allalpino-roberto-toia\/593387\/","og_site_name":"VareseNews","article_publisher":"https:\/\/www.facebook.com\/varesenews","article_published_time":"2017-02-09T09:51:29+00:00","article_modified_time":"2017-02-09T10:08:14+00:00","og_image":[{"url":"http:\/\/www.varesenews.it\/photogallery_new\/images\/2016\/02\/necrologie-513306.jpg"}],"author":"Orlando Mastrillo","twitter_card":"summary_large_image","twitter_creator":"@nando_mastrillo","twitter_site":"@varesenews","twitter_misc":{"Scritto da":"Orlando Mastrillo","Tempo di lettura stimato":"1 minuto"},"schema":{"@context":"https:\/\/schema.org","@graph":[{"@type":"WebPage","@id":"https:\/\/staging.varesenews.it\/2017\/02\/ultimo-saluto-allalpino-roberto-toia\/593387\/","url":"https:\/\/staging.varesenews.it\/2017\/02\/ultimo-saluto-allalpino-roberto-toia\/593387\/","name":"Ultimo saluto all'alpino Roberto Toia","isPartOf":{"@id":"https:\/\/staging.varesenews.it\/#website"},"datePublished":"2017-02-09T09:51:29+00:00","dateModified":"2017-02-09T10:08:14+00:00","author":{"@id":"https:\/\/staging.varesenews.it\/#\/schema\/person\/14c47ccce537a9058dddce296f10b296"},"description":"Da 8 anni era il vice-capogruppo della sezione dell'Associazione Nazionale Alpini di Busto Arsizio. Domani i funerali","breadcrumb":{"@id":"https:\/\/staging.varesenews.it\/2017\/02\/ultimo-saluto-allalpino-roberto-toia\/593387\/#breadcrumb"},"inLanguage":"it-IT","potentialAction":[{"@type":"ReadAction","target":["https:\/\/staging.varesenews.it\/2017\/02\/ultimo-saluto-allalpino-roberto-toia\/593387\/"]}]},{"@type":"BreadcrumbList","@id":"https:\/\/staging.varesenews.it\/2017\/02\/ultimo-saluto-allalpino-roberto-toia\/593387\/#breadcrumb","itemListElement":[{"@type":"ListItem","position":1,"name":"Home","item":"https:\/\/www.varesenews.it\/"},{"@type":"ListItem","position":2,"name":"Ultimo saluto all&#8217;alpino Roberto Toia"}]},{"@type":"WebSite","@id":"https:\/\/staging.varesenews.it\/#website","url":"https:\/\/staging.varesenews.it\/","name":"VareseNews","description":"","potentialAction":[{"@type":"SearchAction","target":{"@type":"EntryPoint","urlTemplate":"https:\/\/staging.varesenews.it\/?s={search_term_string}"},"query-input":"required name=search_term_string"}],"inLanguage":"it-IT"},{"@type":"Person","@id":"https:\/\/staging.varesenews.it\/#\/schema\/person\/14c47ccce537a9058dddce296f10b296","name":"Orlando Mastrillo","image":{"@type":"ImageObject","inLanguage":"it-IT","@id":"https:\/\/staging.varesenews.it\/#\/schema\/person\/image\/","url":"https:\/\/staging.varesenews.it\/wp-content\/uploads\/2020\/12\/orlando_mastrillo_colori_500.jpg","contentUrl":"https:\/\/staging.varesenews.it\/wp-content\/uploads\/2020\/12\/orlando_mastrillo_colori_500.jpg","caption":"Orlando Mastrillo"},"description":"Nasco a Luino nel 1981, ho iniziato questo lavoro nell'estate del 2003 nella redazione de Il Giorno di Varese e dall'anno successivo ho intrapreso la collaborazione con VareseNews. Dopo anni nell'Alto Varesotto mi sono trasferito a Busto Arsizio nel 2007, territorio che ho iniziato a seguire e che seguo tutt'oggi. Nel 2013 sono diventato giornalista professionista. Mi occupo di cronaca politica, giudiziaria e nera in una vasta area che comprende anche parte della Valle Olona e il Legnanese. Sono sposato con Valeria Arini e ho due splendide figlie.","sameAs":["or_ma","https:\/\/twitter.com\/nando_mastrillo"],"url":"https:\/\/staging.varesenews.it\/persona\/orlando-mastrillo1\/"}]}},"post_meta":{"_edit_lock":"1486712772:48","_edit_last":"47","ratings_users":"0","ratings_score":"0","ratings_average":"0","_category_permalink":"","wdfb_og_title":"","wdfb_og_type":"","wdfb_og_description":"","wdfb_og_images":"a:1:{i:0;s:0:\"\";}","wdfb_og_custom_name":"a:1:{i:0;s:0:\"\";}","wdfb_og_custom_value":"a:1:{i:0;s:0:\"\";}","foto":"592906","firma_come_redazione":"1","argomento":"Busto Arsizio","_jd_twitter":"","_jd_tweet_this":"yes","_wpt_short_url":"http:\/\/www.varesenews.it\/2017\/02\/ultimo-saluto-allalpino-roberto-toia\/593387\/","_wp_jd_target":"http:\/\/www.varesenews.it\/2017\/02\/ultimo-saluto-allalpino-roberto-toia\/593387\/","_jd_wp_twitter":"a:1:{i:0;s:155:\"Ultimo saluto all'alpino Roberto Toia http:\/\/www.varesenews.it\/2017\/02\/ultimo-saluto-allalpino-roberto-toia\/593387\/ #alpinibusto #lutti2017 #necrologie2017\";}","_wpt_status_message":"Tweet inviato con successo."},"photos":[{"original":"https:\/\/staging.varesenews.it\/photogallery_new\/images\/2017\/02\/roberto-toia-592906.jpg","full":"https:\/\/staging.varesenews.it\/photogallery_new\/images\/2017\/02\/roberto-toia-592906.1024x768.jpg","large":"https:\/\/staging.varesenews.it\/photogallery_new\/images\/2017\/02\/roberto-toia-592906.610x431.jpg"}],"_links":{"self":[{"href":"https:\/\/staging.varesenews.it\/swgapi\/v1\/wp\/v2\/posts\/593387"}],"collection":[{"href":"https:\/\/staging.varesenews.it\/swgapi\/v1\/wp\/v2\/posts"}],"about":[{"href":"https:\/\/staging.varesenews.it\/swgapi\/v1\/wp\/v2\/types\/post"}],"author":[{"embeddable":true,"href":"https:\/\/staging.varesenews.it\/swgapi\/v1\/wp\/v2\/users\/47"}],"replies":[{"embeddable":true,"href":"https:\/\/staging.varesenews.it\/swgapi\/v1\/wp\/v2\/comments?post=593387"}],"version-history":[{"count":0,"href":"https:\/\/staging.varesenews.it\/swgapi\/v1\/wp\/v2\/posts\/593387\/revisions"}],"wp:attachment":[{"href":"https:\/\/staging.varesenews.it\/swgapi\/v1\/wp\/v2\/media?parent=593387"}],"wp:term":[{"taxonomy":"category","embeddable":true,"href":"https:\/\/staging.varesenews.it\/swgapi\/v1\/wp\/v2\/categories?post=593387"},{"taxonomy":"post_tag","embeddable":true,"href":"https:\/\/staging.varesenews.it\/swgapi\/v1\/wp\/v2\/tags?post=593387"}],"curies":[{"name":"wp","href":"https:\/\/api.w.org\/{rel}","templated":true}]}}