{"id":594047,"date":"2017-02-10T15:30:38","date_gmt":"2017-02-10T14:30:38","guid":{"rendered":"http:\/\/www.varesenews.it\/?p=594047"},"modified":"2017-02-10T15:30:38","modified_gmt":"2017-02-10T14:30:38","slug":"mai-piu-il-silenzio-contro-i-genocidi","status":"publish","type":"post","link":"https:\/\/staging.varesenews.it\/2017\/02\/mai-piu-il-silenzio-contro-i-genocidi\/594047\/","title":{"rendered":"\u201cMai pi\u00f9 il silenzio\u201d contro i genocidi"},"content":{"rendered":"<p class=\"p1\">\u201c<b>Per favore, mai pi\u00f9 il silenzio<\/b>\u201d . L\u2019invocazione di<strong> Vera Vigevani<\/strong>\u00a0\u00e8 il titolo scelto per il convegno che si terr\u00e0 <b>venerd\u00ec 17 febbraio 2017<\/b> nell\u2019aula magna dell<b>\u2019Istituto Tecnico Economico Enrico Tosi <\/b>di<b> Busto Arsizio<\/b>.<\/p>\n<p class=\"p4\"><span class=\"s1\">Tema dell\u2019incontro, che si terr\u00e0 <b>dalle 12.15 alle 13.45<\/b>, \u00e8 la denuncia dei crimini dei genocidi pi\u00f9 conosciuti della storia, dal <strong>dramma della Shoah fino alla triste vicenda dei desaparecidos in Argentina.<\/strong>\u00a0Il convegno vedr\u00e0 protagonista\u00a0<b>Vera Vigevani<\/b>, tra le fondatrici dell\u2019associazione <b>Madres de Plaza de Mayo<\/b>. <div class=\"related-posts related-01\"><h4>Leggi anche<\/h4><ul><li><a title=\"Una lezione di solidariet\u00e0 e giustizia con Vera Vigevani Jarach\" target=\"_blank\" href=\"https:\/\/staging.varesenews.it\/2015\/10\/una-lezione-di-solidarieta-e-giustizia-con-vera-vigevani-jarach\/408510\/\"><strong>Varese <\/strong> - Una lezione di solidariet\u00e0 e giustizia con Vera Vigevani Jarach<\/a><\/li><li><a title=\"&#8220;Nunca mas&#8221;: Vera Vigevani ricorda i giorni del dolore\" target=\"_blank\" href=\"https:\/\/staging.varesenews.it\/2015\/10\/nunca-mas-vera-vigevani-ricorda-i-giorni-del-dolore\/407623\/\"><strong>Varese <\/strong> - &#8220;Nunca mas&#8221;: Vera Vigevani ricorda i giorni del dolore<\/a><\/li><li><a title=\"Una pianta per ricordare la figlia di Vera Vigevani Jarach\" target=\"_blank\" href=\"https:\/\/staging.varesenews.it\/2014\/10\/una-pianta-per-ricordare-la-figlia-di-vera-vigevani-jarach\/343864\/\"><strong>Tradate <\/strong> - Una pianta per ricordare la figlia di Vera Vigevani Jarach<\/a><\/li><li><a title=\"Giorno della memoria: il Curie ospita Vera Vigevani\" target=\"_blank\" href=\"https:\/\/staging.varesenews.it\/2014\/01\/giorno-della-memoria-il-curie-ospita-vera-vigevani\/43423\/\"><strong>Tradate <\/strong> - Giorno della memoria: il Curie ospita Vera Vigevani<\/a><\/li><li><a title=\"Vera Vigevani racconta il dramma dei desaparacidos italiani\" target=\"_blank\" href=\"https:\/\/staging.varesenews.it\/2013\/05\/vera-vigevani-racconta-il-dramma-dei-desaparacidos-italiani\/59018\/\"><strong>Gazzada Schianno <\/strong> - Vera Vigevani racconta il dramma dei desaparacidos italiani<\/a><\/li><\/ul><\/div><\/span><\/p>\n<p class=\"p4\"><span class=\"s1\">Ebrea nata in Italia, deve\u00a0emigrare in Argentina a causa delle leggi razziali introdotte dal regime fascista. In Sudamerica, Vera inizia una nuova vita, ma il 25 giugno 1976 scompare la figlia Franca, inghiottita dalla repressione del regime dittatoriale del generale Videla, che in quel periodo fa\u00a0scomparire, gettandoli in mare, gli oppositori al regime, che diverranno celebri col nome di \u201cdesaparecidos\u201d<\/span><span class=\"s2\">.<\/span><\/p>\n","protected":false},"excerpt":{"rendered":"<p>Venerd\u00ec 17 fennraio, si svolger\u00e0 un convegno all\u2019ITE Tosi con Vera Vigevani per parlare del dramma dei desaparecidos e della Shoah<\/p>\n","protected":false},"author":33,"featured_media":0,"comment_status":"open","ping_status":"open","sticky":false,"template":"","format":"standard","meta":{"footnotes":""},"categories":[4,90,21],"tags":[277],"acf":[],"yoast_head":"<!-- This site is optimized with the Yoast SEO plugin v20.1 - https:\/\/yoast.com\/wordpress\/plugins\/seo\/ -->\n<title>\u201cMai pi\u00f9 il silenzio\u201d contro i genocidi<\/title>\n<meta name=\"description\" content=\"Venerd\u00ec 17 fennraio, si svolger\u00e0 un convegno all\u2019ITE Tosi con Vera Vigevani per parlare del dramma dei desaparecidos e della Shoah\" \/>\n<meta name=\"robots\" content=\"noindex, follow, max-snippet:-1, max-image-preview:large, max-video-preview:-1\" \/>\n<meta property=\"og:locale\" content=\"it_IT\" \/>\n<meta property=\"og:type\" content=\"article\" \/>\n<meta property=\"og:title\" content=\"\u201cMai pi\u00f9 il silenzio\u201d contro i genocidi\" \/>\n<meta property=\"og:description\" content=\"Venerd\u00ec 17 fennraio, si svolger\u00e0 un convegno all\u2019ITE Tosi con Vera Vigevani per parlare del dramma dei desaparecidos e della Shoah\" \/>\n<meta property=\"og:url\" content=\"https:\/\/staging.varesenews.it\/2017\/02\/mai-piu-il-silenzio-contro-i-genocidi\/594047\/\" \/>\n<meta property=\"og:site_name\" content=\"VareseNews\" \/>\n<meta property=\"article:publisher\" content=\"https:\/\/www.facebook.com\/varesenews\" \/>\n<meta property=\"article:author\" content=\"alessandra.toni7\" \/>\n<meta property=\"article:published_time\" content=\"2017-02-10T14:30:38+00:00\" \/>\n<meta name=\"author\" content=\"Alessandra Toni\" \/>\n<meta name=\"twitter:card\" content=\"summary_large_image\" \/>\n<meta name=\"twitter:creator\" content=\"@alessandra_toni\" \/>\n<meta name=\"twitter:site\" content=\"@varesenews\" \/>\n<meta name=\"twitter:label1\" content=\"Scritto da\" \/>\n\t<meta name=\"twitter:data1\" content=\"Alessandra Toni\" \/>\n\t<meta name=\"twitter:label2\" content=\"Tempo di lettura stimato\" \/>\n\t<meta name=\"twitter:data2\" content=\"1 minuto\" \/>\n<script type=\"application\/ld+json\" class=\"yoast-schema-graph\">{\"@context\":\"https:\/\/schema.org\",\"@graph\":[{\"@type\":\"WebPage\",\"@id\":\"https:\/\/staging.varesenews.it\/2017\/02\/mai-piu-il-silenzio-contro-i-genocidi\/594047\/\",\"url\":\"https:\/\/staging.varesenews.it\/2017\/02\/mai-piu-il-silenzio-contro-i-genocidi\/594047\/\",\"name\":\"\u201cMai pi\u00f9 il silenzio\u201d contro i genocidi\",\"isPartOf\":{\"@id\":\"https:\/\/staging.varesenews.it\/#website\"},\"datePublished\":\"2017-02-10T14:30:38+00:00\",\"dateModified\":\"2017-02-10T14:30:38+00:00\",\"author\":{\"@id\":\"https:\/\/staging.varesenews.it\/#\/schema\/person\/2643ce123d4a3c9511e015dc548779b8\"},\"description\":\"Venerd\u00ec 17 fennraio, si svolger\u00e0 un convegno all\u2019ITE Tosi con Vera Vigevani per parlare del dramma dei desaparecidos e della Shoah\",\"breadcrumb\":{\"@id\":\"https:\/\/staging.varesenews.it\/2017\/02\/mai-piu-il-silenzio-contro-i-genocidi\/594047\/#breadcrumb\"},\"inLanguage\":\"it-IT\",\"potentialAction\":[{\"@type\":\"ReadAction\",\"target\":[\"https:\/\/staging.varesenews.it\/2017\/02\/mai-piu-il-silenzio-contro-i-genocidi\/594047\/\"]}]},{\"@type\":\"BreadcrumbList\",\"@id\":\"https:\/\/staging.varesenews.it\/2017\/02\/mai-piu-il-silenzio-contro-i-genocidi\/594047\/#breadcrumb\",\"itemListElement\":[{\"@type\":\"ListItem\",\"position\":1,\"name\":\"Home\",\"item\":\"https:\/\/www.varesenews.it\/\"},{\"@type\":\"ListItem\",\"position\":2,\"name\":\"\u201cMai pi\u00f9 il silenzio\u201d contro i genocidi\"}]},{\"@type\":\"WebSite\",\"@id\":\"https:\/\/staging.varesenews.it\/#website\",\"url\":\"https:\/\/staging.varesenews.it\/\",\"name\":\"VareseNews\",\"description\":\"\",\"potentialAction\":[{\"@type\":\"SearchAction\",\"target\":{\"@type\":\"EntryPoint\",\"urlTemplate\":\"https:\/\/staging.varesenews.it\/?s={search_term_string}\"},\"query-input\":\"required name=search_term_string\"}],\"inLanguage\":\"it-IT\"},{\"@type\":\"Person\",\"@id\":\"https:\/\/staging.varesenews.it\/#\/schema\/person\/2643ce123d4a3c9511e015dc548779b8\",\"name\":\"Alessandra Toni\",\"image\":{\"@type\":\"ImageObject\",\"inLanguage\":\"it-IT\",\"@id\":\"https:\/\/staging.varesenews.it\/#\/schema\/person\/image\/\",\"url\":\"https:\/\/staging.varesenews.it\/wp-content\/uploads\/2020\/12\/alessandra_toni_colori_500.jpg\",\"contentUrl\":\"https:\/\/staging.varesenews.it\/wp-content\/uploads\/2020\/12\/alessandra_toni_colori_500.jpg\",\"caption\":\"Alessandra Toni\"},\"description\":\"Sono entrata nella redazione di VareseNews nel lontano anno 2000. Ero reduce da una bellissima esperienza nella redazione giornalistica della TV Nuova Antennatre, sotto la direzione dell'indimenticabile direttore Adolfo Caldarini. Sono arrivata quando era ancora una piccola realt\u00e0 editoriale e insieme abbiamo fatto un lungo ed entusiasmante lavoro. Mi occupo prevalentemente di scuola e di sanit\u00e0, settori impegnativi di grande valore sociale.\u00a0\",\"sameAs\":[\"alessandra.toni7\",\"alessandra.toni\",\"https:\/\/twitter.com\/alessandra_toni\"],\"url\":\"https:\/\/staging.varesenews.it\/persona\/alessandra_toni1\/\"}]}<\/script>\n<!-- \/ Yoast SEO plugin. -->","yoast_head_json":{"title":"\u201cMai pi\u00f9 il silenzio\u201d contro i genocidi","description":"Venerd\u00ec 17 fennraio, si svolger\u00e0 un convegno all\u2019ITE Tosi con Vera Vigevani per parlare del dramma dei desaparecidos e della Shoah","robots":{"index":"noindex","follow":"follow","max-snippet":"max-snippet:-1","max-image-preview":"max-image-preview:large","max-video-preview":"max-video-preview:-1"},"og_locale":"it_IT","og_type":"article","og_title":"\u201cMai pi\u00f9 il silenzio\u201d contro i genocidi","og_description":"Venerd\u00ec 17 fennraio, si svolger\u00e0 un convegno all\u2019ITE Tosi con Vera Vigevani per parlare del dramma dei desaparecidos e della Shoah","og_url":"https:\/\/staging.varesenews.it\/2017\/02\/mai-piu-il-silenzio-contro-i-genocidi\/594047\/","og_site_name":"VareseNews","article_publisher":"https:\/\/www.facebook.com\/varesenews","article_author":"alessandra.toni7","article_published_time":"2017-02-10T14:30:38+00:00","author":"Alessandra Toni","twitter_card":"summary_large_image","twitter_creator":"@alessandra_toni","twitter_site":"@varesenews","twitter_misc":{"Scritto da":"Alessandra Toni","Tempo di lettura stimato":"1 minuto"},"schema":{"@context":"https:\/\/schema.org","@graph":[{"@type":"WebPage","@id":"https:\/\/staging.varesenews.it\/2017\/02\/mai-piu-il-silenzio-contro-i-genocidi\/594047\/","url":"https:\/\/staging.varesenews.it\/2017\/02\/mai-piu-il-silenzio-contro-i-genocidi\/594047\/","name":"\u201cMai pi\u00f9 il silenzio\u201d contro i genocidi","isPartOf":{"@id":"https:\/\/staging.varesenews.it\/#website"},"datePublished":"2017-02-10T14:30:38+00:00","dateModified":"2017-02-10T14:30:38+00:00","author":{"@id":"https:\/\/staging.varesenews.it\/#\/schema\/person\/2643ce123d4a3c9511e015dc548779b8"},"description":"Venerd\u00ec 17 fennraio, si svolger\u00e0 un convegno all\u2019ITE Tosi con Vera Vigevani per parlare del dramma dei desaparecidos e della Shoah","breadcrumb":{"@id":"https:\/\/staging.varesenews.it\/2017\/02\/mai-piu-il-silenzio-contro-i-genocidi\/594047\/#breadcrumb"},"inLanguage":"it-IT","potentialAction":[{"@type":"ReadAction","target":["https:\/\/staging.varesenews.it\/2017\/02\/mai-piu-il-silenzio-contro-i-genocidi\/594047\/"]}]},{"@type":"BreadcrumbList","@id":"https:\/\/staging.varesenews.it\/2017\/02\/mai-piu-il-silenzio-contro-i-genocidi\/594047\/#breadcrumb","itemListElement":[{"@type":"ListItem","position":1,"name":"Home","item":"https:\/\/www.varesenews.it\/"},{"@type":"ListItem","position":2,"name":"\u201cMai pi\u00f9 il silenzio\u201d contro i genocidi"}]},{"@type":"WebSite","@id":"https:\/\/staging.varesenews.it\/#website","url":"https:\/\/staging.varesenews.it\/","name":"VareseNews","description":"","potentialAction":[{"@type":"SearchAction","target":{"@type":"EntryPoint","urlTemplate":"https:\/\/staging.varesenews.it\/?s={search_term_string}"},"query-input":"required name=search_term_string"}],"inLanguage":"it-IT"},{"@type":"Person","@id":"https:\/\/staging.varesenews.it\/#\/schema\/person\/2643ce123d4a3c9511e015dc548779b8","name":"Alessandra Toni","image":{"@type":"ImageObject","inLanguage":"it-IT","@id":"https:\/\/staging.varesenews.it\/#\/schema\/person\/image\/","url":"https:\/\/staging.varesenews.it\/wp-content\/uploads\/2020\/12\/alessandra_toni_colori_500.jpg","contentUrl":"https:\/\/staging.varesenews.it\/wp-content\/uploads\/2020\/12\/alessandra_toni_colori_500.jpg","caption":"Alessandra Toni"},"description":"Sono entrata nella redazione di VareseNews nel lontano anno 2000. Ero reduce da una bellissima esperienza nella redazione giornalistica della TV Nuova Antennatre, sotto la direzione dell'indimenticabile direttore Adolfo Caldarini. Sono arrivata quando era ancora una piccola realt\u00e0 editoriale e insieme abbiamo fatto un lungo ed entusiasmante lavoro. Mi occupo prevalentemente di scuola e di sanit\u00e0, settori impegnativi di grande valore sociale.\u00a0","sameAs":["alessandra.toni7","alessandra.toni","https:\/\/twitter.com\/alessandra_toni"],"url":"https:\/\/staging.varesenews.it\/persona\/alessandra_toni1\/"}]}},"post_meta":{"_edit_lock":"1486739253:47","_edit_last":"33","_category_permalink":"90","wdfb_og_title":"","wdfb_og_type":"","wdfb_og_description":"","wdfb_og_images":"a:1:{i:0;s:0:\"\";}","wdfb_og_custom_name":"a:1:{i:0;s:0:\"\";}","wdfb_og_custom_value":"a:1:{i:0;s:0:\"\";}","id_leggi_anche":"408510,407623,343864,43423,59018","foto":"224239","argomento":"Busto Arsizio","_yoast_wpseo_focuskw":"vera vigevani","_jd_twitter":"","_jd_tweet_this":"yes","_yoast_wpseo_linkdex":"55","ratings_users":"0","ratings_score":"0","ratings_average":"0","firma_come_redazione":"1","_wpt_short_url":"http:\/\/www.varesenews.it\/2017\/02\/mai-piu-il-silenzio-contro-i-genocidi\/594047\/","_wp_jd_target":"http:\/\/www.varesenews.it\/2017\/02\/mai-piu-il-silenzio-contro-i-genocidi\/594047\/","_jd_wp_twitter":"a:1:{i:0;s:132:\"\u201cMai pi\u00f9 il silenzio\u201d contro i genocidi http:\/\/www.varesenews.it\/2017\/02\/mai-piu-il-silenzio-contro-i-genocidi\/594047\/ #itetosi\";}","_wpt_status_message":"Tweet inviato con successo."},"photos":[{"original":"https:\/\/staging.varesenews.it\/photogallery_new\/images\/2011\/11\/vera-vigevani-224239.jpg","full":"https:\/\/staging.varesenews.it\/photogallery_new\/images\/2011\/11\/vera-vigevani-224239.1024x768.jpg","large":"https:\/\/staging.varesenews.it\/photogallery_new\/images\/2011\/11\/vera-vigevani-224239.610x431.jpg"}],"_links":{"self":[{"href":"https:\/\/staging.varesenews.it\/swgapi\/v1\/wp\/v2\/posts\/594047"}],"collection":[{"href":"https:\/\/staging.varesenews.it\/swgapi\/v1\/wp\/v2\/posts"}],"about":[{"href":"https:\/\/staging.varesenews.it\/swgapi\/v1\/wp\/v2\/types\/post"}],"author":[{"embeddable":true,"href":"https:\/\/staging.varesenews.it\/swgapi\/v1\/wp\/v2\/users\/33"}],"replies":[{"embeddable":true,"href":"https:\/\/staging.varesenews.it\/swgapi\/v1\/wp\/v2\/comments?post=594047"}],"version-history":[{"count":0,"href":"https:\/\/staging.varesenews.it\/swgapi\/v1\/wp\/v2\/posts\/594047\/revisions"}],"wp:attachment":[{"href":"https:\/\/staging.varesenews.it\/swgapi\/v1\/wp\/v2\/media?parent=594047"}],"wp:term":[{"taxonomy":"category","embeddable":true,"href":"https:\/\/staging.varesenews.it\/swgapi\/v1\/wp\/v2\/categories?post=594047"},{"taxonomy":"post_tag","embeddable":true,"href":"https:\/\/staging.varesenews.it\/swgapi\/v1\/wp\/v2\/tags?post=594047"}],"curies":[{"name":"wp","href":"https:\/\/api.w.org\/{rel}","templated":true}]}}