{"id":595861,"date":"2017-02-16T19:09:53","date_gmt":"2017-02-16T18:09:53","guid":{"rendered":"http:\/\/www.varesenews.it\/?p=595861"},"modified":"2017-02-16T19:09:53","modified_gmt":"2017-02-16T18:09:53","slug":"il-maga-si-veste-di-fiori-come-il-metropolitan","status":"publish","type":"post","link":"https:\/\/staging.varesenews.it\/2017\/02\/il-maga-si-veste-di-fiori-come-il-metropolitan\/595861\/","title":{"rendered":"Il Maga si veste di fiori, come il Metropolitan"},"content":{"rendered":"<p>\u00abAppena mi hanno parlato di una manifestazione di fiori al Maga,<strong> mi \u00e8 venuto in mente il Metropolitan di New York<\/strong>: ho girato tanti e tanti musei, ma solo l\u00ec ho visto dei fiori. O meglio, un enorme mazzo cambiato all\u2019inizio di ogni settimana posizionato nella hall\u00bb. Guardiamo a 360 gradi verso tutte le forme d\u2019arte&gt;, spiega Bandera. .<strong>Sandrina Bandera<\/strong>, <a title=\"Maga, accordo fatto: Sandrina Bandera presidente\" href=\"http:\/\/www.varesenews.it\/2016\/12\/maga-gallarate-sandrina-bandera-presidente\/579643\/\">nuova presidente dello spazio espositivo di via De Magri<\/a>, si illumina quando parla dell\u2019<a href=\"http:\/\/www.varesenews.it\/2017\/02\/i-fioristi-migliori-si-sfidano-al-maga\/594621\/\">&#8220;Orchidea d\u2019Oro\u201d, l\u2019evento- competizione che sabato 18 e luned\u00ec 19 febbraio porter\u00e0 a Gallarate fioristi in arrivo da tutta Italia<\/a>.<\/p>\n<p><strong>Per la numero uno del Maga sar\u00e0 un debutto \u201csul campo\u201d fuori dagli schemi:<\/strong> \u00abGuardiamo a 360 gradi verso tutte le forme d\u2019arte. La manifestazione di questo fine settimana va proprio nella direzione indicata all\u2019atto del mio insediamento, ovvero quella di far vivere il museo, di guardarsi attorno, anche alla ricerca di contributi e sponsorizzazioni. A tal proposito, proporremo al vincitore di abbellire e decorare la parte esterna della struttura e in cambio potr\u00e0 fare pubblicit\u00e0 alla propria attivit\u00e0. Stesso discorso per il grande mazzo di fiori che vorrei mettere all\u2019ingresso. Il nostro potrebbe diventare il secondo museo al mondo ad accogliere i visitatori con un tocco floreale\u00bb.<\/p>\n<p>Organizzata dal Distretto urbano del commercio di Gallarate e dall\u2019amministrazione comunale (assessorato alla Cultura), la manifestazione vedr\u00e0 <strong>protagonisti nove concorrenti che in due giorni di prove e gare si contenderanno il premio finale<\/strong>. \u00abNon vedo l\u2019ora di vedere il Maga \u201cfiorire\u201d\u00bb, spiega la presidente del Duc<strong> Claudia Mazzetti<\/strong>. \u00abLa formula di questo \u201ccontest\u201d mi \u00e8 subito piaciuta perch\u00e9 oltre a portare in citt\u00e0 qualcosa di mai visto prima, diventa anche una opportunit\u00e0 per i commercianti della zona di mettersi in mostra, approfittando di una vetrina davvero straordinaria&gt;. I parrucchieri e truccatori gallaratesi affiancheranno infatti i fioristi concorrenti nelle diverse prove. <strong>Ogni partecipante avr\u00e0 un tema in abbinamento, ispirato ai grandi stilisti della moda<\/strong> internazionale<strong>: Missoni, Prada, Dolce e Gabbana, Jean Paul Gautier, Marras, Chanel, Valentino<\/strong>, <strong>Victoria\u2019s Secret<\/strong> e l\u2019emergente <strong>Luca Larenza<\/strong>. Tutti insieme contribuiranno all\u2019allestimento degli stand e alla creazione di vere e proprie opere con i fiori protagonisti assoluti. Una formula davvero unica quella studiata dall\u2019ideatrice e anima della rassegna <strong>Mara Daverio<\/strong>, che ha richiamato l\u2019interesse di flower designers da tutto lo Stivale. Napoli, Imperia, Alghero, Lurago d\u2019Erba, Barletta, Lainate, Taranto, Gorizia e Mornago: questa la provenienza dei partecipanti.<\/p>\n<p>Il museo cittadino aprir\u00e0 perci\u00f2 le sue porte ad un pubblico eterogeneo: il mix di diverse forme di arte ed espressione, in una cornice d\u2019eccellenza, fanno di \u201cOrchidea d\u2019Oro\u201d un evento speciale. L\u2019intenzione \u00e8 di trasformare la manifestazione in un appuntamento fisso e di farla crescere anno dopo anno, fino a farla diventare un appuntamento di valore nazionale.<br \/>\nL\u2019ingresso sar\u00e0 gratuito. Questi gli orari: sabato dalle 15 alle 18.30; domenica dalle 10 alle 19. Chi vorr\u00e0 potr\u00e0 assistere alla competizione e con il proprio apprezzamento aiutare la giurie (quella che valuter\u00e0 la tecnica floreale e quella che si esprimer\u00e0 sull\u2019aspetto innovativo delle creazioni) nella scelta dei vincitori.<\/p>\n","protected":false},"excerpt":{"rendered":"<p>La presidente del museo, Sandrina Bandera, saluta l&#8217;avvio del fine settimana di concorso tra fioristi &#8220;Orchidea d&#8217;oro&#8221;<\/p>\n","protected":false},"author":46,"featured_media":0,"comment_status":"open","ping_status":"open","sticky":false,"template":"","format":"standard","meta":{"footnotes":""},"categories":[3,21],"tags":[67678,158],"acf":[],"yoast_head":"<!-- This site is optimized with the Yoast SEO plugin v20.1 - https:\/\/yoast.com\/wordpress\/plugins\/seo\/ -->\n<title>Il Maga si veste di fiori, come il Metropolitan<\/title>\n<meta name=\"description\" content=\"La presidente del museo, Sandrina Bandera, saluta l&#039;avvio del fine settimana di concorso tra fioristi &quot;Orchidea d&#039;oro&quot;\" \/>\n<meta name=\"robots\" content=\"noindex, follow, max-snippet:-1, max-image-preview:large, max-video-preview:-1\" \/>\n<meta property=\"og:locale\" content=\"it_IT\" \/>\n<meta property=\"og:type\" content=\"article\" \/>\n<meta property=\"og:title\" content=\"Il Maga si veste di fiori, come il Metropolitan\" \/>\n<meta property=\"og:description\" content=\"La presidente del museo, Sandrina Bandera, saluta l&#039;avvio del fine settimana di concorso tra fioristi &quot;Orchidea d&#039;oro&quot;\" \/>\n<meta property=\"og:url\" content=\"https:\/\/staging.varesenews.it\/2017\/02\/il-maga-si-veste-di-fiori-come-il-metropolitan\/595861\/\" \/>\n<meta property=\"og:site_name\" content=\"VareseNews\" \/>\n<meta property=\"article:publisher\" content=\"https:\/\/www.facebook.com\/varesenews\" \/>\n<meta property=\"article:published_time\" content=\"2017-02-16T18:09:53+00:00\" \/>\n<meta name=\"author\" content=\"Roberto Morandi\" \/>\n<meta name=\"twitter:card\" content=\"summary_large_image\" \/>\n<meta name=\"twitter:creator\" content=\"@ilmorands\" \/>\n<meta name=\"twitter:site\" content=\"@varesenews\" \/>\n<meta name=\"twitter:label1\" content=\"Scritto da\" \/>\n\t<meta name=\"twitter:data1\" content=\"Roberto Morandi\" \/>\n\t<meta name=\"twitter:label2\" content=\"Tempo di lettura stimato\" \/>\n\t<meta name=\"twitter:data2\" content=\"3 minuti\" \/>\n<script type=\"application\/ld+json\" class=\"yoast-schema-graph\">{\"@context\":\"https:\/\/schema.org\",\"@graph\":[{\"@type\":\"WebPage\",\"@id\":\"https:\/\/staging.varesenews.it\/2017\/02\/il-maga-si-veste-di-fiori-come-il-metropolitan\/595861\/\",\"url\":\"https:\/\/staging.varesenews.it\/2017\/02\/il-maga-si-veste-di-fiori-come-il-metropolitan\/595861\/\",\"name\":\"Il Maga si veste di fiori, come il Metropolitan\",\"isPartOf\":{\"@id\":\"https:\/\/staging.varesenews.it\/#website\"},\"datePublished\":\"2017-02-16T18:09:53+00:00\",\"dateModified\":\"2017-02-16T18:09:53+00:00\",\"author\":{\"@id\":\"https:\/\/staging.varesenews.it\/#\/schema\/person\/efe592ae4c76536b551f89d8b6674bc3\"},\"description\":\"La presidente del museo, Sandrina Bandera, saluta l'avvio del fine settimana di concorso tra fioristi \\\"Orchidea d'oro\\\"\",\"breadcrumb\":{\"@id\":\"https:\/\/staging.varesenews.it\/2017\/02\/il-maga-si-veste-di-fiori-come-il-metropolitan\/595861\/#breadcrumb\"},\"inLanguage\":\"it-IT\",\"potentialAction\":[{\"@type\":\"ReadAction\",\"target\":[\"https:\/\/staging.varesenews.it\/2017\/02\/il-maga-si-veste-di-fiori-come-il-metropolitan\/595861\/\"]}]},{\"@type\":\"BreadcrumbList\",\"@id\":\"https:\/\/staging.varesenews.it\/2017\/02\/il-maga-si-veste-di-fiori-come-il-metropolitan\/595861\/#breadcrumb\",\"itemListElement\":[{\"@type\":\"ListItem\",\"position\":1,\"name\":\"Home\",\"item\":\"https:\/\/www.varesenews.it\/\"},{\"@type\":\"ListItem\",\"position\":2,\"name\":\"Il Maga si veste di fiori, come il Metropolitan\"}]},{\"@type\":\"WebSite\",\"@id\":\"https:\/\/staging.varesenews.it\/#website\",\"url\":\"https:\/\/staging.varesenews.it\/\",\"name\":\"VareseNews\",\"description\":\"\",\"potentialAction\":[{\"@type\":\"SearchAction\",\"target\":{\"@type\":\"EntryPoint\",\"urlTemplate\":\"https:\/\/staging.varesenews.it\/?s={search_term_string}\"},\"query-input\":\"required name=search_term_string\"}],\"inLanguage\":\"it-IT\"},{\"@type\":\"Person\",\"@id\":\"https:\/\/staging.varesenews.it\/#\/schema\/person\/efe592ae4c76536b551f89d8b6674bc3\",\"name\":\"Roberto Morandi\",\"image\":{\"@type\":\"ImageObject\",\"inLanguage\":\"it-IT\",\"@id\":\"https:\/\/staging.varesenews.it\/#\/schema\/person\/image\/\",\"url\":\"https:\/\/staging.varesenews.it\/wp-content\/uploads\/2020\/12\/roberto_morandi_colori_500.jpg\",\"contentUrl\":\"https:\/\/staging.varesenews.it\/wp-content\/uploads\/2020\/12\/roberto_morandi_colori_500.jpg\",\"caption\":\"Roberto Morandi\"},\"description\":\"Classe 1980, laureato in storia, mi occupo dell&rsquo;area di Gallarate e di Malpensa, di trasporti e mobilit&agrave;. Amo molto la dimensione della citt&agrave;, come luogo d&rsquo;incontro di persone diverse e come organismo che si trasforma costantemente. Mi piace anche raccontare le piccole e grandi vicende, anche locali, che compongono la Storia con la S maiuscola. Appassionato di bicicletta: la macchina perfetta per muoversi in citt&agrave; e per viaggiare.\",\"sameAs\":[\"https:\/\/twitter.com\/ilmorands\"],\"url\":\"https:\/\/staging.varesenews.it\/persona\/roberto-morandi1\/\"}]}<\/script>\n<!-- \/ Yoast SEO plugin. -->","yoast_head_json":{"title":"Il Maga si veste di fiori, come il Metropolitan","description":"La presidente del museo, Sandrina Bandera, saluta l'avvio del fine settimana di concorso tra fioristi \"Orchidea d'oro\"","robots":{"index":"noindex","follow":"follow","max-snippet":"max-snippet:-1","max-image-preview":"max-image-preview:large","max-video-preview":"max-video-preview:-1"},"og_locale":"it_IT","og_type":"article","og_title":"Il Maga si veste di fiori, come il Metropolitan","og_description":"La presidente del museo, Sandrina Bandera, saluta l'avvio del fine settimana di concorso tra fioristi \"Orchidea d'oro\"","og_url":"https:\/\/staging.varesenews.it\/2017\/02\/il-maga-si-veste-di-fiori-come-il-metropolitan\/595861\/","og_site_name":"VareseNews","article_publisher":"https:\/\/www.facebook.com\/varesenews","article_published_time":"2017-02-16T18:09:53+00:00","author":"Roberto Morandi","twitter_card":"summary_large_image","twitter_creator":"@ilmorands","twitter_site":"@varesenews","twitter_misc":{"Scritto da":"Roberto Morandi","Tempo di lettura stimato":"3 minuti"},"schema":{"@context":"https:\/\/schema.org","@graph":[{"@type":"WebPage","@id":"https:\/\/staging.varesenews.it\/2017\/02\/il-maga-si-veste-di-fiori-come-il-metropolitan\/595861\/","url":"https:\/\/staging.varesenews.it\/2017\/02\/il-maga-si-veste-di-fiori-come-il-metropolitan\/595861\/","name":"Il Maga si veste di fiori, come il Metropolitan","isPartOf":{"@id":"https:\/\/staging.varesenews.it\/#website"},"datePublished":"2017-02-16T18:09:53+00:00","dateModified":"2017-02-16T18:09:53+00:00","author":{"@id":"https:\/\/staging.varesenews.it\/#\/schema\/person\/efe592ae4c76536b551f89d8b6674bc3"},"description":"La presidente del museo, Sandrina Bandera, saluta l'avvio del fine settimana di concorso tra fioristi \"Orchidea d'oro\"","breadcrumb":{"@id":"https:\/\/staging.varesenews.it\/2017\/02\/il-maga-si-veste-di-fiori-come-il-metropolitan\/595861\/#breadcrumb"},"inLanguage":"it-IT","potentialAction":[{"@type":"ReadAction","target":["https:\/\/staging.varesenews.it\/2017\/02\/il-maga-si-veste-di-fiori-come-il-metropolitan\/595861\/"]}]},{"@type":"BreadcrumbList","@id":"https:\/\/staging.varesenews.it\/2017\/02\/il-maga-si-veste-di-fiori-come-il-metropolitan\/595861\/#breadcrumb","itemListElement":[{"@type":"ListItem","position":1,"name":"Home","item":"https:\/\/www.varesenews.it\/"},{"@type":"ListItem","position":2,"name":"Il Maga si veste di fiori, come il Metropolitan"}]},{"@type":"WebSite","@id":"https:\/\/staging.varesenews.it\/#website","url":"https:\/\/staging.varesenews.it\/","name":"VareseNews","description":"","potentialAction":[{"@type":"SearchAction","target":{"@type":"EntryPoint","urlTemplate":"https:\/\/staging.varesenews.it\/?s={search_term_string}"},"query-input":"required name=search_term_string"}],"inLanguage":"it-IT"},{"@type":"Person","@id":"https:\/\/staging.varesenews.it\/#\/schema\/person\/efe592ae4c76536b551f89d8b6674bc3","name":"Roberto Morandi","image":{"@type":"ImageObject","inLanguage":"it-IT","@id":"https:\/\/staging.varesenews.it\/#\/schema\/person\/image\/","url":"https:\/\/staging.varesenews.it\/wp-content\/uploads\/2020\/12\/roberto_morandi_colori_500.jpg","contentUrl":"https:\/\/staging.varesenews.it\/wp-content\/uploads\/2020\/12\/roberto_morandi_colori_500.jpg","caption":"Roberto Morandi"},"description":"Classe 1980, laureato in storia, mi occupo dell&rsquo;area di Gallarate e di Malpensa, di trasporti e mobilit&agrave;. Amo molto la dimensione della citt&agrave;, come luogo d&rsquo;incontro di persone diverse e come organismo che si trasforma costantemente. Mi piace anche raccontare le piccole e grandi vicende, anche locali, che compongono la Storia con la S maiuscola. Appassionato di bicicletta: la macchina perfetta per muoversi in citt&agrave; e per viaggiare.","sameAs":["https:\/\/twitter.com\/ilmorands"],"url":"https:\/\/staging.varesenews.it\/persona\/roberto-morandi1\/"}]}},"post_meta":{"_edit_lock":"1487268541:46","_edit_last":"46","ratings_users":"0","ratings_score":"0","ratings_average":"0","_category_permalink":"","wdfb_og_title":"","wdfb_og_type":"","wdfb_og_description":"","wdfb_og_images":"a:1:{i:0;s:0:\"\";}","wdfb_og_custom_name":"a:1:{i:0;s:0:\"\";}","wdfb_og_custom_value":"a:1:{i:0;s:0:\"\";}","foto":"563246","firma_come_redazione":"1","argomento":"Gallarate","_jd_twitter":"","_jd_tweet_this":"yes","_wpt_short_url":"http:\/\/www.varesenews.it\/2017\/02\/il-maga-si-veste-di-fiori-come-il-metropolitan\/595861\/","_wp_jd_target":"http:\/\/www.varesenews.it\/2017\/02\/il-maga-si-veste-di-fiori-come-il-metropolitan\/595861\/","_jd_wp_twitter":"a:1:{i:0;s:158:\"Il Maga si veste di fiori, come il Metropolitan http:\/\/www.varesenews.it\/2017\/02\/il-maga-si-veste-di-fiori-come-il-metropolitan\/595861\/ #orchideadoro #weekend\";}","_wpt_status_message":"Tweet inviato con successo."},"photos":[{"original":"https:\/\/staging.varesenews.it\/photogallery_new\/images\/2016\/09\/varese-orchidea-2016-563246.jpg","full":"https:\/\/staging.varesenews.it\/photogallery_new\/images\/2016\/09\/varese-orchidea-2016-563246.1024x768.jpg","large":"https:\/\/staging.varesenews.it\/photogallery_new\/images\/2016\/09\/varese-orchidea-2016-563246.610x431.jpg"}],"_links":{"self":[{"href":"https:\/\/staging.varesenews.it\/swgapi\/v1\/wp\/v2\/posts\/595861"}],"collection":[{"href":"https:\/\/staging.varesenews.it\/swgapi\/v1\/wp\/v2\/posts"}],"about":[{"href":"https:\/\/staging.varesenews.it\/swgapi\/v1\/wp\/v2\/types\/post"}],"author":[{"embeddable":true,"href":"https:\/\/staging.varesenews.it\/swgapi\/v1\/wp\/v2\/users\/46"}],"replies":[{"embeddable":true,"href":"https:\/\/staging.varesenews.it\/swgapi\/v1\/wp\/v2\/comments?post=595861"}],"version-history":[{"count":0,"href":"https:\/\/staging.varesenews.it\/swgapi\/v1\/wp\/v2\/posts\/595861\/revisions"}],"wp:attachment":[{"href":"https:\/\/staging.varesenews.it\/swgapi\/v1\/wp\/v2\/media?parent=595861"}],"wp:term":[{"taxonomy":"category","embeddable":true,"href":"https:\/\/staging.varesenews.it\/swgapi\/v1\/wp\/v2\/categories?post=595861"},{"taxonomy":"post_tag","embeddable":true,"href":"https:\/\/staging.varesenews.it\/swgapi\/v1\/wp\/v2\/tags?post=595861"}],"curies":[{"name":"wp","href":"https:\/\/api.w.org\/{rel}","templated":true}]}}