{"id":597488,"date":"2017-02-22T10:12:39","date_gmt":"2017-02-22T09:12:39","guid":{"rendered":"http:\/\/www.varesenews.it\/?p=597488"},"modified":"2017-02-22T10:12:39","modified_gmt":"2017-02-22T09:12:39","slug":"bene-confiscato-di-via-quintino-sella-ora-e-del-comune","status":"publish","type":"post","link":"https:\/\/staging.varesenews.it\/2017\/02\/bene-confiscato-di-via-quintino-sella-ora-e-del-comune\/597488\/","title":{"rendered":"Bene confiscato di via Quintino Sella, ora \u00e8 del Comune"},"content":{"rendered":"<p>Il <a title=\"Beni confiscati, il Pd: \u201cCosa ne vuole fare l\u2019amministrazione?\u201d\" href=\"http:\/\/www.varesenews.it\/2017\/01\/beni-confiscati-il-pd-cosa-ne-vuole-fare-lamministrazione\/588003\/\">bene confiscato alla mafia in via Quintino Sella<\/a> \u00e8 stato acquisito dal Comune. Esulta per bene l&#8217;acquisizione dell&#8217;immobile di via Quintino Sella. Esulta il consigliere comunale del Pd <strong>Massimo Brugnone<\/strong>: \u00abAdesso avanti con i progetti con le scuole per deciderne il riutilizzo\u00bb &#8211; ha dichiarato su Facebook.<\/p>\n<p>L&#8217;assessore ai Servizi Sociali <strong>Miriam Arabini<\/strong> ha risposto all&#8217;interrogazione del Pd sullo stato dell&#8217;arte dei beni confiscati presenti in citt\u00e0: \u00abIl 19 gennaio il Comune \u00e8 finalmente entrato in possesso del bene confiscato in via Quintino Sella\u00bb &#8211; ha risposto l&#8217;assessore.<\/p>\n<p>Brugnone ora chiede che venga preso in considerazione il lavoro che, gi\u00e0 da un anno, grazie all&#8217;impegno della Fondazione Scopelliti guidata da <strong>Rosanna Scopelliti<\/strong>, \u00e8 in corso all&#8217;<strong>ITE &#8220;E. Tosi<\/strong>&#8221; dove si sta portando avanti un progetto per arrivare a un&#8217;ipotesi di riutilizzo di questo bene. Quest&#8217;anno si \u00e8 aggiunto l&#8217;impegno del <strong>Liceo Scientifico &#8220;A. Tosi&#8221;<\/strong> e del <strong>Liceo Artistico &#8220;P. Candiani&#8221;<\/strong> per arrivare a portare all&#8217;Amministrazione maggiori idee.<\/p>\n<p>L&#8217;assessore Arabini ha anche annunciato di aver gi\u00e0 inoltrato all&#8217;Agenzia Nazionale dei Beni confiscati alla mafia la richiesta di poter entrare in possesso anche dell&#8217;appartamento in via Adua e dell&#8217;autorimessa in via Maino.<\/p>\n<p>All&#8217;assessore vanno anche i complimenti del consigliere democratico: \u00abBene l&#8217;impegno che l&#8217;Assessore Arabini ha messo nero su bianco nella sua risposta alla nostra interrogazione dell&#8217;intenzione di attivare un percorso per il riutilizzo sociale, cos\u00ec come prevede la legge. Come sempre detto, anche da opposizione, noi continuiamo con il nostro lavoro di proposta a supporto delle buone iniziative da mettere in atto in citt\u00e0\u00bb.<\/p>\n","protected":false},"excerpt":{"rendered":"<p>L&#8217;assessore Arabini annuncia che l&#8217;appartamento di via Quintino Sella \u00e8 ora nella disponibilit\u00e0 dell&#8217;amministrazione che dovr\u00e0 decidere come riutilizzarlo. Il Pd Brugnone: &#8220;Sfruttiamo i progetti avviati nelle scuole&#8221;<\/p>\n","protected":false},"author":47,"featured_media":0,"comment_status":"open","ping_status":"open","sticky":false,"template":"","format":"standard","meta":{"footnotes":""},"categories":[4,16],"tags":[7131,1065,277,58068],"acf":[],"yoast_head":"<!-- This site is optimized with the Yoast SEO plugin v20.1 - https:\/\/yoast.com\/wordpress\/plugins\/seo\/ -->\n<title>Bene confiscato di via Quintino Sella, ora \u00e8 del Comune<\/title>\n<meta name=\"description\" content=\"L&#039;assessore Arabini annuncia che l&#039;appartamento di via Quintino Sella \u00e8 ora nella disponibilit\u00e0 dell&#039;amministrazione che dovr\u00e0 decidere come riutilizzarlo. Il Pd Brugnone: &quot;Sfruttiamo i progetti avviati nelle scuole&quot;\" \/>\n<meta name=\"robots\" content=\"noindex, follow, max-snippet:-1, max-image-preview:large, max-video-preview:-1\" \/>\n<meta property=\"og:locale\" content=\"it_IT\" \/>\n<meta property=\"og:type\" content=\"article\" \/>\n<meta property=\"og:title\" content=\"Bene confiscato di via Quintino Sella, ora \u00e8 del Comune\" \/>\n<meta property=\"og:description\" content=\"L&#039;assessore Arabini annuncia che l&#039;appartamento di via Quintino Sella \u00e8 ora nella disponibilit\u00e0 dell&#039;amministrazione che dovr\u00e0 decidere come riutilizzarlo. Il Pd Brugnone: &quot;Sfruttiamo i progetti avviati nelle scuole&quot;\" \/>\n<meta property=\"og:url\" content=\"https:\/\/staging.varesenews.it\/2017\/02\/bene-confiscato-di-via-quintino-sella-ora-e-del-comune\/597488\/\" \/>\n<meta property=\"og:site_name\" content=\"VareseNews\" \/>\n<meta property=\"article:publisher\" content=\"https:\/\/www.facebook.com\/varesenews\" \/>\n<meta property=\"article:published_time\" content=\"2017-02-22T09:12:39+00:00\" \/>\n<meta name=\"author\" content=\"Orlando Mastrillo\" \/>\n<meta name=\"twitter:card\" content=\"summary_large_image\" \/>\n<meta name=\"twitter:creator\" content=\"@nando_mastrillo\" \/>\n<meta name=\"twitter:site\" content=\"@varesenews\" \/>\n<meta name=\"twitter:label1\" content=\"Scritto da\" \/>\n\t<meta name=\"twitter:data1\" content=\"Orlando Mastrillo\" \/>\n\t<meta name=\"twitter:label2\" content=\"Tempo di lettura stimato\" \/>\n\t<meta name=\"twitter:data2\" content=\"1 minuto\" \/>\n<script type=\"application\/ld+json\" class=\"yoast-schema-graph\">{\"@context\":\"https:\/\/schema.org\",\"@graph\":[{\"@type\":\"WebPage\",\"@id\":\"https:\/\/staging.varesenews.it\/2017\/02\/bene-confiscato-di-via-quintino-sella-ora-e-del-comune\/597488\/\",\"url\":\"https:\/\/staging.varesenews.it\/2017\/02\/bene-confiscato-di-via-quintino-sella-ora-e-del-comune\/597488\/\",\"name\":\"Bene confiscato di via Quintino Sella, ora \u00e8 del Comune\",\"isPartOf\":{\"@id\":\"https:\/\/staging.varesenews.it\/#website\"},\"datePublished\":\"2017-02-22T09:12:39+00:00\",\"dateModified\":\"2017-02-22T09:12:39+00:00\",\"author\":{\"@id\":\"https:\/\/staging.varesenews.it\/#\/schema\/person\/14c47ccce537a9058dddce296f10b296\"},\"description\":\"L'assessore Arabini annuncia che l'appartamento di via Quintino Sella \u00e8 ora nella disponibilit\u00e0 dell'amministrazione che dovr\u00e0 decidere come riutilizzarlo. Il Pd Brugnone: \\\"Sfruttiamo i progetti avviati nelle scuole\\\"\",\"breadcrumb\":{\"@id\":\"https:\/\/staging.varesenews.it\/2017\/02\/bene-confiscato-di-via-quintino-sella-ora-e-del-comune\/597488\/#breadcrumb\"},\"inLanguage\":\"it-IT\",\"potentialAction\":[{\"@type\":\"ReadAction\",\"target\":[\"https:\/\/staging.varesenews.it\/2017\/02\/bene-confiscato-di-via-quintino-sella-ora-e-del-comune\/597488\/\"]}]},{\"@type\":\"BreadcrumbList\",\"@id\":\"https:\/\/staging.varesenews.it\/2017\/02\/bene-confiscato-di-via-quintino-sella-ora-e-del-comune\/597488\/#breadcrumb\",\"itemListElement\":[{\"@type\":\"ListItem\",\"position\":1,\"name\":\"Home\",\"item\":\"https:\/\/www.varesenews.it\/\"},{\"@type\":\"ListItem\",\"position\":2,\"name\":\"Bene confiscato di via Quintino Sella, ora \u00e8 del Comune\"}]},{\"@type\":\"WebSite\",\"@id\":\"https:\/\/staging.varesenews.it\/#website\",\"url\":\"https:\/\/staging.varesenews.it\/\",\"name\":\"VareseNews\",\"description\":\"\",\"potentialAction\":[{\"@type\":\"SearchAction\",\"target\":{\"@type\":\"EntryPoint\",\"urlTemplate\":\"https:\/\/staging.varesenews.it\/?s={search_term_string}\"},\"query-input\":\"required name=search_term_string\"}],\"inLanguage\":\"it-IT\"},{\"@type\":\"Person\",\"@id\":\"https:\/\/staging.varesenews.it\/#\/schema\/person\/14c47ccce537a9058dddce296f10b296\",\"name\":\"Orlando Mastrillo\",\"image\":{\"@type\":\"ImageObject\",\"inLanguage\":\"it-IT\",\"@id\":\"https:\/\/staging.varesenews.it\/#\/schema\/person\/image\/\",\"url\":\"https:\/\/staging.varesenews.it\/wp-content\/uploads\/2020\/12\/orlando_mastrillo_colori_500.jpg\",\"contentUrl\":\"https:\/\/staging.varesenews.it\/wp-content\/uploads\/2020\/12\/orlando_mastrillo_colori_500.jpg\",\"caption\":\"Orlando Mastrillo\"},\"description\":\"Nasco a Luino nel 1981, ho iniziato questo lavoro nell'estate del 2003 nella redazione de Il Giorno di Varese e dall'anno successivo ho intrapreso la collaborazione con VareseNews. Dopo anni nell'Alto Varesotto mi sono trasferito a Busto Arsizio nel 2007, territorio che ho iniziato a seguire e che seguo tutt'oggi. Nel 2013 sono diventato giornalista professionista. Mi occupo di cronaca politica, giudiziaria e nera in una vasta area che comprende anche parte della Valle Olona e il Legnanese. Sono sposato con Valeria Arini e ho due splendide figlie.\",\"sameAs\":[\"or_ma\",\"https:\/\/twitter.com\/nando_mastrillo\"],\"url\":\"https:\/\/staging.varesenews.it\/persona\/orlando-mastrillo1\/\"}]}<\/script>\n<!-- \/ Yoast SEO plugin. -->","yoast_head_json":{"title":"Bene confiscato di via Quintino Sella, ora \u00e8 del Comune","description":"L'assessore Arabini annuncia che l'appartamento di via Quintino Sella \u00e8 ora nella disponibilit\u00e0 dell'amministrazione che dovr\u00e0 decidere come riutilizzarlo. Il Pd Brugnone: \"Sfruttiamo i progetti avviati nelle scuole\"","robots":{"index":"noindex","follow":"follow","max-snippet":"max-snippet:-1","max-image-preview":"max-image-preview:large","max-video-preview":"max-video-preview:-1"},"og_locale":"it_IT","og_type":"article","og_title":"Bene confiscato di via Quintino Sella, ora \u00e8 del Comune","og_description":"L'assessore Arabini annuncia che l'appartamento di via Quintino Sella \u00e8 ora nella disponibilit\u00e0 dell'amministrazione che dovr\u00e0 decidere come riutilizzarlo. Il Pd Brugnone: \"Sfruttiamo i progetti avviati nelle scuole\"","og_url":"https:\/\/staging.varesenews.it\/2017\/02\/bene-confiscato-di-via-quintino-sella-ora-e-del-comune\/597488\/","og_site_name":"VareseNews","article_publisher":"https:\/\/www.facebook.com\/varesenews","article_published_time":"2017-02-22T09:12:39+00:00","author":"Orlando Mastrillo","twitter_card":"summary_large_image","twitter_creator":"@nando_mastrillo","twitter_site":"@varesenews","twitter_misc":{"Scritto da":"Orlando Mastrillo","Tempo di lettura stimato":"1 minuto"},"schema":{"@context":"https:\/\/schema.org","@graph":[{"@type":"WebPage","@id":"https:\/\/staging.varesenews.it\/2017\/02\/bene-confiscato-di-via-quintino-sella-ora-e-del-comune\/597488\/","url":"https:\/\/staging.varesenews.it\/2017\/02\/bene-confiscato-di-via-quintino-sella-ora-e-del-comune\/597488\/","name":"Bene confiscato di via Quintino Sella, ora \u00e8 del Comune","isPartOf":{"@id":"https:\/\/staging.varesenews.it\/#website"},"datePublished":"2017-02-22T09:12:39+00:00","dateModified":"2017-02-22T09:12:39+00:00","author":{"@id":"https:\/\/staging.varesenews.it\/#\/schema\/person\/14c47ccce537a9058dddce296f10b296"},"description":"L'assessore Arabini annuncia che l'appartamento di via Quintino Sella \u00e8 ora nella disponibilit\u00e0 dell'amministrazione che dovr\u00e0 decidere come riutilizzarlo. Il Pd Brugnone: \"Sfruttiamo i progetti avviati nelle scuole\"","breadcrumb":{"@id":"https:\/\/staging.varesenews.it\/2017\/02\/bene-confiscato-di-via-quintino-sella-ora-e-del-comune\/597488\/#breadcrumb"},"inLanguage":"it-IT","potentialAction":[{"@type":"ReadAction","target":["https:\/\/staging.varesenews.it\/2017\/02\/bene-confiscato-di-via-quintino-sella-ora-e-del-comune\/597488\/"]}]},{"@type":"BreadcrumbList","@id":"https:\/\/staging.varesenews.it\/2017\/02\/bene-confiscato-di-via-quintino-sella-ora-e-del-comune\/597488\/#breadcrumb","itemListElement":[{"@type":"ListItem","position":1,"name":"Home","item":"https:\/\/www.varesenews.it\/"},{"@type":"ListItem","position":2,"name":"Bene confiscato di via Quintino Sella, ora \u00e8 del Comune"}]},{"@type":"WebSite","@id":"https:\/\/staging.varesenews.it\/#website","url":"https:\/\/staging.varesenews.it\/","name":"VareseNews","description":"","potentialAction":[{"@type":"SearchAction","target":{"@type":"EntryPoint","urlTemplate":"https:\/\/staging.varesenews.it\/?s={search_term_string}"},"query-input":"required name=search_term_string"}],"inLanguage":"it-IT"},{"@type":"Person","@id":"https:\/\/staging.varesenews.it\/#\/schema\/person\/14c47ccce537a9058dddce296f10b296","name":"Orlando Mastrillo","image":{"@type":"ImageObject","inLanguage":"it-IT","@id":"https:\/\/staging.varesenews.it\/#\/schema\/person\/image\/","url":"https:\/\/staging.varesenews.it\/wp-content\/uploads\/2020\/12\/orlando_mastrillo_colori_500.jpg","contentUrl":"https:\/\/staging.varesenews.it\/wp-content\/uploads\/2020\/12\/orlando_mastrillo_colori_500.jpg","caption":"Orlando Mastrillo"},"description":"Nasco a Luino nel 1981, ho iniziato questo lavoro nell'estate del 2003 nella redazione de Il Giorno di Varese e dall'anno successivo ho intrapreso la collaborazione con VareseNews. Dopo anni nell'Alto Varesotto mi sono trasferito a Busto Arsizio nel 2007, territorio che ho iniziato a seguire e che seguo tutt'oggi. Nel 2013 sono diventato giornalista professionista. Mi occupo di cronaca politica, giudiziaria e nera in una vasta area che comprende anche parte della Valle Olona e il Legnanese. Sono sposato con Valeria Arini e ho due splendide figlie.","sameAs":["or_ma","https:\/\/twitter.com\/nando_mastrillo"],"url":"https:\/\/staging.varesenews.it\/persona\/orlando-mastrillo1\/"}]}},"post_meta":{"_edit_lock":"1487755827:47","_edit_last":"47","ratings_users":"0","ratings_score":"0","ratings_average":"0","_category_permalink":"","wdfb_og_title":"","wdfb_og_type":"","wdfb_og_description":"","wdfb_og_images":"a:1:{i:0;s:0:\"\";}","wdfb_og_custom_name":"a:1:{i:0;s:0:\"\";}","wdfb_og_custom_value":"a:1:{i:0;s:0:\"\";}","foto":"439922","argomento":"Busto Arsizio","_yoast_wpseo_focuskw":"bene confiscato","_jd_twitter":"","_jd_tweet_this":"yes","_wpt_short_url":"http:\/\/www.varesenews.it\/2017\/02\/bene-confiscato-di-via-quintino-sella-ora-e-del-comune\/597488\/","_wp_jd_target":"http:\/\/www.varesenews.it\/2017\/02\/bene-confiscato-di-via-quintino-sella-ora-e-del-comune\/597488\/","_jd_wp_twitter":"a:1:{i:0;s:186:\"Bene confiscato di via Quintino Sella, ora \u00e8 del Comune http:\/\/www.varesenews.it\/2017\/02\/bene-confiscato-di-via-quintino-sella-ora-e-del-comune\/597488\/ #beniconfiscati #itetosi #pdbusto\";}","_wpt_status_message":"Tweet inviato con successo.","_yoast_wpseo_linkdex":"74","id_leggi_anche":"971919"},"photos":[{"original":"https:\/\/staging.varesenews.it\/photogallery_new\/images\/2015\/03\/beni-confiscati-mafia-439922.jpg","full":"https:\/\/staging.varesenews.it\/photogallery_new\/images\/2015\/03\/beni-confiscati-mafia-439922.1024x768.jpg","large":"https:\/\/staging.varesenews.it\/photogallery_new\/images\/2015\/03\/beni-confiscati-mafia-439922.610x431.jpg"}],"_links":{"self":[{"href":"https:\/\/staging.varesenews.it\/swgapi\/v1\/wp\/v2\/posts\/597488"}],"collection":[{"href":"https:\/\/staging.varesenews.it\/swgapi\/v1\/wp\/v2\/posts"}],"about":[{"href":"https:\/\/staging.varesenews.it\/swgapi\/v1\/wp\/v2\/types\/post"}],"author":[{"embeddable":true,"href":"https:\/\/staging.varesenews.it\/swgapi\/v1\/wp\/v2\/users\/47"}],"replies":[{"embeddable":true,"href":"https:\/\/staging.varesenews.it\/swgapi\/v1\/wp\/v2\/comments?post=597488"}],"version-history":[{"count":0,"href":"https:\/\/staging.varesenews.it\/swgapi\/v1\/wp\/v2\/posts\/597488\/revisions"}],"wp:attachment":[{"href":"https:\/\/staging.varesenews.it\/swgapi\/v1\/wp\/v2\/media?parent=597488"}],"wp:term":[{"taxonomy":"category","embeddable":true,"href":"https:\/\/staging.varesenews.it\/swgapi\/v1\/wp\/v2\/categories?post=597488"},{"taxonomy":"post_tag","embeddable":true,"href":"https:\/\/staging.varesenews.it\/swgapi\/v1\/wp\/v2\/tags?post=597488"}],"curies":[{"name":"wp","href":"https:\/\/api.w.org\/{rel}","templated":true}]}}