{"id":598297,"date":"2017-02-24T11:48:47","date_gmt":"2017-02-24T10:48:47","guid":{"rendered":"http:\/\/www.varesenews.it\/?p=598297"},"modified":"2017-02-24T11:48:47","modified_gmt":"2017-02-24T10:48:47","slug":"nasce-lo-spazio-dedicato-a-mamme-e-neonati","status":"publish","type":"post","link":"https:\/\/staging.varesenews.it\/2017\/02\/nasce-lo-spazio-dedicato-a-mamme-e-neonati\/598297\/","title":{"rendered":"Nasce lo spazio dedicato a mamme e neonati"},"content":{"rendered":"<p><strong>\u201cSONO QUI CON TE\u201d<\/strong>, spazio aperto gratuito per mamme e neonati 0-6 mesi dove ogni donna con il proprio bambino potr\u00e0 trascorrere il tempo che vuole in compagnia di altre donne, fare domande, fare qualcosa per s\u00e9 e\/o per il proprio piccolo o semplicemente non fare nulla, in tranquillit\u00e0, senza fretta.<\/p>\n<p>Questo \u00e8 il progetto che<strong> partir\u00e0 luned\u00ec 27 febbraio, presso il Centro Sociale di Luvinate, su iniziativa de \u201cIl Melograno\u201d<\/strong>, Centro informazione maternit\u00e0 e nascita, associazione nazionale di promozione sociale senza scopo di lucro che opera a Gallarate dal 01 Marzo 1984 nel campo dell\u2019informazione e del sostegno durante la gravidanza, il parto, il puerperio e la prima infanzia.<\/p>\n<p>E\u2019 sempre maggiore la necessit\u00e0 di creare spazi diffusi sul territorio, dove i neo genitori possano acquisire maggiore fiducia nelle proprie competenze nonch\u00e9 svilupparne di nuove, in un contesto di completa accoglienza e disponibilit\u00e0 all&#8217;ascolto, con l\u2019obiettivo di educare alla consapevolezza dell\u2019importanza della relazione genitoriale e di scoprire la piacevolezza dell\u2019essere genitori.<\/p>\n<p>Da qui la collaborazione tra l\u2019Amministrazione di Luvinate e l&#8217;associazione \u201cIl Melograno\u201d sancita nei giorni scorsi da un\u2019apposita delibera della giunta. Lo Spazio Aperto SONO QUI CON TE verr\u00e0 inaugurato LUNEDI\u2019 27 FEBBRAIO alle ore 9.45 presso il CENTRO SOCIALE di LUVINATE, Piazza Don Luigi Sironi.<\/p>\n<p>Queste le proposte che Il Melograno porter\u00e0 sul territorio:<br \/>\n<strong>SPAZIO PRIME RELAZIONI 6-12 MESI<\/strong>: Un luogo di incontro e di scambio su tematiche educative e di accudimento per gli adulti ed un luogo di sperimentazione di prime relazioni in un contesto di gioco per i bambini.<br \/>\n<strong>MASSAGGIO INFANTILE 0-12 MESI<\/strong>: il massaggio come esperienza di profondo contatto affettivo tra genitore e il proprio bambino. Favorisce il legame di attaccamento e rafforza la relazione. Aiuta a scaricare e dare sollievo alle tensioni e favorisce lo stato di benessere del piccolo.<br \/>\n<strong>DAL LATTE ALLE PAPPE<\/strong>: un percorso per accompagnare i genitori nel delicato passaggio all\u2019alimentazione complementare, nel rispetto dei bisogni di ogni singolo bambino e di un sano stile alimentare.<br \/>\n<strong>PICCOLI BAMBINI CRESCONO<\/strong>: incontri tematici intorno ai temi riguardanti i bambini e le bambine dai 12 ai 36 mesi.<br \/>\n<strong>DEDICATO AI GEMELLI<\/strong>: spazio dedicato a genitori e ad operatori che si occupano di gemellarit\u00e0, per affrontare problematiche di carattere pedagogico specifiche.<br \/>\n<strong>MAMMA DI NUOVO<\/strong>: gruppi di discussione per donne alla seconda gravidanza dove affrontare insieme i temi che accompagnano questa nuova esperienza: preparare i bambini e le bambine al nuovo arrivo, le domande sulla capacit\u00e0 dei genitori di moltiplicare amore, il rapporto di coppia che di nuovo si trasforma.<\/p>\n<p>Per informazioni chiamare il numero 0331701542 oppure il 3396059014 o scrivere a <strong>melograno_gallarate@virgilio.it<\/strong><\/p>\n","protected":false},"excerpt":{"rendered":"<p>Il progetto che partir\u00e0 luned\u00ec 27 febbraio, presso il Centro Sociale, su iniziativa de \u201cIl Melograno\u201d<\/p>\n","protected":false},"author":53,"featured_media":0,"comment_status":"open","ping_status":"open","sticky":false,"template":"","format":"standard","meta":{"footnotes":""},"categories":[1],"tags":[16150,8886],"acf":[],"yoast_head":"<!-- This site is optimized with the Yoast SEO plugin v20.1 - https:\/\/yoast.com\/wordpress\/plugins\/seo\/ -->\n<title>Nasce lo spazio dedicato a mamme e neonati<\/title>\n<meta name=\"description\" content=\"Il progetto che partir\u00e0 luned\u00ec 27 febbraio, presso il Centro Sociale, su iniziativa de \u201cIl Melograno\u201d\" \/>\n<meta name=\"robots\" content=\"noindex, follow, max-snippet:-1, max-image-preview:large, max-video-preview:-1\" \/>\n<meta property=\"og:locale\" content=\"it_IT\" \/>\n<meta property=\"og:type\" content=\"article\" \/>\n<meta property=\"og:title\" content=\"Nasce lo spazio dedicato a mamme e neonati\" \/>\n<meta property=\"og:description\" content=\"Il progetto che partir\u00e0 luned\u00ec 27 febbraio, presso il Centro Sociale, su iniziativa de \u201cIl Melograno\u201d\" \/>\n<meta property=\"og:url\" content=\"https:\/\/www.varesenews.it\/2017\/02\/nasce-lo-spazio-dedicato-a-mamme-e-neonati\/598297\/\" \/>\n<meta property=\"og:site_name\" content=\"VareseNews\" \/>\n<meta property=\"article:publisher\" content=\"https:\/\/www.facebook.com\/varesenews\" \/>\n<meta property=\"article:published_time\" content=\"2017-02-24T10:48:47+00:00\" \/>\n<meta name=\"author\" content=\"Valeria Vercelloni\" \/>\n<meta name=\"twitter:card\" content=\"summary_large_image\" \/>\n<meta name=\"twitter:creator\" content=\"@valeria_10\" \/>\n<meta name=\"twitter:site\" content=\"@varesenews\" \/>\n<meta name=\"twitter:label1\" content=\"Scritto da\" \/>\n\t<meta name=\"twitter:data1\" content=\"Valeria Vercelloni\" \/>\n\t<meta name=\"twitter:label2\" content=\"Tempo di lettura stimato\" \/>\n\t<meta name=\"twitter:data2\" content=\"2 minuti\" \/>\n<script type=\"application\/ld+json\" class=\"yoast-schema-graph\">{\"@context\":\"https:\/\/schema.org\",\"@graph\":[{\"@type\":\"WebPage\",\"@id\":\"https:\/\/www.varesenews.it\/2017\/02\/nasce-lo-spazio-dedicato-a-mamme-e-neonati\/598297\/\",\"url\":\"https:\/\/www.varesenews.it\/2017\/02\/nasce-lo-spazio-dedicato-a-mamme-e-neonati\/598297\/\",\"name\":\"Nasce lo spazio dedicato a mamme e neonati\",\"isPartOf\":{\"@id\":\"https:\/\/staging.varesenews.it\/#website\"},\"datePublished\":\"2017-02-24T10:48:47+00:00\",\"dateModified\":\"2017-02-24T10:48:47+00:00\",\"author\":{\"@id\":\"https:\/\/staging.varesenews.it\/#\/schema\/person\/0941cd89a5c71974b05f4cca7ce7deff\"},\"description\":\"Il progetto che partir\u00e0 luned\u00ec 27 febbraio, presso il Centro Sociale, su iniziativa de \u201cIl Melograno\u201d\",\"breadcrumb\":{\"@id\":\"https:\/\/www.varesenews.it\/2017\/02\/nasce-lo-spazio-dedicato-a-mamme-e-neonati\/598297\/#breadcrumb\"},\"inLanguage\":\"it-IT\",\"potentialAction\":[{\"@type\":\"ReadAction\",\"target\":[\"https:\/\/www.varesenews.it\/2017\/02\/nasce-lo-spazio-dedicato-a-mamme-e-neonati\/598297\/\"]}]},{\"@type\":\"BreadcrumbList\",\"@id\":\"https:\/\/www.varesenews.it\/2017\/02\/nasce-lo-spazio-dedicato-a-mamme-e-neonati\/598297\/#breadcrumb\",\"itemListElement\":[{\"@type\":\"ListItem\",\"position\":1,\"name\":\"Home\",\"item\":\"https:\/\/www.varesenews.it\/\"},{\"@type\":\"ListItem\",\"position\":2,\"name\":\"Nasce lo spazio dedicato a mamme e neonati\"}]},{\"@type\":\"WebSite\",\"@id\":\"https:\/\/staging.varesenews.it\/#website\",\"url\":\"https:\/\/staging.varesenews.it\/\",\"name\":\"VareseNews\",\"description\":\"\",\"potentialAction\":[{\"@type\":\"SearchAction\",\"target\":{\"@type\":\"EntryPoint\",\"urlTemplate\":\"https:\/\/staging.varesenews.it\/?s={search_term_string}\"},\"query-input\":\"required name=search_term_string\"}],\"inLanguage\":\"it-IT\"},{\"@type\":\"Person\",\"@id\":\"https:\/\/staging.varesenews.it\/#\/schema\/person\/0941cd89a5c71974b05f4cca7ce7deff\",\"name\":\"Valeria Vercelloni\",\"image\":{\"@type\":\"ImageObject\",\"inLanguage\":\"it-IT\",\"@id\":\"https:\/\/staging.varesenews.it\/#\/schema\/person\/image\/\",\"url\":\"https:\/\/staging.varesenews.it\/wp-content\/uploads\/2015\/03\/valeria_vercelloni1.jpg\",\"contentUrl\":\"https:\/\/staging.varesenews.it\/wp-content\/uploads\/2015\/03\/valeria_vercelloni1.jpg\",\"caption\":\"Valeria Vercelloni\"},\"description\":\"\u201cNata e cresciuta\u201d a Varesenews, ma con un piede sempre a Milano. Cerco di stare al passo con il mondo dei social media senza perdermi troppo per strada.\",\"sameAs\":[\"https:\/\/twitter.com\/valeria_10\"],\"url\":\"https:\/\/staging.varesenews.it\/persona\/valeria-vercelloni\/\"}]}<\/script>\n<!-- \/ Yoast SEO plugin. -->","yoast_head_json":{"title":"Nasce lo spazio dedicato a mamme e neonati","description":"Il progetto che partir\u00e0 luned\u00ec 27 febbraio, presso il Centro Sociale, su iniziativa de \u201cIl Melograno\u201d","robots":{"index":"noindex","follow":"follow","max-snippet":"max-snippet:-1","max-image-preview":"max-image-preview:large","max-video-preview":"max-video-preview:-1"},"og_locale":"it_IT","og_type":"article","og_title":"Nasce lo spazio dedicato a mamme e neonati","og_description":"Il progetto che partir\u00e0 luned\u00ec 27 febbraio, presso il Centro Sociale, su iniziativa de \u201cIl Melograno\u201d","og_url":"https:\/\/www.varesenews.it\/2017\/02\/nasce-lo-spazio-dedicato-a-mamme-e-neonati\/598297\/","og_site_name":"VareseNews","article_publisher":"https:\/\/www.facebook.com\/varesenews","article_published_time":"2017-02-24T10:48:47+00:00","author":"Valeria Vercelloni","twitter_card":"summary_large_image","twitter_creator":"@valeria_10","twitter_site":"@varesenews","twitter_misc":{"Scritto da":"Valeria Vercelloni","Tempo di lettura stimato":"2 minuti"},"schema":{"@context":"https:\/\/schema.org","@graph":[{"@type":"WebPage","@id":"https:\/\/www.varesenews.it\/2017\/02\/nasce-lo-spazio-dedicato-a-mamme-e-neonati\/598297\/","url":"https:\/\/www.varesenews.it\/2017\/02\/nasce-lo-spazio-dedicato-a-mamme-e-neonati\/598297\/","name":"Nasce lo spazio dedicato a mamme e neonati","isPartOf":{"@id":"https:\/\/staging.varesenews.it\/#website"},"datePublished":"2017-02-24T10:48:47+00:00","dateModified":"2017-02-24T10:48:47+00:00","author":{"@id":"https:\/\/staging.varesenews.it\/#\/schema\/person\/0941cd89a5c71974b05f4cca7ce7deff"},"description":"Il progetto che partir\u00e0 luned\u00ec 27 febbraio, presso il Centro Sociale, su iniziativa de \u201cIl Melograno\u201d","breadcrumb":{"@id":"https:\/\/www.varesenews.it\/2017\/02\/nasce-lo-spazio-dedicato-a-mamme-e-neonati\/598297\/#breadcrumb"},"inLanguage":"it-IT","potentialAction":[{"@type":"ReadAction","target":["https:\/\/www.varesenews.it\/2017\/02\/nasce-lo-spazio-dedicato-a-mamme-e-neonati\/598297\/"]}]},{"@type":"BreadcrumbList","@id":"https:\/\/www.varesenews.it\/2017\/02\/nasce-lo-spazio-dedicato-a-mamme-e-neonati\/598297\/#breadcrumb","itemListElement":[{"@type":"ListItem","position":1,"name":"Home","item":"https:\/\/www.varesenews.it\/"},{"@type":"ListItem","position":2,"name":"Nasce lo spazio dedicato a mamme e neonati"}]},{"@type":"WebSite","@id":"https:\/\/staging.varesenews.it\/#website","url":"https:\/\/staging.varesenews.it\/","name":"VareseNews","description":"","potentialAction":[{"@type":"SearchAction","target":{"@type":"EntryPoint","urlTemplate":"https:\/\/staging.varesenews.it\/?s={search_term_string}"},"query-input":"required name=search_term_string"}],"inLanguage":"it-IT"},{"@type":"Person","@id":"https:\/\/staging.varesenews.it\/#\/schema\/person\/0941cd89a5c71974b05f4cca7ce7deff","name":"Valeria Vercelloni","image":{"@type":"ImageObject","inLanguage":"it-IT","@id":"https:\/\/staging.varesenews.it\/#\/schema\/person\/image\/","url":"https:\/\/staging.varesenews.it\/wp-content\/uploads\/2015\/03\/valeria_vercelloni1.jpg","contentUrl":"https:\/\/staging.varesenews.it\/wp-content\/uploads\/2015\/03\/valeria_vercelloni1.jpg","caption":"Valeria Vercelloni"},"description":"\u201cNata e cresciuta\u201d a Varesenews, ma con un piede sempre a Milano. Cerco di stare al passo con il mondo dei social media senza perdermi troppo per strada.","sameAs":["https:\/\/twitter.com\/valeria_10"],"url":"https:\/\/staging.varesenews.it\/persona\/valeria-vercelloni\/"}]}},"post_meta":{"_edit_lock":"1487933696:53","_edit_last":"53","ratings_users":"0","ratings_score":"0","ratings_average":"0","_category_permalink":"","wdfb_og_title":"","wdfb_og_type":"","wdfb_og_description":"","wdfb_og_images":"a:1:{i:0;s:0:\"\";}","wdfb_og_custom_name":"a:1:{i:0;s:0:\"\";}","wdfb_og_custom_value":"a:1:{i:0;s:0:\"\";}","foto":"586784","firma_come_redazione":"1","argomento":"Luvinate","_jd_twitter":"","_jd_tweet_this":"yes","_wpt_short_url":"http:\/\/www.varesenews.it\/2017\/02\/nasce-lo-spazio-dedicato-a-mamme-e-neonati\/598297\/","_wp_jd_target":"http:\/\/www.varesenews.it\/2017\/02\/nasce-lo-spazio-dedicato-a-mamme-e-neonati\/598297\/","_jd_wp_twitter":"a:1:{i:0;s:142:\"Nasce lo spazio dedicato a mamme e neonati http:\/\/www.varesenews.it\/2017\/02\/nasce-lo-spazio-dedicato-a-mamme-e-neonati\/598297\/ #mamme #neonati\";}","_wpt_status_message":"Tweet inviato con successo."},"photos":[{"original":"https:\/\/staging.varesenews.it\/photogallery_new\/images\/2017\/01\/piedini-neonato-586784.jpg","full":"https:\/\/staging.varesenews.it\/photogallery_new\/images\/2017\/01\/piedini-neonato-586784.1024x768.jpg","large":"https:\/\/staging.varesenews.it\/photogallery_new\/images\/2017\/01\/piedini-neonato-586784.610x431.jpg"}],"_links":{"self":[{"href":"https:\/\/staging.varesenews.it\/swgapi\/v1\/wp\/v2\/posts\/598297"}],"collection":[{"href":"https:\/\/staging.varesenews.it\/swgapi\/v1\/wp\/v2\/posts"}],"about":[{"href":"https:\/\/staging.varesenews.it\/swgapi\/v1\/wp\/v2\/types\/post"}],"author":[{"embeddable":true,"href":"https:\/\/staging.varesenews.it\/swgapi\/v1\/wp\/v2\/users\/53"}],"replies":[{"embeddable":true,"href":"https:\/\/staging.varesenews.it\/swgapi\/v1\/wp\/v2\/comments?post=598297"}],"version-history":[{"count":0,"href":"https:\/\/staging.varesenews.it\/swgapi\/v1\/wp\/v2\/posts\/598297\/revisions"}],"wp:attachment":[{"href":"https:\/\/staging.varesenews.it\/swgapi\/v1\/wp\/v2\/media?parent=598297"}],"wp:term":[{"taxonomy":"category","embeddable":true,"href":"https:\/\/staging.varesenews.it\/swgapi\/v1\/wp\/v2\/categories?post=598297"},{"taxonomy":"post_tag","embeddable":true,"href":"https:\/\/staging.varesenews.it\/swgapi\/v1\/wp\/v2\/tags?post=598297"}],"curies":[{"name":"wp","href":"https:\/\/api.w.org\/{rel}","templated":true}]}}