{"id":599860,"date":"2017-03-02T08:33:27","date_gmt":"2017-03-02T07:33:27","guid":{"rendered":"http:\/\/www.varesenews.it\/?p=599860"},"modified":"2017-03-02T08:33:27","modified_gmt":"2017-03-02T07:33:27","slug":"un-viaggio-nei-mondi-di-bob-dylan","status":"publish","type":"post","link":"https:\/\/staging.varesenews.it\/2017\/03\/un-viaggio-nei-mondi-di-bob-dylan\/599860\/","title":{"rendered":"Un viaggio nei mondi di Bob Dylan"},"content":{"rendered":"<p><strong>Dal 4 al 19 marzo, presso il Centro Culturale San Bartolomeo di Bergamo<\/strong>, la <strong>Fondazione Credito Bergamasco<\/strong> organizza la mostra divulgativa <em>I mondi di Bob Dylan<\/em>, a cura di Riccardo Bertoncelli \u2013 noto giornalista, critico musicale e conduttore radiofonico italiano \u2013 e Angelo Piazzoli, Segretario generale della Fondazione stessa.<\/p>\n<p><strong>Un\u2019occasione da non perdere per scoprire la complessit\u00e0 del cantautore americano,<\/strong> insignito del premio <strong>Nobel<\/strong> per la Letteratura, superstar della musica internazionale, personaggio discusso, ma certamente uno degli artisti pi\u00f9 influenti nella cultura della seconda met\u00e0 del XX secolo. <strong>Un poeta, un musicista del quale si parla spesso, ma che in realt\u00e0 \u00e8 molto poco conosciuto al grande pubblico<\/strong>, e che la Fondazione Credito Bergamasco \u2013 su un progetto coordinato da Sergio Noto, professore di Storia Economica presso l\u2019Universit\u00e0 di Verona \u2013 ha deciso di presentare al pubblico attraverso la penna del pi\u00f9 importante critico musicale italiano, quel Riccardo Bertoncelli, che oltre ad essere il giornalista che da pi\u00f9 tempo si \u00e8 occupato di Dylan, \u00e8 stato tra i primissimi ad aver seguito \u201csenza peli sulla lingua\u201d la diffusione del rock in Italia, come \u00e8 testimoniato, tra l\u2019altro, dalla notissima canzone di Francesco Guccini del 1975.<\/p>\n<p><strong>La mostra<\/strong> \u2013 che si snoda su ventidue pannelli in cui viene descritto per sommi capi il percorso artistico di Dylan dal 1961 al Nobel e in cui sono illustrate undici tra le sue pi\u00f9 note canzoni \u2013 si sforza di presentare in maniera semplice e comprensibile il complicato percorso artistico di Robert Allen Zimmermann (questo il vero nome del cantautore americano) dagli esordi nei primissimi anni \u201860, da un paesino di minatori e immigrati scandinavi \u00abwhere the winds hit heavy on the borderline\u00bb, sul confine con il Canada, fino al centro pulsante della cultura nordamericana, il Greeenwich Village, gi\u00e0 popolato dagli scrittori e dai poeti della Beat Generation, dal quale scaturiranno le maggiori correnti artistiche e i pi\u00f9 influenti movimenti civili destinati a cambiare il corso della storia del XX secolo.<\/p>\n<p><strong>A disposizione gratuita dei visitatori<\/strong>, un catalogo a colori di sessanta pagine, scritto da Pier Giuseppe Montresor, critico musicale de L\u2019Arena di Verona; inoltre, Sergio Noto e Riccardo Bertoncelli hanno realizzato \u2013 appositamente a corredo della mostra \u2013 quattro playlist scaricabili da Itunes e da Spotify.<\/p>\n<p>Un\u2019ottima occasione per onorare anche a Bergamo e in Italia, nell\u2019anno di una sospirata consacrazione letteraria, un grande testimone del nostro tempo. Un\u2019offerta per invogliare, non solo gli adulti, ma in particolare i giovani alla conoscenza pi\u00f9 ravvicinata e meno superficiale di un\u2019icona del nostro tempo che ha influenzato i maggiori cantautori italiani da De Gregori a De Andr\u00e8, ma che \u00e8 ancora troppo spesso oggetto di conoscenza superficiale.<\/p>\n<p>\u00abMai avrei immaginato di promuovere e organizzare \u2013 nell\u2019ambito della programmazione culturale della Fondazione Creberg \u2013 una mostra dedicata a un cantautore americano\u00bb commenta Angelo Piazzoli. \u00abQuando nel mese di novembre 2016 mi venne sottoposta dal prof. Sergio Noto l\u2019idea di questo progetto dedicato a Bob Dylan, dopo qualche esitazione legata ad un \u201cterritorio inesplorato\u201d che ci si apriva dinnanzi, giunsi rapidamente alla conclusione che valesse la pena di concretizzarlo per la sua stringente attualit\u00e0 \u2013 derivante dal conferimento a Dylan del Premio Nobel per la Letteratura con il dibattito e le polemiche che ne seguirono \u2013 e per l\u2019inconsueto valore culturale del team che vi stava lavorando che ha prodotto, come si vedr\u00e0, brillanti esiti\u00bb.<\/p>\n<p><strong>L\u2019esposizione<\/strong> \u2013 presso il Centro Culturale San Bartolomeo (Bergamo, Largo Belotti) \u2013 \u00e8 visitabile tutti i giorni secondo i seguenti orari: da luned\u00ec a venerd\u00ec, dalle 16 alle 19, sabato e domenica, dalle 10 alle 12 e dalle 16 alle 19.<\/p>\n<p><strong>Sabato 4 marzo<\/strong>, giorno di apertura della mostra, dalle ore 17, Riccardo Bertoncelli, curatore dell\u2019esposizione, e Sergio Noto, ideatore del progetto, saranno a disposizione del pubblico per visite guidate gratuite alla mostra, in una sorta di informale vernissage.<br \/>\nDurante il periodo espositivo, la Fondazione Creberg organizza, presso il Salone principale di Palazzo Creberg (Bergamo, Largo Porta Nuova), la rappresentazione Tangled Up in The Bible: la poetica di Bob Dylan, un viaggio nell\u2019universo letterario e musicale dell\u2019autore che pi\u00f9 di tutti ha innovato la forma canzone del \u2018900. L\u2019appuntamento \u00e8 per gioved\u00ec 16 marzo, alle ore 18, con Michele Dal Lago (voce e chitarra), Giusi Pesenti (voce e percussioni) e Bruno Pizzi (letture) che \u2013 attraverso un\u2019alternanza di musica e parole \u2013 ripercorreranno la genesi della poetica di Bob Dylan: dalla Bibbia alla popular music americana, da Woody Guthrie a Dylan Thomas, da Rimbaud alla Beat Generation.<br \/>\n<strong>L\u2019ingresso alla mostra e allo spettacolo \u00e8 libero.<\/strong><\/p>\n","protected":false},"excerpt":{"rendered":"<p>Dal 4 al 19 marzo, una mostra al Centro Culturale San Bartolomeo che ripercorre il percorso artistico dell\u2019artista insignito del Premio Nobel per la Letteraturaa cura della Fondazione Creberg<\/p>\n","protected":false},"author":34,"featured_media":0,"comment_status":"open","ping_status":"open","sticky":false,"template":"","format":"standard","meta":{"footnotes":""},"categories":[18,7],"tags":[3304,3776,74370,158],"acf":[],"yoast_head":"<!-- This site is optimized with the Yoast SEO plugin v20.1 - https:\/\/yoast.com\/wordpress\/plugins\/seo\/ -->\n<title>Un viaggio nei mondi di Bob Dylan<\/title>\n<meta name=\"description\" content=\"Dal 4 al 19 marzo, una mostra al Centro Culturale San Bartolomeo che ripercorre il percorso artistico dell\u2019artista insignito del Premio Nobel per la Letteraturaa cura della Fondazione Creberg\" \/>\n<meta name=\"robots\" content=\"noindex, follow, max-snippet:-1, max-image-preview:large, max-video-preview:-1\" \/>\n<meta property=\"og:locale\" content=\"it_IT\" \/>\n<meta property=\"og:type\" content=\"article\" \/>\n<meta property=\"og:title\" content=\"Un viaggio nei mondi di Bob Dylan\" \/>\n<meta property=\"og:description\" content=\"Dal 4 al 19 marzo, una mostra al Centro Culturale San Bartolomeo che ripercorre il percorso artistico dell\u2019artista insignito del Premio Nobel per la Letteraturaa cura della Fondazione Creberg\" \/>\n<meta property=\"og:url\" content=\"https:\/\/staging.varesenews.it\/2017\/03\/un-viaggio-nei-mondi-di-bob-dylan\/599860\/\" \/>\n<meta property=\"og:site_name\" content=\"VareseNews\" \/>\n<meta property=\"article:publisher\" content=\"https:\/\/www.facebook.com\/varesenews\" \/>\n<meta property=\"article:author\" content=\"https:\/\/www.facebook.com\/andrea.camurani?fref=photo\" \/>\n<meta property=\"article:published_time\" content=\"2017-03-02T07:33:27+00:00\" \/>\n<meta name=\"author\" content=\"Andrea Camurani\" \/>\n<meta name=\"twitter:card\" content=\"summary_large_image\" \/>\n<meta name=\"twitter:creator\" content=\"@AndreaCamurani\" \/>\n<meta name=\"twitter:site\" content=\"@varesenews\" \/>\n<meta name=\"twitter:label1\" content=\"Scritto da\" \/>\n\t<meta name=\"twitter:data1\" content=\"Andrea Camurani\" \/>\n\t<meta name=\"twitter:label2\" content=\"Tempo di lettura stimato\" \/>\n\t<meta name=\"twitter:data2\" content=\"4 minuti\" \/>\n<script type=\"application\/ld+json\" class=\"yoast-schema-graph\">{\"@context\":\"https:\/\/schema.org\",\"@graph\":[{\"@type\":\"WebPage\",\"@id\":\"https:\/\/staging.varesenews.it\/2017\/03\/un-viaggio-nei-mondi-di-bob-dylan\/599860\/\",\"url\":\"https:\/\/staging.varesenews.it\/2017\/03\/un-viaggio-nei-mondi-di-bob-dylan\/599860\/\",\"name\":\"Un viaggio nei mondi di Bob Dylan\",\"isPartOf\":{\"@id\":\"https:\/\/staging.varesenews.it\/#website\"},\"datePublished\":\"2017-03-02T07:33:27+00:00\",\"dateModified\":\"2017-03-02T07:33:27+00:00\",\"author\":{\"@id\":\"https:\/\/staging.varesenews.it\/#\/schema\/person\/3eb5832c6beae763de8d9596fdbe8c49\"},\"description\":\"Dal 4 al 19 marzo, una mostra al Centro Culturale San Bartolomeo che ripercorre il percorso artistico dell\u2019artista insignito del Premio Nobel per la Letteraturaa cura della Fondazione Creberg\",\"breadcrumb\":{\"@id\":\"https:\/\/staging.varesenews.it\/2017\/03\/un-viaggio-nei-mondi-di-bob-dylan\/599860\/#breadcrumb\"},\"inLanguage\":\"it-IT\",\"potentialAction\":[{\"@type\":\"ReadAction\",\"target\":[\"https:\/\/staging.varesenews.it\/2017\/03\/un-viaggio-nei-mondi-di-bob-dylan\/599860\/\"]}]},{\"@type\":\"BreadcrumbList\",\"@id\":\"https:\/\/staging.varesenews.it\/2017\/03\/un-viaggio-nei-mondi-di-bob-dylan\/599860\/#breadcrumb\",\"itemListElement\":[{\"@type\":\"ListItem\",\"position\":1,\"name\":\"Home\",\"item\":\"https:\/\/www.varesenews.it\/\"},{\"@type\":\"ListItem\",\"position\":2,\"name\":\"Un viaggio nei mondi di Bob Dylan\"}]},{\"@type\":\"WebSite\",\"@id\":\"https:\/\/staging.varesenews.it\/#website\",\"url\":\"https:\/\/staging.varesenews.it\/\",\"name\":\"VareseNews\",\"description\":\"\",\"potentialAction\":[{\"@type\":\"SearchAction\",\"target\":{\"@type\":\"EntryPoint\",\"urlTemplate\":\"https:\/\/staging.varesenews.it\/?s={search_term_string}\"},\"query-input\":\"required name=search_term_string\"}],\"inLanguage\":\"it-IT\"},{\"@type\":\"Person\",\"@id\":\"https:\/\/staging.varesenews.it\/#\/schema\/person\/3eb5832c6beae763de8d9596fdbe8c49\",\"name\":\"Andrea Camurani\",\"image\":{\"@type\":\"ImageObject\",\"inLanguage\":\"it-IT\",\"@id\":\"https:\/\/staging.varesenews.it\/#\/schema\/person\/image\/\",\"url\":\"https:\/\/staging.varesenews.it\/wp-content\/uploads\/2020\/12\/andrea_camurani_colori_500.jpg\",\"contentUrl\":\"https:\/\/staging.varesenews.it\/wp-content\/uploads\/2020\/12\/andrea_camurani_colori_500.jpg\",\"caption\":\"Andrea Camurani\"},\"description\":\"Sono figlio degli anni Settanta e di Milano, dove ho imparato a riconoscere buoni e cattivi. Laurea in scienze politiche, lavoro a VareseNews dal 2000. Racconto quel che trovo quando incontro chi vuole lasciare al mondo un pezzetto di vita, che si chiama cronaca. &ldquo;...perch&eacute; &egrave; la gente il pi&ugrave; grande spettacolo del mondo. E non si paga il biglietto...&rdquo; (Charles Bukowsky)\",\"sameAs\":[\"https:\/\/www.facebook.com\/andrea.camurani?fref=photo\",\"andreacamurani\",\"https:\/\/www.linkedin.com\/hp\/?dnr=A9a84RfzsLdo9xg4NcGV4dLiMknoc9ms4WM\",\"https:\/\/twitter.com\/AndreaCamurani\"],\"url\":\"https:\/\/staging.varesenews.it\/persona\/andrea_camurani\/\"}]}<\/script>\n<!-- \/ Yoast SEO plugin. -->","yoast_head_json":{"title":"Un viaggio nei mondi di Bob Dylan","description":"Dal 4 al 19 marzo, una mostra al Centro Culturale San Bartolomeo che ripercorre il percorso artistico dell\u2019artista insignito del Premio Nobel per la Letteraturaa cura della Fondazione Creberg","robots":{"index":"noindex","follow":"follow","max-snippet":"max-snippet:-1","max-image-preview":"max-image-preview:large","max-video-preview":"max-video-preview:-1"},"og_locale":"it_IT","og_type":"article","og_title":"Un viaggio nei mondi di Bob Dylan","og_description":"Dal 4 al 19 marzo, una mostra al Centro Culturale San Bartolomeo che ripercorre il percorso artistico dell\u2019artista insignito del Premio Nobel per la Letteraturaa cura della Fondazione Creberg","og_url":"https:\/\/staging.varesenews.it\/2017\/03\/un-viaggio-nei-mondi-di-bob-dylan\/599860\/","og_site_name":"VareseNews","article_publisher":"https:\/\/www.facebook.com\/varesenews","article_author":"https:\/\/www.facebook.com\/andrea.camurani?fref=photo","article_published_time":"2017-03-02T07:33:27+00:00","author":"Andrea Camurani","twitter_card":"summary_large_image","twitter_creator":"@AndreaCamurani","twitter_site":"@varesenews","twitter_misc":{"Scritto da":"Andrea Camurani","Tempo di lettura stimato":"4 minuti"},"schema":{"@context":"https:\/\/schema.org","@graph":[{"@type":"WebPage","@id":"https:\/\/staging.varesenews.it\/2017\/03\/un-viaggio-nei-mondi-di-bob-dylan\/599860\/","url":"https:\/\/staging.varesenews.it\/2017\/03\/un-viaggio-nei-mondi-di-bob-dylan\/599860\/","name":"Un viaggio nei mondi di Bob Dylan","isPartOf":{"@id":"https:\/\/staging.varesenews.it\/#website"},"datePublished":"2017-03-02T07:33:27+00:00","dateModified":"2017-03-02T07:33:27+00:00","author":{"@id":"https:\/\/staging.varesenews.it\/#\/schema\/person\/3eb5832c6beae763de8d9596fdbe8c49"},"description":"Dal 4 al 19 marzo, una mostra al Centro Culturale San Bartolomeo che ripercorre il percorso artistico dell\u2019artista insignito del Premio Nobel per la Letteraturaa cura della Fondazione Creberg","breadcrumb":{"@id":"https:\/\/staging.varesenews.it\/2017\/03\/un-viaggio-nei-mondi-di-bob-dylan\/599860\/#breadcrumb"},"inLanguage":"it-IT","potentialAction":[{"@type":"ReadAction","target":["https:\/\/staging.varesenews.it\/2017\/03\/un-viaggio-nei-mondi-di-bob-dylan\/599860\/"]}]},{"@type":"BreadcrumbList","@id":"https:\/\/staging.varesenews.it\/2017\/03\/un-viaggio-nei-mondi-di-bob-dylan\/599860\/#breadcrumb","itemListElement":[{"@type":"ListItem","position":1,"name":"Home","item":"https:\/\/www.varesenews.it\/"},{"@type":"ListItem","position":2,"name":"Un viaggio nei mondi di Bob Dylan"}]},{"@type":"WebSite","@id":"https:\/\/staging.varesenews.it\/#website","url":"https:\/\/staging.varesenews.it\/","name":"VareseNews","description":"","potentialAction":[{"@type":"SearchAction","target":{"@type":"EntryPoint","urlTemplate":"https:\/\/staging.varesenews.it\/?s={search_term_string}"},"query-input":"required name=search_term_string"}],"inLanguage":"it-IT"},{"@type":"Person","@id":"https:\/\/staging.varesenews.it\/#\/schema\/person\/3eb5832c6beae763de8d9596fdbe8c49","name":"Andrea Camurani","image":{"@type":"ImageObject","inLanguage":"it-IT","@id":"https:\/\/staging.varesenews.it\/#\/schema\/person\/image\/","url":"https:\/\/staging.varesenews.it\/wp-content\/uploads\/2020\/12\/andrea_camurani_colori_500.jpg","contentUrl":"https:\/\/staging.varesenews.it\/wp-content\/uploads\/2020\/12\/andrea_camurani_colori_500.jpg","caption":"Andrea Camurani"},"description":"Sono figlio degli anni Settanta e di Milano, dove ho imparato a riconoscere buoni e cattivi. Laurea in scienze politiche, lavoro a VareseNews dal 2000. Racconto quel che trovo quando incontro chi vuole lasciare al mondo un pezzetto di vita, che si chiama cronaca. &ldquo;...perch&eacute; &egrave; la gente il pi&ugrave; grande spettacolo del mondo. E non si paga il biglietto...&rdquo; (Charles Bukowsky)","sameAs":["https:\/\/www.facebook.com\/andrea.camurani?fref=photo","andreacamurani","https:\/\/www.linkedin.com\/hp\/?dnr=A9a84RfzsLdo9xg4NcGV4dLiMknoc9ms4WM","https:\/\/twitter.com\/AndreaCamurani"],"url":"https:\/\/staging.varesenews.it\/persona\/andrea_camurani\/"}]}},"post_meta":{"_edit_lock":"1488439957:34","_edit_last":"34","_category_permalink":"18","ratings_users":"0","ratings_score":"0","ratings_average":"0","wdfb_og_title":"","wdfb_og_type":"","wdfb_og_description":"","wdfb_og_images":"a:1:{i:0;s:0:\"\";}","wdfb_og_custom_name":"a:1:{i:0;s:0:\"\";}","wdfb_og_custom_value":"a:1:{i:0;s:0:\"\";}","foto":"596625","firma_come_redazione":"1","argomento":"Bergamo","_jd_twitter":"","_jd_tweet_this":"yes","_wpt_short_url":"http:\/\/www.varesenews.it\/2017\/03\/un-viaggio-nei-mondi-di-bob-dylan\/599860\/","_wp_jd_target":"http:\/\/www.varesenews.it\/2017\/03\/un-viaggio-nei-mondi-di-bob-dylan\/599860\/","_jd_wp_twitter":"a:1:{i:0;s:137:\"Un viaggio nei mondi di Bob Dylan http:\/\/www.varesenews.it\/2017\/03\/un-viaggio-nei-mondi-di-bob-dylan\/599860\/ #letteratura #nobel #weekend\";}","_wpt_status_message":"Tweet inviato con successo."},"photos":[{"original":"https:\/\/staging.varesenews.it\/photogallery_new\/images\/2017\/03\/avarie-596625.jpg","full":"https:\/\/staging.varesenews.it\/photogallery_new\/images\/2017\/03\/avarie-596625.1024x768.jpg","large":"https:\/\/staging.varesenews.it\/photogallery_new\/images\/2017\/03\/avarie-596625.610x431.jpg"}],"_links":{"self":[{"href":"https:\/\/staging.varesenews.it\/swgapi\/v1\/wp\/v2\/posts\/599860"}],"collection":[{"href":"https:\/\/staging.varesenews.it\/swgapi\/v1\/wp\/v2\/posts"}],"about":[{"href":"https:\/\/staging.varesenews.it\/swgapi\/v1\/wp\/v2\/types\/post"}],"author":[{"embeddable":true,"href":"https:\/\/staging.varesenews.it\/swgapi\/v1\/wp\/v2\/users\/34"}],"replies":[{"embeddable":true,"href":"https:\/\/staging.varesenews.it\/swgapi\/v1\/wp\/v2\/comments?post=599860"}],"version-history":[{"count":0,"href":"https:\/\/staging.varesenews.it\/swgapi\/v1\/wp\/v2\/posts\/599860\/revisions"}],"wp:attachment":[{"href":"https:\/\/staging.varesenews.it\/swgapi\/v1\/wp\/v2\/media?parent=599860"}],"wp:term":[{"taxonomy":"category","embeddable":true,"href":"https:\/\/staging.varesenews.it\/swgapi\/v1\/wp\/v2\/categories?post=599860"},{"taxonomy":"post_tag","embeddable":true,"href":"https:\/\/staging.varesenews.it\/swgapi\/v1\/wp\/v2\/tags?post=599860"}],"curies":[{"name":"wp","href":"https:\/\/api.w.org\/{rel}","templated":true}]}}