{"id":601937,"date":"2017-03-08T15:31:17","date_gmt":"2017-03-08T14:31:17","guid":{"rendered":"http:\/\/www.varesenews.it\/?p=601937"},"modified":"2017-03-08T15:31:17","modified_gmt":"2017-03-08T14:31:17","slug":"niente-match-tricolore-per-iuliano-gallo","status":"publish","type":"post","link":"https:\/\/staging.varesenews.it\/2017\/03\/niente-match-tricolore-per-iuliano-gallo\/601937\/","title":{"rendered":"Niente match tricolore per Iuliano Gallo"},"content":{"rendered":"<p>Locandine gi\u00e0 stampate, location di prestigio (Villa Porro Pirelli a Induno Olona), attesa in crescita&#8230; fino al cambio di programma. Il match valido per il titolo italiano in programma il <strong>18 marzo tra Iuliano Gallo e il veneto Luca Rigoldi<\/strong> non ci sar\u00e0, perch\u00e9 quest&#8217;ultimo pugile ha deciso di dare<strong> l&#8217;assalto alla corona UE.<\/strong><\/p>\n<p>\u00abNon so cosa sia successo ma c&#8217;\u00e8 grande confusione che non fa bene al pugilato\u00bb <strong>spiega in un comunicato il maestro Augusto Lauri,<\/strong> coach di Gallo, che \u00e8 sbocciato nei Panthers di Varese. \u00ab<strong>Gallo &#8211; Rigoldi \u00e8 stato giudicato l&#8217;incontro pi\u00f9 bello del 2016<\/strong>\u00a0&#8211; prosegue Lauri &#8211; ma la rivincita non si pu\u00f2 fare. Se un incontro \u00e8 valido,per\u00f2, andrebbe ripresentato anche perch\u00e9 quella volta Iuliano ha perso immeritatamente. Il verdetto di allora per\u00f2 non ha importanza, semplicemente sarebbe stato bello rivedere i due pugili sul ring\u00bb.<\/p>\n<p>Il maestro Lauri fa riferimento al match tricolore disputato a dicembre a <strong>Montichiari<\/strong>: in quell&#8217;occasione <strong>Rigoldi si aggiudic\u00f2 la corona<\/strong> vacante dei Supergallo. Sabato 18 comunque, andr\u00e0 ugualmente in scena una riunione, <strong>spostata al PalaVolonterio di Bizzozero:<\/strong> Gallo affronter\u00e0 per\u00f2 il siciliano Giuseppe Bucello in uno dei due incontri tra &#8220;pro&#8221; in programma. L&#8217;altro vedr\u00e0 opposto il panther Liam Ded\u00e9 contro Del Vecchio nei Superwelter.<\/p>\n<h3>SUPER BEPPE LAURI<\/h3>\n<p>Dalla Germania invece arriva una bella notizia, il ritorno &#8211; vincente &#8211; sul ring di <strong>Giuseppe Lauri che ha sconfitto Danny Lehmann<\/strong> a Brandeburgo e conquistato la corona <strong>Intercontinentale (vacante) dei Supermedi, versione GBC<\/strong> (Global Boxing Council). &#8220;The End&#8221; torna cos\u00ec alla vittoria, a quasi 41 anni, dando nuova prova della sua classe; gi\u00e0 fissata la prima difesa della corona, programmata per il <strong>22 luglio, sempre a Brandeburgo<\/strong>, contro un altro tedesco, Rico Schultz.<\/p>\n<h3>ESPOSITO, NIENTE DA FARE<\/h3>\n<p>Il pugilato varesino, intanto, ha perso uno dei suoi titoli: il <strong>daveriese Michele Esposito<\/strong> \u00e8 stato infatti sconfitto sabato sera a Crotone, dove era chiamato a difendere la corona tricolore dei welter <strong>contro l&#8217;idolo di casa Tobia Loriga.<\/strong> Serata sfortunata per Esposito, che si \u00e8 dovuto arrendere a causa di un <strong>taglio alla fronte<\/strong>\u00a0(e da un sanguinamento copioso) dovuto a una <strong>testata<\/strong> involontaria. Al momento della sospensione dell&#8217;incontro, i giudici hanno dato vincente Loriga che, probabilmente, si ritirer\u00e0 lasciando la corona vacante.<\/p>\n","protected":false},"excerpt":{"rendered":"<p>L&#8217;incontro tra il Panther e Rigoldi \u00e8 saltato: il veneto ha scelto la sfida UE. Beppe Lauri super in Germania, Esposito sfortunato a Crotone<\/p>\n","protected":false},"author":38,"featured_media":0,"comment_status":"open","ping_status":"open","sticky":false,"template":"","format":"standard","meta":{"footnotes":""},"categories":[14],"tags":[5173,3296],"acf":[],"yoast_head":"<!-- This site is optimized with the Yoast SEO plugin v20.1 - https:\/\/yoast.com\/wordpress\/plugins\/seo\/ -->\n<title>Niente match tricolore per Iuliano Gallo<\/title>\n<meta name=\"description\" content=\"L&#039;incontro tra il Panther e Rigoldi \u00e8 saltato: il veneto ha scelto la sfida UE. Beppe Lauri super in Germania, Esposito sfortunato a Crotone\" \/>\n<meta name=\"robots\" content=\"noindex, follow, max-snippet:-1, max-image-preview:large, max-video-preview:-1\" \/>\n<meta property=\"og:locale\" content=\"it_IT\" \/>\n<meta property=\"og:type\" content=\"article\" \/>\n<meta property=\"og:title\" content=\"Niente match tricolore per Iuliano Gallo\" \/>\n<meta property=\"og:description\" content=\"L&#039;incontro tra il Panther e Rigoldi \u00e8 saltato: il veneto ha scelto la sfida UE. Beppe Lauri super in Germania, Esposito sfortunato a Crotone\" \/>\n<meta property=\"og:url\" content=\"https:\/\/staging.varesenews.it\/2017\/03\/niente-match-tricolore-per-iuliano-gallo\/601937\/\" \/>\n<meta property=\"og:site_name\" content=\"VareseNews\" \/>\n<meta property=\"article:publisher\" content=\"https:\/\/www.facebook.com\/varesenews\" \/>\n<meta property=\"article:published_time\" content=\"2017-03-08T14:31:17+00:00\" \/>\n<meta name=\"author\" content=\"Damiano Franzetti\" \/>\n<meta name=\"twitter:card\" content=\"summary_large_image\" \/>\n<meta name=\"twitter:creator\" content=\"@damianofranz\" \/>\n<meta name=\"twitter:site\" content=\"@varesenews\" \/>\n<meta name=\"twitter:label1\" content=\"Scritto da\" \/>\n\t<meta name=\"twitter:data1\" content=\"Damiano Franzetti\" \/>\n\t<meta name=\"twitter:label2\" content=\"Tempo di lettura stimato\" \/>\n\t<meta name=\"twitter:data2\" content=\"2 minuti\" \/>\n<script type=\"application\/ld+json\" class=\"yoast-schema-graph\">{\"@context\":\"https:\/\/schema.org\",\"@graph\":[{\"@type\":\"WebPage\",\"@id\":\"https:\/\/staging.varesenews.it\/2017\/03\/niente-match-tricolore-per-iuliano-gallo\/601937\/\",\"url\":\"https:\/\/staging.varesenews.it\/2017\/03\/niente-match-tricolore-per-iuliano-gallo\/601937\/\",\"name\":\"Niente match tricolore per Iuliano Gallo\",\"isPartOf\":{\"@id\":\"https:\/\/staging.varesenews.it\/#website\"},\"datePublished\":\"2017-03-08T14:31:17+00:00\",\"dateModified\":\"2017-03-08T14:31:17+00:00\",\"author\":{\"@id\":\"https:\/\/staging.varesenews.it\/#\/schema\/person\/709ae3769f6b4dbde8ec332baede8a5b\"},\"description\":\"L'incontro tra il Panther e Rigoldi \u00e8 saltato: il veneto ha scelto la sfida UE. Beppe Lauri super in Germania, Esposito sfortunato a Crotone\",\"breadcrumb\":{\"@id\":\"https:\/\/staging.varesenews.it\/2017\/03\/niente-match-tricolore-per-iuliano-gallo\/601937\/#breadcrumb\"},\"inLanguage\":\"it-IT\",\"potentialAction\":[{\"@type\":\"ReadAction\",\"target\":[\"https:\/\/staging.varesenews.it\/2017\/03\/niente-match-tricolore-per-iuliano-gallo\/601937\/\"]}]},{\"@type\":\"BreadcrumbList\",\"@id\":\"https:\/\/staging.varesenews.it\/2017\/03\/niente-match-tricolore-per-iuliano-gallo\/601937\/#breadcrumb\",\"itemListElement\":[{\"@type\":\"ListItem\",\"position\":1,\"name\":\"Home\",\"item\":\"https:\/\/www.varesenews.it\/\"},{\"@type\":\"ListItem\",\"position\":2,\"name\":\"Niente match tricolore per Iuliano Gallo\"}]},{\"@type\":\"WebSite\",\"@id\":\"https:\/\/staging.varesenews.it\/#website\",\"url\":\"https:\/\/staging.varesenews.it\/\",\"name\":\"VareseNews\",\"description\":\"\",\"potentialAction\":[{\"@type\":\"SearchAction\",\"target\":{\"@type\":\"EntryPoint\",\"urlTemplate\":\"https:\/\/staging.varesenews.it\/?s={search_term_string}\"},\"query-input\":\"required name=search_term_string\"}],\"inLanguage\":\"it-IT\"},{\"@type\":\"Person\",\"@id\":\"https:\/\/staging.varesenews.it\/#\/schema\/person\/709ae3769f6b4dbde8ec332baede8a5b\",\"name\":\"Damiano Franzetti\",\"image\":{\"@type\":\"ImageObject\",\"inLanguage\":\"it-IT\",\"@id\":\"https:\/\/staging.varesenews.it\/#\/schema\/person\/image\/\",\"url\":\"https:\/\/staging.varesenews.it\/wp-content\/uploads\/2020\/12\/damiano_franzetti_colori_500.jpg\",\"contentUrl\":\"https:\/\/staging.varesenews.it\/wp-content\/uploads\/2020\/12\/damiano_franzetti_colori_500.jpg\",\"caption\":\"Damiano Franzetti\"},\"description\":\"Classe 1976, una laurea (nel cassetto) in scienze e tecnologie alimentari; sono giornalista professionista dal 2009 nato e cresciuto con VareseNews dove mi occupo soprattutto di sport ormai da vent&rsquo;anni. Inviato sui campi (sulle piste, sulle strade...), intervistatore, coordinatore e responsabile delle pagine sportive, mi ritaglio volentieri lo spazio per scrivere di birra sul blog Malto Gradimento. Ho seguito innumerevoli campionati di Serie A di basket, di serie B di calcio, due Mondiali di ciclismo, qualche Giro d&rsquo;;Italia e tanto altro ancora. Collaboro con Tuttosport e altre testate, mi diletto di social. Ho una moglie, un figlio, vivo nella mia Gemonio e ho purtroppo smesso con il basket giocato. &nbsp;\",\"sameAs\":[\"damianofranz\",\"https:\/\/www.linkedin.com\/profile\/view?id=241597124&trk=nav_responsive_tab_profile\",\"https:\/\/twitter.com\/damianofranz\"],\"url\":\"https:\/\/staging.varesenews.it\/persona\/damiano_franzetti-2\/\"}]}<\/script>\n<!-- \/ Yoast SEO plugin. -->","yoast_head_json":{"title":"Niente match tricolore per Iuliano Gallo","description":"L'incontro tra il Panther e Rigoldi \u00e8 saltato: il veneto ha scelto la sfida UE. Beppe Lauri super in Germania, Esposito sfortunato a Crotone","robots":{"index":"noindex","follow":"follow","max-snippet":"max-snippet:-1","max-image-preview":"max-image-preview:large","max-video-preview":"max-video-preview:-1"},"og_locale":"it_IT","og_type":"article","og_title":"Niente match tricolore per Iuliano Gallo","og_description":"L'incontro tra il Panther e Rigoldi \u00e8 saltato: il veneto ha scelto la sfida UE. Beppe Lauri super in Germania, Esposito sfortunato a Crotone","og_url":"https:\/\/staging.varesenews.it\/2017\/03\/niente-match-tricolore-per-iuliano-gallo\/601937\/","og_site_name":"VareseNews","article_publisher":"https:\/\/www.facebook.com\/varesenews","article_published_time":"2017-03-08T14:31:17+00:00","author":"Damiano Franzetti","twitter_card":"summary_large_image","twitter_creator":"@damianofranz","twitter_site":"@varesenews","twitter_misc":{"Scritto da":"Damiano Franzetti","Tempo di lettura stimato":"2 minuti"},"schema":{"@context":"https:\/\/schema.org","@graph":[{"@type":"WebPage","@id":"https:\/\/staging.varesenews.it\/2017\/03\/niente-match-tricolore-per-iuliano-gallo\/601937\/","url":"https:\/\/staging.varesenews.it\/2017\/03\/niente-match-tricolore-per-iuliano-gallo\/601937\/","name":"Niente match tricolore per Iuliano Gallo","isPartOf":{"@id":"https:\/\/staging.varesenews.it\/#website"},"datePublished":"2017-03-08T14:31:17+00:00","dateModified":"2017-03-08T14:31:17+00:00","author":{"@id":"https:\/\/staging.varesenews.it\/#\/schema\/person\/709ae3769f6b4dbde8ec332baede8a5b"},"description":"L'incontro tra il Panther e Rigoldi \u00e8 saltato: il veneto ha scelto la sfida UE. Beppe Lauri super in Germania, Esposito sfortunato a Crotone","breadcrumb":{"@id":"https:\/\/staging.varesenews.it\/2017\/03\/niente-match-tricolore-per-iuliano-gallo\/601937\/#breadcrumb"},"inLanguage":"it-IT","potentialAction":[{"@type":"ReadAction","target":["https:\/\/staging.varesenews.it\/2017\/03\/niente-match-tricolore-per-iuliano-gallo\/601937\/"]}]},{"@type":"BreadcrumbList","@id":"https:\/\/staging.varesenews.it\/2017\/03\/niente-match-tricolore-per-iuliano-gallo\/601937\/#breadcrumb","itemListElement":[{"@type":"ListItem","position":1,"name":"Home","item":"https:\/\/www.varesenews.it\/"},{"@type":"ListItem","position":2,"name":"Niente match tricolore per Iuliano Gallo"}]},{"@type":"WebSite","@id":"https:\/\/staging.varesenews.it\/#website","url":"https:\/\/staging.varesenews.it\/","name":"VareseNews","description":"","potentialAction":[{"@type":"SearchAction","target":{"@type":"EntryPoint","urlTemplate":"https:\/\/staging.varesenews.it\/?s={search_term_string}"},"query-input":"required name=search_term_string"}],"inLanguage":"it-IT"},{"@type":"Person","@id":"https:\/\/staging.varesenews.it\/#\/schema\/person\/709ae3769f6b4dbde8ec332baede8a5b","name":"Damiano Franzetti","image":{"@type":"ImageObject","inLanguage":"it-IT","@id":"https:\/\/staging.varesenews.it\/#\/schema\/person\/image\/","url":"https:\/\/staging.varesenews.it\/wp-content\/uploads\/2020\/12\/damiano_franzetti_colori_500.jpg","contentUrl":"https:\/\/staging.varesenews.it\/wp-content\/uploads\/2020\/12\/damiano_franzetti_colori_500.jpg","caption":"Damiano Franzetti"},"description":"Classe 1976, una laurea (nel cassetto) in scienze e tecnologie alimentari; sono giornalista professionista dal 2009 nato e cresciuto con VareseNews dove mi occupo soprattutto di sport ormai da vent&rsquo;anni. Inviato sui campi (sulle piste, sulle strade...), intervistatore, coordinatore e responsabile delle pagine sportive, mi ritaglio volentieri lo spazio per scrivere di birra sul blog Malto Gradimento. Ho seguito innumerevoli campionati di Serie A di basket, di serie B di calcio, due Mondiali di ciclismo, qualche Giro d&rsquo;;Italia e tanto altro ancora. Collaboro con Tuttosport e altre testate, mi diletto di social. Ho una moglie, un figlio, vivo nella mia Gemonio e ho purtroppo smesso con il basket giocato. &nbsp;","sameAs":["damianofranz","https:\/\/www.linkedin.com\/profile\/view?id=241597124&trk=nav_responsive_tab_profile","https:\/\/twitter.com\/damianofranz"],"url":"https:\/\/staging.varesenews.it\/persona\/damiano_franzetti-2\/"}]}},"post_meta":{"_edit_lock":"1488984633:38","_edit_last":"38","ratings_users":"0","ratings_score":"0","ratings_average":"0","_category_permalink":"","wdfb_og_title":"","wdfb_og_type":"","wdfb_og_description":"","wdfb_og_images":"a:1:{i:0;s:0:\"\";}","wdfb_og_custom_name":"a:1:{i:0;s:0:\"\";}","wdfb_og_custom_value":"a:1:{i:0;s:0:\"\";}","foto":"472298","argomento":"Pugilato","_jd_twitter":"","_jd_tweet_this":"yes","_wpt_short_url":"http:\/\/www.varesenews.it\/2017\/03\/niente-match-tricolore-per-iuliano-gallo\/601937\/","_wp_jd_target":"http:\/\/www.varesenews.it\/2017\/03\/niente-match-tricolore-per-iuliano-gallo\/601937\/","_jd_wp_twitter":"a:1:{i:0;s:142:\"Niente match tricolore per Iuliano Gallo http:\/\/www.varesenews.it\/2017\/03\/niente-match-tricolore-per-iuliano-gallo\/601937\/ #panthers #pugilato\";}","_wpt_status_message":"Tweet inviato con successo."},"photos":[{"original":"https:\/\/staging.varesenews.it\/photogallery_new\/images\/2015\/07\/iuliano-gallo-boxe-panthers-472298.jpg","full":"https:\/\/staging.varesenews.it\/photogallery_new\/images\/2015\/07\/iuliano-gallo-boxe-panthers-472298.1024x768.jpg","large":"https:\/\/staging.varesenews.it\/photogallery_new\/images\/2015\/07\/iuliano-gallo-boxe-panthers-472298.610x431.jpg"}],"_links":{"self":[{"href":"https:\/\/staging.varesenews.it\/swgapi\/v1\/wp\/v2\/posts\/601937"}],"collection":[{"href":"https:\/\/staging.varesenews.it\/swgapi\/v1\/wp\/v2\/posts"}],"about":[{"href":"https:\/\/staging.varesenews.it\/swgapi\/v1\/wp\/v2\/types\/post"}],"author":[{"embeddable":true,"href":"https:\/\/staging.varesenews.it\/swgapi\/v1\/wp\/v2\/users\/38"}],"replies":[{"embeddable":true,"href":"https:\/\/staging.varesenews.it\/swgapi\/v1\/wp\/v2\/comments?post=601937"}],"version-history":[{"count":0,"href":"https:\/\/staging.varesenews.it\/swgapi\/v1\/wp\/v2\/posts\/601937\/revisions"}],"wp:attachment":[{"href":"https:\/\/staging.varesenews.it\/swgapi\/v1\/wp\/v2\/media?parent=601937"}],"wp:term":[{"taxonomy":"category","embeddable":true,"href":"https:\/\/staging.varesenews.it\/swgapi\/v1\/wp\/v2\/categories?post=601937"},{"taxonomy":"post_tag","embeddable":true,"href":"https:\/\/staging.varesenews.it\/swgapi\/v1\/wp\/v2\/tags?post=601937"}],"curies":[{"name":"wp","href":"https:\/\/api.w.org\/{rel}","templated":true}]}}