{"id":603469,"date":"2017-03-13T16:23:42","date_gmt":"2017-03-13T15:23:42","guid":{"rendered":"http:\/\/www.varesenews.it\/?p=603469"},"modified":"2017-03-13T16:23:42","modified_gmt":"2017-03-13T15:23:42","slug":"accam-le-opposizioni-tornano-ad-interrogare-il-sindaco","status":"publish","type":"post","link":"https:\/\/staging.varesenews.it\/2017\/03\/accam-le-opposizioni-tornano-ad-interrogare-il-sindaco\/603469\/","title":{"rendered":"Accam, le opposizioni tornano ad interrogare il sindaco"},"content":{"rendered":"<p><strong>Il prossimo 16 marzo i soci di Accam si riuniranno in assemblea<\/strong> per votare il bilancio del 2015 che ancora attende di essere ratificato, cos\u00ec come quello del 2016. In vista di questo appuntamento due consiglieri dell&#8217;opposizione sollevano la questione chiedendo al sindaco Emanuele Antonelli quale posizione intenda prendere nella votazione dei bilanci e nella richiesta del cda di dare garanzia di conferimento fino al 2021.<\/p>\n<p>Il tema \u00e8 stato affrontato dalla consigliera dei 5 Stelle <strong>Claudia Cerini<\/strong> che in un&#8217;interrogazione chiede come il sindaco e il resto dell&#8217;assemblea intendano rispettare lo scenario prescelto, quello della chiusura dell&#8217;impianto nel 2021.<\/p>\n<p>\u00abIl tema non \u00e8 pi\u00f9 stato discusso dopo l&#8217;atto di indirizzo deliberato il 6 ottobre 2016, e siamo preoccupati che l&#8217;impasse che ha posticipato l&#8217;approvazione dei bilanci di 2015 di quasi un anno possa proseguire gravando sulla scelta dei soci di chiudere l&#8217;impianto entro il 2021 \u2013 sostiene la consigliera pentastellata -. Infatti il nuovo scenario che prevede la chiusura al 2021, e che ha sostituito il precedente scenario B2 (chiusura al 2017 e realizzazione di un impiato FORSU) dopo la trattativa fallita con <strong>Amga<\/strong> per <a title=\"Impianto per il trattamento dell\u2019umido, ora si fa sul serio\" href=\"http:\/\/www.varesenews.it\/2017\/01\/impianto-per-il-trattamento-dellumido-ora-si-fa-sul-serio\/586409\/\">l&#8217;impianto dell&#8217;umido di via Novara<\/a>, mira a rimettere in ordine i conti della Societ\u00e0 nei quali oggi si riscontrano situazioni debitorie sia con <strong>Europower<\/strong> e sia per gli investimenti sull&#8217;impianto non ancora rientrati. Queste situazioni, se non risolte, creerebbero probabilmente la messa in liquidazione della societ\u00e0\u00bb.<\/p>\n<p>Il nuovo scenario C3 \u00e8 un piano industriale che prevede che le tariffe tornino a valori di mercato dal 2017 al 2021, ma per poterlo fare si basa sull&#8217;assunto che tutti i soci diano garanzia di conferimento. Ed ecco la seconda domanda dell&#8217;interrogazione; \u00abIl rischio che riscontro \u00e8 quello che il limite per far saltare la societ\u00e0 partecipata \u00e8 veramente vicino, ma le conseguenze di ci\u00f2 non sono di chiara interpretazione. O meglio, se intervenisse un curatore fallimentare l&#8217;unica certezza \u00e8 che le decisioni non sarebbero pi\u00f9 prese dai sindaci, ma da una figura esterna. Non sarebbe invece certa la chiusura al 2021\u00bb.<\/p>\n<p>Anche il consigliere del <strong>Pd<\/strong> <strong>Massimo Brugnone<\/strong> solleva la questione, attraverso la sua pagina facebook e, insieme al suo gruppo, ha presentato un&#8217;interrogazione: \u00abIl bilancio 2015 ancora da approvare (sottolineo: 2015). A luglio scade il termine per la riqualificazione del sistema di abbattimento delle emissioni: cosa accadr\u00e0 se non verr\u00e0 fatto? E ancora nulla si sa di che fine faranno i lavoratori se e quando la societ\u00e0 verr\u00e0 chiusa. Non possiamo discutere di Accam solo quando si avvicinano le scadenze. Non \u00e8 cos\u00ec che si porta avanti una buona attivit\u00e0 amministrativa. Per questo abbiamo presentato questa mattina un&#8217;interrogazione in cui chiediamo chiarezza su questi punti, ma soprattutto: in caso di mancato adeguamento alle prescrizioni, quali sono le conseguenze a carico della societ\u00e0 e della sua operativit\u00e0? E&#8217; stato previsto un piano per la ricollocazione e riqualificazione del personale oggi occupato in Accam (visto che comunque in teoria la societ\u00e0 deve chiudere entro il 31 dicembre 2021)? Infine, visto che il terreno su cui \u00e8 presente la societ\u00e0 \u00e8 di\u00a0BustoArsizio, chiediamo di approfondire quale siano le condizioni valide, ad oggi, in relazione al Contratto di Locazione dell\u2019area sulla quale sorge il complesso Accam\u00bb.<\/p>\n","protected":false},"excerpt":{"rendered":"<p>Cinque Stelle e Pd tornano a chiedere chiarezza sul destino della societ\u00e0 che gestisce il termovalorizzatore di Borsano, a tre giorni dall&#8217;assemblea dei soci. C&#8217;\u00e8 preoccupazione per un possibile fallimento<\/p>\n","protected":false},"author":47,"featured_media":0,"comment_status":"open","ping_status":"open","sticky":false,"template":"","format":"standard","meta":{"footnotes":""},"categories":[4,16],"tags":[715,52847,58068,8375],"acf":[],"yoast_head":"<!-- This site is optimized with the Yoast SEO plugin v20.1 - https:\/\/yoast.com\/wordpress\/plugins\/seo\/ -->\n<title>Accam, le opposizioni tornano ad interrogare il sindaco<\/title>\n<meta name=\"description\" content=\"Cinque Stelle e Pd tornano a chiedere chiarezza sul destino della societ\u00e0 che gestisce il termovalorizzatore di Borsano, a tre giorni dall&#039;assemblea dei soci. C&#039;\u00e8 preoccupazione per un possibile fallimento\" \/>\n<meta name=\"robots\" content=\"noindex, follow, max-snippet:-1, max-image-preview:large, max-video-preview:-1\" \/>\n<meta property=\"og:locale\" content=\"it_IT\" \/>\n<meta property=\"og:type\" content=\"article\" \/>\n<meta property=\"og:title\" content=\"Accam, le opposizioni tornano ad interrogare il sindaco\" \/>\n<meta property=\"og:description\" content=\"Cinque Stelle e Pd tornano a chiedere chiarezza sul destino della societ\u00e0 che gestisce il termovalorizzatore di Borsano, a tre giorni dall&#039;assemblea dei soci. C&#039;\u00e8 preoccupazione per un possibile fallimento\" \/>\n<meta property=\"og:url\" content=\"https:\/\/staging.varesenews.it\/2017\/03\/accam-le-opposizioni-tornano-ad-interrogare-il-sindaco\/603469\/\" \/>\n<meta property=\"og:site_name\" content=\"VareseNews\" \/>\n<meta property=\"article:publisher\" content=\"https:\/\/www.facebook.com\/varesenews\" \/>\n<meta property=\"article:published_time\" content=\"2017-03-13T15:23:42+00:00\" \/>\n<meta name=\"author\" content=\"Orlando Mastrillo\" \/>\n<meta name=\"twitter:card\" content=\"summary_large_image\" \/>\n<meta name=\"twitter:creator\" content=\"@nando_mastrillo\" \/>\n<meta name=\"twitter:site\" content=\"@varesenews\" \/>\n<meta name=\"twitter:label1\" content=\"Scritto da\" \/>\n\t<meta name=\"twitter:data1\" content=\"Orlando Mastrillo\" \/>\n\t<meta name=\"twitter:label2\" content=\"Tempo di lettura stimato\" \/>\n\t<meta name=\"twitter:data2\" content=\"3 minuti\" \/>\n<script type=\"application\/ld+json\" class=\"yoast-schema-graph\">{\"@context\":\"https:\/\/schema.org\",\"@graph\":[{\"@type\":\"WebPage\",\"@id\":\"https:\/\/staging.varesenews.it\/2017\/03\/accam-le-opposizioni-tornano-ad-interrogare-il-sindaco\/603469\/\",\"url\":\"https:\/\/staging.varesenews.it\/2017\/03\/accam-le-opposizioni-tornano-ad-interrogare-il-sindaco\/603469\/\",\"name\":\"Accam, le opposizioni tornano ad interrogare il sindaco\",\"isPartOf\":{\"@id\":\"https:\/\/staging.varesenews.it\/#website\"},\"datePublished\":\"2017-03-13T15:23:42+00:00\",\"dateModified\":\"2017-03-13T15:23:42+00:00\",\"author\":{\"@id\":\"https:\/\/staging.varesenews.it\/#\/schema\/person\/14c47ccce537a9058dddce296f10b296\"},\"description\":\"Cinque Stelle e Pd tornano a chiedere chiarezza sul destino della societ\u00e0 che gestisce il termovalorizzatore di Borsano, a tre giorni dall'assemblea dei soci. C'\u00e8 preoccupazione per un possibile fallimento\",\"breadcrumb\":{\"@id\":\"https:\/\/staging.varesenews.it\/2017\/03\/accam-le-opposizioni-tornano-ad-interrogare-il-sindaco\/603469\/#breadcrumb\"},\"inLanguage\":\"it-IT\",\"potentialAction\":[{\"@type\":\"ReadAction\",\"target\":[\"https:\/\/staging.varesenews.it\/2017\/03\/accam-le-opposizioni-tornano-ad-interrogare-il-sindaco\/603469\/\"]}]},{\"@type\":\"BreadcrumbList\",\"@id\":\"https:\/\/staging.varesenews.it\/2017\/03\/accam-le-opposizioni-tornano-ad-interrogare-il-sindaco\/603469\/#breadcrumb\",\"itemListElement\":[{\"@type\":\"ListItem\",\"position\":1,\"name\":\"Home\",\"item\":\"https:\/\/www.varesenews.it\/\"},{\"@type\":\"ListItem\",\"position\":2,\"name\":\"Accam, le opposizioni tornano ad interrogare il sindaco\"}]},{\"@type\":\"WebSite\",\"@id\":\"https:\/\/staging.varesenews.it\/#website\",\"url\":\"https:\/\/staging.varesenews.it\/\",\"name\":\"VareseNews\",\"description\":\"\",\"potentialAction\":[{\"@type\":\"SearchAction\",\"target\":{\"@type\":\"EntryPoint\",\"urlTemplate\":\"https:\/\/staging.varesenews.it\/?s={search_term_string}\"},\"query-input\":\"required name=search_term_string\"}],\"inLanguage\":\"it-IT\"},{\"@type\":\"Person\",\"@id\":\"https:\/\/staging.varesenews.it\/#\/schema\/person\/14c47ccce537a9058dddce296f10b296\",\"name\":\"Orlando Mastrillo\",\"image\":{\"@type\":\"ImageObject\",\"inLanguage\":\"it-IT\",\"@id\":\"https:\/\/staging.varesenews.it\/#\/schema\/person\/image\/\",\"url\":\"https:\/\/staging.varesenews.it\/wp-content\/uploads\/2020\/12\/orlando_mastrillo_colori_500.jpg\",\"contentUrl\":\"https:\/\/staging.varesenews.it\/wp-content\/uploads\/2020\/12\/orlando_mastrillo_colori_500.jpg\",\"caption\":\"Orlando Mastrillo\"},\"description\":\"Nasco a Luino nel 1981, ho iniziato questo lavoro nell'estate del 2003 nella redazione de Il Giorno di Varese e dall'anno successivo ho intrapreso la collaborazione con VareseNews. Dopo anni nell'Alto Varesotto mi sono trasferito a Busto Arsizio nel 2007, territorio che ho iniziato a seguire e che seguo tutt'oggi. Nel 2013 sono diventato giornalista professionista. Mi occupo di cronaca politica, giudiziaria e nera in una vasta area che comprende anche parte della Valle Olona e il Legnanese. Sono sposato con Valeria Arini e ho due splendide figlie.\",\"sameAs\":[\"or_ma\",\"https:\/\/twitter.com\/nando_mastrillo\"],\"url\":\"https:\/\/staging.varesenews.it\/persona\/orlando-mastrillo1\/\"}]}<\/script>\n<!-- \/ Yoast SEO plugin. -->","yoast_head_json":{"title":"Accam, le opposizioni tornano ad interrogare il sindaco","description":"Cinque Stelle e Pd tornano a chiedere chiarezza sul destino della societ\u00e0 che gestisce il termovalorizzatore di Borsano, a tre giorni dall'assemblea dei soci. C'\u00e8 preoccupazione per un possibile fallimento","robots":{"index":"noindex","follow":"follow","max-snippet":"max-snippet:-1","max-image-preview":"max-image-preview:large","max-video-preview":"max-video-preview:-1"},"og_locale":"it_IT","og_type":"article","og_title":"Accam, le opposizioni tornano ad interrogare il sindaco","og_description":"Cinque Stelle e Pd tornano a chiedere chiarezza sul destino della societ\u00e0 che gestisce il termovalorizzatore di Borsano, a tre giorni dall'assemblea dei soci. C'\u00e8 preoccupazione per un possibile fallimento","og_url":"https:\/\/staging.varesenews.it\/2017\/03\/accam-le-opposizioni-tornano-ad-interrogare-il-sindaco\/603469\/","og_site_name":"VareseNews","article_publisher":"https:\/\/www.facebook.com\/varesenews","article_published_time":"2017-03-13T15:23:42+00:00","author":"Orlando Mastrillo","twitter_card":"summary_large_image","twitter_creator":"@nando_mastrillo","twitter_site":"@varesenews","twitter_misc":{"Scritto da":"Orlando Mastrillo","Tempo di lettura stimato":"3 minuti"},"schema":{"@context":"https:\/\/schema.org","@graph":[{"@type":"WebPage","@id":"https:\/\/staging.varesenews.it\/2017\/03\/accam-le-opposizioni-tornano-ad-interrogare-il-sindaco\/603469\/","url":"https:\/\/staging.varesenews.it\/2017\/03\/accam-le-opposizioni-tornano-ad-interrogare-il-sindaco\/603469\/","name":"Accam, le opposizioni tornano ad interrogare il sindaco","isPartOf":{"@id":"https:\/\/staging.varesenews.it\/#website"},"datePublished":"2017-03-13T15:23:42+00:00","dateModified":"2017-03-13T15:23:42+00:00","author":{"@id":"https:\/\/staging.varesenews.it\/#\/schema\/person\/14c47ccce537a9058dddce296f10b296"},"description":"Cinque Stelle e Pd tornano a chiedere chiarezza sul destino della societ\u00e0 che gestisce il termovalorizzatore di Borsano, a tre giorni dall'assemblea dei soci. C'\u00e8 preoccupazione per un possibile fallimento","breadcrumb":{"@id":"https:\/\/staging.varesenews.it\/2017\/03\/accam-le-opposizioni-tornano-ad-interrogare-il-sindaco\/603469\/#breadcrumb"},"inLanguage":"it-IT","potentialAction":[{"@type":"ReadAction","target":["https:\/\/staging.varesenews.it\/2017\/03\/accam-le-opposizioni-tornano-ad-interrogare-il-sindaco\/603469\/"]}]},{"@type":"BreadcrumbList","@id":"https:\/\/staging.varesenews.it\/2017\/03\/accam-le-opposizioni-tornano-ad-interrogare-il-sindaco\/603469\/#breadcrumb","itemListElement":[{"@type":"ListItem","position":1,"name":"Home","item":"https:\/\/www.varesenews.it\/"},{"@type":"ListItem","position":2,"name":"Accam, le opposizioni tornano ad interrogare il sindaco"}]},{"@type":"WebSite","@id":"https:\/\/staging.varesenews.it\/#website","url":"https:\/\/staging.varesenews.it\/","name":"VareseNews","description":"","potentialAction":[{"@type":"SearchAction","target":{"@type":"EntryPoint","urlTemplate":"https:\/\/staging.varesenews.it\/?s={search_term_string}"},"query-input":"required name=search_term_string"}],"inLanguage":"it-IT"},{"@type":"Person","@id":"https:\/\/staging.varesenews.it\/#\/schema\/person\/14c47ccce537a9058dddce296f10b296","name":"Orlando Mastrillo","image":{"@type":"ImageObject","inLanguage":"it-IT","@id":"https:\/\/staging.varesenews.it\/#\/schema\/person\/image\/","url":"https:\/\/staging.varesenews.it\/wp-content\/uploads\/2020\/12\/orlando_mastrillo_colori_500.jpg","contentUrl":"https:\/\/staging.varesenews.it\/wp-content\/uploads\/2020\/12\/orlando_mastrillo_colori_500.jpg","caption":"Orlando Mastrillo"},"description":"Nasco a Luino nel 1981, ho iniziato questo lavoro nell'estate del 2003 nella redazione de Il Giorno di Varese e dall'anno successivo ho intrapreso la collaborazione con VareseNews. Dopo anni nell'Alto Varesotto mi sono trasferito a Busto Arsizio nel 2007, territorio che ho iniziato a seguire e che seguo tutt'oggi. Nel 2013 sono diventato giornalista professionista. Mi occupo di cronaca politica, giudiziaria e nera in una vasta area che comprende anche parte della Valle Olona e il Legnanese. Sono sposato con Valeria Arini e ho due splendide figlie.","sameAs":["or_ma","https:\/\/twitter.com\/nando_mastrillo"],"url":"https:\/\/staging.varesenews.it\/persona\/orlando-mastrillo1\/"}]}},"post_meta":{"_edit_lock":"1489418584:47","_edit_last":"47","ratings_users":"0","ratings_score":"0","ratings_average":"0","_category_permalink":"","wdfb_og_title":"","wdfb_og_type":"","wdfb_og_description":"","wdfb_og_images":"a:1:{i:0;s:0:\"\";}","wdfb_og_custom_name":"a:1:{i:0;s:0:\"\";}","wdfb_og_custom_value":"a:1:{i:0;s:0:\"\";}","foto":"439462","firma_come_redazione":"1","argomento":"Busto Arsizio","_jd_twitter":"","_jd_tweet_this":"yes","_wpt_short_url":"http:\/\/www.varesenews.it\/2017\/03\/accam-le-opposizioni-tornano-ad-interrogare-il-sindaco\/603469\/","_wp_jd_target":"http:\/\/www.varesenews.it\/2017\/03\/accam-le-opposizioni-tornano-ad-interrogare-il-sindaco\/603469\/","_jd_wp_twitter":"a:1:{i:0;s:177:\"Accam, le opposizioni tornano ad interrogare il sindaco http:\/\/www.varesenews.it\/2017\/03\/accam-le-opposizioni-tornano-ad-interrogare-il-sindaco\/603469\/ #accam #m5sbusto #pdbusto\";}","_wpt_status_message":"Tweet inviato con successo."},"photos":[{"original":"https:\/\/staging.varesenews.it\/photogallery_new\/images\/2015\/03\/inceneritore-accam-busto-arsizio-439462.jpg","full":"https:\/\/staging.varesenews.it\/photogallery_new\/images\/2015\/03\/inceneritore-accam-busto-arsizio-439462.1024x768.jpg","large":"https:\/\/staging.varesenews.it\/photogallery_new\/images\/2015\/03\/inceneritore-accam-busto-arsizio-439462.610x431.jpg"}],"_links":{"self":[{"href":"https:\/\/staging.varesenews.it\/swgapi\/v1\/wp\/v2\/posts\/603469"}],"collection":[{"href":"https:\/\/staging.varesenews.it\/swgapi\/v1\/wp\/v2\/posts"}],"about":[{"href":"https:\/\/staging.varesenews.it\/swgapi\/v1\/wp\/v2\/types\/post"}],"author":[{"embeddable":true,"href":"https:\/\/staging.varesenews.it\/swgapi\/v1\/wp\/v2\/users\/47"}],"replies":[{"embeddable":true,"href":"https:\/\/staging.varesenews.it\/swgapi\/v1\/wp\/v2\/comments?post=603469"}],"version-history":[{"count":0,"href":"https:\/\/staging.varesenews.it\/swgapi\/v1\/wp\/v2\/posts\/603469\/revisions"}],"wp:attachment":[{"href":"https:\/\/staging.varesenews.it\/swgapi\/v1\/wp\/v2\/media?parent=603469"}],"wp:term":[{"taxonomy":"category","embeddable":true,"href":"https:\/\/staging.varesenews.it\/swgapi\/v1\/wp\/v2\/categories?post=603469"},{"taxonomy":"post_tag","embeddable":true,"href":"https:\/\/staging.varesenews.it\/swgapi\/v1\/wp\/v2\/tags?post=603469"}],"curies":[{"name":"wp","href":"https:\/\/api.w.org\/{rel}","templated":true}]}}