{"id":605801,"date":"2017-03-21T14:17:48","date_gmt":"2017-03-21T13:17:48","guid":{"rendered":"http:\/\/www.varesenews.it\/?p=605801"},"modified":"2017-03-21T14:17:48","modified_gmt":"2017-03-21T13:17:48","slug":"i-giovani-raccontano-lambiente-al-via-il-progetto-varese-selvatica","status":"publish","type":"post","link":"https:\/\/staging.varesenews.it\/2017\/03\/i-giovani-raccontano-lambiente-al-via-il-progetto-varese-selvatica\/605801\/","title":{"rendered":"I giovani raccontano l&#8217;ambiente, al via il progetto &#8220;Varese Selvatica&#8221;"},"content":{"rendered":"<p><strong>A Varese nasce un progetto chiaro negli intenti sin dal nome: si chiama Varese Selvatica<\/strong> (<a href=\"www.varese-selvatica.it\" target=\"_blank\">www.varese-selvatica.it<\/a>) ed \u00e8 un sito web per raccontare la fauna, la vegetazione e i luoghi in grado di rappresentare una Varese poco cittadina e molto selvatica. Il sito<strong> \u00e8 dedicato ragazze e ragazzi dai 9 ai 30 anni<\/strong>, che possono partecipare al progetto in modo individuale, in gruppo oppure con la propria classe.<\/p>\n<p>Come? Attraverso l&#8217;invio di <strong>RACCONTI<\/strong>, che possono essere di immaginazione o di storie bestiali realmente vissute; oppure attraverso <strong>ARTICOLI<\/strong> dal taglio pi\u00f9 scientifico, come ricerche, interviste, reportage o approfondimenti; infine con <strong>IMMAGINI<\/strong>, che comprendono disegni, fotografie o realizzazioni grafiche: largo alla fantasia e alle diverse inclinazioni dunque. La cosa importante \u00e8 non perdere di vista il tema, cio\u00e8 la rappresentazione di una Varese selvatica, attraverso le meraviglie che la natura del nostro territorio pu\u00f2 offrire.<\/p>\n<p><strong>La redazione interna selezioner\u00e0 il materiale e pubblicher\u00e0 i contenuti degli aspiranti reporter<\/strong>, chiamati non a caso &#8220;NatuReporter&#8221;, dividendo <strong>i lavori in due aree distinte in base all\u2019et\u00e0: Junior Reporter dai 9 ai 14<\/strong> anni e <strong>Senior Reporter dai 15 ai 30<\/strong> anni.<\/p>\n<p>L\u2019invito \u00e8 ad esplorare il mondo animale e vegetale presente sul territorio varesino, che comprende una variet\u00e0 di habitat in grado di accogliere e nutrire una vasta quantit\u00e0 di specie selvatiche, attraverso uno sguardo diretto e non convenzionale.<\/p>\n<p><strong>In parallelo sono presenti delle rubriche curate da giovani botanici<\/strong>, ornitologi e naturalisti, con l\u2019intento di offrire approfondimenti, consigli e curiosit\u00e0. Le rubriche sono <strong>Fauna<\/strong> (che comprende Rettili&amp;Anfibi, Uccelli e a breve Mammiferi e Insetti) e <strong>Botanica&amp;Co<\/strong> (con approfondimenti sulla flora e le scienze della terra). A curare i contenuti sono al momento Vincenzo di Michele, Luca Giussani, Lorenzo Favretto: si tratta di una squadra in crescita.<\/p>\n<p>Sono presenti poi le rubriche Incursioni, per far spazio agli interventi di esperti Over 30 che vogliano dare il loro contributo in materia, e Libri bestiali, con consigli sulle buone letture che affrontano il tema \u201cnatura\u201d con un linguaggio che attinge liberamente dal mondo di narrativa, saggistica o poesia.<\/p>\n<p><strong>Varese Selvatica \u00e8 un progetto che nasce all\u2019interno di Lipu Vares<\/strong>e (Lega Italiana Protezione Uccelli \u2013 sezione di Varese) con un obiettivo a doppio senso: da una parte c\u2019\u00e8 la volont\u00e0 di coinvolgere in maniera diretta i ragazzi e avvicinarli alla scoperta del territorio e della sua ricchezza; dall\u2019altra parte il progetto non nasconde il desiderio di cercare un nuovo linguaggio, pi\u00f9 accattivante, per parlare del mondo vegetale e animale, traendo spunto dalla creativit\u00e0 dei pi\u00f9 giovani.<\/p>\n<p>Per informazioni: <a href=\"www.varese-selvatica.it\" target=\"_blank\">www.varese-selvatica.it<\/a>\/ info@varese-selvatica.it<\/p>\n","protected":false},"excerpt":{"rendered":"<p>Nasce uno spazio web dedicato ai ragazzi per raccontare fauna, vegetazione e luoghi selvaggi del territorio<\/p>\n","protected":false},"author":34,"featured_media":0,"comment_status":"open","ping_status":"open","sticky":false,"template":"","format":"standard","meta":{"footnotes":""},"categories":[2],"tags":[17269,68479,616,18991,1834],"acf":[],"yoast_head":"<!-- This site is optimized with the Yoast SEO plugin v20.1 - https:\/\/yoast.com\/wordpress\/plugins\/seo\/ -->\n<title>I giovani raccontano l&#039;ambiente, al via il progetto &quot;Varese Selvatica&quot;<\/title>\n<meta name=\"description\" content=\"Nasce uno spazio web dedicato ai ragazzi per raccontare fauna, vegetazione e luoghi selvaggi del territorio\" \/>\n<meta name=\"robots\" content=\"noindex, follow, max-snippet:-1, max-image-preview:large, max-video-preview:-1\" \/>\n<meta property=\"og:locale\" content=\"it_IT\" \/>\n<meta property=\"og:type\" content=\"article\" \/>\n<meta property=\"og:title\" content=\"I giovani raccontano l&#039;ambiente, al via il progetto &quot;Varese Selvatica&quot;\" \/>\n<meta property=\"og:description\" content=\"Nasce uno spazio web dedicato ai ragazzi per raccontare fauna, vegetazione e luoghi selvaggi del territorio\" \/>\n<meta property=\"og:url\" content=\"https:\/\/staging.varesenews.it\/2017\/03\/i-giovani-raccontano-lambiente-al-via-il-progetto-varese-selvatica\/605801\/\" \/>\n<meta property=\"og:site_name\" content=\"VareseNews\" \/>\n<meta property=\"article:publisher\" content=\"https:\/\/www.facebook.com\/varesenews\" \/>\n<meta property=\"article:author\" content=\"https:\/\/www.facebook.com\/andrea.camurani?fref=photo\" \/>\n<meta property=\"article:published_time\" content=\"2017-03-21T13:17:48+00:00\" \/>\n<meta name=\"author\" content=\"Andrea Camurani\" \/>\n<meta name=\"twitter:card\" content=\"summary_large_image\" \/>\n<meta name=\"twitter:creator\" content=\"@AndreaCamurani\" \/>\n<meta name=\"twitter:site\" content=\"@varesenews\" \/>\n<meta name=\"twitter:label1\" content=\"Scritto da\" \/>\n\t<meta name=\"twitter:data1\" content=\"Andrea Camurani\" \/>\n\t<meta name=\"twitter:label2\" content=\"Tempo di lettura stimato\" \/>\n\t<meta name=\"twitter:data2\" content=\"2 minuti\" \/>\n<script type=\"application\/ld+json\" class=\"yoast-schema-graph\">{\"@context\":\"https:\/\/schema.org\",\"@graph\":[{\"@type\":\"WebPage\",\"@id\":\"https:\/\/staging.varesenews.it\/2017\/03\/i-giovani-raccontano-lambiente-al-via-il-progetto-varese-selvatica\/605801\/\",\"url\":\"https:\/\/staging.varesenews.it\/2017\/03\/i-giovani-raccontano-lambiente-al-via-il-progetto-varese-selvatica\/605801\/\",\"name\":\"I giovani raccontano l'ambiente, al via il progetto \\\"Varese Selvatica\\\"\",\"isPartOf\":{\"@id\":\"https:\/\/staging.varesenews.it\/#website\"},\"datePublished\":\"2017-03-21T13:17:48+00:00\",\"dateModified\":\"2017-03-21T13:17:48+00:00\",\"author\":{\"@id\":\"https:\/\/staging.varesenews.it\/#\/schema\/person\/3eb5832c6beae763de8d9596fdbe8c49\"},\"description\":\"Nasce uno spazio web dedicato ai ragazzi per raccontare fauna, vegetazione e luoghi selvaggi del territorio\",\"breadcrumb\":{\"@id\":\"https:\/\/staging.varesenews.it\/2017\/03\/i-giovani-raccontano-lambiente-al-via-il-progetto-varese-selvatica\/605801\/#breadcrumb\"},\"inLanguage\":\"it-IT\",\"potentialAction\":[{\"@type\":\"ReadAction\",\"target\":[\"https:\/\/staging.varesenews.it\/2017\/03\/i-giovani-raccontano-lambiente-al-via-il-progetto-varese-selvatica\/605801\/\"]}]},{\"@type\":\"BreadcrumbList\",\"@id\":\"https:\/\/staging.varesenews.it\/2017\/03\/i-giovani-raccontano-lambiente-al-via-il-progetto-varese-selvatica\/605801\/#breadcrumb\",\"itemListElement\":[{\"@type\":\"ListItem\",\"position\":1,\"name\":\"Home\",\"item\":\"https:\/\/www.varesenews.it\/\"},{\"@type\":\"ListItem\",\"position\":2,\"name\":\"I giovani raccontano l&#8217;ambiente, al via il progetto &#8220;Varese Selvatica&#8221;\"}]},{\"@type\":\"WebSite\",\"@id\":\"https:\/\/staging.varesenews.it\/#website\",\"url\":\"https:\/\/staging.varesenews.it\/\",\"name\":\"VareseNews\",\"description\":\"\",\"potentialAction\":[{\"@type\":\"SearchAction\",\"target\":{\"@type\":\"EntryPoint\",\"urlTemplate\":\"https:\/\/staging.varesenews.it\/?s={search_term_string}\"},\"query-input\":\"required name=search_term_string\"}],\"inLanguage\":\"it-IT\"},{\"@type\":\"Person\",\"@id\":\"https:\/\/staging.varesenews.it\/#\/schema\/person\/3eb5832c6beae763de8d9596fdbe8c49\",\"name\":\"Andrea Camurani\",\"image\":{\"@type\":\"ImageObject\",\"inLanguage\":\"it-IT\",\"@id\":\"https:\/\/staging.varesenews.it\/#\/schema\/person\/image\/\",\"url\":\"https:\/\/staging.varesenews.it\/wp-content\/uploads\/2020\/12\/andrea_camurani_colori_500.jpg\",\"contentUrl\":\"https:\/\/staging.varesenews.it\/wp-content\/uploads\/2020\/12\/andrea_camurani_colori_500.jpg\",\"caption\":\"Andrea Camurani\"},\"description\":\"Sono figlio degli anni Settanta e di Milano, dove ho imparato a riconoscere buoni e cattivi. Laurea in scienze politiche, lavoro a VareseNews dal 2000. Racconto quel che trovo quando incontro chi vuole lasciare al mondo un pezzetto di vita, che si chiama cronaca. &ldquo;...perch&eacute; &egrave; la gente il pi&ugrave; grande spettacolo del mondo. E non si paga il biglietto...&rdquo; (Charles Bukowsky)\",\"sameAs\":[\"https:\/\/www.facebook.com\/andrea.camurani?fref=photo\",\"andreacamurani\",\"https:\/\/www.linkedin.com\/hp\/?dnr=A9a84RfzsLdo9xg4NcGV4dLiMknoc9ms4WM\",\"https:\/\/twitter.com\/AndreaCamurani\"],\"url\":\"https:\/\/staging.varesenews.it\/persona\/andrea_camurani\/\"}]}<\/script>\n<!-- \/ Yoast SEO plugin. -->","yoast_head_json":{"title":"I giovani raccontano l'ambiente, al via il progetto \"Varese Selvatica\"","description":"Nasce uno spazio web dedicato ai ragazzi per raccontare fauna, vegetazione e luoghi selvaggi del territorio","robots":{"index":"noindex","follow":"follow","max-snippet":"max-snippet:-1","max-image-preview":"max-image-preview:large","max-video-preview":"max-video-preview:-1"},"og_locale":"it_IT","og_type":"article","og_title":"I giovani raccontano l'ambiente, al via il progetto \"Varese Selvatica\"","og_description":"Nasce uno spazio web dedicato ai ragazzi per raccontare fauna, vegetazione e luoghi selvaggi del territorio","og_url":"https:\/\/staging.varesenews.it\/2017\/03\/i-giovani-raccontano-lambiente-al-via-il-progetto-varese-selvatica\/605801\/","og_site_name":"VareseNews","article_publisher":"https:\/\/www.facebook.com\/varesenews","article_author":"https:\/\/www.facebook.com\/andrea.camurani?fref=photo","article_published_time":"2017-03-21T13:17:48+00:00","author":"Andrea Camurani","twitter_card":"summary_large_image","twitter_creator":"@AndreaCamurani","twitter_site":"@varesenews","twitter_misc":{"Scritto da":"Andrea Camurani","Tempo di lettura stimato":"2 minuti"},"schema":{"@context":"https:\/\/schema.org","@graph":[{"@type":"WebPage","@id":"https:\/\/staging.varesenews.it\/2017\/03\/i-giovani-raccontano-lambiente-al-via-il-progetto-varese-selvatica\/605801\/","url":"https:\/\/staging.varesenews.it\/2017\/03\/i-giovani-raccontano-lambiente-al-via-il-progetto-varese-selvatica\/605801\/","name":"I giovani raccontano l'ambiente, al via il progetto \"Varese Selvatica\"","isPartOf":{"@id":"https:\/\/staging.varesenews.it\/#website"},"datePublished":"2017-03-21T13:17:48+00:00","dateModified":"2017-03-21T13:17:48+00:00","author":{"@id":"https:\/\/staging.varesenews.it\/#\/schema\/person\/3eb5832c6beae763de8d9596fdbe8c49"},"description":"Nasce uno spazio web dedicato ai ragazzi per raccontare fauna, vegetazione e luoghi selvaggi del territorio","breadcrumb":{"@id":"https:\/\/staging.varesenews.it\/2017\/03\/i-giovani-raccontano-lambiente-al-via-il-progetto-varese-selvatica\/605801\/#breadcrumb"},"inLanguage":"it-IT","potentialAction":[{"@type":"ReadAction","target":["https:\/\/staging.varesenews.it\/2017\/03\/i-giovani-raccontano-lambiente-al-via-il-progetto-varese-selvatica\/605801\/"]}]},{"@type":"BreadcrumbList","@id":"https:\/\/staging.varesenews.it\/2017\/03\/i-giovani-raccontano-lambiente-al-via-il-progetto-varese-selvatica\/605801\/#breadcrumb","itemListElement":[{"@type":"ListItem","position":1,"name":"Home","item":"https:\/\/www.varesenews.it\/"},{"@type":"ListItem","position":2,"name":"I giovani raccontano l&#8217;ambiente, al via il progetto &#8220;Varese Selvatica&#8221;"}]},{"@type":"WebSite","@id":"https:\/\/staging.varesenews.it\/#website","url":"https:\/\/staging.varesenews.it\/","name":"VareseNews","description":"","potentialAction":[{"@type":"SearchAction","target":{"@type":"EntryPoint","urlTemplate":"https:\/\/staging.varesenews.it\/?s={search_term_string}"},"query-input":"required name=search_term_string"}],"inLanguage":"it-IT"},{"@type":"Person","@id":"https:\/\/staging.varesenews.it\/#\/schema\/person\/3eb5832c6beae763de8d9596fdbe8c49","name":"Andrea Camurani","image":{"@type":"ImageObject","inLanguage":"it-IT","@id":"https:\/\/staging.varesenews.it\/#\/schema\/person\/image\/","url":"https:\/\/staging.varesenews.it\/wp-content\/uploads\/2020\/12\/andrea_camurani_colori_500.jpg","contentUrl":"https:\/\/staging.varesenews.it\/wp-content\/uploads\/2020\/12\/andrea_camurani_colori_500.jpg","caption":"Andrea Camurani"},"description":"Sono figlio degli anni Settanta e di Milano, dove ho imparato a riconoscere buoni e cattivi. Laurea in scienze politiche, lavoro a VareseNews dal 2000. Racconto quel che trovo quando incontro chi vuole lasciare al mondo un pezzetto di vita, che si chiama cronaca. &ldquo;...perch&eacute; &egrave; la gente il pi&ugrave; grande spettacolo del mondo. E non si paga il biglietto...&rdquo; (Charles Bukowsky)","sameAs":["https:\/\/www.facebook.com\/andrea.camurani?fref=photo","andreacamurani","https:\/\/www.linkedin.com\/hp\/?dnr=A9a84RfzsLdo9xg4NcGV4dLiMknoc9ms4WM","https:\/\/twitter.com\/AndreaCamurani"],"url":"https:\/\/staging.varesenews.it\/persona\/andrea_camurani\/"}]}},"post_meta":{"_edit_lock":"1490102293:34","_edit_last":"34","ratings_users":"0","ratings_score":"0","ratings_average":"0","_category_permalink":"","wdfb_og_title":"","wdfb_og_type":"","wdfb_og_description":"","wdfb_og_images":"a:1:{i:0;s:0:\"\";}","wdfb_og_custom_name":"a:1:{i:0;s:0:\"\";}","wdfb_og_custom_value":"a:1:{i:0;s:0:\"\";}","foto":"600258","id_link_fotogallery":"605802","firma_come_redazione":"1","argomento":"Varese","_yoast_wpseo_focuskw":"citizen science|lipu|natura","_jd_twitter":"","_jd_tweet_this":"yes","_wpt_short_url":"http:\/\/www.varesenews.it\/2017\/03\/i-giovani-raccontano-lambiente-al-via-il-progetto-varese-selvatica\/605801\/","_wp_jd_target":"http:\/\/www.varesenews.it\/2017\/03\/i-giovani-raccontano-lambiente-al-via-il-progetto-varese-selvatica\/605801\/","_jd_wp_twitter":"a:1:{i:0;s:212:\"I giovani raccontano l'ambiente, al via il progetto \"Varese Selvatica\" http:\/\/www.varesenews.it\/2017\/03\/i-giovani-raccontano-lambiente-al-via-il-progetto-varese-selvatica\/605801\/ #citizenscience #lipu #lipuvarese\";}","_wpt_status_message":"Tweet inviato con successo.","_yoast_wpseo_linkdex":"59"},"photos":[{"original":"https:\/\/staging.varesenews.it\/photogallery_new\/images\/2017\/03\/caricamento-temporaneo-per-contributo-rwe72b7jnw-600258.jpg","full":"https:\/\/staging.varesenews.it\/photogallery_new\/images\/2017\/03\/caricamento-temporaneo-per-contributo-rwe72b7jnw-600258.1024x768.jpg","large":"https:\/\/staging.varesenews.it\/photogallery_new\/images\/2017\/03\/caricamento-temporaneo-per-contributo-rwe72b7jnw-600258.610x431.jpg"}],"_links":{"self":[{"href":"https:\/\/staging.varesenews.it\/swgapi\/v1\/wp\/v2\/posts\/605801"}],"collection":[{"href":"https:\/\/staging.varesenews.it\/swgapi\/v1\/wp\/v2\/posts"}],"about":[{"href":"https:\/\/staging.varesenews.it\/swgapi\/v1\/wp\/v2\/types\/post"}],"author":[{"embeddable":true,"href":"https:\/\/staging.varesenews.it\/swgapi\/v1\/wp\/v2\/users\/34"}],"replies":[{"embeddable":true,"href":"https:\/\/staging.varesenews.it\/swgapi\/v1\/wp\/v2\/comments?post=605801"}],"version-history":[{"count":0,"href":"https:\/\/staging.varesenews.it\/swgapi\/v1\/wp\/v2\/posts\/605801\/revisions"}],"wp:attachment":[{"href":"https:\/\/staging.varesenews.it\/swgapi\/v1\/wp\/v2\/media?parent=605801"}],"wp:term":[{"taxonomy":"category","embeddable":true,"href":"https:\/\/staging.varesenews.it\/swgapi\/v1\/wp\/v2\/categories?post=605801"},{"taxonomy":"post_tag","embeddable":true,"href":"https:\/\/staging.varesenews.it\/swgapi\/v1\/wp\/v2\/tags?post=605801"}],"curies":[{"name":"wp","href":"https:\/\/api.w.org\/{rel}","templated":true}]}}