{"id":606235,"date":"2017-03-22T19:52:09","date_gmt":"2017-03-22T18:52:09","guid":{"rendered":"http:\/\/www.varesenews.it\/?p=606235"},"modified":"2017-03-22T16:09:50","modified_gmt":"2017-03-22T15:09:50","slug":"i-sovranisti-sfilano-per-protestare-contro-leuropa","status":"publish","type":"post","link":"https:\/\/staging.varesenews.it\/2017\/03\/i-sovranisti-sfilano-per-protestare-contro-leuropa\/606235\/","title":{"rendered":"I &#8220;sovranisti&#8221; sfilano per protestare contro l&#8217;Europa"},"content":{"rendered":"<p><strong>I &#8220;sovranisti&#8221; euroscettici in piazza a Roma &#8220;contro questa Europa&#8221;<\/strong>. Nel giorno dell&#8217;anniversario della firma dei Trattati di Roma,sabato 25 marzo, a Roma sfileranno da un lato europeisti (<a title=\"\u201cVogliamo una Repubblica democratica europea\u201d\" href=\"http:\/\/www.varesenews.it\/2017\/03\/mfe-vogliamo-repubblica-democratica-europea\/605564\/\">qui una presentazione della &#8220;Marcia per l&#8217;Europa&#8221;<\/a>), dall&#8217;altro i sovranisti contrari alle politiche unitarie europee.<\/p>\n<p>Al di l\u00e0 dell&#8217;anniversario, i sovranisti scendono in piazza approfittando anche della presenza di tutti i leader della UE, da Angela Merkel a Jean Claude Juncker, da Francois Hollande a Donald Tusk.<\/p>\n<p>\u00abCome atto di protesta nei confronti di un\u2019Unione Europea che non ci piace perch\u00e8 sempre pi\u00f9 lontana dai problemi della gente e asservita ai poteri finanziari e agli interessi della Germania, il Movimento Nazionale per la Sovranit\u00e0 per la stessa giornata di sabato 25 marzo ha organizzato un grande corteo che arriver\u00e0 fin sotto il Campidoglio\u00bb spiega <strong>Giosu\u00e8 Andreozzi<\/strong> (nella foto con Gianni Alemanno), portavoce provinciale del <strong>Movimento Nazionale per la Sovranit\u00e0, il fronte della destra euroscettica<\/strong>.<\/p>\n<p><em>\u00abContro questa Europa <\/em>\u00e8 il titolo della manifestazione. Vogliamo far sentire la nostra protesta di Italiani che vogliono tornare &#8230;a essere liberi. \u00c8 un\u2019occasione da non perdere, saremo in tanti a urlare \u201cPrima gli Italiani\u201d e a combattere per un\u2019Europa dei popoli e delle Nazioni non asservita ai poteri di Bruxelles e non immobile di fronte all\u2019invasione di immigrati clandestini. Non sar\u00e0 soltanto una manifestazione del Movimento Nazionale per la Sovranit\u00e0 perch\u00e9 il nostro obiettivo \u00e8 quello di raccogliere in un comitato trasversale tutte le adesioni possibili a quello che definiamo \u201cPolo Sovranista\u201d. La battaglia per liberare l\u2019Italia dai vincoli della Ue non pu\u00f2 essere solo propriet\u00e0 di un Movimento, ma deve essere patrimonio di tutti gli Italiani liberi, al di l\u00e0 delle appartenenze. Tante sono le sigle che hanno gi\u00e0 aderito, dalla Lombardia in molti parteciperanno ed anche la provincia di Varese non far\u00e0 mancare la sua presenza\u00bb.<\/p>\n","protected":false},"excerpt":{"rendered":"<p>Il 25 marzo, nel giorno dell&#8217;anniversario dei Trattati di Roma, sfileranno sostenitori e critici dell&#8217;unit\u00e0 europea, in piazza contro ci sar\u00e0 il Movimento Nazionale per la Sovranit\u00e0<\/p>\n","protected":false},"author":46,"featured_media":0,"comment_status":"open","ping_status":"open","sticky":false,"template":"","format":"standard","meta":{"footnotes":""},"categories":[9,16],"tags":[1044,781],"acf":[],"yoast_head":"<!-- This site is optimized with the Yoast SEO plugin v20.1 - https:\/\/yoast.com\/wordpress\/plugins\/seo\/ -->\n<title>I &quot;sovranisti&quot; sfilano per protestare contro l&#039;Europa<\/title>\n<meta name=\"description\" content=\"Il 25 marzo, nel giorno dell&#039;anniversario dei Trattati di Roma, sfileranno sostenitori e critici dell&#039;unit\u00e0 europea, in piazza contro ci sar\u00e0 il Movimento Nazionale per la Sovranit\u00e0\" \/>\n<meta name=\"robots\" content=\"noindex, follow, max-snippet:-1, max-image-preview:large, max-video-preview:-1\" \/>\n<meta property=\"og:locale\" content=\"it_IT\" \/>\n<meta property=\"og:type\" content=\"article\" \/>\n<meta property=\"og:title\" content=\"I &quot;sovranisti&quot; sfilano per protestare contro l&#039;Europa\" \/>\n<meta property=\"og:description\" content=\"Il 25 marzo, nel giorno dell&#039;anniversario dei Trattati di Roma, sfileranno sostenitori e critici dell&#039;unit\u00e0 europea, in piazza contro ci sar\u00e0 il Movimento Nazionale per la Sovranit\u00e0\" \/>\n<meta property=\"og:url\" content=\"https:\/\/staging.varesenews.it\/2017\/03\/i-sovranisti-sfilano-per-protestare-contro-leuropa\/606235\/\" \/>\n<meta property=\"og:site_name\" content=\"VareseNews\" \/>\n<meta property=\"article:publisher\" content=\"https:\/\/www.facebook.com\/varesenews\" \/>\n<meta property=\"article:published_time\" content=\"2017-03-22T18:52:09+00:00\" \/>\n<meta property=\"article:modified_time\" content=\"2017-03-22T15:09:50+00:00\" \/>\n<meta name=\"author\" content=\"Roberto Morandi\" \/>\n<meta name=\"twitter:card\" content=\"summary_large_image\" \/>\n<meta name=\"twitter:creator\" content=\"@ilmorands\" \/>\n<meta name=\"twitter:site\" content=\"@varesenews\" \/>\n<meta name=\"twitter:label1\" content=\"Scritto da\" \/>\n\t<meta name=\"twitter:data1\" content=\"Roberto Morandi\" \/>\n\t<meta name=\"twitter:label2\" content=\"Tempo di lettura stimato\" \/>\n\t<meta name=\"twitter:data2\" content=\"2 minuti\" \/>\n<script type=\"application\/ld+json\" class=\"yoast-schema-graph\">{\"@context\":\"https:\/\/schema.org\",\"@graph\":[{\"@type\":\"WebPage\",\"@id\":\"https:\/\/staging.varesenews.it\/2017\/03\/i-sovranisti-sfilano-per-protestare-contro-leuropa\/606235\/\",\"url\":\"https:\/\/staging.varesenews.it\/2017\/03\/i-sovranisti-sfilano-per-protestare-contro-leuropa\/606235\/\",\"name\":\"I \\\"sovranisti\\\" sfilano per protestare contro l'Europa\",\"isPartOf\":{\"@id\":\"https:\/\/staging.varesenews.it\/#website\"},\"datePublished\":\"2017-03-22T18:52:09+00:00\",\"dateModified\":\"2017-03-22T15:09:50+00:00\",\"author\":{\"@id\":\"https:\/\/staging.varesenews.it\/#\/schema\/person\/efe592ae4c76536b551f89d8b6674bc3\"},\"description\":\"Il 25 marzo, nel giorno dell'anniversario dei Trattati di Roma, sfileranno sostenitori e critici dell'unit\u00e0 europea, in piazza contro ci sar\u00e0 il Movimento Nazionale per la Sovranit\u00e0\",\"breadcrumb\":{\"@id\":\"https:\/\/staging.varesenews.it\/2017\/03\/i-sovranisti-sfilano-per-protestare-contro-leuropa\/606235\/#breadcrumb\"},\"inLanguage\":\"it-IT\",\"potentialAction\":[{\"@type\":\"ReadAction\",\"target\":[\"https:\/\/staging.varesenews.it\/2017\/03\/i-sovranisti-sfilano-per-protestare-contro-leuropa\/606235\/\"]}]},{\"@type\":\"BreadcrumbList\",\"@id\":\"https:\/\/staging.varesenews.it\/2017\/03\/i-sovranisti-sfilano-per-protestare-contro-leuropa\/606235\/#breadcrumb\",\"itemListElement\":[{\"@type\":\"ListItem\",\"position\":1,\"name\":\"Home\",\"item\":\"https:\/\/www.varesenews.it\/\"},{\"@type\":\"ListItem\",\"position\":2,\"name\":\"I &#8220;sovranisti&#8221; sfilano per protestare contro l&#8217;Europa\"}]},{\"@type\":\"WebSite\",\"@id\":\"https:\/\/staging.varesenews.it\/#website\",\"url\":\"https:\/\/staging.varesenews.it\/\",\"name\":\"VareseNews\",\"description\":\"\",\"potentialAction\":[{\"@type\":\"SearchAction\",\"target\":{\"@type\":\"EntryPoint\",\"urlTemplate\":\"https:\/\/staging.varesenews.it\/?s={search_term_string}\"},\"query-input\":\"required name=search_term_string\"}],\"inLanguage\":\"it-IT\"},{\"@type\":\"Person\",\"@id\":\"https:\/\/staging.varesenews.it\/#\/schema\/person\/efe592ae4c76536b551f89d8b6674bc3\",\"name\":\"Roberto Morandi\",\"image\":{\"@type\":\"ImageObject\",\"inLanguage\":\"it-IT\",\"@id\":\"https:\/\/staging.varesenews.it\/#\/schema\/person\/image\/\",\"url\":\"https:\/\/staging.varesenews.it\/wp-content\/uploads\/2020\/12\/roberto_morandi_colori_500.jpg\",\"contentUrl\":\"https:\/\/staging.varesenews.it\/wp-content\/uploads\/2020\/12\/roberto_morandi_colori_500.jpg\",\"caption\":\"Roberto Morandi\"},\"description\":\"Classe 1980, laureato in storia, mi occupo dell&rsquo;area di Gallarate e di Malpensa, di trasporti e mobilit&agrave;. Amo molto la dimensione della citt&agrave;, come luogo d&rsquo;incontro di persone diverse e come organismo che si trasforma costantemente. Mi piace anche raccontare le piccole e grandi vicende, anche locali, che compongono la Storia con la S maiuscola. Appassionato di bicicletta: la macchina perfetta per muoversi in citt&agrave; e per viaggiare.\",\"sameAs\":[\"https:\/\/twitter.com\/ilmorands\"],\"url\":\"https:\/\/staging.varesenews.it\/persona\/roberto-morandi1\/\"}]}<\/script>\n<!-- \/ Yoast SEO plugin. -->","yoast_head_json":{"title":"I \"sovranisti\" sfilano per protestare contro l'Europa","description":"Il 25 marzo, nel giorno dell'anniversario dei Trattati di Roma, sfileranno sostenitori e critici dell'unit\u00e0 europea, in piazza contro ci sar\u00e0 il Movimento Nazionale per la Sovranit\u00e0","robots":{"index":"noindex","follow":"follow","max-snippet":"max-snippet:-1","max-image-preview":"max-image-preview:large","max-video-preview":"max-video-preview:-1"},"og_locale":"it_IT","og_type":"article","og_title":"I \"sovranisti\" sfilano per protestare contro l'Europa","og_description":"Il 25 marzo, nel giorno dell'anniversario dei Trattati di Roma, sfileranno sostenitori e critici dell'unit\u00e0 europea, in piazza contro ci sar\u00e0 il Movimento Nazionale per la Sovranit\u00e0","og_url":"https:\/\/staging.varesenews.it\/2017\/03\/i-sovranisti-sfilano-per-protestare-contro-leuropa\/606235\/","og_site_name":"VareseNews","article_publisher":"https:\/\/www.facebook.com\/varesenews","article_published_time":"2017-03-22T18:52:09+00:00","article_modified_time":"2017-03-22T15:09:50+00:00","author":"Roberto Morandi","twitter_card":"summary_large_image","twitter_creator":"@ilmorands","twitter_site":"@varesenews","twitter_misc":{"Scritto da":"Roberto Morandi","Tempo di lettura stimato":"2 minuti"},"schema":{"@context":"https:\/\/schema.org","@graph":[{"@type":"WebPage","@id":"https:\/\/staging.varesenews.it\/2017\/03\/i-sovranisti-sfilano-per-protestare-contro-leuropa\/606235\/","url":"https:\/\/staging.varesenews.it\/2017\/03\/i-sovranisti-sfilano-per-protestare-contro-leuropa\/606235\/","name":"I \"sovranisti\" sfilano per protestare contro l'Europa","isPartOf":{"@id":"https:\/\/staging.varesenews.it\/#website"},"datePublished":"2017-03-22T18:52:09+00:00","dateModified":"2017-03-22T15:09:50+00:00","author":{"@id":"https:\/\/staging.varesenews.it\/#\/schema\/person\/efe592ae4c76536b551f89d8b6674bc3"},"description":"Il 25 marzo, nel giorno dell'anniversario dei Trattati di Roma, sfileranno sostenitori e critici dell'unit\u00e0 europea, in piazza contro ci sar\u00e0 il Movimento Nazionale per la Sovranit\u00e0","breadcrumb":{"@id":"https:\/\/staging.varesenews.it\/2017\/03\/i-sovranisti-sfilano-per-protestare-contro-leuropa\/606235\/#breadcrumb"},"inLanguage":"it-IT","potentialAction":[{"@type":"ReadAction","target":["https:\/\/staging.varesenews.it\/2017\/03\/i-sovranisti-sfilano-per-protestare-contro-leuropa\/606235\/"]}]},{"@type":"BreadcrumbList","@id":"https:\/\/staging.varesenews.it\/2017\/03\/i-sovranisti-sfilano-per-protestare-contro-leuropa\/606235\/#breadcrumb","itemListElement":[{"@type":"ListItem","position":1,"name":"Home","item":"https:\/\/www.varesenews.it\/"},{"@type":"ListItem","position":2,"name":"I &#8220;sovranisti&#8221; sfilano per protestare contro l&#8217;Europa"}]},{"@type":"WebSite","@id":"https:\/\/staging.varesenews.it\/#website","url":"https:\/\/staging.varesenews.it\/","name":"VareseNews","description":"","potentialAction":[{"@type":"SearchAction","target":{"@type":"EntryPoint","urlTemplate":"https:\/\/staging.varesenews.it\/?s={search_term_string}"},"query-input":"required name=search_term_string"}],"inLanguage":"it-IT"},{"@type":"Person","@id":"https:\/\/staging.varesenews.it\/#\/schema\/person\/efe592ae4c76536b551f89d8b6674bc3","name":"Roberto Morandi","image":{"@type":"ImageObject","inLanguage":"it-IT","@id":"https:\/\/staging.varesenews.it\/#\/schema\/person\/image\/","url":"https:\/\/staging.varesenews.it\/wp-content\/uploads\/2020\/12\/roberto_morandi_colori_500.jpg","contentUrl":"https:\/\/staging.varesenews.it\/wp-content\/uploads\/2020\/12\/roberto_morandi_colori_500.jpg","caption":"Roberto Morandi"},"description":"Classe 1980, laureato in storia, mi occupo dell&rsquo;area di Gallarate e di Malpensa, di trasporti e mobilit&agrave;. Amo molto la dimensione della citt&agrave;, come luogo d&rsquo;incontro di persone diverse e come organismo che si trasforma costantemente. Mi piace anche raccontare le piccole e grandi vicende, anche locali, che compongono la Storia con la S maiuscola. Appassionato di bicicletta: la macchina perfetta per muoversi in citt&agrave; e per viaggiare.","sameAs":["https:\/\/twitter.com\/ilmorands"],"url":"https:\/\/staging.varesenews.it\/persona\/roberto-morandi1\/"}]}},"post_meta":{"_edit_lock":"1490195397:46","_edit_last":"46","_category_permalink":"16","wdfb_og_title":"","wdfb_og_type":"","wdfb_og_description":"","wdfb_og_images":"a:1:{i:0;s:0:\"\";}","wdfb_og_custom_name":"a:1:{i:0;s:0:\"\";}","wdfb_og_custom_value":"a:1:{i:0;s:0:\"\";}","foto":"600450","firma_come_redazione":"1","argomento":"Politica","_jd_twitter":"","_jd_tweet_this":"yes","_wpt_short_url":"http:\/\/www.varesenews.it\/2017\/03\/i-sovranisti-sfilano-per-protestare-contro-leuropa\/606235\/","_wp_jd_target":"http:\/\/www.varesenews.it\/2017\/03\/i-sovranisti-sfilano-per-protestare-contro-leuropa\/606235\/","_jd_wp_twitter":"a:1:{i:0;s:163:\"I \"sovranisti\" sfilano per protestare contro l'Europa http:\/\/www.varesenews.it\/2017\/03\/i-sovranisti-sfilano-per-protestare-contro-leuropa\/606235\/ #europa #politica\";}","_wpt_status_message":"Tweet inviato con successo.","ratings_users":"0","ratings_score":"0","ratings_average":"0"},"photos":[{"original":"https:\/\/staging.varesenews.it\/photogallery_new\/images\/2017\/03\/generiche-600450.jpg","full":"https:\/\/staging.varesenews.it\/photogallery_new\/images\/2017\/03\/generiche-600450.1024x768.jpg","large":"https:\/\/staging.varesenews.it\/photogallery_new\/images\/2017\/03\/generiche-600450.610x431.jpg"}],"_links":{"self":[{"href":"https:\/\/staging.varesenews.it\/swgapi\/v1\/wp\/v2\/posts\/606235"}],"collection":[{"href":"https:\/\/staging.varesenews.it\/swgapi\/v1\/wp\/v2\/posts"}],"about":[{"href":"https:\/\/staging.varesenews.it\/swgapi\/v1\/wp\/v2\/types\/post"}],"author":[{"embeddable":true,"href":"https:\/\/staging.varesenews.it\/swgapi\/v1\/wp\/v2\/users\/46"}],"replies":[{"embeddable":true,"href":"https:\/\/staging.varesenews.it\/swgapi\/v1\/wp\/v2\/comments?post=606235"}],"version-history":[{"count":0,"href":"https:\/\/staging.varesenews.it\/swgapi\/v1\/wp\/v2\/posts\/606235\/revisions"}],"wp:attachment":[{"href":"https:\/\/staging.varesenews.it\/swgapi\/v1\/wp\/v2\/media?parent=606235"}],"wp:term":[{"taxonomy":"category","embeddable":true,"href":"https:\/\/staging.varesenews.it\/swgapi\/v1\/wp\/v2\/categories?post=606235"},{"taxonomy":"post_tag","embeddable":true,"href":"https:\/\/staging.varesenews.it\/swgapi\/v1\/wp\/v2\/tags?post=606235"}],"curies":[{"name":"wp","href":"https:\/\/api.w.org\/{rel}","templated":true}]}}