{"id":606869,"date":"2017-03-24T10:37:45","date_gmt":"2017-03-24T09:37:45","guid":{"rendered":"http:\/\/www.varesenews.it\/?p=606869"},"modified":"2017-03-24T10:37:45","modified_gmt":"2017-03-24T09:37:45","slug":"un-premio-ai-giovani-talenti-da-jci","status":"publish","type":"post","link":"https:\/\/staging.varesenews.it\/2017\/03\/un-premio-ai-giovani-talenti-da-jci\/606869\/","title":{"rendered":"Un premio ai giovani talenti da Jci"},"content":{"rendered":"<p>Sono<strong> Ludovico Edalli, Irene Veneziano, Francesco Iacono, Luca Roccatello e Gabriele Baj<\/strong> i cinque giovani talenti vincitori della sedicesima edizione provinciale. L&#8217;edizione provinciale 2017 del <strong>Premio JCI TOYP (The Oustanding Young Persons)<\/strong>, l&#8217;ambito riconoscimento per giovani talenti promosso dalla sezione di Varese della Junior Chamber International e dal Lions Club Busto Arsizio Host, si \u00e9 tenuta lo scorso marted\u00ec davanti a una gremita Sala Gemella del Museo del Tessile di Busto Arsizio.<\/p>\n<p>La cerimonia-spettacolo, organizzata come sempre con il patrocinio del Comune di Busto Arsizio e della Provincia di Varese, ha visto anche la partecipazione di numerose autorit\u00e0. Innanzitutto i rappresentanti delle istituzioni del territorio, come l&#8217;assessore pi\u00f9 giovane della giunta locale, Isabella Tovaglieri, il Presidente della Camera di Commercio di Varese, Giuseppe Albertini, e il presidente di Promovarese, Rudy Collini, peraltro gi\u00e0 presidente dell&#8217;organizzazione provinciale di JCI, Non sono poi mancate numerose autorit\u00e0 del network internazionale di giovani cittadini attivi: il Vice Presidente Internazionale JCI C\u00e9line Bl\u00e8her, francese, e i bustocchi Paolo Bellotti, attuale presidente nazionale, e Chiara Milani, presidente mondiale 2013. Senza dimenticare le autorit\u00e0 lionistiche, come il presidente della neonata cooperativa Asda Speranza, Ercole Milani, gi\u00e0 governatore del distretto.<\/p>\n<p>L&#8217;ormai tradizionale iniziativa ha visto anche quest&#8217;anno premiare cinque giovani talenti, tra i 18 e i 40 anni, che hanno contribuito al progresso del territorio, facendosi promotori di cambiamenti positivi nelle seguenti cinque categorie: Business, Crescita Personale, Cultura, Ricerca e Volontariato.<\/p>\n<p>Ideato nel 1931 dall&#8217;allora presidente della Camera di Commercio degli Stati Uniti, Durward Howes, il premio ha visto riconoscere nel tempo le potenzialit\u00e0 di alcuni tra i pi\u00f9 prestigiosi personaggi della storia dell&#8217;umanit\u00e0, quali: John F. Kennedy, Orson Welles, Benigno Aquino e Henry Kissinger. La cerimonia, istituita per la prima volta a livello provinciale a partire dal 2002, premia ogni anno giovani talenti grazie anche alla sinergia tra JCI Varese, guidato quest&#8217;anno da Davide Bontempo, e Lions Club Busto Arsizio Host, presieduto da Mario Crespi.<\/p>\n<p>A conclusione della serata si sono esibiti dal vivo il chitarrista Nicholas Nebuloni, nuovo socio JCI Varese, e il tenore, Marco Pangallo, entrambi giovanissimi, ma con un talento gi\u00e0 sbocciato.<\/p>\n<p><strong>Di seguito i curricula dei vincitori e le motivazioni della giuria.<\/strong><\/p>\n<h2>Cultura<\/h2>\n<p>Irene Veneziano, classe \u201985, dopo aver conseguito ben 5 diplomi musicali con il massimo dei voti, dalla met\u00e0 degli anni novanta svolge un\u2019intensa attivit\u00e0 concertistica in tutto il mondo calcando importanti teatri tra cui il Teatro della Scala e la Berlin Philarmonie, e ha vinto una trentina di concorsi nazionali e internazionali.<br \/>\nRaggiunge l\u2019ambita cattedra di Pianoforte al Conservatorio nel 2013, attualmente al &#8220;Giacomo Puccini&#8221; di Gallarate.<br \/>\nMotivazione<br \/>\nPer esser riuscita a portare ai massimi livelli internazionali la sua passione, ricevendo notevoli apprezzamenti dalla critica e riconoscimenti dalle autorit\u00e0 declinando cos\u00ec a livello artistico il motto JCI \u201cBe better\u201d. Vince il premio Toyp Varese 2017 nella categoria Cultura.<\/p>\n<h2>Business<\/h2>\n<p><strong> Francesco Iacono<\/strong>. Classe 1990, laureato in ingegneria gestionale alla LIUC di Castellanza, insieme al compagno di studi Marco Monti brevetta il &#8220;Tray&#8221;, un sistema per consumare pasti durante tutte le occasioni \u201cstanding\u201d, dagli eventi fieristici, ai punti di ristoro, ai pasti veloci, alle occasioni di catering e chiaramente agli apericena. Sulla base di questo brevetto fondano la startup Jear Srl con sede a Uboldo.<br \/>\nMotivazione<br \/>\nPer aver lanciato con successo una startup nata da un\u2019intelligente intuizione, risolvendo un problema che ognuno di noi ha dovuto affrontare, personificando il valore JCI secondo il quale \u201cla libert\u00e0 degli uomini e dell\u2019impresa \u00e8 il primo fattore per il raggiungimento della giustizia economica\u201d. Vince il Premio Toyp Varese 2017 nella categoria Business.<\/p>\n<h2>Volontariato<\/h2>\n<p><strong>Luca Roccatello.<\/strong> Bustocco venticinquenne, dopo le prime esperienze nel campo del volontariato, nel 2015, insieme ad altri giovani fonda l\u2019Associazione Liberi di Crescere con l\u2019intento di creare un volontariato interessante, dinamico e divertente. Ad oggi l\u2019associazione conta 30 volontari (da 13 ai 24 anni) e 31 ragazzi con disabilit\u00e0; in due anni ha organizzato tantissime attivit\u00e0 ricreative, allenamenti in piscina e gite.<br \/>\nMotivazione<br \/>\nPer essersi dedicato anima e corpo al volontariato, non solo aiutando gli altri, ma innovando le attivit\u00e0 ludico creative, per aver dato sostanza al motto JCI \u201cporsi al servizio dell\u2019umanit\u00e0 costituisce l\u2019azione pi\u00f9 nobile della vita\u201d. Vince il premio Toyp Varese 2017 nella categoria Volontariato.<\/p>\n<h2>Ricerca<\/h2>\n<p><strong>Gabriele Bay,<\/strong> varesotto, classe \u201978 dopo aver conseguito la laurea in biotecnologie e il dottorato in neuroscienze \u00e8 oggi ricercatore universitario. Baj ha sviluppato uno screening farmacologico in vitro al fine di capire come, quando e in quale misure le cellule celebrali possono produrre un \u201cfarmaco\u201d senza ricorrere alla somministrazione esterna dello stesso farmaco. Tale ricerca gli \u00e8 valso il premio &#8220;Bioeconomy Rome 2014&#8221; consegnato dal Presidente della Repubblica Napolitano.<br \/>\nMotivazioni<br \/>\nPer le esplorazioni innovative nel campo dell\u2019atrofia neuronale che potranno risolvere molte malattie quali la schizofrenia, la depressione e lo stress, non poteva esserci miglior candidato per rappresentare il motto JCI 2017 \u201cBuilding the future\u201d. Vince il Premio Toyp Varese 2017 nella categoria Ricerca.<\/p>\n<h2>Crescita Personale<\/h2>\n<p><strong>Ludovico Edalli,<\/strong> bustocco, classe &#8217;93, sin da piccolo si avvicina alla ginnasta artistica e muove i primi passi agonistici con la Pro Patria. Tra i suoi migliori risultati, ricordiamo la medaglia di bronzo alle Parallele Simmetriche ai Giochi Olimpici Giovanili di Singapore nel 2010, 8 volte Campione d&#8217;Italia a livello assoluto. L&#8217;anno agonistico 2016 si chiude con la partecipazione alle Olimpiadi di Rio 2016, dove \u00e8 l&#8217;unico rappresentante italiano per la ginnastica artistica maschile.<\/p>\n<p>Motivazione. Per la sua determinazione nell\u2019affrontare le sfide di ogni giorno senza mai arrendersi, dimostrando cos\u00ec il valore JCI, secondo cui noi crediamo che \u201cla personalit\u00e0 umana sia la pi\u00f9 preziosa delle ricchezze\u201d. Vince il premio Toyp Varese 2017 nella categoria Crescita Personale, Ludovico Edalli.<\/p>\n","protected":false},"excerpt":{"rendered":"<p>Come ogni anno la cerimonia di consegna del prestigioso premio alle giovani eccellenze nei vari ambiti da parte di Jci<\/p>\n","protected":false},"author":47,"featured_media":0,"comment_status":"open","ping_status":"open","sticky":false,"template":"","format":"standard","meta":{"footnotes":""},"categories":[4,18],"tags":[9311,18432],"acf":[],"yoast_head":"<!-- This site is optimized with the Yoast SEO plugin v20.1 - https:\/\/yoast.com\/wordpress\/plugins\/seo\/ -->\n<title>Un premio ai giovani talenti da Jci<\/title>\n<meta name=\"description\" content=\"Come ogni anno la cerimonia di consegna del prestigioso premio alle giovani eccellenze nei vari ambiti da parte di Jci\" \/>\n<meta name=\"robots\" content=\"noindex, follow, max-snippet:-1, max-image-preview:large, max-video-preview:-1\" \/>\n<meta property=\"og:locale\" content=\"it_IT\" \/>\n<meta property=\"og:type\" content=\"article\" \/>\n<meta property=\"og:title\" content=\"Un premio ai giovani talenti da Jci\" \/>\n<meta property=\"og:description\" content=\"Come ogni anno la cerimonia di consegna del prestigioso premio alle giovani eccellenze nei vari ambiti da parte di Jci\" \/>\n<meta property=\"og:url\" content=\"https:\/\/staging.varesenews.it\/2017\/03\/un-premio-ai-giovani-talenti-da-jci\/606869\/\" \/>\n<meta property=\"og:site_name\" content=\"VareseNews\" \/>\n<meta property=\"article:publisher\" content=\"https:\/\/www.facebook.com\/varesenews\" \/>\n<meta property=\"article:published_time\" content=\"2017-03-24T09:37:45+00:00\" \/>\n<meta name=\"author\" content=\"Orlando Mastrillo\" \/>\n<meta name=\"twitter:card\" content=\"summary_large_image\" \/>\n<meta name=\"twitter:creator\" content=\"@nando_mastrillo\" \/>\n<meta name=\"twitter:site\" content=\"@varesenews\" \/>\n<meta name=\"twitter:label1\" content=\"Scritto da\" \/>\n\t<meta name=\"twitter:data1\" content=\"Orlando Mastrillo\" \/>\n\t<meta name=\"twitter:label2\" content=\"Tempo di lettura stimato\" \/>\n\t<meta name=\"twitter:data2\" content=\"5 minuti\" \/>\n<script type=\"application\/ld+json\" class=\"yoast-schema-graph\">{\"@context\":\"https:\/\/schema.org\",\"@graph\":[{\"@type\":\"WebPage\",\"@id\":\"https:\/\/staging.varesenews.it\/2017\/03\/un-premio-ai-giovani-talenti-da-jci\/606869\/\",\"url\":\"https:\/\/staging.varesenews.it\/2017\/03\/un-premio-ai-giovani-talenti-da-jci\/606869\/\",\"name\":\"Un premio ai giovani talenti da Jci\",\"isPartOf\":{\"@id\":\"https:\/\/staging.varesenews.it\/#website\"},\"datePublished\":\"2017-03-24T09:37:45+00:00\",\"dateModified\":\"2017-03-24T09:37:45+00:00\",\"author\":{\"@id\":\"https:\/\/staging.varesenews.it\/#\/schema\/person\/14c47ccce537a9058dddce296f10b296\"},\"description\":\"Come ogni anno la cerimonia di consegna del prestigioso premio alle giovani eccellenze nei vari ambiti da parte di Jci\",\"breadcrumb\":{\"@id\":\"https:\/\/staging.varesenews.it\/2017\/03\/un-premio-ai-giovani-talenti-da-jci\/606869\/#breadcrumb\"},\"inLanguage\":\"it-IT\",\"potentialAction\":[{\"@type\":\"ReadAction\",\"target\":[\"https:\/\/staging.varesenews.it\/2017\/03\/un-premio-ai-giovani-talenti-da-jci\/606869\/\"]}]},{\"@type\":\"BreadcrumbList\",\"@id\":\"https:\/\/staging.varesenews.it\/2017\/03\/un-premio-ai-giovani-talenti-da-jci\/606869\/#breadcrumb\",\"itemListElement\":[{\"@type\":\"ListItem\",\"position\":1,\"name\":\"Home\",\"item\":\"https:\/\/www.varesenews.it\/\"},{\"@type\":\"ListItem\",\"position\":2,\"name\":\"Un premio ai giovani talenti da Jci\"}]},{\"@type\":\"WebSite\",\"@id\":\"https:\/\/staging.varesenews.it\/#website\",\"url\":\"https:\/\/staging.varesenews.it\/\",\"name\":\"VareseNews\",\"description\":\"\",\"potentialAction\":[{\"@type\":\"SearchAction\",\"target\":{\"@type\":\"EntryPoint\",\"urlTemplate\":\"https:\/\/staging.varesenews.it\/?s={search_term_string}\"},\"query-input\":\"required name=search_term_string\"}],\"inLanguage\":\"it-IT\"},{\"@type\":\"Person\",\"@id\":\"https:\/\/staging.varesenews.it\/#\/schema\/person\/14c47ccce537a9058dddce296f10b296\",\"name\":\"Orlando Mastrillo\",\"image\":{\"@type\":\"ImageObject\",\"inLanguage\":\"it-IT\",\"@id\":\"https:\/\/staging.varesenews.it\/#\/schema\/person\/image\/\",\"url\":\"https:\/\/staging.varesenews.it\/wp-content\/uploads\/2020\/12\/orlando_mastrillo_colori_500.jpg\",\"contentUrl\":\"https:\/\/staging.varesenews.it\/wp-content\/uploads\/2020\/12\/orlando_mastrillo_colori_500.jpg\",\"caption\":\"Orlando Mastrillo\"},\"description\":\"Nasco a Luino nel 1981, ho iniziato questo lavoro nell'estate del 2003 nella redazione de Il Giorno di Varese e dall'anno successivo ho intrapreso la collaborazione con VareseNews. Dopo anni nell'Alto Varesotto mi sono trasferito a Busto Arsizio nel 2007, territorio che ho iniziato a seguire e che seguo tutt'oggi. Nel 2013 sono diventato giornalista professionista. Mi occupo di cronaca politica, giudiziaria e nera in una vasta area che comprende anche parte della Valle Olona e il Legnanese. Sono sposato con Valeria Arini e ho due splendide figlie.\",\"sameAs\":[\"or_ma\",\"https:\/\/twitter.com\/nando_mastrillo\"],\"url\":\"https:\/\/staging.varesenews.it\/persona\/orlando-mastrillo1\/\"}]}<\/script>\n<!-- \/ Yoast SEO plugin. -->","yoast_head_json":{"title":"Un premio ai giovani talenti da Jci","description":"Come ogni anno la cerimonia di consegna del prestigioso premio alle giovani eccellenze nei vari ambiti da parte di Jci","robots":{"index":"noindex","follow":"follow","max-snippet":"max-snippet:-1","max-image-preview":"max-image-preview:large","max-video-preview":"max-video-preview:-1"},"og_locale":"it_IT","og_type":"article","og_title":"Un premio ai giovani talenti da Jci","og_description":"Come ogni anno la cerimonia di consegna del prestigioso premio alle giovani eccellenze nei vari ambiti da parte di Jci","og_url":"https:\/\/staging.varesenews.it\/2017\/03\/un-premio-ai-giovani-talenti-da-jci\/606869\/","og_site_name":"VareseNews","article_publisher":"https:\/\/www.facebook.com\/varesenews","article_published_time":"2017-03-24T09:37:45+00:00","author":"Orlando Mastrillo","twitter_card":"summary_large_image","twitter_creator":"@nando_mastrillo","twitter_site":"@varesenews","twitter_misc":{"Scritto da":"Orlando Mastrillo","Tempo di lettura stimato":"5 minuti"},"schema":{"@context":"https:\/\/schema.org","@graph":[{"@type":"WebPage","@id":"https:\/\/staging.varesenews.it\/2017\/03\/un-premio-ai-giovani-talenti-da-jci\/606869\/","url":"https:\/\/staging.varesenews.it\/2017\/03\/un-premio-ai-giovani-talenti-da-jci\/606869\/","name":"Un premio ai giovani talenti da Jci","isPartOf":{"@id":"https:\/\/staging.varesenews.it\/#website"},"datePublished":"2017-03-24T09:37:45+00:00","dateModified":"2017-03-24T09:37:45+00:00","author":{"@id":"https:\/\/staging.varesenews.it\/#\/schema\/person\/14c47ccce537a9058dddce296f10b296"},"description":"Come ogni anno la cerimonia di consegna del prestigioso premio alle giovani eccellenze nei vari ambiti da parte di Jci","breadcrumb":{"@id":"https:\/\/staging.varesenews.it\/2017\/03\/un-premio-ai-giovani-talenti-da-jci\/606869\/#breadcrumb"},"inLanguage":"it-IT","potentialAction":[{"@type":"ReadAction","target":["https:\/\/staging.varesenews.it\/2017\/03\/un-premio-ai-giovani-talenti-da-jci\/606869\/"]}]},{"@type":"BreadcrumbList","@id":"https:\/\/staging.varesenews.it\/2017\/03\/un-premio-ai-giovani-talenti-da-jci\/606869\/#breadcrumb","itemListElement":[{"@type":"ListItem","position":1,"name":"Home","item":"https:\/\/www.varesenews.it\/"},{"@type":"ListItem","position":2,"name":"Un premio ai giovani talenti da Jci"}]},{"@type":"WebSite","@id":"https:\/\/staging.varesenews.it\/#website","url":"https:\/\/staging.varesenews.it\/","name":"VareseNews","description":"","potentialAction":[{"@type":"SearchAction","target":{"@type":"EntryPoint","urlTemplate":"https:\/\/staging.varesenews.it\/?s={search_term_string}"},"query-input":"required name=search_term_string"}],"inLanguage":"it-IT"},{"@type":"Person","@id":"https:\/\/staging.varesenews.it\/#\/schema\/person\/14c47ccce537a9058dddce296f10b296","name":"Orlando Mastrillo","image":{"@type":"ImageObject","inLanguage":"it-IT","@id":"https:\/\/staging.varesenews.it\/#\/schema\/person\/image\/","url":"https:\/\/staging.varesenews.it\/wp-content\/uploads\/2020\/12\/orlando_mastrillo_colori_500.jpg","contentUrl":"https:\/\/staging.varesenews.it\/wp-content\/uploads\/2020\/12\/orlando_mastrillo_colori_500.jpg","caption":"Orlando Mastrillo"},"description":"Nasco a Luino nel 1981, ho iniziato questo lavoro nell'estate del 2003 nella redazione de Il Giorno di Varese e dall'anno successivo ho intrapreso la collaborazione con VareseNews. Dopo anni nell'Alto Varesotto mi sono trasferito a Busto Arsizio nel 2007, territorio che ho iniziato a seguire e che seguo tutt'oggi. Nel 2013 sono diventato giornalista professionista. Mi occupo di cronaca politica, giudiziaria e nera in una vasta area che comprende anche parte della Valle Olona e il Legnanese. Sono sposato con Valeria Arini e ho due splendide figlie.","sameAs":["or_ma","https:\/\/twitter.com\/nando_mastrillo"],"url":"https:\/\/staging.varesenews.it\/persona\/orlando-mastrillo1\/"}]}},"post_meta":{"_edit_lock":"1490349864:47","_edit_last":"47","ratings_users":"0","ratings_score":"0","ratings_average":"0","_category_permalink":"","wdfb_og_title":"","wdfb_og_type":"","wdfb_og_description":"","wdfb_og_images":"a:1:{i:0;s:0:\"\";}","wdfb_og_custom_name":"a:1:{i:0;s:0:\"\";}","wdfb_og_custom_value":"a:1:{i:0;s:0:\"\";}","foto":"600748","firma_come_redazione":"1","argomento":"Busto Arsizio","_yoast_wpseo_focuskw":"jci","_jd_twitter":"","_jd_tweet_this":"yes","_wpt_short_url":"http:\/\/www.varesenews.it\/2017\/03\/un-premio-ai-giovani-talenti-da-jci\/606869\/","_wp_jd_target":"http:\/\/www.varesenews.it\/2017\/03\/un-premio-ai-giovani-talenti-da-jci\/606869\/","_jd_wp_twitter":"a:1:{i:0;s:129:\"Un premio ai giovani talenti da Jci http:\/\/www.varesenews.it\/2017\/03\/un-premio-ai-giovani-talenti-da-jci\/606869\/ #jci #premiotoyp\";}","_wpt_status_message":"Tweet inviato con successo.","_yoast_wpseo_linkdex":"78"},"photos":[{"original":"https:\/\/staging.varesenews.it\/photogallery_new\/images\/2017\/03\/premio-toyp-jci-2017-600748.jpg","full":"https:\/\/staging.varesenews.it\/photogallery_new\/images\/2017\/03\/premio-toyp-jci-2017-600748.1024x768.jpg","large":"https:\/\/staging.varesenews.it\/photogallery_new\/images\/2017\/03\/premio-toyp-jci-2017-600748.610x431.jpg"}],"_links":{"self":[{"href":"https:\/\/staging.varesenews.it\/swgapi\/v1\/wp\/v2\/posts\/606869"}],"collection":[{"href":"https:\/\/staging.varesenews.it\/swgapi\/v1\/wp\/v2\/posts"}],"about":[{"href":"https:\/\/staging.varesenews.it\/swgapi\/v1\/wp\/v2\/types\/post"}],"author":[{"embeddable":true,"href":"https:\/\/staging.varesenews.it\/swgapi\/v1\/wp\/v2\/users\/47"}],"replies":[{"embeddable":true,"href":"https:\/\/staging.varesenews.it\/swgapi\/v1\/wp\/v2\/comments?post=606869"}],"version-history":[{"count":0,"href":"https:\/\/staging.varesenews.it\/swgapi\/v1\/wp\/v2\/posts\/606869\/revisions"}],"wp:attachment":[{"href":"https:\/\/staging.varesenews.it\/swgapi\/v1\/wp\/v2\/media?parent=606869"}],"wp:term":[{"taxonomy":"category","embeddable":true,"href":"https:\/\/staging.varesenews.it\/swgapi\/v1\/wp\/v2\/categories?post=606869"},{"taxonomy":"post_tag","embeddable":true,"href":"https:\/\/staging.varesenews.it\/swgapi\/v1\/wp\/v2\/tags?post=606869"}],"curies":[{"name":"wp","href":"https:\/\/api.w.org\/{rel}","templated":true}]}}