{"id":607586,"date":"2017-03-27T15:22:08","date_gmt":"2017-03-27T13:22:08","guid":{"rendered":"http:\/\/www.varesenews.it\/?p=607586"},"modified":"2017-03-27T15:27:00","modified_gmt":"2017-03-27T13:27:00","slug":"a-malnate-arrivano-le-guardie-ecozoofile","status":"publish","type":"post","link":"https:\/\/staging.varesenews.it\/2017\/03\/a-malnate-arrivano-le-guardie-ecozoofile\/607586\/","title":{"rendered":"A Malnate arrivano le guardie ecozoofile"},"content":{"rendered":"<p>I<strong>l Comune di Malnate prosegue la campagna di sensibilizzazione verso i padroni di animali.<\/strong> Dal primo di aprile a supportare il lavoro della polizia locale sul territorio ci saranno due guardie ecozoofile che presidieranno il territorio.<\/p>\n<p>Il sindaco Samuele Astuti ha spiegato brevemente: \u00abCon l\u2019assessore Riggi continuiamo a lavorare concentrandoci su questo tema\u00bb.<\/p>\n<p>\u00c8 invece proprio <strong>l\u2019assessore all\u2019ambiente Giuseppe Riggi<\/strong> ad anticipare quali saranno i compiti delle guardie: \u00abCi saranno due volontari per turno due volte alla settimana negli orari pi\u00f9 critici. Svolgeranno un lavoro di informazione e sensibilizzazione verso i proprietari di cani. Questi compiti rientrano in un progetto pi\u00f9 ampio gi\u00e0 iniziato perch\u00e9 secondo noi \u00e8 meglio educare prima di sanzionare\u00bb.<\/p>\n<p>Le guardie potranno anche multare i proprietari che non rispetteranno la legge.<\/p>\n<p><strong>Paola Papi \u00e8 una guardia ecozoofile<\/strong> con sette anni di esperienza: \u00abLa nostra modalit\u00e0 di intervento \u00e8 di educazione alle persone. Vogliamo far capire qual \u00e8 la normativa vigente e come va rispettata. Nel caso in cui ravviseremo delle situazioni fuori legge, potremo sanzionare e aprire un procedimento penale\u00bb.<\/p>\n<p>Le guardie ecozoofile sono altamente preparate, dovendo seguire un corso teorico di sei mesi con test di valutazione, che anticipano la pratica. Il percorso di formazione si conclude con il giuramento dal Prefetto.<\/p>\n<p>I prossimi 18 e 19 aprile in sala consigliare ci sar\u00e0 un corso gratuito organizzato dall\u2019associazione Bios sull\u2019argomento.<\/p>\n<p>Questa sinergia con le guardie non si sposa ancora con il progetto di rilevazione del Dna delle deiezioni canine in quanto prima deve essere terminato l\u2019iter della compilazione della banca dati e che probabilmente entrer\u00e0 in funzione dal 2018.<\/p>\n<p>Per inoltrare segnalazioni questi sono i contatti: telefono 3343548724; mail guardievarese@oipa.org; sito internet www.oipa.org<\/p>\n","protected":false},"excerpt":{"rendered":"<p>Opereranno due giorni a settimana e potranno sanzionare i proprietari di cani che non si comportano secondo le norme vigenti<\/p>\n","protected":false},"author":37,"featured_media":0,"comment_status":"open","ping_status":"open","sticky":false,"template":"","format":"standard","meta":{"footnotes":""},"categories":[2],"tags":[169,68616],"acf":[],"yoast_head":"<!-- This site is optimized with the Yoast SEO plugin v20.1 - https:\/\/yoast.com\/wordpress\/plugins\/seo\/ -->\n<title>A Malnate arrivano le guardie ecozoofile<\/title>\n<meta name=\"description\" content=\"Opereranno due giorni a settimana e potranno sanzionare i proprietari di cani che non si comportano secondo le norme vigenti\" \/>\n<meta name=\"robots\" content=\"noindex, follow, max-snippet:-1, max-image-preview:large, max-video-preview:-1\" \/>\n<meta property=\"og:locale\" content=\"it_IT\" \/>\n<meta property=\"og:type\" content=\"article\" \/>\n<meta property=\"og:title\" content=\"A Malnate arrivano le guardie ecozoofile\" \/>\n<meta property=\"og:description\" content=\"Opereranno due giorni a settimana e potranno sanzionare i proprietari di cani che non si comportano secondo le norme vigenti\" \/>\n<meta property=\"og:url\" content=\"https:\/\/staging.varesenews.it\/2017\/03\/a-malnate-arrivano-le-guardie-ecozoofile\/607586\/\" \/>\n<meta property=\"og:site_name\" content=\"VareseNews\" \/>\n<meta property=\"article:publisher\" content=\"https:\/\/www.facebook.com\/varesenews\" \/>\n<meta property=\"article:published_time\" content=\"2017-03-27T13:22:08+00:00\" \/>\n<meta property=\"article:modified_time\" content=\"2017-03-27T13:27:00+00:00\" \/>\n<meta name=\"author\" content=\"Francesco Mazzoleni\" \/>\n<meta name=\"twitter:card\" content=\"summary_large_image\" \/>\n<meta name=\"twitter:creator\" content=\"@fmazzof\" \/>\n<meta name=\"twitter:site\" content=\"@varesenews\" \/>\n<meta name=\"twitter:label1\" content=\"Scritto da\" \/>\n\t<meta name=\"twitter:data1\" content=\"Francesco Mazzoleni\" \/>\n\t<meta name=\"twitter:label2\" content=\"Tempo di lettura stimato\" \/>\n\t<meta name=\"twitter:data2\" content=\"1 minuto\" \/>\n<script type=\"application\/ld+json\" class=\"yoast-schema-graph\">{\"@context\":\"https:\/\/schema.org\",\"@graph\":[{\"@type\":\"WebPage\",\"@id\":\"https:\/\/staging.varesenews.it\/2017\/03\/a-malnate-arrivano-le-guardie-ecozoofile\/607586\/\",\"url\":\"https:\/\/staging.varesenews.it\/2017\/03\/a-malnate-arrivano-le-guardie-ecozoofile\/607586\/\",\"name\":\"A Malnate arrivano le guardie ecozoofile\",\"isPartOf\":{\"@id\":\"https:\/\/staging.varesenews.it\/#website\"},\"datePublished\":\"2017-03-27T13:22:08+00:00\",\"dateModified\":\"2017-03-27T13:27:00+00:00\",\"author\":{\"@id\":\"https:\/\/staging.varesenews.it\/#\/schema\/person\/e82236e79160d30d4e1f942004ac3038\"},\"description\":\"Opereranno due giorni a settimana e potranno sanzionare i proprietari di cani che non si comportano secondo le norme vigenti\",\"breadcrumb\":{\"@id\":\"https:\/\/staging.varesenews.it\/2017\/03\/a-malnate-arrivano-le-guardie-ecozoofile\/607586\/#breadcrumb\"},\"inLanguage\":\"it-IT\",\"potentialAction\":[{\"@type\":\"ReadAction\",\"target\":[\"https:\/\/staging.varesenews.it\/2017\/03\/a-malnate-arrivano-le-guardie-ecozoofile\/607586\/\"]}]},{\"@type\":\"BreadcrumbList\",\"@id\":\"https:\/\/staging.varesenews.it\/2017\/03\/a-malnate-arrivano-le-guardie-ecozoofile\/607586\/#breadcrumb\",\"itemListElement\":[{\"@type\":\"ListItem\",\"position\":1,\"name\":\"Home\",\"item\":\"https:\/\/www.varesenews.it\/\"},{\"@type\":\"ListItem\",\"position\":2,\"name\":\"A Malnate arrivano le guardie ecozoofile\"}]},{\"@type\":\"WebSite\",\"@id\":\"https:\/\/staging.varesenews.it\/#website\",\"url\":\"https:\/\/staging.varesenews.it\/\",\"name\":\"VareseNews\",\"description\":\"\",\"potentialAction\":[{\"@type\":\"SearchAction\",\"target\":{\"@type\":\"EntryPoint\",\"urlTemplate\":\"https:\/\/staging.varesenews.it\/?s={search_term_string}\"},\"query-input\":\"required name=search_term_string\"}],\"inLanguage\":\"it-IT\"},{\"@type\":\"Person\",\"@id\":\"https:\/\/staging.varesenews.it\/#\/schema\/person\/e82236e79160d30d4e1f942004ac3038\",\"name\":\"Francesco Mazzoleni\",\"image\":{\"@type\":\"ImageObject\",\"inLanguage\":\"it-IT\",\"@id\":\"https:\/\/staging.varesenews.it\/#\/schema\/person\/image\/\",\"url\":\"https:\/\/staging.varesenews.it\/wp-content\/uploads\/2020\/12\/francesco_mazzoleni_colori_500-1.jpg\",\"contentUrl\":\"https:\/\/staging.varesenews.it\/wp-content\/uploads\/2020\/12\/francesco_mazzoleni_colori_500-1.jpg\",\"caption\":\"Francesco Mazzoleni\"},\"description\":\"\\\"Uomo di campo\\\" della redazione sportiva. Nutro una vera passione per il calcio, che sia ad alti livelli, sui campi di provincia o in altri continenti. Sono nato a Varese nel 1984, vivo da sempre a Malnate e ho una laurea in Scienze Motorie. Ho mosso i primi passi a VareseNews da stagista nel 2002; nel 2008 ho iniziato a collaborare con maggiore continuit\u00e0 e dal 2018 sono giornalista professionista. Orgoglioso pap\u00e0 di Federico e Adelaide.\",\"sameAs\":[\"fmazzof\",\"it.linkedin.com\/in\/francescomazzolenif\",\"https:\/\/twitter.com\/fmazzof\"],\"url\":\"https:\/\/staging.varesenews.it\/persona\/francesco_mazzoleniferracini\/\"}]}<\/script>\n<!-- \/ Yoast SEO plugin. -->","yoast_head_json":{"title":"A Malnate arrivano le guardie ecozoofile","description":"Opereranno due giorni a settimana e potranno sanzionare i proprietari di cani che non si comportano secondo le norme vigenti","robots":{"index":"noindex","follow":"follow","max-snippet":"max-snippet:-1","max-image-preview":"max-image-preview:large","max-video-preview":"max-video-preview:-1"},"og_locale":"it_IT","og_type":"article","og_title":"A Malnate arrivano le guardie ecozoofile","og_description":"Opereranno due giorni a settimana e potranno sanzionare i proprietari di cani che non si comportano secondo le norme vigenti","og_url":"https:\/\/staging.varesenews.it\/2017\/03\/a-malnate-arrivano-le-guardie-ecozoofile\/607586\/","og_site_name":"VareseNews","article_publisher":"https:\/\/www.facebook.com\/varesenews","article_published_time":"2017-03-27T13:22:08+00:00","article_modified_time":"2017-03-27T13:27:00+00:00","author":"Francesco Mazzoleni","twitter_card":"summary_large_image","twitter_creator":"@fmazzof","twitter_site":"@varesenews","twitter_misc":{"Scritto da":"Francesco Mazzoleni","Tempo di lettura stimato":"1 minuto"},"schema":{"@context":"https:\/\/schema.org","@graph":[{"@type":"WebPage","@id":"https:\/\/staging.varesenews.it\/2017\/03\/a-malnate-arrivano-le-guardie-ecozoofile\/607586\/","url":"https:\/\/staging.varesenews.it\/2017\/03\/a-malnate-arrivano-le-guardie-ecozoofile\/607586\/","name":"A Malnate arrivano le guardie ecozoofile","isPartOf":{"@id":"https:\/\/staging.varesenews.it\/#website"},"datePublished":"2017-03-27T13:22:08+00:00","dateModified":"2017-03-27T13:27:00+00:00","author":{"@id":"https:\/\/staging.varesenews.it\/#\/schema\/person\/e82236e79160d30d4e1f942004ac3038"},"description":"Opereranno due giorni a settimana e potranno sanzionare i proprietari di cani che non si comportano secondo le norme vigenti","breadcrumb":{"@id":"https:\/\/staging.varesenews.it\/2017\/03\/a-malnate-arrivano-le-guardie-ecozoofile\/607586\/#breadcrumb"},"inLanguage":"it-IT","potentialAction":[{"@type":"ReadAction","target":["https:\/\/staging.varesenews.it\/2017\/03\/a-malnate-arrivano-le-guardie-ecozoofile\/607586\/"]}]},{"@type":"BreadcrumbList","@id":"https:\/\/staging.varesenews.it\/2017\/03\/a-malnate-arrivano-le-guardie-ecozoofile\/607586\/#breadcrumb","itemListElement":[{"@type":"ListItem","position":1,"name":"Home","item":"https:\/\/www.varesenews.it\/"},{"@type":"ListItem","position":2,"name":"A Malnate arrivano le guardie ecozoofile"}]},{"@type":"WebSite","@id":"https:\/\/staging.varesenews.it\/#website","url":"https:\/\/staging.varesenews.it\/","name":"VareseNews","description":"","potentialAction":[{"@type":"SearchAction","target":{"@type":"EntryPoint","urlTemplate":"https:\/\/staging.varesenews.it\/?s={search_term_string}"},"query-input":"required name=search_term_string"}],"inLanguage":"it-IT"},{"@type":"Person","@id":"https:\/\/staging.varesenews.it\/#\/schema\/person\/e82236e79160d30d4e1f942004ac3038","name":"Francesco Mazzoleni","image":{"@type":"ImageObject","inLanguage":"it-IT","@id":"https:\/\/staging.varesenews.it\/#\/schema\/person\/image\/","url":"https:\/\/staging.varesenews.it\/wp-content\/uploads\/2020\/12\/francesco_mazzoleni_colori_500-1.jpg","contentUrl":"https:\/\/staging.varesenews.it\/wp-content\/uploads\/2020\/12\/francesco_mazzoleni_colori_500-1.jpg","caption":"Francesco Mazzoleni"},"description":"\"Uomo di campo\" della redazione sportiva. Nutro una vera passione per il calcio, che sia ad alti livelli, sui campi di provincia o in altri continenti. Sono nato a Varese nel 1984, vivo da sempre a Malnate e ho una laurea in Scienze Motorie. Ho mosso i primi passi a VareseNews da stagista nel 2002; nel 2008 ho iniziato a collaborare con maggiore continuit\u00e0 e dal 2018 sono giornalista professionista. Orgoglioso pap\u00e0 di Federico e Adelaide.","sameAs":["fmazzof","it.linkedin.com\/in\/francescomazzolenif","https:\/\/twitter.com\/fmazzof"],"url":"https:\/\/staging.varesenews.it\/persona\/francesco_mazzoleniferracini\/"}]}},"post_meta":{"_edit_lock":"1490621105:37","_edit_last":"37","_category_permalink":"2","ratings_users":"0","ratings_score":"0","ratings_average":"0","wdfb_og_title":"","wdfb_og_type":"","wdfb_og_description":"","wdfb_og_images":"a:1:{i:0;s:0:\"\";}","wdfb_og_custom_name":"a:1:{i:0;s:0:\"\";}","wdfb_og_custom_value":"a:1:{i:0;s:0:\"\";}","id_leggi_anche":"579184,644294","foto":"601491","firma-personalizzata":"fmf","argomento":"Malnate","_yoast_wpseo_focuskw":"ecozoofile","_jd_twitter":"","_jd_tweet_this":"yes","_wpt_short_url":"http:\/\/www.varesenews.it\/2017\/03\/a-malnate-arrivano-le-guardie-ecozoofile\/607586\/","_wp_jd_target":"http:\/\/www.varesenews.it\/2017\/03\/a-malnate-arrivano-le-guardie-ecozoofile\/607586\/","_jd_wp_twitter":"a:1:{i:0;s:128:\"A Malnate arrivano le guardie ecozoofile http:\/\/www.varesenews.it\/2017\/03\/a-malnate-arrivano-le-guardie-ecozoofile\/607586\/ #cani\";}","_wpt_status_message":"Tweet inviato con successo.","_yoast_wpseo_linkdex":"80"},"photos":[{"original":"https:\/\/staging.varesenews.it\/photogallery_new\/images\/2017\/03\/guardie-ecozoofile-601491.jpg","full":"https:\/\/staging.varesenews.it\/photogallery_new\/images\/2017\/03\/guardie-ecozoofile-601491.1024x768.jpg","large":"https:\/\/staging.varesenews.it\/photogallery_new\/images\/2017\/03\/guardie-ecozoofile-601491.610x431.jpg"}],"_links":{"self":[{"href":"https:\/\/staging.varesenews.it\/swgapi\/v1\/wp\/v2\/posts\/607586"}],"collection":[{"href":"https:\/\/staging.varesenews.it\/swgapi\/v1\/wp\/v2\/posts"}],"about":[{"href":"https:\/\/staging.varesenews.it\/swgapi\/v1\/wp\/v2\/types\/post"}],"author":[{"embeddable":true,"href":"https:\/\/staging.varesenews.it\/swgapi\/v1\/wp\/v2\/users\/37"}],"replies":[{"embeddable":true,"href":"https:\/\/staging.varesenews.it\/swgapi\/v1\/wp\/v2\/comments?post=607586"}],"version-history":[{"count":0,"href":"https:\/\/staging.varesenews.it\/swgapi\/v1\/wp\/v2\/posts\/607586\/revisions"}],"wp:attachment":[{"href":"https:\/\/staging.varesenews.it\/swgapi\/v1\/wp\/v2\/media?parent=607586"}],"wp:term":[{"taxonomy":"category","embeddable":true,"href":"https:\/\/staging.varesenews.it\/swgapi\/v1\/wp\/v2\/categories?post=607586"},{"taxonomy":"post_tag","embeddable":true,"href":"https:\/\/staging.varesenews.it\/swgapi\/v1\/wp\/v2\/tags?post=607586"}],"curies":[{"name":"wp","href":"https:\/\/api.w.org\/{rel}","templated":true}]}}