{"id":607606,"date":"2017-03-27T16:34:47","date_gmt":"2017-03-27T14:34:47","guid":{"rendered":"http:\/\/www.varesenews.it\/?p=607606"},"modified":"2017-03-27T16:34:47","modified_gmt":"2017-03-27T14:34:47","slug":"alla-liuc-un-open-day-per-i-genitori","status":"publish","type":"post","link":"https:\/\/staging.varesenews.it\/2017\/03\/alla-liuc-un-open-day-per-i-genitori\/607606\/","title":{"rendered":"Alla Liuc un open day per i genitori"},"content":{"rendered":"<p>Non \u00e8 certo una novit\u00e0 vedere\u00a0all&#8217;open day di un&#8217;universit\u00e0 figli accompagnati dai genitori, nella convinzione che una scelta cos\u00ec importante debba essere condivisa a livello familiare. Alla Liuc di Castellanza hanno pensato bene di diversificare questo momento riservando una giornata ai soli genitori dei futuri studenti. L\u2019appuntamento \u00e8 per <b>sabato 1 aprile 2017<\/b> a partire <strong>dalle ore 9<\/strong>, un&#8217;occasione di grande interesse <b>per tutte le famiglie che vogliono essere pi\u00f9 informate e consapevoli rispetto alla scelta universitaria<\/b> dei propri figli, in considerazione dell\u2019impegno economico che l\u2019universit\u00e0 rappresenta e senza dimenticare il valore di una laurea per l\u2019inserimento nel mondo del lavoro.<\/p>\n<p>Oltre a una serie di informazioni dettagliate sui corsi e sui servizi messi a disposizione dalla <strong>Liuc<\/strong>, si forniranno dunque ai genitori alcune indicazioni di carattere generale sullo stato dell\u2019universit\u00e0 italiana oggi e sugli aspetti principali di cui tenere conto nella scelta, anche a fronte dei sempre pi\u00f9 numerosi corsi di laurea proposti dagli atenei. Sar\u00e0 dunque l\u2019occasione per una riflessione condivisa sul tema.<\/p>\n<p>In auditorium, i professori <b>Massimiliano Serati, Fabrizio Dallari e Silvia Frego <\/b>illustreranno, rispettivamente, i corsi di laurea di Economia aziendale, Ingegneria gestionale e Giurisprudenza, dopodich\u00e9 sar\u00e0 dato spazio alle domande della platea per un vero e proprio question time.<\/p>\n<p>Ci sar\u00e0 la possibilit\u00e0 di incontri individuali con i docenti e di una visita guidata dell\u2019Universit\u00e0 con gli studenti del team Liuc.<\/p>\n<p>Sar\u00e0 inoltre l\u2019occasione per un focus su alcune opportunit\u00e0 offerte agli studenti Liuc, tra cui le iniziative legate al diritto allo studio (con borse di studio e premi di merito per un ammontare complessivo di 1.600.000 Euro annui), le relazioni internazionali (il 40% degli studenti partecipa a programmi di studio all\u2019estero grazie alle 128 Universit\u00e0 partner in 48 Paesi), l\u2019inserimento nel mondo del lavoro (attesa media di 3 mesi), il progetto Skills &amp; Behaviour (per l\u2019acquisizione di abilit\u00e0 trasversali) e la consulenza per lo studio e la ricerca.<\/p>\n<p><strong><a href=\"http:\/\/www.varesenews.it\/2016\/06\/la-liuc-festeggia-i-suoi-laureati-voi-potete-cambiare-il-mondo\/531479\/\">La Liuc festeggia i suoi laureati: \u201cVoi potete cambiare il mondo\u201d<\/a><\/strong><\/p>\n<p>&nbsp;<\/p>\n","protected":false},"excerpt":{"rendered":"<p> L\u2019appuntamento \u00e8 per sabato 1 aprile 2017 a partire dalle ore 9. Ci sar\u00e0 la possibilit\u00e0 di incontri individuali con i docenti e di una visita guidata dell&#8217;ateneo con gli studenti del team Liuc<\/p>\n","protected":false},"author":45,"featured_media":0,"comment_status":"open","ping_status":"open","sticky":false,"template":"","format":"standard","meta":{"footnotes":""},"categories":[22],"tags":[176,1000],"acf":[],"yoast_head":"<!-- This site is optimized with the Yoast SEO plugin v20.1 - https:\/\/yoast.com\/wordpress\/plugins\/seo\/ -->\n<title>Alla Liuc un open day per i genitori<\/title>\n<meta name=\"description\" content=\"L\u2019appuntamento \u00e8 per sabato 1 aprile 2017 a partire dalle ore 9. Ci sar\u00e0 la possibilit\u00e0 di incontri individuali con i docenti e di una visita guidata dell&#039;ateneo con gli studenti del team Liuc\" \/>\n<meta name=\"robots\" content=\"noindex, follow, max-snippet:-1, max-image-preview:large, max-video-preview:-1\" \/>\n<meta property=\"og:locale\" content=\"it_IT\" \/>\n<meta property=\"og:type\" content=\"article\" \/>\n<meta property=\"og:title\" content=\"Alla Liuc un open day per i genitori\" \/>\n<meta property=\"og:description\" content=\"L\u2019appuntamento \u00e8 per sabato 1 aprile 2017 a partire dalle ore 9. Ci sar\u00e0 la possibilit\u00e0 di incontri individuali con i docenti e di una visita guidata dell&#039;ateneo con gli studenti del team Liuc\" \/>\n<meta property=\"og:url\" content=\"https:\/\/staging.varesenews.it\/2017\/03\/alla-liuc-un-open-day-per-i-genitori\/607606\/\" \/>\n<meta property=\"og:site_name\" content=\"VareseNews\" \/>\n<meta property=\"article:publisher\" content=\"https:\/\/www.facebook.com\/varesenews\" \/>\n<meta property=\"article:author\" content=\"https:\/\/www.facebook.com\/michele.mancino.5\" \/>\n<meta property=\"article:published_time\" content=\"2017-03-27T14:34:47+00:00\" \/>\n<meta name=\"author\" content=\"Michele Mancino\" \/>\n<meta name=\"twitter:card\" content=\"summary_large_image\" \/>\n<meta name=\"twitter:creator\" content=\"@micmancio\" \/>\n<meta name=\"twitter:site\" content=\"@varesenews\" \/>\n<meta name=\"twitter:label1\" content=\"Scritto da\" \/>\n\t<meta name=\"twitter:data1\" content=\"Michele Mancino\" \/>\n\t<meta name=\"twitter:label2\" content=\"Tempo di lettura stimato\" \/>\n\t<meta name=\"twitter:data2\" content=\"2 minuti\" \/>\n<script type=\"application\/ld+json\" class=\"yoast-schema-graph\">{\"@context\":\"https:\/\/schema.org\",\"@graph\":[{\"@type\":\"WebPage\",\"@id\":\"https:\/\/staging.varesenews.it\/2017\/03\/alla-liuc-un-open-day-per-i-genitori\/607606\/\",\"url\":\"https:\/\/staging.varesenews.it\/2017\/03\/alla-liuc-un-open-day-per-i-genitori\/607606\/\",\"name\":\"Alla Liuc un open day per i genitori\",\"isPartOf\":{\"@id\":\"https:\/\/staging.varesenews.it\/#website\"},\"datePublished\":\"2017-03-27T14:34:47+00:00\",\"dateModified\":\"2017-03-27T14:34:47+00:00\",\"author\":{\"@id\":\"https:\/\/staging.varesenews.it\/#\/schema\/person\/308b491d3cb680ead199e5ff6c6ce540\"},\"description\":\"L\u2019appuntamento \u00e8 per sabato 1 aprile 2017 a partire dalle ore 9. Ci sar\u00e0 la possibilit\u00e0 di incontri individuali con i docenti e di una visita guidata dell'ateneo con gli studenti del team Liuc\",\"breadcrumb\":{\"@id\":\"https:\/\/staging.varesenews.it\/2017\/03\/alla-liuc-un-open-day-per-i-genitori\/607606\/#breadcrumb\"},\"inLanguage\":\"it-IT\",\"potentialAction\":[{\"@type\":\"ReadAction\",\"target\":[\"https:\/\/staging.varesenews.it\/2017\/03\/alla-liuc-un-open-day-per-i-genitori\/607606\/\"]}]},{\"@type\":\"BreadcrumbList\",\"@id\":\"https:\/\/staging.varesenews.it\/2017\/03\/alla-liuc-un-open-day-per-i-genitori\/607606\/#breadcrumb\",\"itemListElement\":[{\"@type\":\"ListItem\",\"position\":1,\"name\":\"Home\",\"item\":\"https:\/\/www.varesenews.it\/\"},{\"@type\":\"ListItem\",\"position\":2,\"name\":\"Alla Liuc un open day per i genitori\"}]},{\"@type\":\"WebSite\",\"@id\":\"https:\/\/staging.varesenews.it\/#website\",\"url\":\"https:\/\/staging.varesenews.it\/\",\"name\":\"VareseNews\",\"description\":\"\",\"potentialAction\":[{\"@type\":\"SearchAction\",\"target\":{\"@type\":\"EntryPoint\",\"urlTemplate\":\"https:\/\/staging.varesenews.it\/?s={search_term_string}\"},\"query-input\":\"required name=search_term_string\"}],\"inLanguage\":\"it-IT\"},{\"@type\":\"Person\",\"@id\":\"https:\/\/staging.varesenews.it\/#\/schema\/person\/308b491d3cb680ead199e5ff6c6ce540\",\"name\":\"Michele Mancino\",\"image\":{\"@type\":\"ImageObject\",\"inLanguage\":\"it-IT\",\"@id\":\"https:\/\/staging.varesenews.it\/#\/schema\/person\/image\/\",\"url\":\"https:\/\/staging.varesenews.it\/wp-content\/uploads\/2020\/12\/michele_mancino_colori_500.jpg\",\"contentUrl\":\"https:\/\/staging.varesenews.it\/wp-content\/uploads\/2020\/12\/michele_mancino_colori_500.jpg\",\"caption\":\"Michele Mancino\"},\"description\":\"Sono a VareseNews da prima che nascesse. Ho inserito le prime notizie in una stringa di codice html, la lingua di internet. Aprivo i computer, cambiavo schede di rete e portavo i server dal provider. A met&agrave; degli anni &rsquo;90 il giornalista online doveva saper fare anche questo. Ho vissuto gli anni drammatici della bolla speculativa di Internet e quelli entusiastici della crescita, anni in cui VareseNews era un Davide in mezzo a tanti Golia. Poi sono arrivati i social, le nuove piattaforme e soprattutto gli smartphone, una postazione di lavoro racchiusa in una mano. Una nuova rivoluzione. Insomma, &egrave; stata, ed &egrave; ancora, un&rsquo;avventura entusiasmante perch&eacute; mi insegna giorno dopo giorno che il cambiamento &egrave; l&rsquo;unica certezza di questa fragile esistenza.\",\"sameAs\":[\"https:\/\/www.facebook.com\/michele.mancino.5\",\"micmancio\",\"Aggiorna le impostazioni del tuo profilo pubblicoit.linkedin.com\/pub\/michele-mancino\/28\/b71\/890\/it\",\"https:\/\/twitter.com\/micmancio\"],\"url\":\"https:\/\/staging.varesenews.it\/persona\/michele_mancino\/\"}]}<\/script>\n<!-- \/ Yoast SEO plugin. -->","yoast_head_json":{"title":"Alla Liuc un open day per i genitori","description":"L\u2019appuntamento \u00e8 per sabato 1 aprile 2017 a partire dalle ore 9. Ci sar\u00e0 la possibilit\u00e0 di incontri individuali con i docenti e di una visita guidata dell'ateneo con gli studenti del team Liuc","robots":{"index":"noindex","follow":"follow","max-snippet":"max-snippet:-1","max-image-preview":"max-image-preview:large","max-video-preview":"max-video-preview:-1"},"og_locale":"it_IT","og_type":"article","og_title":"Alla Liuc un open day per i genitori","og_description":"L\u2019appuntamento \u00e8 per sabato 1 aprile 2017 a partire dalle ore 9. Ci sar\u00e0 la possibilit\u00e0 di incontri individuali con i docenti e di una visita guidata dell'ateneo con gli studenti del team Liuc","og_url":"https:\/\/staging.varesenews.it\/2017\/03\/alla-liuc-un-open-day-per-i-genitori\/607606\/","og_site_name":"VareseNews","article_publisher":"https:\/\/www.facebook.com\/varesenews","article_author":"https:\/\/www.facebook.com\/michele.mancino.5","article_published_time":"2017-03-27T14:34:47+00:00","author":"Michele Mancino","twitter_card":"summary_large_image","twitter_creator":"@micmancio","twitter_site":"@varesenews","twitter_misc":{"Scritto da":"Michele Mancino","Tempo di lettura stimato":"2 minuti"},"schema":{"@context":"https:\/\/schema.org","@graph":[{"@type":"WebPage","@id":"https:\/\/staging.varesenews.it\/2017\/03\/alla-liuc-un-open-day-per-i-genitori\/607606\/","url":"https:\/\/staging.varesenews.it\/2017\/03\/alla-liuc-un-open-day-per-i-genitori\/607606\/","name":"Alla Liuc un open day per i genitori","isPartOf":{"@id":"https:\/\/staging.varesenews.it\/#website"},"datePublished":"2017-03-27T14:34:47+00:00","dateModified":"2017-03-27T14:34:47+00:00","author":{"@id":"https:\/\/staging.varesenews.it\/#\/schema\/person\/308b491d3cb680ead199e5ff6c6ce540"},"description":"L\u2019appuntamento \u00e8 per sabato 1 aprile 2017 a partire dalle ore 9. Ci sar\u00e0 la possibilit\u00e0 di incontri individuali con i docenti e di una visita guidata dell'ateneo con gli studenti del team Liuc","breadcrumb":{"@id":"https:\/\/staging.varesenews.it\/2017\/03\/alla-liuc-un-open-day-per-i-genitori\/607606\/#breadcrumb"},"inLanguage":"it-IT","potentialAction":[{"@type":"ReadAction","target":["https:\/\/staging.varesenews.it\/2017\/03\/alla-liuc-un-open-day-per-i-genitori\/607606\/"]}]},{"@type":"BreadcrumbList","@id":"https:\/\/staging.varesenews.it\/2017\/03\/alla-liuc-un-open-day-per-i-genitori\/607606\/#breadcrumb","itemListElement":[{"@type":"ListItem","position":1,"name":"Home","item":"https:\/\/www.varesenews.it\/"},{"@type":"ListItem","position":2,"name":"Alla Liuc un open day per i genitori"}]},{"@type":"WebSite","@id":"https:\/\/staging.varesenews.it\/#website","url":"https:\/\/staging.varesenews.it\/","name":"VareseNews","description":"","potentialAction":[{"@type":"SearchAction","target":{"@type":"EntryPoint","urlTemplate":"https:\/\/staging.varesenews.it\/?s={search_term_string}"},"query-input":"required name=search_term_string"}],"inLanguage":"it-IT"},{"@type":"Person","@id":"https:\/\/staging.varesenews.it\/#\/schema\/person\/308b491d3cb680ead199e5ff6c6ce540","name":"Michele Mancino","image":{"@type":"ImageObject","inLanguage":"it-IT","@id":"https:\/\/staging.varesenews.it\/#\/schema\/person\/image\/","url":"https:\/\/staging.varesenews.it\/wp-content\/uploads\/2020\/12\/michele_mancino_colori_500.jpg","contentUrl":"https:\/\/staging.varesenews.it\/wp-content\/uploads\/2020\/12\/michele_mancino_colori_500.jpg","caption":"Michele Mancino"},"description":"Sono a VareseNews da prima che nascesse. Ho inserito le prime notizie in una stringa di codice html, la lingua di internet. Aprivo i computer, cambiavo schede di rete e portavo i server dal provider. A met&agrave; degli anni &rsquo;90 il giornalista online doveva saper fare anche questo. Ho vissuto gli anni drammatici della bolla speculativa di Internet e quelli entusiastici della crescita, anni in cui VareseNews era un Davide in mezzo a tanti Golia. Poi sono arrivati i social, le nuove piattaforme e soprattutto gli smartphone, una postazione di lavoro racchiusa in una mano. Una nuova rivoluzione. Insomma, &egrave; stata, ed &egrave; ancora, un&rsquo;avventura entusiasmante perch&eacute; mi insegna giorno dopo giorno che il cambiamento &egrave; l&rsquo;unica certezza di questa fragile esistenza.","sameAs":["https:\/\/www.facebook.com\/michele.mancino.5","micmancio","Aggiorna le impostazioni del tuo profilo pubblicoit.linkedin.com\/pub\/michele-mancino\/28\/b71\/890\/it","https:\/\/twitter.com\/micmancio"],"url":"https:\/\/staging.varesenews.it\/persona\/michele_mancino\/"}]}},"post_meta":{"_edit_lock":"1490625301:45","_edit_last":"45","ratings_users":"0","ratings_score":"0","ratings_average":"0","_category_permalink":"","wdfb_og_title":"","wdfb_og_type":"","wdfb_og_description":"","wdfb_og_images":"a:1:{i:0;s:0:\"\";}","wdfb_og_custom_name":"a:1:{i:0;s:0:\"\";}","wdfb_og_custom_value":"a:1:{i:0;s:0:\"\";}","foto":"548090","id_video_vzaar":"7454037,8664019","firma_come_redazione":"1","argomento":"Castellanza","_jd_twitter":"","_jd_tweet_this":"yes","_wpt_short_url":"http:\/\/www.varesenews.it\/2017\/03\/alla-liuc-un-open-day-per-i-genitori\/607606\/","_wp_jd_target":"http:\/\/www.varesenews.it\/2017\/03\/alla-liuc-un-open-day-per-i-genitori\/607606\/","_jd_wp_twitter":"a:1:{i:0;s:131:\"Alla Liuc un open day per i genitori http:\/\/www.varesenews.it\/2017\/03\/alla-liuc-un-open-day-per-i-genitori\/607606\/ #Liuc #matricole\";}","_wpt_status_message":"Tweet inviato con successo."},"photos":[{"original":"https:\/\/staging.varesenews.it\/photogallery_new\/images\/2016\/06\/caricamento-temporaneo-per-contributo-vy2xnkzog1-548090.jpg","full":"https:\/\/staging.varesenews.it\/photogallery_new\/images\/2016\/06\/caricamento-temporaneo-per-contributo-vy2xnkzog1-548090.1024x768.jpg","large":"https:\/\/staging.varesenews.it\/photogallery_new\/images\/2016\/06\/caricamento-temporaneo-per-contributo-vy2xnkzog1-548090.610x431.jpg"}],"_links":{"self":[{"href":"https:\/\/staging.varesenews.it\/swgapi\/v1\/wp\/v2\/posts\/607606"}],"collection":[{"href":"https:\/\/staging.varesenews.it\/swgapi\/v1\/wp\/v2\/posts"}],"about":[{"href":"https:\/\/staging.varesenews.it\/swgapi\/v1\/wp\/v2\/types\/post"}],"author":[{"embeddable":true,"href":"https:\/\/staging.varesenews.it\/swgapi\/v1\/wp\/v2\/users\/45"}],"replies":[{"embeddable":true,"href":"https:\/\/staging.varesenews.it\/swgapi\/v1\/wp\/v2\/comments?post=607606"}],"version-history":[{"count":0,"href":"https:\/\/staging.varesenews.it\/swgapi\/v1\/wp\/v2\/posts\/607606\/revisions"}],"wp:attachment":[{"href":"https:\/\/staging.varesenews.it\/swgapi\/v1\/wp\/v2\/media?parent=607606"}],"wp:term":[{"taxonomy":"category","embeddable":true,"href":"https:\/\/staging.varesenews.it\/swgapi\/v1\/wp\/v2\/categories?post=607606"},{"taxonomy":"post_tag","embeddable":true,"href":"https:\/\/staging.varesenews.it\/swgapi\/v1\/wp\/v2\/tags?post=607606"}],"curies":[{"name":"wp","href":"https:\/\/api.w.org\/{rel}","templated":true}]}}