{"id":607807,"date":"2017-03-28T10:08:11","date_gmt":"2017-03-28T08:08:11","guid":{"rendered":"http:\/\/www.varesenews.it\/?p=607807"},"modified":"2017-03-28T12:10:38","modified_gmt":"2017-03-28T10:10:38","slug":"battaglia-della-sosta-in-consiglio","status":"publish","type":"post","link":"https:\/\/staging.varesenews.it\/2017\/03\/battaglia-della-sosta-in-consiglio\/607807\/","title":{"rendered":"Battaglia della sosta in consiglio"},"content":{"rendered":"<p>La zona di Piazza Monte Grappa dove la sosta sar\u00e0 pi\u00f9 costosa non si chiamer\u00e0 pi\u00f9 zona azzurra, <strong>bens\u00ec zona rossa<\/strong>. L&#8217;inversione dei colori \u00e8 stata decisa dal consiglio comunale che, a grandissima maggioranza ha accolto un emendamento &#8220;a colori&#8221; presentato dai consiglieri <strong>Piatti (Lega) Boldetti (Lista Orrigoni) e dal consigliere di maggioranza Gregori (Lista Galimberti)<\/strong>.<\/p>\n<p><div class=\"photo-inside-post\"><img decoding=\"async\" loading=\"lazy\" fetchpriority=\"low\" width=\"610\" height=\"431\" src=\"https:\/\/staging.varesenews.it\/photogallery_new\/images\/2017\/03\/consiglio-comunale-varese-2016-601722.610x431.jpg\" alt=\"consiglio comunale varese 2016\"><\/div><br \/>\n(Il gruppo Pd, subito dopo una delle votazioni)<\/p>\n<p>La decisione di <strong>invertire i colori identificativi della sosta<\/strong> \u00e8 stata accolta con ironia ma alla fine votata dall&#8217;aula e secondo Mauro Gregori, il consigliere blogger della lista Galimberti, risponde alla necessit\u00e0 di fare maggior chiarezza sulle fasce di prezzo che in futuro saranno destinate alla sosta: &#8220;Dove<strong> il rosso<\/strong> indica per il cittadino senza dubbio il punto pi\u00f9 costoso e deve essere invece il verde a indicare il luogo dove si pagher\u00e0 di meno&#8221;.<\/p>\n<p>Dunque inversione sia, la fasce saranno cos\u00ec ricollocate: <strong>la rossa<\/strong> quella pi\u00f9 costosa e via di seguito <strong>azzurra, blu, verde.<\/strong><\/p>\n<p>Nella <strong>prima serata di battaglia sugli emendamenti al bilancio<\/strong> si \u00e8 discusso, fino a notte inoltrata, del piano della sosta. La maggioranza ha bocciato la maggior parte degli emendamenti del centrodestra ma \u00e8 stata sconfitta da <strong>un emendamento di Simone Longhini<\/strong>, il capogruppo di Forza Italia che aveva chiesto di non ridurre la sosta delle donne incinta (i parcheggi rosa) a un massimo di sole due ore. La misura era stata decisa dalla giunta per <strong>evitare gli abusi<\/strong> che secondo l&#8217;assessore Civati sono stati riscontrati da Avt, ma Longhini ha insistito sulla necessit\u00e0 di non penalizzare le donne in gravidanza. Mentre il segretario cittadino del Pd Luca Paris bollava tra i suoi come <strong>demagogica<\/strong> la proposta, dentro la stessa maggioranza c&#8217;era invece chi prendeva la parola per dare ragione a Longhini come hanno fatto <strong>Mauro Gregori (Lista Galimberti)<\/strong> ma anche <strong>Luisa Oprandi (Pd),<\/strong> convinta sostenitrice del parcheggio rosa senza limiti. Alla fine l&#8217;emendamento \u00e8 stato accolto per 16 voti contro 15, ottenendo il via libera da tutta la minoranza e dai consiglieri di maggioranza Iannini (Lista Galimberti) Gregori (lista Galimberti) Oprandi (Pd) Mirabelli (Pd) Infortuna (Pd) Pullara (Pd). E anche Malerba (Lega Civica).<\/p>\n<p><div class=\"photo-inside-post\"><img decoding=\"async\" loading=\"lazy\" fetchpriority=\"low\" width=\"610\" height=\"431\" src=\"https:\/\/staging.varesenews.it\/photogallery_new\/images\/2017\/03\/consiglio-comunale-varese-2016-601721.610x431.jpg\" alt=\"consiglio comunale varese 2016\"><\/div><br \/>\n(I gruppi Forza Italia e Lista Orrigoni, durante una pausa dei lavori)<\/p>\n<p>Dal punto di vista politico si tratta di un segnale al sindaco Galimberti e alla maggioranza, che per\u00f2 ha motivazioni diverse: sintomatico il voto del presidente del consiglio comunale<strong> Malerba<\/strong>, per la prima volta sceso in campo contro il sindaco e allineato con il consigliere Gregori, a sua volta in questi giorni critico con la maggioranza. Iannini, Oprandi, Mirabelli e Infortuna invece fanno parte di un gruppo di consiglieri, da tempo, <strong>pi\u00f9 o meno apertamente critici con il metodo di leadership<\/strong> esercitato finora da Galimberti, mentre per Pullara il dissenso \u00e8 solo personale (la moglie \u00e8 incinta e sente il problema a livello familiare).<\/p>\n<p>Il centrosinistra<strong> ha accolto l&#8217;emendamento di Fabio Binelli (Lega)<\/strong> sulla trasformazione di 20 posti a disco orario di un&#8217;ora davanti al cimitero di Giubiano (proposta che present\u00f2 da consigliere di minoranza lo stesso assessore Civati).<\/p>\n<p>Tuttavia per restare alla sostanza politica, e di metodo, della serata<strong> sono almeno due i temi grossi emersi<\/strong>. Da un lato la maggioranza ha respinto in blocco le proposte migliorative della Lista Orrigoni che in pratica chiedeva, con una serie di emendamenti, di togliere o almeno di limitare l&#8217;introduzione di 1880 nuovi posti a pagamento nella zona rossa (che ora diventa verde) nei quartieri di Varese.<\/p>\n<p>Il consigliere <strong>Luca Boldetti ha presentato tre diversi emendamenti<\/strong> sul tema ma anche altre proposte, come quella di dotare gli insegnanti di speciali pass per evitare che debbano pagare per cinque ore i nuovi stalli a ridosso delle scuole di Casbeno, confermando in sostanza che l&#8217;introduzione di <strong>quasi 2000 nuovi parcheggi<\/strong> a pagamento viene considerata importantissima per far quadrare il bilancio delle casse comunali.<\/p>\n<p><div class=\"photo-inside-post\"><img decoding=\"async\" loading=\"lazy\" fetchpriority=\"low\" width=\"610\" height=\"431\" src=\"https:\/\/staging.varesenews.it\/photogallery_new\/images\/2017\/03\/consiglio-comunale-varese-2016-601720.610x431.jpg\" alt=\"consiglio comunale varese 2016\"><\/div><br \/>\n(l&#8217;aula)<\/p>\n<p>Un secondo aspetto riguarda invece il metodo utilizzato nelle votazioni: il piano della sosta\u00a0<strong>viene votato insieme al bilancio<\/strong>, dunque ogni proposta deve avere una specifica copertura finanziaria che deve essere vagliata dai dirigenti e dai revisori. Questa modalit\u00e0 ha creato qualche problema al consiglio, dato che la conferenza capigruppo aveva stabilito che ogni proposta andava recapitata entro venerd\u00ec scorso: eventuali nuove proposte, o accordi, emersi in aula, sono stati molti limitati, anche con la motivazione tecnica ed economica. Le opposizioni hanno sollevato dubbi sulla procedura.<\/p>\n","protected":false},"excerpt":{"rendered":"<p>Passa un emendamento di Forza Italia a favore dei park rosa, la maggioranza boccia per\u00f2 la richiesta della lista Orrigoni di bloccare i 2000 nuovi parcheggi a pagamento<\/p>\n","protected":false},"author":50,"featured_media":0,"comment_status":"open","ping_status":"open","sticky":false,"template":"","format":"standard","meta":{"footnotes":""},"categories":[16,2],"tags":[15095,1245,65501],"acf":[],"yoast_head":"<!-- This site is optimized with the Yoast SEO plugin v20.1 - https:\/\/yoast.com\/wordpress\/plugins\/seo\/ -->\n<title>Battaglia della sosta in consiglio<\/title>\n<meta name=\"description\" content=\"Passa un emendamento di Forza Italia a favore dei park rosa, la maggioranza boccia per\u00f2 la richiesta della lista Orrigoni di bloccare i 2000 nuovi parcheggi a pagamento\" \/>\n<meta name=\"robots\" content=\"noindex, follow, max-snippet:-1, max-image-preview:large, max-video-preview:-1\" \/>\n<meta property=\"og:locale\" content=\"it_IT\" \/>\n<meta property=\"og:type\" content=\"article\" \/>\n<meta property=\"og:title\" content=\"Battaglia della sosta in consiglio\" \/>\n<meta property=\"og:description\" content=\"Passa un emendamento di Forza Italia a favore dei park rosa, la maggioranza boccia per\u00f2 la richiesta della lista Orrigoni di bloccare i 2000 nuovi parcheggi a pagamento\" \/>\n<meta property=\"og:url\" content=\"https:\/\/staging.varesenews.it\/2017\/03\/battaglia-della-sosta-in-consiglio\/607807\/\" \/>\n<meta property=\"og:site_name\" content=\"VareseNews\" \/>\n<meta property=\"article:publisher\" content=\"https:\/\/www.facebook.com\/varesenews\" \/>\n<meta property=\"article:published_time\" content=\"2017-03-28T08:08:11+00:00\" \/>\n<meta property=\"article:modified_time\" content=\"2017-03-28T10:10:38+00:00\" \/>\n<meta name=\"author\" content=\"Roberto Rotondo\" \/>\n<meta name=\"twitter:card\" content=\"summary_large_image\" \/>\n<meta name=\"twitter:creator\" content=\"@robertorotondo\" \/>\n<meta name=\"twitter:site\" content=\"@varesenews\" \/>\n<meta name=\"twitter:label1\" content=\"Scritto da\" \/>\n\t<meta name=\"twitter:data1\" content=\"Roberto Rotondo\" \/>\n\t<meta name=\"twitter:label2\" content=\"Tempo di lettura stimato\" \/>\n\t<meta name=\"twitter:data2\" content=\"4 minuti\" \/>\n<script type=\"application\/ld+json\" class=\"yoast-schema-graph\">{\"@context\":\"https:\/\/schema.org\",\"@graph\":[{\"@type\":\"WebPage\",\"@id\":\"https:\/\/staging.varesenews.it\/2017\/03\/battaglia-della-sosta-in-consiglio\/607807\/\",\"url\":\"https:\/\/staging.varesenews.it\/2017\/03\/battaglia-della-sosta-in-consiglio\/607807\/\",\"name\":\"Battaglia della sosta in consiglio\",\"isPartOf\":{\"@id\":\"https:\/\/staging.varesenews.it\/#website\"},\"datePublished\":\"2017-03-28T08:08:11+00:00\",\"dateModified\":\"2017-03-28T10:10:38+00:00\",\"author\":{\"@id\":\"https:\/\/staging.varesenews.it\/#\/schema\/person\/bace96b9ce1b4905df659e51a83c17fe\"},\"description\":\"Passa un emendamento di Forza Italia a favore dei park rosa, la maggioranza boccia per\u00f2 la richiesta della lista Orrigoni di bloccare i 2000 nuovi parcheggi a pagamento\",\"breadcrumb\":{\"@id\":\"https:\/\/staging.varesenews.it\/2017\/03\/battaglia-della-sosta-in-consiglio\/607807\/#breadcrumb\"},\"inLanguage\":\"it-IT\",\"potentialAction\":[{\"@type\":\"ReadAction\",\"target\":[\"https:\/\/staging.varesenews.it\/2017\/03\/battaglia-della-sosta-in-consiglio\/607807\/\"]}]},{\"@type\":\"BreadcrumbList\",\"@id\":\"https:\/\/staging.varesenews.it\/2017\/03\/battaglia-della-sosta-in-consiglio\/607807\/#breadcrumb\",\"itemListElement\":[{\"@type\":\"ListItem\",\"position\":1,\"name\":\"Home\",\"item\":\"https:\/\/www.varesenews.it\/\"},{\"@type\":\"ListItem\",\"position\":2,\"name\":\"Battaglia della sosta in consiglio\"}]},{\"@type\":\"WebSite\",\"@id\":\"https:\/\/staging.varesenews.it\/#website\",\"url\":\"https:\/\/staging.varesenews.it\/\",\"name\":\"VareseNews\",\"description\":\"\",\"potentialAction\":[{\"@type\":\"SearchAction\",\"target\":{\"@type\":\"EntryPoint\",\"urlTemplate\":\"https:\/\/staging.varesenews.it\/?s={search_term_string}\"},\"query-input\":\"required name=search_term_string\"}],\"inLanguage\":\"it-IT\"},{\"@type\":\"Person\",\"@id\":\"https:\/\/staging.varesenews.it\/#\/schema\/person\/bace96b9ce1b4905df659e51a83c17fe\",\"name\":\"Roberto Rotondo\",\"image\":{\"@type\":\"ImageObject\",\"inLanguage\":\"it-IT\",\"@id\":\"https:\/\/staging.varesenews.it\/#\/schema\/person\/image\/\",\"url\":\"https:\/\/staging.varesenews.it\/wp-content\/uploads\/2015\/03\/10888676_10204734543537926_609787919772941341_n.jpg\",\"contentUrl\":\"https:\/\/staging.varesenews.it\/wp-content\/uploads\/2015\/03\/10888676_10204734543537926_609787919772941341_n.jpg\",\"caption\":\"Roberto Rotondo\"},\"description\":\"Nato a Varese nel 1972. Laureato in Storia alla Statale di Milano. A Varese News dal 1998. Ho iniziato a scrivere su riviste locali, poi sono entrato nel progetto di Varese News quando ancora era agli inizi. Nel frattempo mi sono occupato di ricerca storica e ho collaborato con un settimanale e un quotidiano della Svizzera italiana scrivendo di cronaca e politica. Mi sono preso una pausa da Varese nel 2004. Ho lavorato per alcuni anni a Milano all'agenzia di stampa Adnkronos, con qualche stage a Roma nei palazzi della politica. Lanci di agenzia e servizi tv multimediali erano tra i miei compiti. In quegli anni ho lavorato per alcune radio anche nazionali, Radio Capital su tutte, come corrispondente locale. Ho scritto anche per un settimanale di gossip, ma sempre cronaca nera. Ed eccomi qui. Dal 2007 lavoro anche per il Corriere della sera, di cui sono corrispondente. A Varesenews sono ormai uno dei senatori. Mi occupo di cronaca nera, giudiziaria e di politica e della cronaca cittadina di Varese.\",\"sameAs\":[\"robertorotondo\",\"https:\/\/twitter.com\/robertorotondo\"],\"url\":\"https:\/\/staging.varesenews.it\/persona\/roberto-rotondo\/\"}]}<\/script>\n<!-- \/ Yoast SEO plugin. -->","yoast_head_json":{"title":"Battaglia della sosta in consiglio","description":"Passa un emendamento di Forza Italia a favore dei park rosa, la maggioranza boccia per\u00f2 la richiesta della lista Orrigoni di bloccare i 2000 nuovi parcheggi a pagamento","robots":{"index":"noindex","follow":"follow","max-snippet":"max-snippet:-1","max-image-preview":"max-image-preview:large","max-video-preview":"max-video-preview:-1"},"og_locale":"it_IT","og_type":"article","og_title":"Battaglia della sosta in consiglio","og_description":"Passa un emendamento di Forza Italia a favore dei park rosa, la maggioranza boccia per\u00f2 la richiesta della lista Orrigoni di bloccare i 2000 nuovi parcheggi a pagamento","og_url":"https:\/\/staging.varesenews.it\/2017\/03\/battaglia-della-sosta-in-consiglio\/607807\/","og_site_name":"VareseNews","article_publisher":"https:\/\/www.facebook.com\/varesenews","article_published_time":"2017-03-28T08:08:11+00:00","article_modified_time":"2017-03-28T10:10:38+00:00","author":"Roberto Rotondo","twitter_card":"summary_large_image","twitter_creator":"@robertorotondo","twitter_site":"@varesenews","twitter_misc":{"Scritto da":"Roberto Rotondo","Tempo di lettura stimato":"4 minuti"},"schema":{"@context":"https:\/\/schema.org","@graph":[{"@type":"WebPage","@id":"https:\/\/staging.varesenews.it\/2017\/03\/battaglia-della-sosta-in-consiglio\/607807\/","url":"https:\/\/staging.varesenews.it\/2017\/03\/battaglia-della-sosta-in-consiglio\/607807\/","name":"Battaglia della sosta in consiglio","isPartOf":{"@id":"https:\/\/staging.varesenews.it\/#website"},"datePublished":"2017-03-28T08:08:11+00:00","dateModified":"2017-03-28T10:10:38+00:00","author":{"@id":"https:\/\/staging.varesenews.it\/#\/schema\/person\/bace96b9ce1b4905df659e51a83c17fe"},"description":"Passa un emendamento di Forza Italia a favore dei park rosa, la maggioranza boccia per\u00f2 la richiesta della lista Orrigoni di bloccare i 2000 nuovi parcheggi a pagamento","breadcrumb":{"@id":"https:\/\/staging.varesenews.it\/2017\/03\/battaglia-della-sosta-in-consiglio\/607807\/#breadcrumb"},"inLanguage":"it-IT","potentialAction":[{"@type":"ReadAction","target":["https:\/\/staging.varesenews.it\/2017\/03\/battaglia-della-sosta-in-consiglio\/607807\/"]}]},{"@type":"BreadcrumbList","@id":"https:\/\/staging.varesenews.it\/2017\/03\/battaglia-della-sosta-in-consiglio\/607807\/#breadcrumb","itemListElement":[{"@type":"ListItem","position":1,"name":"Home","item":"https:\/\/www.varesenews.it\/"},{"@type":"ListItem","position":2,"name":"Battaglia della sosta in consiglio"}]},{"@type":"WebSite","@id":"https:\/\/staging.varesenews.it\/#website","url":"https:\/\/staging.varesenews.it\/","name":"VareseNews","description":"","potentialAction":[{"@type":"SearchAction","target":{"@type":"EntryPoint","urlTemplate":"https:\/\/staging.varesenews.it\/?s={search_term_string}"},"query-input":"required name=search_term_string"}],"inLanguage":"it-IT"},{"@type":"Person","@id":"https:\/\/staging.varesenews.it\/#\/schema\/person\/bace96b9ce1b4905df659e51a83c17fe","name":"Roberto Rotondo","image":{"@type":"ImageObject","inLanguage":"it-IT","@id":"https:\/\/staging.varesenews.it\/#\/schema\/person\/image\/","url":"https:\/\/staging.varesenews.it\/wp-content\/uploads\/2015\/03\/10888676_10204734543537926_609787919772941341_n.jpg","contentUrl":"https:\/\/staging.varesenews.it\/wp-content\/uploads\/2015\/03\/10888676_10204734543537926_609787919772941341_n.jpg","caption":"Roberto Rotondo"},"description":"Nato a Varese nel 1972. Laureato in Storia alla Statale di Milano. A Varese News dal 1998. Ho iniziato a scrivere su riviste locali, poi sono entrato nel progetto di Varese News quando ancora era agli inizi. Nel frattempo mi sono occupato di ricerca storica e ho collaborato con un settimanale e un quotidiano della Svizzera italiana scrivendo di cronaca e politica. Mi sono preso una pausa da Varese nel 2004. Ho lavorato per alcuni anni a Milano all'agenzia di stampa Adnkronos, con qualche stage a Roma nei palazzi della politica. Lanci di agenzia e servizi tv multimediali erano tra i miei compiti. In quegli anni ho lavorato per alcune radio anche nazionali, Radio Capital su tutte, come corrispondente locale. Ho scritto anche per un settimanale di gossip, ma sempre cronaca nera. Ed eccomi qui. Dal 2007 lavoro anche per il Corriere della sera, di cui sono corrispondente. A Varesenews sono ormai uno dei senatori. Mi occupo di cronaca nera, giudiziaria e di politica e della cronaca cittadina di Varese.","sameAs":["robertorotondo","https:\/\/twitter.com\/robertorotondo"],"url":"https:\/\/staging.varesenews.it\/persona\/roberto-rotondo\/"}]}},"post_meta":{"_edit_lock":"1490696457:50","_edit_last":"50","_category_permalink":"","wdfb_og_title":"","wdfb_og_type":"","wdfb_og_description":"","wdfb_og_images":"a:1:{i:0;s:0:\"\";}","wdfb_og_custom_name":"a:1:{i:0;s:0:\"\";}","wdfb_og_custom_value":"a:1:{i:0;s:0:\"\";}","_jd_twitter":"","_jd_tweet_this":"yes","argomento":"Varese","ratings_users":"0","ratings_score":"0","ratings_average":"0","id_leggi_anche":"607667,597237,608222","foto":"601708","_wpt_short_url":"http:\/\/www.varesenews.it\/2017\/03\/battaglia-della-sosta-in-consiglio\/607807\/","_wp_jd_target":"http:\/\/www.varesenews.it\/2017\/03\/battaglia-della-sosta-in-consiglio\/607807\/","_jd_wp_twitter":"a:1:{i:0;s:143:\"Battaglia della sosta in consiglio http:\/\/www.varesenews.it\/2017\/03\/battaglia-della-sosta-in-consiglio\/607807\/ #bilanciovarese #pianodellasosta\";}","_wpt_status_message":"Tweet inviato con successo."},"photos":[{"original":"https:\/\/staging.varesenews.it\/photogallery_new\/images\/2017\/03\/consiglio-varese-601708.jpg","full":"https:\/\/staging.varesenews.it\/photogallery_new\/images\/2017\/03\/consiglio-varese-601708.1024x768.jpg","large":"https:\/\/staging.varesenews.it\/photogallery_new\/images\/2017\/03\/consiglio-varese-601708.610x431.jpg"}],"_links":{"self":[{"href":"https:\/\/staging.varesenews.it\/swgapi\/v1\/wp\/v2\/posts\/607807"}],"collection":[{"href":"https:\/\/staging.varesenews.it\/swgapi\/v1\/wp\/v2\/posts"}],"about":[{"href":"https:\/\/staging.varesenews.it\/swgapi\/v1\/wp\/v2\/types\/post"}],"author":[{"embeddable":true,"href":"https:\/\/staging.varesenews.it\/swgapi\/v1\/wp\/v2\/users\/50"}],"replies":[{"embeddable":true,"href":"https:\/\/staging.varesenews.it\/swgapi\/v1\/wp\/v2\/comments?post=607807"}],"version-history":[{"count":0,"href":"https:\/\/staging.varesenews.it\/swgapi\/v1\/wp\/v2\/posts\/607807\/revisions"}],"wp:attachment":[{"href":"https:\/\/staging.varesenews.it\/swgapi\/v1\/wp\/v2\/media?parent=607807"}],"wp:term":[{"taxonomy":"category","embeddable":true,"href":"https:\/\/staging.varesenews.it\/swgapi\/v1\/wp\/v2\/categories?post=607807"},{"taxonomy":"post_tag","embeddable":true,"href":"https:\/\/staging.varesenews.it\/swgapi\/v1\/wp\/v2\/tags?post=607807"}],"curies":[{"name":"wp","href":"https:\/\/api.w.org\/{rel}","templated":true}]}}