{"id":607966,"date":"2017-03-28T15:41:10","date_gmt":"2017-03-28T13:41:10","guid":{"rendered":"http:\/\/www.varesenews.it\/?p=607966"},"modified":"2017-03-28T15:41:41","modified_gmt":"2017-03-28T13:41:41","slug":"un-corso-prematrimoniale-per-matrimoni-civili","status":"publish","type":"post","link":"https:\/\/staging.varesenews.it\/2017\/03\/un-corso-prematrimoniale-per-matrimoni-civili\/607966\/","title":{"rendered":"Un corso prematrimoniale per chi si sposa civilmente"},"content":{"rendered":"<p>Negli anni 70-80 si celebravano \u00a0400mila matrimoni e oltre all&#8217;anno, quasi tutti religiosi. Nel 2014, i matrimoni sono crollati a 190mila. Nel 2015 hanno ricominciato ad aumentare leggermente, di circa 5mila unit\u00e0, confermate nel 2016. Ma nel frattempo, i matrimoni avevano preso un aspetto totalmente diverso: Il 47% di questi era stato\u00a0celebrato\u00a0con rito civile.<\/p>\n<p>Per questo il consultorio <strong>La Casa<\/strong>, che da\u00a0molti anni, tra le sue attivit\u00e0, organizza un corso prematrimoniale destinato ai matrimoni religiosi, ha deciso di organizzare anche un\u00a0&#8220;<strong>Corso di Accompagnamento al Matrimonio Civile<\/strong>&#8221; : \u00abI dati ci hanno fatto pensare &#8211; spiega il vicepresidente <strong>Enrico Pellegrini<\/strong> &#8211; E\u00a0noi\u00a0che\u00a0abbiamo sempre fatto corsi per matrimoni religiosi abbiamo cominciato a domandarci se non fosse il caso di farli anche per chi non vuole o non pu\u00f2 sposarsi in chiesa\u00bb.<\/p>\n<p>Detto, fatto. Una prima versione \u00e8 stata sperimentata a Malnate: \u00abE ha avuto tanto successo da darci il coraggio di replicarlo nella nostra sede, a Varese\u00bb. E con tanto di patrocinio comunale: \u00abIl comune ha dato il patrocinio perch\u00e8 ci sembrava una iniziativa utile e degna di tutela &#8211; ha spiegato <strong>Roberto Molinari<\/strong>, assessore ai servizi sociali &#8211; Una proposta anche di carattere culturale per la citt\u00e0 di Varese.<\/p>\n<h3>PAROLA D&#8217;ORDINE: PREVENZIONE<\/h3>\n<p>\u00abIl taglio che vogliamo dare con questo corso \u00e8 sulla prevenzione &#8211; spiega il direttore de La Casa,\u00a0<strong>Giuseppe Tarantino<\/strong> &#8211; Le attivit\u00e0 del consultorio stanno avviandosi verso questo percorso. Un percorso che d\u00e0 alle coppie modo di conoscersi e creare punti di aggregazione, per condifdere e rendere pi\u00f9 afforntabili anche le difficolt\u00e0\u00bb.<\/p>\n<p>Un&#8217;esigenza nata nell&#8217;ambito di altri servizi: \u00abAll&#8217;interno del nostro consultorio abbiamo creato gruppi di parola per bambini di genitori separati &#8211; continua il direttore &#8211; Il primo \u00e8 partito a gennaio, e la prima cosa che abbiamo notato \u00e8 che c&#8217;\u00e8 una grandissima sofferenza: non solo nei bambini ma anche nei genitori. Inoltre, stanno aumentando le coppie che arrivano in consultorio con decreto: cio\u00e8 con l&#8217;imposizione di un giudice di un percorso genitoriale. Vi lasciamo immaginare come ci arrivano i genitori e i bambini a un percorso del genere. Per questo abbiamo pensato seriamente alla prevenzione\u00bb.<\/p>\n<p>\u00abLe statistiche ci dicono che i matrimoni civili stanno aumentando, e anche i matrimoni in generale &#8211; ha aggiunto\u00a0<strong>Carlo Negri<\/strong>,\u00a0medico de La Casa &#8211; Ma stanno aumentando anche le difficolt\u00e0 di coppia, che molte conseguenze: non solo psicologiche e umane, ma anche sociali e perch\u00e8 no economiche. Non siamo alla prima esperienza: la prima \u00e8 stata in un altro comune, Malnate, e i riscontri positivi ci hanno convinto a proporla nella citt\u00e0 dove abbiamo la sede\u00bb.<\/p>\n<p>&nbsp;<\/p>\n<h3>IN COSA CONSISTE IL CORSO<\/h3>\n<p>Il corso de <strong>La Casa<\/strong> vuole essere destinato al &#8220;miglioramento delle competenze relazionali ed educative&#8221; e \u00a0i destinatari sono coppie, ma anche singoli che pensano di sposarsi con rito civile o stanno convivendo, e in generale per\u00a0tutte le persone che desiderano riflettere sulle relazioni di coppia: forte appunto dell&#8217;esperienza di quello che da tempo \u00e8 l&#8217;impegno dell&#8217;istituto.<\/p>\n<p>\u00abLa fondazione da oltre 50 anni ha lo scopo di fornire un sostegno e un accompagnamento alle coppie, con molte iniziative tra cui il corso di accompagnamento al rito religioso &#8211; spiega <strong>Carlo Negri<\/strong>,\u00a0medico, da sempre coinvolto nei corsi de La Casa &#8211; Ora il rito civile sta aumentando fortemente, coi abbiamo pensato a un corso di accompagnamento dedicato a chi fa questa scelta, e in generale a qualunque forma di convivenza che abbia intenzione di costruire, di essere famiglia. Ci saranno due serate tenute da uno psicologo, che parler\u00e0 innanzitutto dei problemi di relazione e affettivit\u00e0. Una serata tenuta dal medico, io, che ha lo scopo di fornire una conoscenza mediche per aumentare possibilit\u00e0 di salute legate a procreazione, gravidanza e bambini dove si parler\u00e0 anche di metodi contraccettivi, anche naturali. Una serata con l&#8217;avvocato che parler\u00e0 delle relazioni tra matrimonio e legge. Poi ci sar\u00e0 una serata anche di confronto con una coppia di grande esperienza, che parler\u00e0 di aspetti della vita di coppia dalla parte della vita vissuta, e come la famiglia si relaziona con istituzioni pubbliche come la scuola. L&#8217;ultima serata \u00e8 facoltativa: si far\u00e0 solo se ci sar\u00e0 la richiesta. Sar\u00e0 tenuta da un prete e da un consigliere comunale, dove verranno spiegati anche alcuni passaggi del matrimonio religioso e civile\u00bb.<\/p>\n<p>Gli incontri prevedono un momento informativo, con una breve relazione sulla tematica dell&#8217;incontro, un momento di riflessione personale e di coppia dove i partecipanti riflettono insieme, e si confrontano su alcuni aspetti specifici esposti nel primo momento o a partire da uno stimolo specifico e un momento di scambio tra tutti i partecipanti per giungere, con l&#8217;aiuto del conduttore, alle riflessioni conclusive.<\/p>\n<p><strong>L\u2019iscrizione \u00e8 gratuita<\/strong>: gli interessati potranno iscriversi contattando la segreteria del Consultorio La Casa di Varese dal luned\u00ec al venerdi dalle 9-12.30 e 14-16 al numero di telefono 0332-238079, o sul sito <a href=\"http:\/\/www.lacasadivarese.it\" target=\"_blank\"><strong>www.lacasadivarese.it<\/strong><\/a>. A organizzare \u00e8 la Fondazione \u201cLa Casa di Varese &#8211; onlus\u201d Consultorio Famigliare. Sede del corso \u00e8 il \u2018Centro Soranzo\u2019 di Avigno, in via Oriani 121 a Varese.<\/p>\n<h3>IL PROGRAMMA:<\/h3>\n<p>GIOVED\u00cc 20 APRILE<br \/>\nORE 21.00 \u2014 22.30<br \/>\nASPETTI PSICOLOGICI DELLA COPPIA<br \/>\ndr. De Franceschi M., psicoterapeuta<\/p>\n<p>GIOVED\u00cc 27 APRILE<br \/>\nORE 21.00 \u2014 22.30<br \/>\nIL CORPO AL SERVIZIO DELL\u2019AMORE E DELLA VITA<br \/>\ndr. Negri C., medico<\/p>\n<p>GIOVED\u00cc 4 MAGGIO<br \/>\nORE 21.00 \u2014 22.30<br \/>\nCOMUNICAZIONE E INTIMITA\u2019 NELLA COPPIA<br \/>\ndr. De Franceschi M., psicoterapeuta<\/p>\n<p>GIOVED\u00cc 11 MAGGIO<br \/>\nORE 21.00 \u2014 22.30<br \/>\nMATRIMONIO E LEGGE<br \/>\ndr.ssa Guasco R., avvocato<\/p>\n<p>GIOVED\u00cc 18 MAGGIO<br \/>\nORE 21.00 \u2014 22.30<br \/>\nFAMIGLIA TRA PUBBLICO E PRIVATO<br \/>\nFam. Pellegrini, coppia animatrice<\/p>\n<p>GIOVED\u00cc 25 MAGGIO<br \/>\nORE 21.00 \u2014 22.30<br \/>\nLA CELEBRAZIONE DEL MATRIMONIO<br \/>\nConsigliere Comunale e Sacerdote<\/p>\n","protected":false},"excerpt":{"rendered":"<p>Lo organizza l&#8217;istituto La Casa per tutti coloro che &#8220;non vogliono o non possono&#8221; sposarsi in chiesa, ma vogliono ugualmente prepararsi alla convivenza<\/p>\n","protected":false},"author":48,"featured_media":0,"comment_status":"open","ping_status":"open","sticky":false,"template":"","format":"standard","meta":{"footnotes":""},"categories":[26,2],"tags":[67262,64338],"acf":[],"yoast_head":"<!-- This site is optimized with the Yoast SEO plugin v20.1 - https:\/\/yoast.com\/wordpress\/plugins\/seo\/ -->\n<title>Un corso prematrimoniale per chi si sposa civilmente<\/title>\n<meta name=\"description\" content=\"Lo organizza l&#039;istituto La Casa per tutti coloro che &quot;non vogliono o non possono&quot; sposarsi in chiesa, ma vogliono ugualmente prepararsi alla convivenza\" \/>\n<meta name=\"robots\" content=\"noindex, follow, max-snippet:-1, max-image-preview:large, max-video-preview:-1\" \/>\n<meta property=\"og:locale\" content=\"it_IT\" \/>\n<meta property=\"og:type\" content=\"article\" \/>\n<meta property=\"og:title\" content=\"Un corso prematrimoniale per chi si sposa civilmente\" \/>\n<meta property=\"og:description\" content=\"Lo organizza l&#039;istituto La Casa per tutti coloro che &quot;non vogliono o non possono&quot; sposarsi in chiesa, ma vogliono ugualmente prepararsi alla convivenza\" \/>\n<meta property=\"og:url\" content=\"https:\/\/www.varesenews.it\/2017\/03\/un-corso-prematrimoniale-per-matrimoni-civili\/607966\/\" \/>\n<meta property=\"og:site_name\" content=\"VareseNews\" \/>\n<meta property=\"article:publisher\" content=\"https:\/\/www.facebook.com\/varesenews\" \/>\n<meta property=\"article:author\" content=\"https:\/\/www.facebook.com\/stefaniaradman\" \/>\n<meta property=\"article:published_time\" content=\"2017-03-28T13:41:10+00:00\" \/>\n<meta property=\"article:modified_time\" content=\"2017-03-28T13:41:41+00:00\" \/>\n<meta name=\"author\" content=\"Stefania Radman\" \/>\n<meta name=\"twitter:card\" content=\"summary_large_image\" \/>\n<meta name=\"twitter:creator\" content=\"@LaRadman\" \/>\n<meta name=\"twitter:site\" content=\"@varesenews\" \/>\n<meta name=\"twitter:label1\" content=\"Scritto da\" \/>\n\t<meta name=\"twitter:data1\" content=\"Stefania Radman\" \/>\n\t<meta name=\"twitter:label2\" content=\"Tempo di lettura stimato\" \/>\n\t<meta name=\"twitter:data2\" content=\"5 minuti\" \/>\n<script type=\"application\/ld+json\" class=\"yoast-schema-graph\">{\"@context\":\"https:\/\/schema.org\",\"@graph\":[{\"@type\":\"WebPage\",\"@id\":\"https:\/\/www.varesenews.it\/2017\/03\/un-corso-prematrimoniale-per-matrimoni-civili\/607966\/\",\"url\":\"https:\/\/www.varesenews.it\/2017\/03\/un-corso-prematrimoniale-per-matrimoni-civili\/607966\/\",\"name\":\"Un corso prematrimoniale per chi si sposa civilmente\",\"isPartOf\":{\"@id\":\"https:\/\/staging.varesenews.it\/#website\"},\"datePublished\":\"2017-03-28T13:41:10+00:00\",\"dateModified\":\"2017-03-28T13:41:41+00:00\",\"author\":{\"@id\":\"https:\/\/staging.varesenews.it\/#\/schema\/person\/995d2e6a31c67237a9a1bc1f0079f3aa\"},\"description\":\"Lo organizza l'istituto La Casa per tutti coloro che \\\"non vogliono o non possono\\\" sposarsi in chiesa, ma vogliono ugualmente prepararsi alla convivenza\",\"breadcrumb\":{\"@id\":\"https:\/\/www.varesenews.it\/2017\/03\/un-corso-prematrimoniale-per-matrimoni-civili\/607966\/#breadcrumb\"},\"inLanguage\":\"it-IT\",\"potentialAction\":[{\"@type\":\"ReadAction\",\"target\":[\"https:\/\/www.varesenews.it\/2017\/03\/un-corso-prematrimoniale-per-matrimoni-civili\/607966\/\"]}]},{\"@type\":\"BreadcrumbList\",\"@id\":\"https:\/\/www.varesenews.it\/2017\/03\/un-corso-prematrimoniale-per-matrimoni-civili\/607966\/#breadcrumb\",\"itemListElement\":[{\"@type\":\"ListItem\",\"position\":1,\"name\":\"Home\",\"item\":\"https:\/\/www.varesenews.it\/\"},{\"@type\":\"ListItem\",\"position\":2,\"name\":\"Un corso prematrimoniale per chi si sposa civilmente\"}]},{\"@type\":\"WebSite\",\"@id\":\"https:\/\/staging.varesenews.it\/#website\",\"url\":\"https:\/\/staging.varesenews.it\/\",\"name\":\"VareseNews\",\"description\":\"\",\"potentialAction\":[{\"@type\":\"SearchAction\",\"target\":{\"@type\":\"EntryPoint\",\"urlTemplate\":\"https:\/\/staging.varesenews.it\/?s={search_term_string}\"},\"query-input\":\"required name=search_term_string\"}],\"inLanguage\":\"it-IT\"},{\"@type\":\"Person\",\"@id\":\"https:\/\/staging.varesenews.it\/#\/schema\/person\/995d2e6a31c67237a9a1bc1f0079f3aa\",\"name\":\"Stefania Radman\",\"image\":{\"@type\":\"ImageObject\",\"inLanguage\":\"it-IT\",\"@id\":\"https:\/\/staging.varesenews.it\/#\/schema\/person\/image\/\",\"url\":\"https:\/\/staging.varesenews.it\/wp-content\/uploads\/2020\/12\/stefania_radman_colori_500.jpg\",\"contentUrl\":\"https:\/\/staging.varesenews.it\/wp-content\/uploads\/2020\/12\/stefania_radman_colori_500.jpg\",\"caption\":\"Stefania Radman\"},\"description\":\"Varesina dal 1991, lavoro dal 2000 per Varesenews.it, prima come responsabile della pagina dell&rsquo;economia, poi della pagina life, ora della citt&agrave; di Varese.Ma sono (e sono stata) anche altro: per esempio, agli albori delle radio private ero dj in una radio milanese, Onda Radio. Da 20 anni sono corrispondente da Varese di Radio Popolare e ho collaborato con Espresso, Repubblica, Diario della Settimana, Italia Oggi. &ldquo;Smanettona&rdquo; da sempre, ho aperto il mio primo sito personale con Geocities nei primi anni novanta (chi se lo ricorda?) e i miei primi blog in Splinder all&rsquo;inizio del 2000. Ora sono sui social: qui quasi sempre sono semplicemente \\\"LaRadman&rdquo;.\",\"sameAs\":[\"http:\/\/laradman.blogspot.it\",\"https:\/\/www.facebook.com\/stefaniaradman\",\"@LaRadman\",\"https:\/\/www.linkedin.com\/in\/stefaniaradman\",\"https:\/\/twitter.com\/LaRadman\"],\"url\":\"https:\/\/staging.varesenews.it\/persona\/stefania-radman1\/\"}]}<\/script>\n<!-- \/ Yoast SEO plugin. -->","yoast_head_json":{"title":"Un corso prematrimoniale per chi si sposa civilmente","description":"Lo organizza l'istituto La Casa per tutti coloro che \"non vogliono o non possono\" sposarsi in chiesa, ma vogliono ugualmente prepararsi alla convivenza","robots":{"index":"noindex","follow":"follow","max-snippet":"max-snippet:-1","max-image-preview":"max-image-preview:large","max-video-preview":"max-video-preview:-1"},"og_locale":"it_IT","og_type":"article","og_title":"Un corso prematrimoniale per chi si sposa civilmente","og_description":"Lo organizza l'istituto La Casa per tutti coloro che \"non vogliono o non possono\" sposarsi in chiesa, ma vogliono ugualmente prepararsi alla convivenza","og_url":"https:\/\/www.varesenews.it\/2017\/03\/un-corso-prematrimoniale-per-matrimoni-civili\/607966\/","og_site_name":"VareseNews","article_publisher":"https:\/\/www.facebook.com\/varesenews","article_author":"https:\/\/www.facebook.com\/stefaniaradman","article_published_time":"2017-03-28T13:41:10+00:00","article_modified_time":"2017-03-28T13:41:41+00:00","author":"Stefania Radman","twitter_card":"summary_large_image","twitter_creator":"@LaRadman","twitter_site":"@varesenews","twitter_misc":{"Scritto da":"Stefania Radman","Tempo di lettura stimato":"5 minuti"},"schema":{"@context":"https:\/\/schema.org","@graph":[{"@type":"WebPage","@id":"https:\/\/www.varesenews.it\/2017\/03\/un-corso-prematrimoniale-per-matrimoni-civili\/607966\/","url":"https:\/\/www.varesenews.it\/2017\/03\/un-corso-prematrimoniale-per-matrimoni-civili\/607966\/","name":"Un corso prematrimoniale per chi si sposa civilmente","isPartOf":{"@id":"https:\/\/staging.varesenews.it\/#website"},"datePublished":"2017-03-28T13:41:10+00:00","dateModified":"2017-03-28T13:41:41+00:00","author":{"@id":"https:\/\/staging.varesenews.it\/#\/schema\/person\/995d2e6a31c67237a9a1bc1f0079f3aa"},"description":"Lo organizza l'istituto La Casa per tutti coloro che \"non vogliono o non possono\" sposarsi in chiesa, ma vogliono ugualmente prepararsi alla convivenza","breadcrumb":{"@id":"https:\/\/www.varesenews.it\/2017\/03\/un-corso-prematrimoniale-per-matrimoni-civili\/607966\/#breadcrumb"},"inLanguage":"it-IT","potentialAction":[{"@type":"ReadAction","target":["https:\/\/www.varesenews.it\/2017\/03\/un-corso-prematrimoniale-per-matrimoni-civili\/607966\/"]}]},{"@type":"BreadcrumbList","@id":"https:\/\/www.varesenews.it\/2017\/03\/un-corso-prematrimoniale-per-matrimoni-civili\/607966\/#breadcrumb","itemListElement":[{"@type":"ListItem","position":1,"name":"Home","item":"https:\/\/www.varesenews.it\/"},{"@type":"ListItem","position":2,"name":"Un corso prematrimoniale per chi si sposa civilmente"}]},{"@type":"WebSite","@id":"https:\/\/staging.varesenews.it\/#website","url":"https:\/\/staging.varesenews.it\/","name":"VareseNews","description":"","potentialAction":[{"@type":"SearchAction","target":{"@type":"EntryPoint","urlTemplate":"https:\/\/staging.varesenews.it\/?s={search_term_string}"},"query-input":"required name=search_term_string"}],"inLanguage":"it-IT"},{"@type":"Person","@id":"https:\/\/staging.varesenews.it\/#\/schema\/person\/995d2e6a31c67237a9a1bc1f0079f3aa","name":"Stefania Radman","image":{"@type":"ImageObject","inLanguage":"it-IT","@id":"https:\/\/staging.varesenews.it\/#\/schema\/person\/image\/","url":"https:\/\/staging.varesenews.it\/wp-content\/uploads\/2020\/12\/stefania_radman_colori_500.jpg","contentUrl":"https:\/\/staging.varesenews.it\/wp-content\/uploads\/2020\/12\/stefania_radman_colori_500.jpg","caption":"Stefania Radman"},"description":"Varesina dal 1991, lavoro dal 2000 per Varesenews.it, prima come responsabile della pagina dell&rsquo;economia, poi della pagina life, ora della citt&agrave; di Varese.Ma sono (e sono stata) anche altro: per esempio, agli albori delle radio private ero dj in una radio milanese, Onda Radio. Da 20 anni sono corrispondente da Varese di Radio Popolare e ho collaborato con Espresso, Repubblica, Diario della Settimana, Italia Oggi. &ldquo;Smanettona&rdquo; da sempre, ho aperto il mio primo sito personale con Geocities nei primi anni novanta (chi se lo ricorda?) e i miei primi blog in Splinder all&rsquo;inizio del 2000. Ora sono sui social: qui quasi sempre sono semplicemente \"LaRadman&rdquo;.","sameAs":["http:\/\/laradman.blogspot.it","https:\/\/www.facebook.com\/stefaniaradman","@LaRadman","https:\/\/www.linkedin.com\/in\/stefaniaradman","https:\/\/twitter.com\/LaRadman"],"url":"https:\/\/staging.varesenews.it\/persona\/stefania-radman1\/"}]}},"post_meta":{"_edit_lock":"1490708678:48","_edit_last":"48","_category_permalink":"","wdfb_og_title":"","wdfb_og_type":"","wdfb_og_description":"","wdfb_og_images":"a:1:{i:0;s:0:\"\";}","wdfb_og_custom_name":"a:1:{i:0;s:0:\"\";}","wdfb_og_custom_value":"a:1:{i:0;s:0:\"\";}","argomento":"Varese","_yoast_wpseo_focuskw":"matrimoni","_jd_twitter":"","_jd_tweet_this":"yes","_yoast_wpseo_linkdex":"68","foto":"601781","ratings_users":"0","ratings_score":"0","ratings_average":"0","_wpt_short_url":"http:\/\/www.varesenews.it\/2017\/03\/un-corso-prematrimoniale-per-matrimoni-civili\/607966\/","_wp_jd_target":"http:\/\/www.varesenews.it\/2017\/03\/un-corso-prematrimoniale-per-matrimoni-civili\/607966\/","_jd_wp_twitter":"a:1:{i:0;s:140:\"Un corso prematrimoniale per matrimoni civili http:\/\/www.varesenews.it\/2017\/03\/un-corso-prematrimoniale-per-matrimoni-civili\/607966\/ #lacasa\";}","_wpt_status_message":"Tweet inviato con successo."},"photos":[{"original":"https:\/\/staging.varesenews.it\/photogallery_new\/images\/2017\/03\/eventi-varese-601781.jpg","full":"https:\/\/staging.varesenews.it\/photogallery_new\/images\/2017\/03\/eventi-varese-601781.1024x768.jpg","large":"https:\/\/staging.varesenews.it\/photogallery_new\/images\/2017\/03\/eventi-varese-601781.610x431.jpg"}],"_links":{"self":[{"href":"https:\/\/staging.varesenews.it\/swgapi\/v1\/wp\/v2\/posts\/607966"}],"collection":[{"href":"https:\/\/staging.varesenews.it\/swgapi\/v1\/wp\/v2\/posts"}],"about":[{"href":"https:\/\/staging.varesenews.it\/swgapi\/v1\/wp\/v2\/types\/post"}],"author":[{"embeddable":true,"href":"https:\/\/staging.varesenews.it\/swgapi\/v1\/wp\/v2\/users\/48"}],"replies":[{"embeddable":true,"href":"https:\/\/staging.varesenews.it\/swgapi\/v1\/wp\/v2\/comments?post=607966"}],"version-history":[{"count":0,"href":"https:\/\/staging.varesenews.it\/swgapi\/v1\/wp\/v2\/posts\/607966\/revisions"}],"wp:attachment":[{"href":"https:\/\/staging.varesenews.it\/swgapi\/v1\/wp\/v2\/media?parent=607966"}],"wp:term":[{"taxonomy":"category","embeddable":true,"href":"https:\/\/staging.varesenews.it\/swgapi\/v1\/wp\/v2\/categories?post=607966"},{"taxonomy":"post_tag","embeddable":true,"href":"https:\/\/staging.varesenews.it\/swgapi\/v1\/wp\/v2\/tags?post=607966"}],"curies":[{"name":"wp","href":"https:\/\/api.w.org\/{rel}","templated":true}]}}