{"id":608710,"date":"2017-03-30T13:34:01","date_gmt":"2017-03-30T11:34:01","guid":{"rendered":"http:\/\/www.varesenews.it\/?p=608710"},"modified":"2017-03-30T13:34:01","modified_gmt":"2017-03-30T11:34:01","slug":"il-paladozio-e-ora-una-struttura-a-norma-di-sicurezza","status":"publish","type":"post","link":"https:\/\/staging.varesenews.it\/2017\/03\/il-paladozio-e-ora-una-struttura-a-norma-di-sicurezza\/608710\/","title":{"rendered":"&#8220;Il PalaDozio \u00e8 ora una struttura a norma di sicurezza&#8221;"},"content":{"rendered":"<p>PalaDozio, tutto in ordine:<strong> la struttura di via Biffi risponde perfettamente ai requisiti richiesti in termini di sicurezza. <\/strong>La certificazione di inizio attivit\u00e0 (la cosiddetta Scia) \u00e8 stata presentata dal Comune di Saronno; le disposizioni di sicurezza sono precisamente rispettate, vale a dire lo sgombero da cose ed ostacoli sulle vie di fuga, la formazione delle persone addette alla sicurezza, la redazione di un piano di evacuazione e gestione delle emergenze e cos\u00ec via.<\/p>\n<p>\u00abGli uffici ci hanno confermato che la struttura, fin dalla sua inaugurazione anni fa,<strong> non era mai stata a norma<\/strong> &#8211; commenta<strong> il sindaco Alessandro Fagioli<\/strong> &#8211; noi in questi ultimi mesi ci siamo impegnati per fare in modo che il palazzetto potesse rispondere all&#8217;adeguamento normativo richiesto. Ringrazio gli uffici comunali e i nostri tecnici per l&#8217;impegno che ci hanno messo, facendo in modo che la struttura potesse essere utilizzabile senza alcun problema.\u00a0Stiamo mettendo mano alle strutture sportive comunali, dopo <strong>il PalaDozio sar\u00e0 la volta delle tribune dello stadio<\/strong> mentre assieme a Saronno Servizi si sta risolvendo anche in questo caso la problematica delle tribune\u00bb.<\/p>\n<p>\u00ab<strong>Abbiamo ereditato questa situazione dalle precedenti amministrazioni<\/strong>, e ci abbiamo messo mano con impegno; la nostra attenzione nei confronti dello mondo dello sport, delle strutture a nostra disposizione e delle associazioni che ne usufruiscono \u00e8 costante &#8211; rimarca<strong> l&#8217;assessore allo sport Gianpietro Guaglianone<\/strong> &#8211; e anche in questa occasione abbiamo fatto in modo che il PalaDozio potesse essere in regola sotto tutti i punti di vista. Lo stesso faremo con il &#8220;Colombo-Gianetti&#8221;, a breve inizieranno infatti i lavori per permettere a un altro patrimonio della nostra citt\u00e0 di essere fruibile dai tanti sportivi saronnesi\u00bb.<\/p>\n<p>\u00abI tecnici del comune &#8211; spiega<strong> l&#8217;assessore ai lavori pubblici, Dario Lonardoni<\/strong> &#8211; sono stati esemplari, hanno in breve tempo posto rimedio a una situazione di incertezza che durava da anni. Il palazzetto \u00e8 a norma secondo le normative vigenti, per permettere alle societ\u00e0 che lo utilizzano di sfruttarne appieno le capacit\u00e0\u00bb.<\/p>\n<p><strong>Allo stato attuale dunque il PalaDozio pu\u00f2 ospitare 400 spettatori sulle tribune<\/strong> (numero limitato dal cono di visibilit\u00e0), 100 spettatori in piedi in occasione delle manifestazioni di atletica leggera, 10 spettatori disabili per le manifestazioni di atletica a piano terra e 10 spettatori disabili per le manifestazioni basket e volley sempre a piano terra.<\/p>\n","protected":false},"excerpt":{"rendered":"<p>L&#8217;annuncio dell&#8217;amministrazione comunale: &#8220;Dopo anni di trascuratezza da questo punto di vista la struttura \u00e8 ora utilizzabile a pieno regime&#8221;<\/p>\n","protected":false},"author":51,"featured_media":0,"comment_status":"open","ping_status":"open","sticky":false,"template":"","format":"standard","meta":{"footnotes":""},"categories":[5],"tags":[],"acf":[],"yoast_head":"<!-- This site is optimized with the Yoast SEO plugin v20.1 - https:\/\/yoast.com\/wordpress\/plugins\/seo\/ -->\n<title>&quot;Il PalaDozio \u00e8 ora una struttura a norma di sicurezza&quot;<\/title>\n<meta name=\"description\" content=\"L&#039;annuncio dell&#039;amministrazione comunale: &quot;Dopo anni di trascuratezza da questo punto di vista la struttura \u00e8 ora utilizzabile a pieno regime&quot;\" \/>\n<meta name=\"robots\" content=\"noindex, follow, max-snippet:-1, max-image-preview:large, max-video-preview:-1\" \/>\n<meta property=\"og:locale\" content=\"it_IT\" \/>\n<meta property=\"og:type\" content=\"article\" \/>\n<meta property=\"og:title\" content=\"&quot;Il PalaDozio \u00e8 ora una struttura a norma di sicurezza&quot;\" \/>\n<meta property=\"og:description\" content=\"L&#039;annuncio dell&#039;amministrazione comunale: &quot;Dopo anni di trascuratezza da questo punto di vista la struttura \u00e8 ora utilizzabile a pieno regime&quot;\" \/>\n<meta property=\"og:url\" content=\"https:\/\/staging.varesenews.it\/2017\/03\/il-paladozio-e-ora-una-struttura-a-norma-di-sicurezza\/608710\/\" \/>\n<meta property=\"og:site_name\" content=\"VareseNews\" \/>\n<meta property=\"article:publisher\" content=\"https:\/\/www.facebook.com\/varesenews\" \/>\n<meta property=\"article:author\" content=\"https:\/\/www.facebook.com\/manuel.sgarella\" \/>\n<meta property=\"article:published_time\" content=\"2017-03-30T11:34:01+00:00\" \/>\n<meta name=\"author\" content=\"Manuel Sgarella\" \/>\n<meta name=\"twitter:card\" content=\"summary_large_image\" \/>\n<meta name=\"twitter:creator\" content=\"@Sgarel\" \/>\n<meta name=\"twitter:site\" content=\"@varesenews\" \/>\n<meta name=\"twitter:label1\" content=\"Scritto da\" \/>\n\t<meta name=\"twitter:data1\" content=\"Manuel Sgarella\" \/>\n\t<meta name=\"twitter:label2\" content=\"Tempo di lettura stimato\" \/>\n\t<meta name=\"twitter:data2\" content=\"2 minuti\" \/>\n<script type=\"application\/ld+json\" class=\"yoast-schema-graph\">{\"@context\":\"https:\/\/schema.org\",\"@graph\":[{\"@type\":\"WebPage\",\"@id\":\"https:\/\/staging.varesenews.it\/2017\/03\/il-paladozio-e-ora-una-struttura-a-norma-di-sicurezza\/608710\/\",\"url\":\"https:\/\/staging.varesenews.it\/2017\/03\/il-paladozio-e-ora-una-struttura-a-norma-di-sicurezza\/608710\/\",\"name\":\"\\\"Il PalaDozio \u00e8 ora una struttura a norma di sicurezza\\\"\",\"isPartOf\":{\"@id\":\"https:\/\/staging.varesenews.it\/#website\"},\"datePublished\":\"2017-03-30T11:34:01+00:00\",\"dateModified\":\"2017-03-30T11:34:01+00:00\",\"author\":{\"@id\":\"https:\/\/staging.varesenews.it\/#\/schema\/person\/1ec987bf360cbcf5fab38b0367dbc9d4\"},\"description\":\"L'annuncio dell'amministrazione comunale: \\\"Dopo anni di trascuratezza da questo punto di vista la struttura \u00e8 ora utilizzabile a pieno regime\\\"\",\"breadcrumb\":{\"@id\":\"https:\/\/staging.varesenews.it\/2017\/03\/il-paladozio-e-ora-una-struttura-a-norma-di-sicurezza\/608710\/#breadcrumb\"},\"inLanguage\":\"it-IT\",\"potentialAction\":[{\"@type\":\"ReadAction\",\"target\":[\"https:\/\/staging.varesenews.it\/2017\/03\/il-paladozio-e-ora-una-struttura-a-norma-di-sicurezza\/608710\/\"]}]},{\"@type\":\"BreadcrumbList\",\"@id\":\"https:\/\/staging.varesenews.it\/2017\/03\/il-paladozio-e-ora-una-struttura-a-norma-di-sicurezza\/608710\/#breadcrumb\",\"itemListElement\":[{\"@type\":\"ListItem\",\"position\":1,\"name\":\"Home\",\"item\":\"https:\/\/www.varesenews.it\/\"},{\"@type\":\"ListItem\",\"position\":2,\"name\":\"&#8220;Il PalaDozio \u00e8 ora una struttura a norma di sicurezza&#8221;\"}]},{\"@type\":\"WebSite\",\"@id\":\"https:\/\/staging.varesenews.it\/#website\",\"url\":\"https:\/\/staging.varesenews.it\/\",\"name\":\"VareseNews\",\"description\":\"\",\"potentialAction\":[{\"@type\":\"SearchAction\",\"target\":{\"@type\":\"EntryPoint\",\"urlTemplate\":\"https:\/\/staging.varesenews.it\/?s={search_term_string}\"},\"query-input\":\"required name=search_term_string\"}],\"inLanguage\":\"it-IT\"},{\"@type\":\"Person\",\"@id\":\"https:\/\/staging.varesenews.it\/#\/schema\/person\/1ec987bf360cbcf5fab38b0367dbc9d4\",\"name\":\"Manuel Sgarella\",\"image\":{\"@type\":\"ImageObject\",\"inLanguage\":\"it-IT\",\"@id\":\"https:\/\/staging.varesenews.it\/#\/schema\/person\/image\/\",\"url\":\"https:\/\/staging.varesenews.it\/wp-content\/uploads\/2020\/12\/manuel_sgarella_colori_500.jpg\",\"contentUrl\":\"https:\/\/staging.varesenews.it\/wp-content\/uploads\/2020\/12\/manuel_sgarella_colori_500.jpg\",\"caption\":\"Manuel Sgarella\"},\"description\":\"A VareseNews dal 1999, da quando ho iniziato a collaborare per la pagina del cinema. Col tempo mi sono occupato della cronaca del territorio di Saronno-Tradate e dell'organizzazione di alcuni progetti speciali di VareseNews, tra cui la produzione del film Digitalife. Dal 2009 sono giornalista professionista. Diplomato alla Civica scuola del cinema di Milano, coltivo da sempre una passione per tutto quello che &egrave; narrazione, soprattutto per film e serie tv. Dal 2014 Pubblico romanzi come autore indipendente.&nbsp;\",\"sameAs\":[\"https:\/\/www.facebook.com\/manuel.sgarella\",\"Sgarel\",\"https:\/\/twitter.com\/Sgarel\"],\"url\":\"https:\/\/staging.varesenews.it\/persona\/manuel-sgarella1\/\"}]}<\/script>\n<!-- \/ Yoast SEO plugin. -->","yoast_head_json":{"title":"\"Il PalaDozio \u00e8 ora una struttura a norma di sicurezza\"","description":"L'annuncio dell'amministrazione comunale: \"Dopo anni di trascuratezza da questo punto di vista la struttura \u00e8 ora utilizzabile a pieno regime\"","robots":{"index":"noindex","follow":"follow","max-snippet":"max-snippet:-1","max-image-preview":"max-image-preview:large","max-video-preview":"max-video-preview:-1"},"og_locale":"it_IT","og_type":"article","og_title":"\"Il PalaDozio \u00e8 ora una struttura a norma di sicurezza\"","og_description":"L'annuncio dell'amministrazione comunale: \"Dopo anni di trascuratezza da questo punto di vista la struttura \u00e8 ora utilizzabile a pieno regime\"","og_url":"https:\/\/staging.varesenews.it\/2017\/03\/il-paladozio-e-ora-una-struttura-a-norma-di-sicurezza\/608710\/","og_site_name":"VareseNews","article_publisher":"https:\/\/www.facebook.com\/varesenews","article_author":"https:\/\/www.facebook.com\/manuel.sgarella","article_published_time":"2017-03-30T11:34:01+00:00","author":"Manuel Sgarella","twitter_card":"summary_large_image","twitter_creator":"@Sgarel","twitter_site":"@varesenews","twitter_misc":{"Scritto da":"Manuel Sgarella","Tempo di lettura stimato":"2 minuti"},"schema":{"@context":"https:\/\/schema.org","@graph":[{"@type":"WebPage","@id":"https:\/\/staging.varesenews.it\/2017\/03\/il-paladozio-e-ora-una-struttura-a-norma-di-sicurezza\/608710\/","url":"https:\/\/staging.varesenews.it\/2017\/03\/il-paladozio-e-ora-una-struttura-a-norma-di-sicurezza\/608710\/","name":"\"Il PalaDozio \u00e8 ora una struttura a norma di sicurezza\"","isPartOf":{"@id":"https:\/\/staging.varesenews.it\/#website"},"datePublished":"2017-03-30T11:34:01+00:00","dateModified":"2017-03-30T11:34:01+00:00","author":{"@id":"https:\/\/staging.varesenews.it\/#\/schema\/person\/1ec987bf360cbcf5fab38b0367dbc9d4"},"description":"L'annuncio dell'amministrazione comunale: \"Dopo anni di trascuratezza da questo punto di vista la struttura \u00e8 ora utilizzabile a pieno regime\"","breadcrumb":{"@id":"https:\/\/staging.varesenews.it\/2017\/03\/il-paladozio-e-ora-una-struttura-a-norma-di-sicurezza\/608710\/#breadcrumb"},"inLanguage":"it-IT","potentialAction":[{"@type":"ReadAction","target":["https:\/\/staging.varesenews.it\/2017\/03\/il-paladozio-e-ora-una-struttura-a-norma-di-sicurezza\/608710\/"]}]},{"@type":"BreadcrumbList","@id":"https:\/\/staging.varesenews.it\/2017\/03\/il-paladozio-e-ora-una-struttura-a-norma-di-sicurezza\/608710\/#breadcrumb","itemListElement":[{"@type":"ListItem","position":1,"name":"Home","item":"https:\/\/www.varesenews.it\/"},{"@type":"ListItem","position":2,"name":"&#8220;Il PalaDozio \u00e8 ora una struttura a norma di sicurezza&#8221;"}]},{"@type":"WebSite","@id":"https:\/\/staging.varesenews.it\/#website","url":"https:\/\/staging.varesenews.it\/","name":"VareseNews","description":"","potentialAction":[{"@type":"SearchAction","target":{"@type":"EntryPoint","urlTemplate":"https:\/\/staging.varesenews.it\/?s={search_term_string}"},"query-input":"required name=search_term_string"}],"inLanguage":"it-IT"},{"@type":"Person","@id":"https:\/\/staging.varesenews.it\/#\/schema\/person\/1ec987bf360cbcf5fab38b0367dbc9d4","name":"Manuel Sgarella","image":{"@type":"ImageObject","inLanguage":"it-IT","@id":"https:\/\/staging.varesenews.it\/#\/schema\/person\/image\/","url":"https:\/\/staging.varesenews.it\/wp-content\/uploads\/2020\/12\/manuel_sgarella_colori_500.jpg","contentUrl":"https:\/\/staging.varesenews.it\/wp-content\/uploads\/2020\/12\/manuel_sgarella_colori_500.jpg","caption":"Manuel Sgarella"},"description":"A VareseNews dal 1999, da quando ho iniziato a collaborare per la pagina del cinema. Col tempo mi sono occupato della cronaca del territorio di Saronno-Tradate e dell'organizzazione di alcuni progetti speciali di VareseNews, tra cui la produzione del film Digitalife. Dal 2009 sono giornalista professionista. Diplomato alla Civica scuola del cinema di Milano, coltivo da sempre una passione per tutto quello che &egrave; narrazione, soprattutto per film e serie tv. Dal 2014 Pubblico romanzi come autore indipendente.&nbsp;","sameAs":["https:\/\/www.facebook.com\/manuel.sgarella","Sgarel","https:\/\/twitter.com\/Sgarel"],"url":"https:\/\/staging.varesenews.it\/persona\/manuel-sgarella1\/"}]}},"post_meta":{"_edit_lock":"1490873955:51","_edit_last":"51","ratings_users":"0","ratings_score":"0","ratings_average":"0","_category_permalink":"","wdfb_og_title":"","wdfb_og_type":"","wdfb_og_description":"","wdfb_og_images":"a:1:{i:0;s:0:\"\";}","wdfb_og_custom_name":"a:1:{i:0;s:0:\"\";}","wdfb_og_custom_value":"a:1:{i:0;s:0:\"\";}","foto":"285515","argomento":"Saronno","_yoast_wpseo_focuskw":"paladozio","_yoast_wpseo_metadesc":"L'annuncio dell'amministrazione comunale: \"Dopo anni di trascuratezza da questo punto di vista la struttura \u00e8 ora utilizzabile a pieno regime\"","_jd_twitter":"","_jd_tweet_this":"yes","_wpt_short_url":"http:\/\/www.varesenews.it\/2017\/03\/il-paladozio-e-ora-una-struttura-a-norma-di-sicurezza\/608710\/","_wp_jd_target":"http:\/\/www.varesenews.it\/2017\/03\/il-paladozio-e-ora-una-struttura-a-norma-di-sicurezza\/608710\/","_jd_wp_twitter":"a:1:{i:0;s:152:\"\"Il PalaDozio \u00e8 ora una struttura a norma di sicurezza\" http:\/\/www.varesenews.it\/2017\/03\/il-paladozio-e-ora-una-struttura-a-norma-di-sicurezza\/608710\/ \";}","_wpt_status_message":"Tweet inviato con successo.","_yoast_wpseo_linkdex":"79"},"photos":[{"original":"https:\/\/staging.varesenews.it\/photogallery_new\/images\/2006\/01\/paladozio-atletica-saronno-285515.jpg","full":"https:\/\/staging.varesenews.it\/photogallery_new\/images\/2006\/01\/paladozio-atletica-saronno-285515.1024x768.jpg","large":"https:\/\/staging.varesenews.it\/photogallery_new\/images\/2006\/01\/paladozio-atletica-saronno-285515.610x431.jpg"}],"_links":{"self":[{"href":"https:\/\/staging.varesenews.it\/swgapi\/v1\/wp\/v2\/posts\/608710"}],"collection":[{"href":"https:\/\/staging.varesenews.it\/swgapi\/v1\/wp\/v2\/posts"}],"about":[{"href":"https:\/\/staging.varesenews.it\/swgapi\/v1\/wp\/v2\/types\/post"}],"author":[{"embeddable":true,"href":"https:\/\/staging.varesenews.it\/swgapi\/v1\/wp\/v2\/users\/51"}],"replies":[{"embeddable":true,"href":"https:\/\/staging.varesenews.it\/swgapi\/v1\/wp\/v2\/comments?post=608710"}],"version-history":[{"count":0,"href":"https:\/\/staging.varesenews.it\/swgapi\/v1\/wp\/v2\/posts\/608710\/revisions"}],"wp:attachment":[{"href":"https:\/\/staging.varesenews.it\/swgapi\/v1\/wp\/v2\/media?parent=608710"}],"wp:term":[{"taxonomy":"category","embeddable":true,"href":"https:\/\/staging.varesenews.it\/swgapi\/v1\/wp\/v2\/categories?post=608710"},{"taxonomy":"post_tag","embeddable":true,"href":"https:\/\/staging.varesenews.it\/swgapi\/v1\/wp\/v2\/tags?post=608710"}],"curies":[{"name":"wp","href":"https:\/\/api.w.org\/{rel}","templated":true}]}}