{"id":608735,"date":"2017-03-30T14:41:43","date_gmt":"2017-03-30T12:41:43","guid":{"rendered":"http:\/\/www.varesenews.it\/?p=608735"},"modified":"2017-03-30T14:41:43","modified_gmt":"2017-03-30T12:41:43","slug":"da-luino-la-nuova-impresa-di-filippo-menotti","status":"publish","type":"post","link":"https:\/\/staging.varesenews.it\/2017\/03\/da-luino-la-nuova-impresa-di-filippo-menotti\/608735\/","title":{"rendered":"Da Luino la nuova impresa di Filippo Menotti"},"content":{"rendered":"<p><strong>Luino applaude il runner Filippo Menotti<\/strong> che ancora una volta ha scelto la cittadina lacustre per la partenza di una sua impresa. Sabato 1aprile a partire dalle 19 davanti al Municipio avr\u00e0 inizio la nuova sfida del grintoso Filippo che ama Luino e il suo lago: quel giorno, infatti , raggiunger\u00e0 in bici Gressoney pedalando tutta la notte per 200km. E all&#8217;alba correr\u00e0 sino alla Cima Alta Luce a 3.200 metri.<\/p>\n<p><strong>Insieme al Coach Alberto Mereghetti<\/strong>\u00a0partiranno <strong>da quota 200<\/strong> sul livello del mare per compiere ben <strong>3000 metri di dislivello <\/strong><em>(nella foto, il runner in uno dei recenti allenamenti al Sacro Monte)<\/em>.<\/p>\n<p>L\u2019impresa si chiama non a caso <strong>&#8220;Da 200 a 3200&#8221;<\/strong> e nasce dall&#8217;entusiasmo di scoprire che \u00ab<strong>per compiere un&#8217;impresa sportiva, non c&#8217;\u00e8 bisogno di spendere una fortuna o di prendere un mese di ferie, si fa tutto in un weekend<\/strong>\u00bb si legge nella pagina Facebook dedicata al blitz sportivo.<\/p>\n<p>\u00ab<strong>Ecco ancora il runner Filippo Menotti cimentarsi in una nuova impresa &#8211; dichiara il Consigliere delegato al Turismo Laura Frulli<\/strong> &#8211; . Seguo la sua attivit\u00e0 con passione gi\u00e0 dallo scorso dicembre, quando ho fatto il tifo per lui allo start del tour del lago Maggiore.Sabato si parte ancora da Luino: grazie e forza Filippo!\u00bb<\/p>\n<p><strong>Scrive di s\u00e9 Filippo:<\/strong> \u00abLa passione per la corsa ha inizio nel 2006, dopo 8 anni passati seduto in ufficio in quella jungla che \u00e8 il campo della comunicazione web. Alla fine del 2014 sono passato alla bici, alla montagna e poi alla corsa in montagna coltivando la passione che pi\u00f9 mi affascina: le avventure in solitaria.<br \/>\nLa mia prima impresa sportiva in solitaria nasce da un sogno, il sogno di attraversare le Alpi di corsa sulla Via Alpina da Trieste fino ad arrivare nel Principato di Monaco in solitaria senza Gps o cartine\u00bb.<\/p>\n","protected":false},"excerpt":{"rendered":"<p>Sabato sera il runner partir\u00e0 dal Verbano per raggiungere quota 3.200 metri: pedaler\u00e0 per tutta la notte<\/p>\n","protected":false},"author":34,"featured_media":0,"comment_status":"open","ping_status":"open","sticky":false,"template":"","format":"standard","meta":{"footnotes":""},"categories":[2],"tags":[],"acf":[],"yoast_head":"<!-- This site is optimized with the Yoast SEO plugin v20.1 - https:\/\/yoast.com\/wordpress\/plugins\/seo\/ -->\n<title>Da Luino la nuova impresa di Filippo Menotti<\/title>\n<meta name=\"description\" content=\"Sabato sera il runner partir\u00e0 dal Verbano per raggiungere quota 3.200 metri: pedaler\u00e0 per tutta la notte\" \/>\n<meta name=\"robots\" content=\"noindex, follow, max-snippet:-1, max-image-preview:large, max-video-preview:-1\" \/>\n<meta property=\"og:locale\" content=\"it_IT\" \/>\n<meta property=\"og:type\" content=\"article\" \/>\n<meta property=\"og:title\" content=\"Da Luino la nuova impresa di Filippo Menotti\" \/>\n<meta property=\"og:description\" content=\"Sabato sera il runner partir\u00e0 dal Verbano per raggiungere quota 3.200 metri: pedaler\u00e0 per tutta la notte\" \/>\n<meta property=\"og:url\" content=\"https:\/\/staging.varesenews.it\/2017\/03\/da-luino-la-nuova-impresa-di-filippo-menotti\/608735\/\" \/>\n<meta property=\"og:site_name\" content=\"VareseNews\" \/>\n<meta property=\"article:publisher\" content=\"https:\/\/www.facebook.com\/varesenews\" \/>\n<meta property=\"article:author\" content=\"https:\/\/www.facebook.com\/andrea.camurani?fref=photo\" \/>\n<meta property=\"article:published_time\" content=\"2017-03-30T12:41:43+00:00\" \/>\n<meta name=\"author\" content=\"Andrea Camurani\" \/>\n<meta name=\"twitter:card\" content=\"summary_large_image\" \/>\n<meta name=\"twitter:creator\" content=\"@AndreaCamurani\" \/>\n<meta name=\"twitter:site\" content=\"@varesenews\" \/>\n<meta name=\"twitter:label1\" content=\"Scritto da\" \/>\n\t<meta name=\"twitter:data1\" content=\"Andrea Camurani\" \/>\n\t<meta name=\"twitter:label2\" content=\"Tempo di lettura stimato\" \/>\n\t<meta name=\"twitter:data2\" content=\"1 minuto\" \/>\n<script type=\"application\/ld+json\" class=\"yoast-schema-graph\">{\"@context\":\"https:\/\/schema.org\",\"@graph\":[{\"@type\":\"WebPage\",\"@id\":\"https:\/\/staging.varesenews.it\/2017\/03\/da-luino-la-nuova-impresa-di-filippo-menotti\/608735\/\",\"url\":\"https:\/\/staging.varesenews.it\/2017\/03\/da-luino-la-nuova-impresa-di-filippo-menotti\/608735\/\",\"name\":\"Da Luino la nuova impresa di Filippo Menotti\",\"isPartOf\":{\"@id\":\"https:\/\/staging.varesenews.it\/#website\"},\"datePublished\":\"2017-03-30T12:41:43+00:00\",\"dateModified\":\"2017-03-30T12:41:43+00:00\",\"author\":{\"@id\":\"https:\/\/staging.varesenews.it\/#\/schema\/person\/3eb5832c6beae763de8d9596fdbe8c49\"},\"description\":\"Sabato sera il runner partir\u00e0 dal Verbano per raggiungere quota 3.200 metri: pedaler\u00e0 per tutta la notte\",\"breadcrumb\":{\"@id\":\"https:\/\/staging.varesenews.it\/2017\/03\/da-luino-la-nuova-impresa-di-filippo-menotti\/608735\/#breadcrumb\"},\"inLanguage\":\"it-IT\",\"potentialAction\":[{\"@type\":\"ReadAction\",\"target\":[\"https:\/\/staging.varesenews.it\/2017\/03\/da-luino-la-nuova-impresa-di-filippo-menotti\/608735\/\"]}]},{\"@type\":\"BreadcrumbList\",\"@id\":\"https:\/\/staging.varesenews.it\/2017\/03\/da-luino-la-nuova-impresa-di-filippo-menotti\/608735\/#breadcrumb\",\"itemListElement\":[{\"@type\":\"ListItem\",\"position\":1,\"name\":\"Home\",\"item\":\"https:\/\/www.varesenews.it\/\"},{\"@type\":\"ListItem\",\"position\":2,\"name\":\"Da Luino la nuova impresa di Filippo Menotti\"}]},{\"@type\":\"WebSite\",\"@id\":\"https:\/\/staging.varesenews.it\/#website\",\"url\":\"https:\/\/staging.varesenews.it\/\",\"name\":\"VareseNews\",\"description\":\"\",\"potentialAction\":[{\"@type\":\"SearchAction\",\"target\":{\"@type\":\"EntryPoint\",\"urlTemplate\":\"https:\/\/staging.varesenews.it\/?s={search_term_string}\"},\"query-input\":\"required name=search_term_string\"}],\"inLanguage\":\"it-IT\"},{\"@type\":\"Person\",\"@id\":\"https:\/\/staging.varesenews.it\/#\/schema\/person\/3eb5832c6beae763de8d9596fdbe8c49\",\"name\":\"Andrea Camurani\",\"image\":{\"@type\":\"ImageObject\",\"inLanguage\":\"it-IT\",\"@id\":\"https:\/\/staging.varesenews.it\/#\/schema\/person\/image\/\",\"url\":\"https:\/\/staging.varesenews.it\/wp-content\/uploads\/2020\/12\/andrea_camurani_colori_500.jpg\",\"contentUrl\":\"https:\/\/staging.varesenews.it\/wp-content\/uploads\/2020\/12\/andrea_camurani_colori_500.jpg\",\"caption\":\"Andrea Camurani\"},\"description\":\"Sono figlio degli anni Settanta e di Milano, dove ho imparato a riconoscere buoni e cattivi. Laurea in scienze politiche, lavoro a VareseNews dal 2000. Racconto quel che trovo quando incontro chi vuole lasciare al mondo un pezzetto di vita, che si chiama cronaca. &ldquo;...perch&eacute; &egrave; la gente il pi&ugrave; grande spettacolo del mondo. E non si paga il biglietto...&rdquo; (Charles Bukowsky)\",\"sameAs\":[\"https:\/\/www.facebook.com\/andrea.camurani?fref=photo\",\"andreacamurani\",\"https:\/\/www.linkedin.com\/hp\/?dnr=A9a84RfzsLdo9xg4NcGV4dLiMknoc9ms4WM\",\"https:\/\/twitter.com\/AndreaCamurani\"],\"url\":\"https:\/\/staging.varesenews.it\/persona\/andrea_camurani\/\"}]}<\/script>\n<!-- \/ Yoast SEO plugin. -->","yoast_head_json":{"title":"Da Luino la nuova impresa di Filippo Menotti","description":"Sabato sera il runner partir\u00e0 dal Verbano per raggiungere quota 3.200 metri: pedaler\u00e0 per tutta la notte","robots":{"index":"noindex","follow":"follow","max-snippet":"max-snippet:-1","max-image-preview":"max-image-preview:large","max-video-preview":"max-video-preview:-1"},"og_locale":"it_IT","og_type":"article","og_title":"Da Luino la nuova impresa di Filippo Menotti","og_description":"Sabato sera il runner partir\u00e0 dal Verbano per raggiungere quota 3.200 metri: pedaler\u00e0 per tutta la notte","og_url":"https:\/\/staging.varesenews.it\/2017\/03\/da-luino-la-nuova-impresa-di-filippo-menotti\/608735\/","og_site_name":"VareseNews","article_publisher":"https:\/\/www.facebook.com\/varesenews","article_author":"https:\/\/www.facebook.com\/andrea.camurani?fref=photo","article_published_time":"2017-03-30T12:41:43+00:00","author":"Andrea Camurani","twitter_card":"summary_large_image","twitter_creator":"@AndreaCamurani","twitter_site":"@varesenews","twitter_misc":{"Scritto da":"Andrea Camurani","Tempo di lettura stimato":"1 minuto"},"schema":{"@context":"https:\/\/schema.org","@graph":[{"@type":"WebPage","@id":"https:\/\/staging.varesenews.it\/2017\/03\/da-luino-la-nuova-impresa-di-filippo-menotti\/608735\/","url":"https:\/\/staging.varesenews.it\/2017\/03\/da-luino-la-nuova-impresa-di-filippo-menotti\/608735\/","name":"Da Luino la nuova impresa di Filippo Menotti","isPartOf":{"@id":"https:\/\/staging.varesenews.it\/#website"},"datePublished":"2017-03-30T12:41:43+00:00","dateModified":"2017-03-30T12:41:43+00:00","author":{"@id":"https:\/\/staging.varesenews.it\/#\/schema\/person\/3eb5832c6beae763de8d9596fdbe8c49"},"description":"Sabato sera il runner partir\u00e0 dal Verbano per raggiungere quota 3.200 metri: pedaler\u00e0 per tutta la notte","breadcrumb":{"@id":"https:\/\/staging.varesenews.it\/2017\/03\/da-luino-la-nuova-impresa-di-filippo-menotti\/608735\/#breadcrumb"},"inLanguage":"it-IT","potentialAction":[{"@type":"ReadAction","target":["https:\/\/staging.varesenews.it\/2017\/03\/da-luino-la-nuova-impresa-di-filippo-menotti\/608735\/"]}]},{"@type":"BreadcrumbList","@id":"https:\/\/staging.varesenews.it\/2017\/03\/da-luino-la-nuova-impresa-di-filippo-menotti\/608735\/#breadcrumb","itemListElement":[{"@type":"ListItem","position":1,"name":"Home","item":"https:\/\/www.varesenews.it\/"},{"@type":"ListItem","position":2,"name":"Da Luino la nuova impresa di Filippo Menotti"}]},{"@type":"WebSite","@id":"https:\/\/staging.varesenews.it\/#website","url":"https:\/\/staging.varesenews.it\/","name":"VareseNews","description":"","potentialAction":[{"@type":"SearchAction","target":{"@type":"EntryPoint","urlTemplate":"https:\/\/staging.varesenews.it\/?s={search_term_string}"},"query-input":"required name=search_term_string"}],"inLanguage":"it-IT"},{"@type":"Person","@id":"https:\/\/staging.varesenews.it\/#\/schema\/person\/3eb5832c6beae763de8d9596fdbe8c49","name":"Andrea Camurani","image":{"@type":"ImageObject","inLanguage":"it-IT","@id":"https:\/\/staging.varesenews.it\/#\/schema\/person\/image\/","url":"https:\/\/staging.varesenews.it\/wp-content\/uploads\/2020\/12\/andrea_camurani_colori_500.jpg","contentUrl":"https:\/\/staging.varesenews.it\/wp-content\/uploads\/2020\/12\/andrea_camurani_colori_500.jpg","caption":"Andrea Camurani"},"description":"Sono figlio degli anni Settanta e di Milano, dove ho imparato a riconoscere buoni e cattivi. Laurea in scienze politiche, lavoro a VareseNews dal 2000. Racconto quel che trovo quando incontro chi vuole lasciare al mondo un pezzetto di vita, che si chiama cronaca. &ldquo;...perch&eacute; &egrave; la gente il pi&ugrave; grande spettacolo del mondo. E non si paga il biglietto...&rdquo; (Charles Bukowsky)","sameAs":["https:\/\/www.facebook.com\/andrea.camurani?fref=photo","andreacamurani","https:\/\/www.linkedin.com\/hp\/?dnr=A9a84RfzsLdo9xg4NcGV4dLiMknoc9ms4WM","https:\/\/twitter.com\/AndreaCamurani"],"url":"https:\/\/staging.varesenews.it\/persona\/andrea_camurani\/"}]}},"post_meta":{"_edit_lock":"1490877622:34","_edit_last":"34","ratings_users":"0","ratings_score":"0","ratings_average":"0","_category_permalink":"","wdfb_og_title":"","wdfb_og_type":"","wdfb_og_description":"","wdfb_og_images":"a:1:{i:0;s:0:\"\";}","wdfb_og_custom_name":"a:1:{i:0;s:0:\"\";}","wdfb_og_custom_value":"a:1:{i:0;s:0:\"\";}","foto":"602152","firma_come_redazione":"1","argomento":"Luino","_jd_twitter":"","_jd_tweet_this":"yes","_wpt_short_url":"http:\/\/www.varesenews.it\/2017\/03\/da-luino-la-nuova-impresa-di-filippo-menotti\/608735\/","_wp_jd_target":"http:\/\/www.varesenews.it\/2017\/03\/da-luino-la-nuova-impresa-di-filippo-menotti\/608735\/","_jd_wp_twitter":"a:1:{i:0;s:131:\"Da Luino la nuova impresa di Filippo Menotti http:\/\/www.varesenews.it\/2017\/03\/da-luino-la-nuova-impresa-di-filippo-menotti\/608735\/ \";}","_wpt_status_message":"Tweet inviato con successo."},"photos":[{"original":"https:\/\/staging.varesenews.it\/photogallery_new\/images\/2017\/03\/avarie-602152.jpg","full":"https:\/\/staging.varesenews.it\/photogallery_new\/images\/2017\/03\/avarie-602152.1024x768.jpg","large":"https:\/\/staging.varesenews.it\/photogallery_new\/images\/2017\/03\/avarie-602152.610x431.jpg"}],"_links":{"self":[{"href":"https:\/\/staging.varesenews.it\/swgapi\/v1\/wp\/v2\/posts\/608735"}],"collection":[{"href":"https:\/\/staging.varesenews.it\/swgapi\/v1\/wp\/v2\/posts"}],"about":[{"href":"https:\/\/staging.varesenews.it\/swgapi\/v1\/wp\/v2\/types\/post"}],"author":[{"embeddable":true,"href":"https:\/\/staging.varesenews.it\/swgapi\/v1\/wp\/v2\/users\/34"}],"replies":[{"embeddable":true,"href":"https:\/\/staging.varesenews.it\/swgapi\/v1\/wp\/v2\/comments?post=608735"}],"version-history":[{"count":0,"href":"https:\/\/staging.varesenews.it\/swgapi\/v1\/wp\/v2\/posts\/608735\/revisions"}],"wp:attachment":[{"href":"https:\/\/staging.varesenews.it\/swgapi\/v1\/wp\/v2\/media?parent=608735"}],"wp:term":[{"taxonomy":"category","embeddable":true,"href":"https:\/\/staging.varesenews.it\/swgapi\/v1\/wp\/v2\/categories?post=608735"},{"taxonomy":"post_tag","embeddable":true,"href":"https:\/\/staging.varesenews.it\/swgapi\/v1\/wp\/v2\/tags?post=608735"}],"curies":[{"name":"wp","href":"https:\/\/api.w.org\/{rel}","templated":true}]}}