{"id":610890,"date":"2017-04-06T17:45:40","date_gmt":"2017-04-06T15:45:40","guid":{"rendered":"http:\/\/www.varesenews.it\/?p=610890"},"modified":"2017-04-07T18:42:10","modified_gmt":"2017-04-07T16:42:10","slug":"la-vittima-e-giorgio-alberti-psichiatra-e-jazzista-di-fama","status":"publish","type":"post","link":"https:\/\/staging.varesenews.it\/2017\/04\/la-vittima-e-giorgio-alberti-psichiatra-e-jazzista-di-fama\/610890\/","title":{"rendered":"La vittima \u00e8 Giorgio Alberti, psichiatra e jazzista di fama"},"content":{"rendered":"<p>Si chiamava <strong>Giorgio Alberti<\/strong>, aveva 84 anni, ed era un grande medico e un importante<strong> musicista di jazz.<\/strong> <a title=\"Investiti sulle strisce: lui morto, lei gravissima\" href=\"http:\/\/www.varesenews.it\/2017\/04\/doppio-investimento-un-morto-ed-un-ferito-grave\/610726\/\">L&#8217;uomo investito sulle strisce <strong>pedonali in via Sanvito a Varese<\/strong>, morto in mattinata all&#8217;ospedale<\/a>, <strong>era una persona straordinaria. <\/strong><\/p>\n<p>Era nato a Brescia nel 1932 e da diversi anni viveva a Varese, <strong>in via Sanvito,<\/strong> con la moglie, Alessandra Zecchi, 69 anni (ferita gravemente). Si tratta della sorella di un famoso filosofo, Stefano\u00a0<strong>Zecchi<\/strong>, esponente di punta della cultura italiana. La coppia non ha figli.<\/p>\n<p>E&#8217; importante anche ricordare che <strong>Giorgio\u00a0Alberti era a sua volta una delle trombe jazz pi\u00f9 note nell&#8217;ambiente\u00a0della musica<\/strong>, considerato un fuoriclasse dello strumento.<\/p>\n<div class=\"photo-inside-post\"><img decoding=\"async\" loading=\"lazy\" fetchpriority=\"low\" width=\"610\" height=\"431\" src=\"https:\/\/staging.varesenews.it\/photogallery_new\/images\/2017\/04\/incidente-via-sanvito-varese-603634.610x431.jpg\" alt=\"Incidente via Sanvito Varese\"><\/div>\n<p>Musicista autodidatta <strong>nel 1951, fond\u00f2 con Gianni Acocella e con i fratelli Carlo e Gigi Bagnoli la &#8220;Milan College Jazz Society&#8221;<\/strong>, una delle prime e pi\u00f9 importanti orchestre di jazz tradizionale italiane con la quale sempre negli anni &#8217;50 ebbe la possibilit\u00e0 di suonare con musicisti americani del calibro di Sidney Bechet, Mezz Mezzrow, Albert Nicholas, Lil Hardin.<\/p>\n<p>Rincominci\u00f2, qualche anno dopo una pausa professionale, con la Milan College e con<strong> Lino Patruno<\/strong> e tenne una\u00a0intensa attivit\u00e0 concertistica e discografica. Suon\u00f2 anche negli\u00a0Stati Uniti in Illinois, Iowa e Wisconsin.<\/p>\n<p>Ultimamente ha tenuto anche delle lezioni di jazz al Twiggy, il locale di Varese di via De Cristoforis.<\/p>\n<p><a href=\"http:\/\/necrologie.varesenews.it\/annuncio-famiglia\/giorgio-alberti\/\" target=\"_blank\"> <img loading=\"lazy\" decoding=\"async\" src=\"http:\/\/www.varesenews.it\/photogallery_new\/images\/2016\/02\/necrologie-513306.jpg\" alt=\"\" width=\"600\" height=\"60\" border=\"0\" \/><\/a><\/p>\n","protected":false},"excerpt":{"rendered":"<p>L&#8217;uomo era un medico ed \u00e8 stato uno dei pi\u00f9 bravi trombettisti italiani. La moglie ferita \u00e8 la sorella del filosofo Stefano Zecchi<\/p>\n","protected":false},"author":50,"featured_media":0,"comment_status":"open","ping_status":"open","sticky":false,"template":"","format":"standard","meta":{"footnotes":""},"categories":[2],"tags":[1039,11253,66697],"acf":[],"yoast_head":"<!-- This site is optimized with the Yoast SEO plugin v20.1 - https:\/\/yoast.com\/wordpress\/plugins\/seo\/ -->\n<title>La vittima \u00e8 Giorgio Alberti, psichiatra e jazzista di fama<\/title>\n<meta name=\"description\" content=\"L&#039;uomo era un medico ed \u00e8 stato uno dei pi\u00f9 bravi trombettisti italiani. La moglie ferita \u00e8 la sorella del filosofo Stefano Zecchi\" \/>\n<meta name=\"robots\" content=\"noindex, follow, max-snippet:-1, max-image-preview:large, max-video-preview:-1\" \/>\n<meta property=\"og:locale\" content=\"it_IT\" \/>\n<meta property=\"og:type\" content=\"article\" \/>\n<meta property=\"og:title\" content=\"La vittima \u00e8 Giorgio Alberti, psichiatra e jazzista di fama\" \/>\n<meta property=\"og:description\" content=\"L&#039;uomo era un medico ed \u00e8 stato uno dei pi\u00f9 bravi trombettisti italiani. La moglie ferita \u00e8 la sorella del filosofo Stefano Zecchi\" \/>\n<meta property=\"og:url\" content=\"https:\/\/staging.varesenews.it\/2017\/04\/la-vittima-e-giorgio-alberti-psichiatra-e-jazzista-di-fama\/610890\/\" \/>\n<meta property=\"og:site_name\" content=\"VareseNews\" \/>\n<meta property=\"article:publisher\" content=\"https:\/\/www.facebook.com\/varesenews\" \/>\n<meta property=\"article:published_time\" content=\"2017-04-06T15:45:40+00:00\" \/>\n<meta property=\"article:modified_time\" content=\"2017-04-07T16:42:10+00:00\" \/>\n<meta property=\"og:image\" content=\"http:\/\/www.varesenews.it\/photogallery_new\/images\/2016\/02\/necrologie-513306.jpg\" \/>\n<meta name=\"author\" content=\"Roberto Rotondo\" \/>\n<meta name=\"twitter:card\" content=\"summary_large_image\" \/>\n<meta name=\"twitter:creator\" content=\"@robertorotondo\" \/>\n<meta name=\"twitter:site\" content=\"@varesenews\" \/>\n<meta name=\"twitter:label1\" content=\"Scritto da\" \/>\n\t<meta name=\"twitter:data1\" content=\"Roberto Rotondo\" \/>\n\t<meta name=\"twitter:label2\" content=\"Tempo di lettura stimato\" \/>\n\t<meta name=\"twitter:data2\" content=\"1 minuto\" \/>\n<script type=\"application\/ld+json\" class=\"yoast-schema-graph\">{\"@context\":\"https:\/\/schema.org\",\"@graph\":[{\"@type\":\"WebPage\",\"@id\":\"https:\/\/staging.varesenews.it\/2017\/04\/la-vittima-e-giorgio-alberti-psichiatra-e-jazzista-di-fama\/610890\/\",\"url\":\"https:\/\/staging.varesenews.it\/2017\/04\/la-vittima-e-giorgio-alberti-psichiatra-e-jazzista-di-fama\/610890\/\",\"name\":\"La vittima \u00e8 Giorgio Alberti, psichiatra e jazzista di fama\",\"isPartOf\":{\"@id\":\"https:\/\/staging.varesenews.it\/#website\"},\"datePublished\":\"2017-04-06T15:45:40+00:00\",\"dateModified\":\"2017-04-07T16:42:10+00:00\",\"author\":{\"@id\":\"https:\/\/staging.varesenews.it\/#\/schema\/person\/bace96b9ce1b4905df659e51a83c17fe\"},\"description\":\"L'uomo era un medico ed \u00e8 stato uno dei pi\u00f9 bravi trombettisti italiani. La moglie ferita \u00e8 la sorella del filosofo Stefano Zecchi\",\"breadcrumb\":{\"@id\":\"https:\/\/staging.varesenews.it\/2017\/04\/la-vittima-e-giorgio-alberti-psichiatra-e-jazzista-di-fama\/610890\/#breadcrumb\"},\"inLanguage\":\"it-IT\",\"potentialAction\":[{\"@type\":\"ReadAction\",\"target\":[\"https:\/\/staging.varesenews.it\/2017\/04\/la-vittima-e-giorgio-alberti-psichiatra-e-jazzista-di-fama\/610890\/\"]}]},{\"@type\":\"BreadcrumbList\",\"@id\":\"https:\/\/staging.varesenews.it\/2017\/04\/la-vittima-e-giorgio-alberti-psichiatra-e-jazzista-di-fama\/610890\/#breadcrumb\",\"itemListElement\":[{\"@type\":\"ListItem\",\"position\":1,\"name\":\"Home\",\"item\":\"https:\/\/www.varesenews.it\/\"},{\"@type\":\"ListItem\",\"position\":2,\"name\":\"La vittima \u00e8 Giorgio Alberti, psichiatra e jazzista di fama\"}]},{\"@type\":\"WebSite\",\"@id\":\"https:\/\/staging.varesenews.it\/#website\",\"url\":\"https:\/\/staging.varesenews.it\/\",\"name\":\"VareseNews\",\"description\":\"\",\"potentialAction\":[{\"@type\":\"SearchAction\",\"target\":{\"@type\":\"EntryPoint\",\"urlTemplate\":\"https:\/\/staging.varesenews.it\/?s={search_term_string}\"},\"query-input\":\"required name=search_term_string\"}],\"inLanguage\":\"it-IT\"},{\"@type\":\"Person\",\"@id\":\"https:\/\/staging.varesenews.it\/#\/schema\/person\/bace96b9ce1b4905df659e51a83c17fe\",\"name\":\"Roberto Rotondo\",\"image\":{\"@type\":\"ImageObject\",\"inLanguage\":\"it-IT\",\"@id\":\"https:\/\/staging.varesenews.it\/#\/schema\/person\/image\/\",\"url\":\"https:\/\/staging.varesenews.it\/wp-content\/uploads\/2015\/03\/10888676_10204734543537926_609787919772941341_n.jpg\",\"contentUrl\":\"https:\/\/staging.varesenews.it\/wp-content\/uploads\/2015\/03\/10888676_10204734543537926_609787919772941341_n.jpg\",\"caption\":\"Roberto Rotondo\"},\"description\":\"Nato a Varese nel 1972. Laureato in Storia alla Statale di Milano. A Varese News dal 1998. Ho iniziato a scrivere su riviste locali, poi sono entrato nel progetto di Varese News quando ancora era agli inizi. Nel frattempo mi sono occupato di ricerca storica e ho collaborato con un settimanale e un quotidiano della Svizzera italiana scrivendo di cronaca e politica. Mi sono preso una pausa da Varese nel 2004. Ho lavorato per alcuni anni a Milano all'agenzia di stampa Adnkronos, con qualche stage a Roma nei palazzi della politica. Lanci di agenzia e servizi tv multimediali erano tra i miei compiti. In quegli anni ho lavorato per alcune radio anche nazionali, Radio Capital su tutte, come corrispondente locale. Ho scritto anche per un settimanale di gossip, ma sempre cronaca nera. Ed eccomi qui. Dal 2007 lavoro anche per il Corriere della sera, di cui sono corrispondente. A Varesenews sono ormai uno dei senatori. Mi occupo di cronaca nera, giudiziaria e di politica e della cronaca cittadina di Varese.\",\"sameAs\":[\"robertorotondo\",\"https:\/\/twitter.com\/robertorotondo\"],\"url\":\"https:\/\/staging.varesenews.it\/persona\/roberto-rotondo\/\"}]}<\/script>\n<!-- \/ Yoast SEO plugin. -->","yoast_head_json":{"title":"La vittima \u00e8 Giorgio Alberti, psichiatra e jazzista di fama","description":"L'uomo era un medico ed \u00e8 stato uno dei pi\u00f9 bravi trombettisti italiani. La moglie ferita \u00e8 la sorella del filosofo Stefano Zecchi","robots":{"index":"noindex","follow":"follow","max-snippet":"max-snippet:-1","max-image-preview":"max-image-preview:large","max-video-preview":"max-video-preview:-1"},"og_locale":"it_IT","og_type":"article","og_title":"La vittima \u00e8 Giorgio Alberti, psichiatra e jazzista di fama","og_description":"L'uomo era un medico ed \u00e8 stato uno dei pi\u00f9 bravi trombettisti italiani. La moglie ferita \u00e8 la sorella del filosofo Stefano Zecchi","og_url":"https:\/\/staging.varesenews.it\/2017\/04\/la-vittima-e-giorgio-alberti-psichiatra-e-jazzista-di-fama\/610890\/","og_site_name":"VareseNews","article_publisher":"https:\/\/www.facebook.com\/varesenews","article_published_time":"2017-04-06T15:45:40+00:00","article_modified_time":"2017-04-07T16:42:10+00:00","og_image":[{"url":"http:\/\/www.varesenews.it\/photogallery_new\/images\/2016\/02\/necrologie-513306.jpg"}],"author":"Roberto Rotondo","twitter_card":"summary_large_image","twitter_creator":"@robertorotondo","twitter_site":"@varesenews","twitter_misc":{"Scritto da":"Roberto Rotondo","Tempo di lettura stimato":"1 minuto"},"schema":{"@context":"https:\/\/schema.org","@graph":[{"@type":"WebPage","@id":"https:\/\/staging.varesenews.it\/2017\/04\/la-vittima-e-giorgio-alberti-psichiatra-e-jazzista-di-fama\/610890\/","url":"https:\/\/staging.varesenews.it\/2017\/04\/la-vittima-e-giorgio-alberti-psichiatra-e-jazzista-di-fama\/610890\/","name":"La vittima \u00e8 Giorgio Alberti, psichiatra e jazzista di fama","isPartOf":{"@id":"https:\/\/staging.varesenews.it\/#website"},"datePublished":"2017-04-06T15:45:40+00:00","dateModified":"2017-04-07T16:42:10+00:00","author":{"@id":"https:\/\/staging.varesenews.it\/#\/schema\/person\/bace96b9ce1b4905df659e51a83c17fe"},"description":"L'uomo era un medico ed \u00e8 stato uno dei pi\u00f9 bravi trombettisti italiani. La moglie ferita \u00e8 la sorella del filosofo Stefano Zecchi","breadcrumb":{"@id":"https:\/\/staging.varesenews.it\/2017\/04\/la-vittima-e-giorgio-alberti-psichiatra-e-jazzista-di-fama\/610890\/#breadcrumb"},"inLanguage":"it-IT","potentialAction":[{"@type":"ReadAction","target":["https:\/\/staging.varesenews.it\/2017\/04\/la-vittima-e-giorgio-alberti-psichiatra-e-jazzista-di-fama\/610890\/"]}]},{"@type":"BreadcrumbList","@id":"https:\/\/staging.varesenews.it\/2017\/04\/la-vittima-e-giorgio-alberti-psichiatra-e-jazzista-di-fama\/610890\/#breadcrumb","itemListElement":[{"@type":"ListItem","position":1,"name":"Home","item":"https:\/\/www.varesenews.it\/"},{"@type":"ListItem","position":2,"name":"La vittima \u00e8 Giorgio Alberti, psichiatra e jazzista di fama"}]},{"@type":"WebSite","@id":"https:\/\/staging.varesenews.it\/#website","url":"https:\/\/staging.varesenews.it\/","name":"VareseNews","description":"","potentialAction":[{"@type":"SearchAction","target":{"@type":"EntryPoint","urlTemplate":"https:\/\/staging.varesenews.it\/?s={search_term_string}"},"query-input":"required name=search_term_string"}],"inLanguage":"it-IT"},{"@type":"Person","@id":"https:\/\/staging.varesenews.it\/#\/schema\/person\/bace96b9ce1b4905df659e51a83c17fe","name":"Roberto Rotondo","image":{"@type":"ImageObject","inLanguage":"it-IT","@id":"https:\/\/staging.varesenews.it\/#\/schema\/person\/image\/","url":"https:\/\/staging.varesenews.it\/wp-content\/uploads\/2015\/03\/10888676_10204734543537926_609787919772941341_n.jpg","contentUrl":"https:\/\/staging.varesenews.it\/wp-content\/uploads\/2015\/03\/10888676_10204734543537926_609787919772941341_n.jpg","caption":"Roberto Rotondo"},"description":"Nato a Varese nel 1972. Laureato in Storia alla Statale di Milano. A Varese News dal 1998. Ho iniziato a scrivere su riviste locali, poi sono entrato nel progetto di Varese News quando ancora era agli inizi. Nel frattempo mi sono occupato di ricerca storica e ho collaborato con un settimanale e un quotidiano della Svizzera italiana scrivendo di cronaca e politica. Mi sono preso una pausa da Varese nel 2004. Ho lavorato per alcuni anni a Milano all'agenzia di stampa Adnkronos, con qualche stage a Roma nei palazzi della politica. Lanci di agenzia e servizi tv multimediali erano tra i miei compiti. In quegli anni ho lavorato per alcune radio anche nazionali, Radio Capital su tutte, come corrispondente locale. Ho scritto anche per un settimanale di gossip, ma sempre cronaca nera. Ed eccomi qui. Dal 2007 lavoro anche per il Corriere della sera, di cui sono corrispondente. A Varesenews sono ormai uno dei senatori. Mi occupo di cronaca nera, giudiziaria e di politica e della cronaca cittadina di Varese.","sameAs":["robertorotondo","https:\/\/twitter.com\/robertorotondo"],"url":"https:\/\/staging.varesenews.it\/persona\/roberto-rotondo\/"}]}},"post_meta":{"_edit_lock":"1491583345:39","_edit_last":"39","_oembed_64a87a54f01e40fe0e6385fcb66e676d":"{{unknown}}","_category_permalink":"","wdfb_og_title":"","wdfb_og_type":"","wdfb_og_description":"","wdfb_og_images":"a:1:{i:0;s:0:\"\";}","wdfb_og_custom_name":"a:1:{i:0;s:0:\"\";}","wdfb_og_custom_value":"a:1:{i:0;s:0:\"\";}","foto":"603612","argomento":"VARESE, L'INCIDENTE DI VIA SANVITO","_jd_twitter":"","_jd_tweet_this":"yes","ratings_users":"0","ratings_score":"0","ratings_average":"0","_wpt_short_url":"http:\/\/www.varesenews.it\/2017\/04\/la-vittima-e-giorgio-alberti-psichiatra-e-jazzista-di-fama\/610890\/","_wp_jd_target":"http:\/\/www.varesenews.it\/2017\/04\/la-vittima-e-giorgio-alberti-psichiatra-e-jazzista-di-fama\/610890\/","_jd_wp_twitter":"a:1:{i:0;s:161:\"La vittima \u00e8 Giorgio Alberti, psichiatra e jazzista di fama http:\/\/www.varesenews.it\/2017\/04\/la-vittima-e-giorgio-alberti-psichiatra-e-jazzista-di-fama\/610890\/ \";}","_wpt_status_message":"Tweet inviato con successo.","id_leggi_anche":"610726,610915,611477,613660"},"photos":[{"original":"https:\/\/staging.varesenews.it\/photogallery_new\/images\/2017\/04\/incidente-in-via-sanvito-603612.jpg","full":"https:\/\/staging.varesenews.it\/photogallery_new\/images\/2017\/04\/incidente-in-via-sanvito-603612.1024x768.jpg","large":"https:\/\/staging.varesenews.it\/photogallery_new\/images\/2017\/04\/incidente-in-via-sanvito-603612.610x431.jpg"}],"_links":{"self":[{"href":"https:\/\/staging.varesenews.it\/swgapi\/v1\/wp\/v2\/posts\/610890"}],"collection":[{"href":"https:\/\/staging.varesenews.it\/swgapi\/v1\/wp\/v2\/posts"}],"about":[{"href":"https:\/\/staging.varesenews.it\/swgapi\/v1\/wp\/v2\/types\/post"}],"author":[{"embeddable":true,"href":"https:\/\/staging.varesenews.it\/swgapi\/v1\/wp\/v2\/users\/50"}],"replies":[{"embeddable":true,"href":"https:\/\/staging.varesenews.it\/swgapi\/v1\/wp\/v2\/comments?post=610890"}],"version-history":[{"count":0,"href":"https:\/\/staging.varesenews.it\/swgapi\/v1\/wp\/v2\/posts\/610890\/revisions"}],"wp:attachment":[{"href":"https:\/\/staging.varesenews.it\/swgapi\/v1\/wp\/v2\/media?parent=610890"}],"wp:term":[{"taxonomy":"category","embeddable":true,"href":"https:\/\/staging.varesenews.it\/swgapi\/v1\/wp\/v2\/categories?post=610890"},{"taxonomy":"post_tag","embeddable":true,"href":"https:\/\/staging.varesenews.it\/swgapi\/v1\/wp\/v2\/tags?post=610890"}],"curies":[{"name":"wp","href":"https:\/\/api.w.org\/{rel}","templated":true}]}}