{"id":611678,"date":"2017-04-10T09:55:16","date_gmt":"2017-04-10T07:55:16","guid":{"rendered":"http:\/\/www.varesenews.it\/?p=611678"},"modified":"2017-04-10T09:55:16","modified_gmt":"2017-04-10T07:55:16","slug":"castellanza-pensa-allo-sprar-e-convoca-le-associazioni","status":"publish","type":"post","link":"https:\/\/staging.varesenews.it\/2017\/04\/castellanza-pensa-allo-sprar-e-convoca-le-associazioni\/611678\/","title":{"rendered":"Castellanza pensa allo Sprar e convoca le associazioni"},"content":{"rendered":"<p><strong>Castellanza si scontra, dopo anni di dinieghi alle richieste del Prefetto di Varese,<\/strong> <strong>con l&#8217;eventualit\u00e0 dell&#8217;arrivo in citt\u00e0 di un gruppo di profughi<\/strong> che potrebbero essere ben pi\u00f9 di 30 e l&#8217;amministrazione prepara il terreno per non farsi travolgere come accaduto in molte altre realt\u00e0.<\/p>\n<p>Da settimane si inseguono le voci sull&#8217;argomento ma di concreto, per il momento, c&#8217;\u00e8 solo l<strong>&#8216;incontro tra Palazzo Brambilla e le associazioni del territorio<\/strong> indirizzato a raccogliere disponibilit\u00e0 per avviare un progetto Sprar, <strong>ovvero quell&#8217;accoglienza di secondo livello<\/strong> alla quale potrebbero accedere principalmente stranieri che hanno ottenuto il permesso per motivi umanitari.<\/p>\n<p>\u00abL\u2019incontro con le associazioni su questo argomento \u00e8 stato di carattere formativo- informativo , come si legge nell\u2019ordine del giorno della lettera di convocazione. In quella sede abbiamo voluto porre le basi per aprire il confronto con loro, che rappresentano una buona parte della popolazione castellanzese, visto che sono state invitate circa 70 associazioni\u00bb &#8211; spiega il sindaco Mirella Cerini in risposta ad alcune dichiarazioni da parte di esponenti leghisti.<\/p>\n<p>La sindaca ci tiene a precisare che \u00abN<strong>on c\u2019\u00e8 nessun progetto gi\u00e0 pronto e definito,<\/strong> ma abbiamo avviato un percorso per poter accedere al finanziamento da parte del Servizio Centrale, per<strong> l\u2019attivazione di un servizio S.P.R.A.R<\/strong>. Questo percorso prevede anche momenti di confronto politico e con tutta la cittadinanza\u00bb.<\/p>\n<p>Quello dell\u2019accoglienza ai richiedenti asilo e ai rifugiati \u00e8 un tema sul quale in questi mesi, sia ANCI che le Prefetture stanno costantemente chiedendo collaborazione alle amministrazioni comunali, che possono decidere se subire scelte fatte da altri o essere protagoniste nel proprio territorio nell\u2019organizzazione e nella gestione di un \u2018accoglienza che non segua pi\u00f9 logiche emergenziali, ma logiche di inclusione e integrazione.<\/p>\n<p>Per rispondere poi ad alcune affermazioni fatte sui social dai soliti \u201cben informati\u201d, su quali sono le richieste della <strong>Prefettura di Varese,<\/strong> il sindaco riporta uno stralcio dell\u2019ultima comunicazione inviata dal Prefetto ai sindaci della provincia di Varese:<\/p>\n<blockquote><p>Quanto sopra si comunica per ogni conseguente valutazione da parte delle S.S.L.L. confermando nuovamente, come illustrato anche nel corso dei numerosi incontri diretti tenutisi sul tema, l\u2019assoluta necessit\u00e0 che in questa provincia venga dato corso al pi\u00f9 presto alla citata progettualit\u00e0 S.P.R.A.R. al fine, almeno di riequilibrare in modo adeguato le proporzioni dell\u2019accoglienza dei richiedenti asilo che, attualmente continua ad essere assicurata in modo pressoch\u00e9 esclusivo da parte di questa Prefettura<\/p><\/blockquote>\n<p>\u00abQuindi &#8211; conclude il sindaco &#8211; vogliamo per l\u2019ennesima volta rinnovare la nostra disponibilit\u00e0 al dialogo, che per essere proficuo e costruttivo, deve basarsi sul rispetto della verit\u00e0 e della posizione dell\u2019altro, anche se diversa dalla propria. Siamo infatti convinti che una comunit\u00e0 se vuole essere tale, deve essere in grado di integrare e rispettare le differenze, riconoscendole come ricchezza per tutti\u00bb.<\/p>\n","protected":false},"excerpt":{"rendered":"<p>Il sindaco Cerini esce allo scoperto con una nota: &#8220;Stiamo vagliando l&#8217;ipotesi con le associazioni cittadine, nulla di deciso ma il Prefetto ha sottolineato la necessit\u00e0 di un&#8217;accoglienza di secondo livello&#8221;<\/p>\n","protected":false},"author":47,"featured_media":0,"comment_status":"open","ping_status":"open","sticky":false,"template":"","format":"standard","meta":{"footnotes":""},"categories":[4],"tags":[65785,389,65459],"acf":[],"yoast_head":"<!-- This site is optimized with the Yoast SEO plugin v20.1 - https:\/\/yoast.com\/wordpress\/plugins\/seo\/ -->\n<title>Castellanza pensa allo Sprar e convoca le associazioni<\/title>\n<meta name=\"description\" content=\"Il sindaco Cerini esce allo scoperto con una nota: &quot;Stiamo vagliando l&#039;ipotesi con le associazioni cittadine, il Prefetto ha sottolineato la necessit\u00e0 di un&#039;accoglienza di secondo livello&quot;\" \/>\n<meta name=\"robots\" content=\"noindex, follow, max-snippet:-1, max-image-preview:large, max-video-preview:-1\" \/>\n<meta property=\"og:locale\" content=\"it_IT\" \/>\n<meta property=\"og:type\" content=\"article\" \/>\n<meta property=\"og:title\" content=\"Castellanza pensa allo Sprar e convoca le associazioni\" \/>\n<meta property=\"og:description\" content=\"Il sindaco Cerini esce allo scoperto con una nota: &quot;Stiamo vagliando l&#039;ipotesi con le associazioni cittadine, il Prefetto ha sottolineato la necessit\u00e0 di un&#039;accoglienza di secondo livello&quot;\" \/>\n<meta property=\"og:url\" content=\"https:\/\/staging.varesenews.it\/2017\/04\/castellanza-pensa-allo-sprar-e-convoca-le-associazioni\/611678\/\" \/>\n<meta property=\"og:site_name\" content=\"VareseNews\" \/>\n<meta property=\"article:publisher\" content=\"https:\/\/www.facebook.com\/varesenews\" \/>\n<meta property=\"article:published_time\" content=\"2017-04-10T07:55:16+00:00\" \/>\n<meta name=\"author\" content=\"Orlando Mastrillo\" \/>\n<meta name=\"twitter:card\" content=\"summary_large_image\" \/>\n<meta name=\"twitter:creator\" content=\"@nando_mastrillo\" \/>\n<meta name=\"twitter:site\" content=\"@varesenews\" \/>\n<meta name=\"twitter:label1\" content=\"Scritto da\" \/>\n\t<meta name=\"twitter:data1\" content=\"Orlando Mastrillo\" \/>\n\t<meta name=\"twitter:label2\" content=\"Tempo di lettura stimato\" \/>\n\t<meta name=\"twitter:data2\" content=\"2 minuti\" \/>\n<script type=\"application\/ld+json\" class=\"yoast-schema-graph\">{\"@context\":\"https:\/\/schema.org\",\"@graph\":[{\"@type\":\"WebPage\",\"@id\":\"https:\/\/staging.varesenews.it\/2017\/04\/castellanza-pensa-allo-sprar-e-convoca-le-associazioni\/611678\/\",\"url\":\"https:\/\/staging.varesenews.it\/2017\/04\/castellanza-pensa-allo-sprar-e-convoca-le-associazioni\/611678\/\",\"name\":\"Castellanza pensa allo Sprar e convoca le associazioni\",\"isPartOf\":{\"@id\":\"https:\/\/staging.varesenews.it\/#website\"},\"datePublished\":\"2017-04-10T07:55:16+00:00\",\"dateModified\":\"2017-04-10T07:55:16+00:00\",\"author\":{\"@id\":\"https:\/\/staging.varesenews.it\/#\/schema\/person\/14c47ccce537a9058dddce296f10b296\"},\"description\":\"Il sindaco Cerini esce allo scoperto con una nota: \\\"Stiamo vagliando l'ipotesi con le associazioni cittadine, il Prefetto ha sottolineato la necessit\u00e0 di un'accoglienza di secondo livello\\\"\",\"breadcrumb\":{\"@id\":\"https:\/\/staging.varesenews.it\/2017\/04\/castellanza-pensa-allo-sprar-e-convoca-le-associazioni\/611678\/#breadcrumb\"},\"inLanguage\":\"it-IT\",\"potentialAction\":[{\"@type\":\"ReadAction\",\"target\":[\"https:\/\/staging.varesenews.it\/2017\/04\/castellanza-pensa-allo-sprar-e-convoca-le-associazioni\/611678\/\"]}]},{\"@type\":\"BreadcrumbList\",\"@id\":\"https:\/\/staging.varesenews.it\/2017\/04\/castellanza-pensa-allo-sprar-e-convoca-le-associazioni\/611678\/#breadcrumb\",\"itemListElement\":[{\"@type\":\"ListItem\",\"position\":1,\"name\":\"Home\",\"item\":\"https:\/\/www.varesenews.it\/\"},{\"@type\":\"ListItem\",\"position\":2,\"name\":\"Castellanza pensa allo Sprar e convoca le associazioni\"}]},{\"@type\":\"WebSite\",\"@id\":\"https:\/\/staging.varesenews.it\/#website\",\"url\":\"https:\/\/staging.varesenews.it\/\",\"name\":\"VareseNews\",\"description\":\"\",\"potentialAction\":[{\"@type\":\"SearchAction\",\"target\":{\"@type\":\"EntryPoint\",\"urlTemplate\":\"https:\/\/staging.varesenews.it\/?s={search_term_string}\"},\"query-input\":\"required name=search_term_string\"}],\"inLanguage\":\"it-IT\"},{\"@type\":\"Person\",\"@id\":\"https:\/\/staging.varesenews.it\/#\/schema\/person\/14c47ccce537a9058dddce296f10b296\",\"name\":\"Orlando Mastrillo\",\"image\":{\"@type\":\"ImageObject\",\"inLanguage\":\"it-IT\",\"@id\":\"https:\/\/staging.varesenews.it\/#\/schema\/person\/image\/\",\"url\":\"https:\/\/staging.varesenews.it\/wp-content\/uploads\/2020\/12\/orlando_mastrillo_colori_500.jpg\",\"contentUrl\":\"https:\/\/staging.varesenews.it\/wp-content\/uploads\/2020\/12\/orlando_mastrillo_colori_500.jpg\",\"caption\":\"Orlando Mastrillo\"},\"description\":\"Nasco a Luino nel 1981, ho iniziato questo lavoro nell'estate del 2003 nella redazione de Il Giorno di Varese e dall'anno successivo ho intrapreso la collaborazione con VareseNews. Dopo anni nell'Alto Varesotto mi sono trasferito a Busto Arsizio nel 2007, territorio che ho iniziato a seguire e che seguo tutt'oggi. Nel 2013 sono diventato giornalista professionista. Mi occupo di cronaca politica, giudiziaria e nera in una vasta area che comprende anche parte della Valle Olona e il Legnanese. Sono sposato con Valeria Arini e ho due splendide figlie.\",\"sameAs\":[\"or_ma\",\"https:\/\/twitter.com\/nando_mastrillo\"],\"url\":\"https:\/\/staging.varesenews.it\/persona\/orlando-mastrillo1\/\"}]}<\/script>\n<!-- \/ Yoast SEO plugin. -->","yoast_head_json":{"title":"Castellanza pensa allo Sprar e convoca le associazioni","description":"Il sindaco Cerini esce allo scoperto con una nota: \"Stiamo vagliando l'ipotesi con le associazioni cittadine, il Prefetto ha sottolineato la necessit\u00e0 di un'accoglienza di secondo livello\"","robots":{"index":"noindex","follow":"follow","max-snippet":"max-snippet:-1","max-image-preview":"max-image-preview:large","max-video-preview":"max-video-preview:-1"},"og_locale":"it_IT","og_type":"article","og_title":"Castellanza pensa allo Sprar e convoca le associazioni","og_description":"Il sindaco Cerini esce allo scoperto con una nota: \"Stiamo vagliando l'ipotesi con le associazioni cittadine, il Prefetto ha sottolineato la necessit\u00e0 di un'accoglienza di secondo livello\"","og_url":"https:\/\/staging.varesenews.it\/2017\/04\/castellanza-pensa-allo-sprar-e-convoca-le-associazioni\/611678\/","og_site_name":"VareseNews","article_publisher":"https:\/\/www.facebook.com\/varesenews","article_published_time":"2017-04-10T07:55:16+00:00","author":"Orlando Mastrillo","twitter_card":"summary_large_image","twitter_creator":"@nando_mastrillo","twitter_site":"@varesenews","twitter_misc":{"Scritto da":"Orlando Mastrillo","Tempo di lettura stimato":"2 minuti"},"schema":{"@context":"https:\/\/schema.org","@graph":[{"@type":"WebPage","@id":"https:\/\/staging.varesenews.it\/2017\/04\/castellanza-pensa-allo-sprar-e-convoca-le-associazioni\/611678\/","url":"https:\/\/staging.varesenews.it\/2017\/04\/castellanza-pensa-allo-sprar-e-convoca-le-associazioni\/611678\/","name":"Castellanza pensa allo Sprar e convoca le associazioni","isPartOf":{"@id":"https:\/\/staging.varesenews.it\/#website"},"datePublished":"2017-04-10T07:55:16+00:00","dateModified":"2017-04-10T07:55:16+00:00","author":{"@id":"https:\/\/staging.varesenews.it\/#\/schema\/person\/14c47ccce537a9058dddce296f10b296"},"description":"Il sindaco Cerini esce allo scoperto con una nota: \"Stiamo vagliando l'ipotesi con le associazioni cittadine, il Prefetto ha sottolineato la necessit\u00e0 di un'accoglienza di secondo livello\"","breadcrumb":{"@id":"https:\/\/staging.varesenews.it\/2017\/04\/castellanza-pensa-allo-sprar-e-convoca-le-associazioni\/611678\/#breadcrumb"},"inLanguage":"it-IT","potentialAction":[{"@type":"ReadAction","target":["https:\/\/staging.varesenews.it\/2017\/04\/castellanza-pensa-allo-sprar-e-convoca-le-associazioni\/611678\/"]}]},{"@type":"BreadcrumbList","@id":"https:\/\/staging.varesenews.it\/2017\/04\/castellanza-pensa-allo-sprar-e-convoca-le-associazioni\/611678\/#breadcrumb","itemListElement":[{"@type":"ListItem","position":1,"name":"Home","item":"https:\/\/www.varesenews.it\/"},{"@type":"ListItem","position":2,"name":"Castellanza pensa allo Sprar e convoca le associazioni"}]},{"@type":"WebSite","@id":"https:\/\/staging.varesenews.it\/#website","url":"https:\/\/staging.varesenews.it\/","name":"VareseNews","description":"","potentialAction":[{"@type":"SearchAction","target":{"@type":"EntryPoint","urlTemplate":"https:\/\/staging.varesenews.it\/?s={search_term_string}"},"query-input":"required name=search_term_string"}],"inLanguage":"it-IT"},{"@type":"Person","@id":"https:\/\/staging.varesenews.it\/#\/schema\/person\/14c47ccce537a9058dddce296f10b296","name":"Orlando Mastrillo","image":{"@type":"ImageObject","inLanguage":"it-IT","@id":"https:\/\/staging.varesenews.it\/#\/schema\/person\/image\/","url":"https:\/\/staging.varesenews.it\/wp-content\/uploads\/2020\/12\/orlando_mastrillo_colori_500.jpg","contentUrl":"https:\/\/staging.varesenews.it\/wp-content\/uploads\/2020\/12\/orlando_mastrillo_colori_500.jpg","caption":"Orlando Mastrillo"},"description":"Nasco a Luino nel 1981, ho iniziato questo lavoro nell'estate del 2003 nella redazione de Il Giorno di Varese e dall'anno successivo ho intrapreso la collaborazione con VareseNews. Dopo anni nell'Alto Varesotto mi sono trasferito a Busto Arsizio nel 2007, territorio che ho iniziato a seguire e che seguo tutt'oggi. Nel 2013 sono diventato giornalista professionista. Mi occupo di cronaca politica, giudiziaria e nera in una vasta area che comprende anche parte della Valle Olona e il Legnanese. Sono sposato con Valeria Arini e ho due splendide figlie.","sameAs":["or_ma","https:\/\/twitter.com\/nando_mastrillo"],"url":"https:\/\/staging.varesenews.it\/persona\/orlando-mastrillo1\/"}]}},"post_meta":{"_edit_lock":"1491813146:47","_edit_last":"47","ratings_users":"0","ratings_score":"0","ratings_average":"0","_category_permalink":"","wdfb_og_title":"","wdfb_og_type":"","wdfb_og_description":"","wdfb_og_images":"a:1:{i:0;s:0:\"\";}","wdfb_og_custom_name":"a:1:{i:0;s:0:\"\";}","wdfb_og_custom_value":"a:1:{i:0;s:0:\"\";}","foto":"557511","firma_come_redazione":"1","argomento":"Castellanza","_yoast_wpseo_focuskw":"sprar","_yoast_wpseo_metadesc":"Il sindaco Cerini esce allo scoperto con una nota: \"Stiamo vagliando l'ipotesi con le associazioni cittadine, il Prefetto ha sottolineato la necessit\u00e0 di un'accoglienza di secondo livello\"","_jd_twitter":"","_jd_tweet_this":"yes","_wpt_short_url":"http:\/\/www.varesenews.it\/2017\/04\/castellanza-pensa-allo-sprar-e-convoca-le-associazioni\/611678\/","_wp_jd_target":"http:\/\/www.varesenews.it\/2017\/04\/castellanza-pensa-allo-sprar-e-convoca-le-associazioni\/611678\/","_jd_wp_twitter":"a:1:{i:0;s:183:\"Castellanza pensa allo Sprar e convoca le associazioni http:\/\/www.varesenews.it\/2017\/04\/castellanza-pensa-allo-sprar-e-convoca-le-associazioni\/611678\/ #centroprofughi #profughi #sprar\";}","_wpt_status_message":"Tweet inviato con successo.","_yoast_wpseo_linkdex":"73"},"photos":[{"original":"https:\/\/staging.varesenews.it\/photogallery_new\/images\/2016\/08\/profughi-como-557511.jpg","full":"https:\/\/staging.varesenews.it\/photogallery_new\/images\/2016\/08\/profughi-como-557511.1024x768.jpg","large":"https:\/\/staging.varesenews.it\/photogallery_new\/images\/2016\/08\/profughi-como-557511.610x431.jpg"}],"_links":{"self":[{"href":"https:\/\/staging.varesenews.it\/swgapi\/v1\/wp\/v2\/posts\/611678"}],"collection":[{"href":"https:\/\/staging.varesenews.it\/swgapi\/v1\/wp\/v2\/posts"}],"about":[{"href":"https:\/\/staging.varesenews.it\/swgapi\/v1\/wp\/v2\/types\/post"}],"author":[{"embeddable":true,"href":"https:\/\/staging.varesenews.it\/swgapi\/v1\/wp\/v2\/users\/47"}],"replies":[{"embeddable":true,"href":"https:\/\/staging.varesenews.it\/swgapi\/v1\/wp\/v2\/comments?post=611678"}],"version-history":[{"count":0,"href":"https:\/\/staging.varesenews.it\/swgapi\/v1\/wp\/v2\/posts\/611678\/revisions"}],"wp:attachment":[{"href":"https:\/\/staging.varesenews.it\/swgapi\/v1\/wp\/v2\/media?parent=611678"}],"wp:term":[{"taxonomy":"category","embeddable":true,"href":"https:\/\/staging.varesenews.it\/swgapi\/v1\/wp\/v2\/categories?post=611678"},{"taxonomy":"post_tag","embeddable":true,"href":"https:\/\/staging.varesenews.it\/swgapi\/v1\/wp\/v2\/tags?post=611678"}],"curies":[{"name":"wp","href":"https:\/\/api.w.org\/{rel}","templated":true}]}}