{"id":612033,"date":"2017-04-11T09:26:20","date_gmt":"2017-04-11T07:26:20","guid":{"rendered":"http:\/\/www.varesenews.it\/?p=612033"},"modified":"2017-04-11T09:32:06","modified_gmt":"2017-04-11T07:32:06","slug":"solo-120-secondi-per-dire-quello-che-fai-impossibile","status":"publish","type":"post","link":"https:\/\/staging.varesenews.it\/2017\/04\/solo-120-secondi-per-dire-quello-che-fai-impossibile\/612033\/","title":{"rendered":"Solo 120 secondi per dire quello che fai: impossibile?"},"content":{"rendered":"<p>Il matching \u00e8 una gran cosa: <strong>fa incontrare le aziende<\/strong>, le fa conoscere, mette in circolo idee e progetti, pone le fondamenta per relazioni informali, aiuta la creazione delle reti. Il\u00a06 maggio, dalle 9 alle 18, Confartigianato Imprese Varese lancia il suo <strong><a title=\"L\u2019edilizia \u00e8 ripartita, gli artigiani prima si annusano e poi si organizzano\" href=\"http:\/\/www.varesenews.it\/2017\/03\/ledilizia-e-ripartita-gli-artigiani-prima-si-annusano-e-poi-si-organizzano\/605825\/\">\u201cMatching Day \u2013 Costruttori di relazioni\u201d <\/a><\/strong>a\u00a0<strong>MalpensaFiere<\/strong>. Un\u2019occasione di incontro per gli imprenditori e i professionisti della filiera casa per stimolare la creazione di nuove partnership commerciali e sviluppo di nuovi progetti.\u00a0Ma il matching presuppone, da parte delle imprese coinvolte, una diversa capacit\u00e0 di presentare ci\u00f2 che fanno e una certa empatia nell\u2019entrare nella sfera degli altri.\u00a0Facile? Non proprio.<\/p>\n<p>\u00c8\u00a0per questo che per prepararsi adeguatamente per l\u2019appuntamento del <strong>6 maggio a Busto Arsizi<\/strong>o, Confartigianato Imprese Varese apre nuovamente le porte del suo Faberlab \u2013\u00a0marted\u00ec 11 aprile, dalle 18\u00a0\u2013 per l\u2019incontro \u201cPresenta la tua azienda in modo rapido e efficace\u201d (workshop gratuito) con\u00a0<strong>Daniele Radici<\/strong>, ingegnere e innovation&amp;strategy specialist che usa il <strong><a href=\"http:\/\/www.varesenews.it\/2016\/11\/faccio-limpresa-con-un-disegno-e-tanti-post-it\/571548\/\">Business Model Canva<\/a>s<\/strong> per raccontare il presente e proiettare le imprese nel futuro.<\/p>\n<p>Domani, <strong>marted\u00ec 11 aprile<\/strong>, Radici far\u00e0 un ulteriore passo accompagnando le imprese verso il Matching Day parlando di \u201celevator pitch\u201d. Facciamo un esempio, cos\u00ec tutto risulter\u00e0 pi\u00f9 chiaro: sei in ascensore con un potenziale partner o investitore per la tua impresa. \u00c8\u00a0l\u2019occasione che aspettavi da tempo, ma hai pochi minuti per convincerlo a credere in te e nell\u2019opportunit\u00e0 di fare business insieme. Sapresti cosa dire? Soprattutto, sapresti concentrarti sui concetti chiave che ti aiuterebbero a catturare subito la sua attenzione?\u00a0In un tempo, attenzione, non superiore ai\u00a0120 secondi.<\/p>\n<p>Per farlo ci vuole pratica, una certa esperienza ma soprattutto alcune basi dalle quali partire. Ed ecco qui il workshop con Radici, che aiuter\u00e0 le imprese a\u00a0presentarsi in modo efficace, comunicare al meglio i loro valori, individuare i propri fattori distintivi sui quali fare leva e raggiungere infine gli obiettivi di business.<\/p>\n<p>Definite <strong><em>l\u2019elevator pitch<\/em><\/strong> come volete, perch\u00e9 ad essere d\u2019aiuto saranno le tecniche che lo tengono in piedi, originali e utilizzabili in qualsiasi circostanza, dalla fiera alla banca in caso di richieste di credito: prima di tutto la sintesi e poi il tempo. E al <strong>Matching Day del 6 maggio<\/strong> questo strumento sar\u00e0 indispensabile, perch\u00e9 le imprese della filiera casa sono diversissime fra loro (per tipologia, dimensioni, tecnologie\u2026) ma anche perch\u00e9 ormai sono consapevoli che \u00e8 la relazione anche con i professionisti attivi nel settore edile (ingegneri, architetti, geometri, periti\u2026) a fare la differenza. Se consideriamo poi il fatto che il Matchin Day \u00e8 costruito come uno speed-date (come gli incontri per i single) dove tutto si gioca in pochissimo tempo, ecco perch\u00e9 l\u2019evento del Faberlab risulta cos\u00ec importante.<\/p>\n<p>Il <a title=\"L\u2019edilizia \u00e8 ripartita, gli artigiani prima si annusano e poi si organizzano\" href=\"http:\/\/www.varesenews.it\/2017\/03\/ledilizia-e-ripartita-gli-artigiani-prima-si-annusano-e-poi-si-organizzano\/605825\/\">Matching Day del 6 maggio<\/a>, nel frattempo, cresce e lancia una proposta alle imprese associate a Confartigianato Varese. Funziona cos\u00ec: ogni socio che si iscriver\u00e0 al matching di MalpensaFiere potr\u00e0 portare un amico non socio compilando il form su\u00a0<strong><a href=\"http:\/\/www.matchingvarese.it\">www.matchingvarese.it<\/a><\/strong>. Se l\u2019iscrizione dell\u2019amico verr\u00e0 confermata, l\u2019impresa avr\u00e0 diritto ad uno sconto del 50% sulla sua quota di adesione.<\/p>\n","protected":false},"excerpt":{"rendered":"<p>Marted\u00ec 11 aprile al Faberlab Daniele Radici guida le imprese con l\u2019\u201delevator pitch\u201d: la tecnica che aiuta ad essere sintetici e veloci per raggiungere i propri obiettivi di business<\/p>\n","protected":false},"author":45,"featured_media":0,"comment_status":"open","ping_status":"open","sticky":false,"template":"","format":"standard","meta":{"footnotes":""},"categories":[15,53,5],"tags":[562,474,591,68497],"acf":[],"yoast_head":"<!-- This site is optimized with the Yoast SEO plugin v20.1 - https:\/\/yoast.com\/wordpress\/plugins\/seo\/ -->\n<title>Solo 120 secondi per dire quello che fai: impossibile?<\/title>\n<meta name=\"description\" content=\"Marted\u00ec 11 aprile al Faberlab Daniele Radici guida le imprese con l\u2019\u201delevator pitch\u201d: la tecnica che aiuta ad essere sintetici e veloci per raggiungere i propri obiettivi di business\" \/>\n<meta name=\"robots\" content=\"noindex, follow, max-snippet:-1, max-image-preview:large, max-video-preview:-1\" \/>\n<meta property=\"og:locale\" content=\"it_IT\" \/>\n<meta property=\"og:type\" content=\"article\" \/>\n<meta property=\"og:title\" content=\"Solo 120 secondi per dire quello che fai: impossibile?\" \/>\n<meta property=\"og:description\" content=\"Marted\u00ec 11 aprile al Faberlab Daniele Radici guida le imprese con l\u2019\u201delevator pitch\u201d: la tecnica che aiuta ad essere sintetici e veloci per raggiungere i propri obiettivi di business\" \/>\n<meta property=\"og:url\" content=\"https:\/\/staging.varesenews.it\/2017\/04\/solo-120-secondi-per-dire-quello-che-fai-impossibile\/612033\/\" \/>\n<meta property=\"og:site_name\" content=\"VareseNews\" \/>\n<meta property=\"article:publisher\" content=\"https:\/\/www.facebook.com\/varesenews\" \/>\n<meta property=\"article:author\" content=\"https:\/\/www.facebook.com\/michele.mancino.5\" \/>\n<meta property=\"article:published_time\" content=\"2017-04-11T07:26:20+00:00\" \/>\n<meta property=\"article:modified_time\" content=\"2017-04-11T07:32:06+00:00\" \/>\n<meta name=\"author\" content=\"Michele Mancino\" \/>\n<meta name=\"twitter:card\" content=\"summary_large_image\" \/>\n<meta name=\"twitter:creator\" content=\"@micmancio\" \/>\n<meta name=\"twitter:site\" content=\"@varesenews\" \/>\n<meta name=\"twitter:label1\" content=\"Scritto da\" \/>\n\t<meta name=\"twitter:data1\" content=\"Michele Mancino\" \/>\n\t<meta name=\"twitter:label2\" content=\"Tempo di lettura stimato\" \/>\n\t<meta name=\"twitter:data2\" content=\"3 minuti\" \/>\n<script type=\"application\/ld+json\" class=\"yoast-schema-graph\">{\"@context\":\"https:\/\/schema.org\",\"@graph\":[{\"@type\":\"WebPage\",\"@id\":\"https:\/\/staging.varesenews.it\/2017\/04\/solo-120-secondi-per-dire-quello-che-fai-impossibile\/612033\/\",\"url\":\"https:\/\/staging.varesenews.it\/2017\/04\/solo-120-secondi-per-dire-quello-che-fai-impossibile\/612033\/\",\"name\":\"Solo 120 secondi per dire quello che fai: impossibile?\",\"isPartOf\":{\"@id\":\"https:\/\/staging.varesenews.it\/#website\"},\"datePublished\":\"2017-04-11T07:26:20+00:00\",\"dateModified\":\"2017-04-11T07:32:06+00:00\",\"author\":{\"@id\":\"https:\/\/staging.varesenews.it\/#\/schema\/person\/308b491d3cb680ead199e5ff6c6ce540\"},\"description\":\"Marted\u00ec 11 aprile al Faberlab Daniele Radici guida le imprese con l\u2019\u201delevator pitch\u201d: la tecnica che aiuta ad essere sintetici e veloci per raggiungere i propri obiettivi di business\",\"breadcrumb\":{\"@id\":\"https:\/\/staging.varesenews.it\/2017\/04\/solo-120-secondi-per-dire-quello-che-fai-impossibile\/612033\/#breadcrumb\"},\"inLanguage\":\"it-IT\",\"potentialAction\":[{\"@type\":\"ReadAction\",\"target\":[\"https:\/\/staging.varesenews.it\/2017\/04\/solo-120-secondi-per-dire-quello-che-fai-impossibile\/612033\/\"]}]},{\"@type\":\"BreadcrumbList\",\"@id\":\"https:\/\/staging.varesenews.it\/2017\/04\/solo-120-secondi-per-dire-quello-che-fai-impossibile\/612033\/#breadcrumb\",\"itemListElement\":[{\"@type\":\"ListItem\",\"position\":1,\"name\":\"Home\",\"item\":\"https:\/\/www.varesenews.it\/\"},{\"@type\":\"ListItem\",\"position\":2,\"name\":\"Solo 120 secondi per dire quello che fai: impossibile?\"}]},{\"@type\":\"WebSite\",\"@id\":\"https:\/\/staging.varesenews.it\/#website\",\"url\":\"https:\/\/staging.varesenews.it\/\",\"name\":\"VareseNews\",\"description\":\"\",\"potentialAction\":[{\"@type\":\"SearchAction\",\"target\":{\"@type\":\"EntryPoint\",\"urlTemplate\":\"https:\/\/staging.varesenews.it\/?s={search_term_string}\"},\"query-input\":\"required name=search_term_string\"}],\"inLanguage\":\"it-IT\"},{\"@type\":\"Person\",\"@id\":\"https:\/\/staging.varesenews.it\/#\/schema\/person\/308b491d3cb680ead199e5ff6c6ce540\",\"name\":\"Michele Mancino\",\"image\":{\"@type\":\"ImageObject\",\"inLanguage\":\"it-IT\",\"@id\":\"https:\/\/staging.varesenews.it\/#\/schema\/person\/image\/\",\"url\":\"https:\/\/staging.varesenews.it\/wp-content\/uploads\/2020\/12\/michele_mancino_colori_500.jpg\",\"contentUrl\":\"https:\/\/staging.varesenews.it\/wp-content\/uploads\/2020\/12\/michele_mancino_colori_500.jpg\",\"caption\":\"Michele Mancino\"},\"description\":\"Sono a VareseNews da prima che nascesse. Ho inserito le prime notizie in una stringa di codice html, la lingua di internet. Aprivo i computer, cambiavo schede di rete e portavo i server dal provider. A met&agrave; degli anni &rsquo;90 il giornalista online doveva saper fare anche questo. Ho vissuto gli anni drammatici della bolla speculativa di Internet e quelli entusiastici della crescita, anni in cui VareseNews era un Davide in mezzo a tanti Golia. Poi sono arrivati i social, le nuove piattaforme e soprattutto gli smartphone, una postazione di lavoro racchiusa in una mano. Una nuova rivoluzione. Insomma, &egrave; stata, ed &egrave; ancora, un&rsquo;avventura entusiasmante perch&eacute; mi insegna giorno dopo giorno che il cambiamento &egrave; l&rsquo;unica certezza di questa fragile esistenza.\",\"sameAs\":[\"https:\/\/www.facebook.com\/michele.mancino.5\",\"micmancio\",\"Aggiorna le impostazioni del tuo profilo pubblicoit.linkedin.com\/pub\/michele-mancino\/28\/b71\/890\/it\",\"https:\/\/twitter.com\/micmancio\"],\"url\":\"https:\/\/staging.varesenews.it\/persona\/michele_mancino\/\"}]}<\/script>\n<!-- \/ Yoast SEO plugin. -->","yoast_head_json":{"title":"Solo 120 secondi per dire quello che fai: impossibile?","description":"Marted\u00ec 11 aprile al Faberlab Daniele Radici guida le imprese con l\u2019\u201delevator pitch\u201d: la tecnica che aiuta ad essere sintetici e veloci per raggiungere i propri obiettivi di business","robots":{"index":"noindex","follow":"follow","max-snippet":"max-snippet:-1","max-image-preview":"max-image-preview:large","max-video-preview":"max-video-preview:-1"},"og_locale":"it_IT","og_type":"article","og_title":"Solo 120 secondi per dire quello che fai: impossibile?","og_description":"Marted\u00ec 11 aprile al Faberlab Daniele Radici guida le imprese con l\u2019\u201delevator pitch\u201d: la tecnica che aiuta ad essere sintetici e veloci per raggiungere i propri obiettivi di business","og_url":"https:\/\/staging.varesenews.it\/2017\/04\/solo-120-secondi-per-dire-quello-che-fai-impossibile\/612033\/","og_site_name":"VareseNews","article_publisher":"https:\/\/www.facebook.com\/varesenews","article_author":"https:\/\/www.facebook.com\/michele.mancino.5","article_published_time":"2017-04-11T07:26:20+00:00","article_modified_time":"2017-04-11T07:32:06+00:00","author":"Michele Mancino","twitter_card":"summary_large_image","twitter_creator":"@micmancio","twitter_site":"@varesenews","twitter_misc":{"Scritto da":"Michele Mancino","Tempo di lettura stimato":"3 minuti"},"schema":{"@context":"https:\/\/schema.org","@graph":[{"@type":"WebPage","@id":"https:\/\/staging.varesenews.it\/2017\/04\/solo-120-secondi-per-dire-quello-che-fai-impossibile\/612033\/","url":"https:\/\/staging.varesenews.it\/2017\/04\/solo-120-secondi-per-dire-quello-che-fai-impossibile\/612033\/","name":"Solo 120 secondi per dire quello che fai: impossibile?","isPartOf":{"@id":"https:\/\/staging.varesenews.it\/#website"},"datePublished":"2017-04-11T07:26:20+00:00","dateModified":"2017-04-11T07:32:06+00:00","author":{"@id":"https:\/\/staging.varesenews.it\/#\/schema\/person\/308b491d3cb680ead199e5ff6c6ce540"},"description":"Marted\u00ec 11 aprile al Faberlab Daniele Radici guida le imprese con l\u2019\u201delevator pitch\u201d: la tecnica che aiuta ad essere sintetici e veloci per raggiungere i propri obiettivi di business","breadcrumb":{"@id":"https:\/\/staging.varesenews.it\/2017\/04\/solo-120-secondi-per-dire-quello-che-fai-impossibile\/612033\/#breadcrumb"},"inLanguage":"it-IT","potentialAction":[{"@type":"ReadAction","target":["https:\/\/staging.varesenews.it\/2017\/04\/solo-120-secondi-per-dire-quello-che-fai-impossibile\/612033\/"]}]},{"@type":"BreadcrumbList","@id":"https:\/\/staging.varesenews.it\/2017\/04\/solo-120-secondi-per-dire-quello-che-fai-impossibile\/612033\/#breadcrumb","itemListElement":[{"@type":"ListItem","position":1,"name":"Home","item":"https:\/\/www.varesenews.it\/"},{"@type":"ListItem","position":2,"name":"Solo 120 secondi per dire quello che fai: impossibile?"}]},{"@type":"WebSite","@id":"https:\/\/staging.varesenews.it\/#website","url":"https:\/\/staging.varesenews.it\/","name":"VareseNews","description":"","potentialAction":[{"@type":"SearchAction","target":{"@type":"EntryPoint","urlTemplate":"https:\/\/staging.varesenews.it\/?s={search_term_string}"},"query-input":"required name=search_term_string"}],"inLanguage":"it-IT"},{"@type":"Person","@id":"https:\/\/staging.varesenews.it\/#\/schema\/person\/308b491d3cb680ead199e5ff6c6ce540","name":"Michele Mancino","image":{"@type":"ImageObject","inLanguage":"it-IT","@id":"https:\/\/staging.varesenews.it\/#\/schema\/person\/image\/","url":"https:\/\/staging.varesenews.it\/wp-content\/uploads\/2020\/12\/michele_mancino_colori_500.jpg","contentUrl":"https:\/\/staging.varesenews.it\/wp-content\/uploads\/2020\/12\/michele_mancino_colori_500.jpg","caption":"Michele Mancino"},"description":"Sono a VareseNews da prima che nascesse. Ho inserito le prime notizie in una stringa di codice html, la lingua di internet. Aprivo i computer, cambiavo schede di rete e portavo i server dal provider. A met&agrave; degli anni &rsquo;90 il giornalista online doveva saper fare anche questo. Ho vissuto gli anni drammatici della bolla speculativa di Internet e quelli entusiastici della crescita, anni in cui VareseNews era un Davide in mezzo a tanti Golia. Poi sono arrivati i social, le nuove piattaforme e soprattutto gli smartphone, una postazione di lavoro racchiusa in una mano. Una nuova rivoluzione. Insomma, &egrave; stata, ed &egrave; ancora, un&rsquo;avventura entusiasmante perch&eacute; mi insegna giorno dopo giorno che il cambiamento &egrave; l&rsquo;unica certezza di questa fragile esistenza.","sameAs":["https:\/\/www.facebook.com\/michele.mancino.5","micmancio","Aggiorna le impostazioni del tuo profilo pubblicoit.linkedin.com\/pub\/michele-mancino\/28\/b71\/890\/it","https:\/\/twitter.com\/micmancio"],"url":"https:\/\/staging.varesenews.it\/persona\/michele_mancino\/"}]}},"post_meta":{"_edit_lock":"1491896372:45","_edit_last":"45","ratings_users":"0","ratings_score":"0","ratings_average":"0","_category_permalink":"","wdfb_og_title":"","wdfb_og_type":"","wdfb_og_description":"","wdfb_og_images":"a:1:{i:0;s:0:\"\";}","wdfb_og_custom_name":"a:1:{i:0;s:0:\"\";}","wdfb_og_custom_value":"a:1:{i:0;s:0:\"\";}","firma_come_redazione":"1","argomento":"Tradate","_jd_twitter":"","_jd_tweet_this":"yes","_wpt_short_url":"http:\/\/www.varesenews.it\/2017\/04\/solo-120-secondi-per-dire-quello-che-fai-impossibile\/612033\/","_wp_jd_target":"http:\/\/www.varesenews.it\/2017\/04\/solo-120-secondi-per-dire-quello-che-fai-impossibile\/612033\/","_jd_wp_twitter":"a:1:{i:0;s:186:\"Solo 120 secondi per dire quello che fai: impossibile? http:\/\/www.varesenews.it\/2017\/04\/solo-120-secondi-per-dire-quello-che-fai-impossibile\/612033\/ #faberlab #MalpensaFiere #Matchingday\";}","_wpt_status_message":"Tweet inviato con successo.","foto":"583704"},"photos":[{"original":"https:\/\/staging.varesenews.it\/photogallery_new\/images\/2016\/12\/confartigianato-imprese-varese-generiche-583704.jpg","full":"https:\/\/staging.varesenews.it\/photogallery_new\/images\/2016\/12\/confartigianato-imprese-varese-generiche-583704.1024x768.jpg","large":"https:\/\/staging.varesenews.it\/photogallery_new\/images\/2016\/12\/confartigianato-imprese-varese-generiche-583704.610x431.jpg"}],"_links":{"self":[{"href":"https:\/\/staging.varesenews.it\/swgapi\/v1\/wp\/v2\/posts\/612033"}],"collection":[{"href":"https:\/\/staging.varesenews.it\/swgapi\/v1\/wp\/v2\/posts"}],"about":[{"href":"https:\/\/staging.varesenews.it\/swgapi\/v1\/wp\/v2\/types\/post"}],"author":[{"embeddable":true,"href":"https:\/\/staging.varesenews.it\/swgapi\/v1\/wp\/v2\/users\/45"}],"replies":[{"embeddable":true,"href":"https:\/\/staging.varesenews.it\/swgapi\/v1\/wp\/v2\/comments?post=612033"}],"version-history":[{"count":0,"href":"https:\/\/staging.varesenews.it\/swgapi\/v1\/wp\/v2\/posts\/612033\/revisions"}],"wp:attachment":[{"href":"https:\/\/staging.varesenews.it\/swgapi\/v1\/wp\/v2\/media?parent=612033"}],"wp:term":[{"taxonomy":"category","embeddable":true,"href":"https:\/\/staging.varesenews.it\/swgapi\/v1\/wp\/v2\/categories?post=612033"},{"taxonomy":"post_tag","embeddable":true,"href":"https:\/\/staging.varesenews.it\/swgapi\/v1\/wp\/v2\/tags?post=612033"}],"curies":[{"name":"wp","href":"https:\/\/api.w.org\/{rel}","templated":true}]}}