{"id":61359,"date":"2013-05-02T00:00:00","date_gmt":"2013-05-02T00:00:00","guid":{"rendered":""},"modified":"2013-05-02T00:00:00","modified_gmt":"2013-05-02T00:00:00","slug":"la-carovana-antimafie-fa-tappa-a-como","status":"publish","type":"post","link":"https:\/\/staging.varesenews.it\/2013\/05\/la-carovana-antimafie-fa-tappa-a-como\/61359\/","title":{"rendered":"La carovana antimafie fa tappa a Como"},"content":{"rendered":"<p>Doppio appuntamento nel mese di maggio con i temi della giustizia e della legalit&agrave;. <br \/>\nMarted&igrave; 7 maggio, dalle 9 alle 13, l&rsquo;aula magna del <strong>Politecnico<\/strong> in via Castelnuovo (civico 7) ospiter&agrave; l&rsquo;incontro &ldquo;<strong>Ruolo della giustizia e cultura dell&rsquo;antimafia<\/strong>&rdquo;, una conversazione di<strong> Gherardo Colombo<\/strong> e <strong>Aldo Vincenzo Pecora<\/strong>, moderata da un rappresentante regionale dell&rsquo;associazione Libera. L&rsquo;iniziativa, promossa dall&rsquo;istituto Da Vinci-Ripamonti e dall&rsquo;Itis Magistri Cumacini e patrocinata dal Comune di Como, prevede anche&nbsp;interventi musicali e video a cura del gruppo Boa dell&rsquo;Istituto Da Vinci-Ripamonti. <\/p>\n<p>Gioved&igrave; 16 maggio a Como far&agrave; tappa la <strong>Carovana Antimafie<\/strong>. L&rsquo;appuntamento, promosso dalle associazioni Arci, Libera e Avviso Pubblico, &egrave; patrocinato dal Comune di Como. &laquo;Si tratta di iniziative per mantenere viva e coinvolgere la popolazione, specie quella giovanile, sul tema della lotta alle mafie e alla corruzione e dell&#8217;educazione alla legalit&agrave; democratica &#8211; spiega l&rsquo;assessore alla Legalit&agrave;, ai Diritti e alla Trasparenza del Comune di Como <strong>Marcello Iantorno<\/strong> &#8211; temi oggi fondamentali per far uscire l&#8217;Italia dalle grandi difficolt&agrave; in cui si trova&raquo;. <\/p>\n<p>Il programma della tappa comasca prevede per la mattinata un incontro con gli studenti degli istituti superiori allo Spazio Gloria sul tema &ldquo;<strong>Le mafie al Nord<\/strong>&rdquo; e in serata un incontro\/convegno aperto al pubblico, nella sede dell&rsquo;ex Circoscrizione 6 (via Grandi 21) sul tema del <strong>gioco d&rsquo;azzardo<\/strong>. &laquo;Dati e statistiche alla mano &#8211; prosegue Iantorno &#8211; nel 2011 l&rsquo;Italia &egrave; stato il primo paese europeo e il terzo al mondo per volume d&rsquo;affari nel gioco d&rsquo;azzardo. Le persone affette da gioco d&rsquo;azzardo patologico sono 800mila in Italia e 2 milioni i giocatori a rischio. Anche a Como il problema &egrave; presente ed &egrave; oggetto di attenzione e controlli delle forze di polizia&raquo;.<\/p>\n","protected":false},"excerpt":{"rendered":"<p>Doppio appuntamento nel mese di maggio con i temi della giustizia e della legalit\u00e0.: merted\u00ec 7 un incontro conversazione con Gherardo Colombo, mentre gioved\u00ec 16 dal Lario passa la carovana Antimafie<\/p>\n","protected":false},"author":10,"featured_media":0,"comment_status":"open","ping_status":"open","sticky":false,"template":"","format":"standard","meta":{"footnotes":""},"categories":[8],"tags":[73929],"acf":[],"yoast_head":"<!-- This site is optimized with the Yoast SEO plugin v20.1 - https:\/\/yoast.com\/wordpress\/plugins\/seo\/ -->\n<title>La carovana antimafie fa tappa a Como<\/title>\n<meta name=\"description\" content=\"Doppio appuntamento nel mese di maggio con i temi della giustizia e della legalit\u00e0.: merted\u00ec 7 un incontro conversazione con Gherardo Colombo, mentre gioved\u00ec 16 dal Lario passa la carovana Antimafie\" \/>\n<meta name=\"robots\" content=\"noindex, follow, max-snippet:-1, max-image-preview:large, max-video-preview:-1\" \/>\n<meta property=\"og:locale\" content=\"it_IT\" \/>\n<meta property=\"og:type\" content=\"article\" \/>\n<meta property=\"og:title\" content=\"La carovana antimafie fa tappa a Como\" \/>\n<meta property=\"og:description\" content=\"Doppio appuntamento nel mese di maggio con i temi della giustizia e della legalit\u00e0.: merted\u00ec 7 un incontro conversazione con Gherardo Colombo, mentre gioved\u00ec 16 dal Lario passa la carovana Antimafie\" \/>\n<meta property=\"og:url\" content=\"https:\/\/staging.varesenews.it\/2013\/05\/la-carovana-antimafie-fa-tappa-a-como\/61359\/\" \/>\n<meta property=\"og:site_name\" content=\"VareseNews\" \/>\n<meta property=\"article:publisher\" content=\"https:\/\/www.facebook.com\/varesenews\" \/>\n<meta property=\"article:published_time\" content=\"2013-05-02T00:00:00+00:00\" \/>\n<meta name=\"author\" content=\"Redazione VareseNews\" \/>\n<meta name=\"twitter:card\" content=\"summary_large_image\" \/>\n<meta name=\"twitter:creator\" content=\"@varesenews\" \/>\n<meta name=\"twitter:site\" content=\"@varesenews\" \/>\n<meta name=\"twitter:label1\" content=\"Scritto da\" \/>\n\t<meta name=\"twitter:data1\" content=\"Redazione VareseNews\" \/>\n\t<meta name=\"twitter:label2\" content=\"Tempo di lettura stimato\" \/>\n\t<meta name=\"twitter:data2\" content=\"2 minuti\" \/>\n<script type=\"application\/ld+json\" class=\"yoast-schema-graph\">{\"@context\":\"https:\/\/schema.org\",\"@graph\":[{\"@type\":\"WebPage\",\"@id\":\"https:\/\/staging.varesenews.it\/2013\/05\/la-carovana-antimafie-fa-tappa-a-como\/61359\/\",\"url\":\"https:\/\/staging.varesenews.it\/2013\/05\/la-carovana-antimafie-fa-tappa-a-como\/61359\/\",\"name\":\"La carovana antimafie fa tappa a Como\",\"isPartOf\":{\"@id\":\"https:\/\/staging.varesenews.it\/#website\"},\"datePublished\":\"2013-05-02T00:00:00+00:00\",\"dateModified\":\"2013-05-02T00:00:00+00:00\",\"author\":{\"@id\":\"https:\/\/staging.varesenews.it\/#\/schema\/person\/fb20c4da0b7b16c291707a20db73e169\"},\"description\":\"Doppio appuntamento nel mese di maggio con i temi della giustizia e della legalit\u00e0.: merted\u00ec 7 un incontro conversazione con Gherardo Colombo, mentre gioved\u00ec 16 dal Lario passa la carovana Antimafie\",\"breadcrumb\":{\"@id\":\"https:\/\/staging.varesenews.it\/2013\/05\/la-carovana-antimafie-fa-tappa-a-como\/61359\/#breadcrumb\"},\"inLanguage\":\"it-IT\",\"potentialAction\":[{\"@type\":\"ReadAction\",\"target\":[\"https:\/\/staging.varesenews.it\/2013\/05\/la-carovana-antimafie-fa-tappa-a-como\/61359\/\"]}]},{\"@type\":\"BreadcrumbList\",\"@id\":\"https:\/\/staging.varesenews.it\/2013\/05\/la-carovana-antimafie-fa-tappa-a-como\/61359\/#breadcrumb\",\"itemListElement\":[{\"@type\":\"ListItem\",\"position\":1,\"name\":\"Home\",\"item\":\"https:\/\/www.varesenews.it\/\"},{\"@type\":\"ListItem\",\"position\":2,\"name\":\"La carovana antimafie fa tappa a Como\"}]},{\"@type\":\"WebSite\",\"@id\":\"https:\/\/staging.varesenews.it\/#website\",\"url\":\"https:\/\/staging.varesenews.it\/\",\"name\":\"VareseNews\",\"description\":\"\",\"potentialAction\":[{\"@type\":\"SearchAction\",\"target\":{\"@type\":\"EntryPoint\",\"urlTemplate\":\"https:\/\/staging.varesenews.it\/?s={search_term_string}\"},\"query-input\":\"required name=search_term_string\"}],\"inLanguage\":\"it-IT\"},{\"@type\":\"Person\",\"@id\":\"https:\/\/staging.varesenews.it\/#\/schema\/person\/fb20c4da0b7b16c291707a20db73e169\",\"name\":\"Redazione VareseNews\",\"image\":{\"@type\":\"ImageObject\",\"inLanguage\":\"it-IT\",\"@id\":\"https:\/\/staging.varesenews.it\/#\/schema\/person\/image\/\",\"url\":\"https:\/\/staging.varesenews.it\/wp-content\/uploads\/2020\/12\/logo_VN_colori_500.png\",\"contentUrl\":\"https:\/\/staging.varesenews.it\/wp-content\/uploads\/2020\/12\/logo_VN_colori_500.png\",\"caption\":\"Redazione VareseNews\"},\"url\":\"https:\/\/staging.varesenews.it\/persona\/redazione1\/\"}]}<\/script>\n<!-- \/ Yoast SEO plugin. -->","yoast_head_json":{"title":"La carovana antimafie fa tappa a Como","description":"Doppio appuntamento nel mese di maggio con i temi della giustizia e della legalit\u00e0.: merted\u00ec 7 un incontro conversazione con Gherardo Colombo, mentre gioved\u00ec 16 dal Lario passa la carovana Antimafie","robots":{"index":"noindex","follow":"follow","max-snippet":"max-snippet:-1","max-image-preview":"max-image-preview:large","max-video-preview":"max-video-preview:-1"},"og_locale":"it_IT","og_type":"article","og_title":"La carovana antimafie fa tappa a Como","og_description":"Doppio appuntamento nel mese di maggio con i temi della giustizia e della legalit\u00e0.: merted\u00ec 7 un incontro conversazione con Gherardo Colombo, mentre gioved\u00ec 16 dal Lario passa la carovana Antimafie","og_url":"https:\/\/staging.varesenews.it\/2013\/05\/la-carovana-antimafie-fa-tappa-a-como\/61359\/","og_site_name":"VareseNews","article_publisher":"https:\/\/www.facebook.com\/varesenews","article_published_time":"2013-05-02T00:00:00+00:00","author":"Redazione VareseNews","twitter_card":"summary_large_image","twitter_creator":"@varesenews","twitter_site":"@varesenews","twitter_misc":{"Scritto da":"Redazione VareseNews","Tempo di lettura stimato":"2 minuti"},"schema":{"@context":"https:\/\/schema.org","@graph":[{"@type":"WebPage","@id":"https:\/\/staging.varesenews.it\/2013\/05\/la-carovana-antimafie-fa-tappa-a-como\/61359\/","url":"https:\/\/staging.varesenews.it\/2013\/05\/la-carovana-antimafie-fa-tappa-a-como\/61359\/","name":"La carovana antimafie fa tappa a Como","isPartOf":{"@id":"https:\/\/staging.varesenews.it\/#website"},"datePublished":"2013-05-02T00:00:00+00:00","dateModified":"2013-05-02T00:00:00+00:00","author":{"@id":"https:\/\/staging.varesenews.it\/#\/schema\/person\/fb20c4da0b7b16c291707a20db73e169"},"description":"Doppio appuntamento nel mese di maggio con i temi della giustizia e della legalit\u00e0.: merted\u00ec 7 un incontro conversazione con Gherardo Colombo, mentre gioved\u00ec 16 dal Lario passa la carovana Antimafie","breadcrumb":{"@id":"https:\/\/staging.varesenews.it\/2013\/05\/la-carovana-antimafie-fa-tappa-a-como\/61359\/#breadcrumb"},"inLanguage":"it-IT","potentialAction":[{"@type":"ReadAction","target":["https:\/\/staging.varesenews.it\/2013\/05\/la-carovana-antimafie-fa-tappa-a-como\/61359\/"]}]},{"@type":"BreadcrumbList","@id":"https:\/\/staging.varesenews.it\/2013\/05\/la-carovana-antimafie-fa-tappa-a-como\/61359\/#breadcrumb","itemListElement":[{"@type":"ListItem","position":1,"name":"Home","item":"https:\/\/www.varesenews.it\/"},{"@type":"ListItem","position":2,"name":"La carovana antimafie fa tappa a Como"}]},{"@type":"WebSite","@id":"https:\/\/staging.varesenews.it\/#website","url":"https:\/\/staging.varesenews.it\/","name":"VareseNews","description":"","potentialAction":[{"@type":"SearchAction","target":{"@type":"EntryPoint","urlTemplate":"https:\/\/staging.varesenews.it\/?s={search_term_string}"},"query-input":"required name=search_term_string"}],"inLanguage":"it-IT"},{"@type":"Person","@id":"https:\/\/staging.varesenews.it\/#\/schema\/person\/fb20c4da0b7b16c291707a20db73e169","name":"Redazione VareseNews","image":{"@type":"ImageObject","inLanguage":"it-IT","@id":"https:\/\/staging.varesenews.it\/#\/schema\/person\/image\/","url":"https:\/\/staging.varesenews.it\/wp-content\/uploads\/2020\/12\/logo_VN_colori_500.png","contentUrl":"https:\/\/staging.varesenews.it\/wp-content\/uploads\/2020\/12\/logo_VN_colori_500.png","caption":"Redazione VareseNews"},"url":"https:\/\/staging.varesenews.it\/persona\/redazione1\/"}]}},"post_meta":{"id_old":"261924","argomento":"Como"},"photos":[],"_links":{"self":[{"href":"https:\/\/staging.varesenews.it\/swgapi\/v1\/wp\/v2\/posts\/61359"}],"collection":[{"href":"https:\/\/staging.varesenews.it\/swgapi\/v1\/wp\/v2\/posts"}],"about":[{"href":"https:\/\/staging.varesenews.it\/swgapi\/v1\/wp\/v2\/types\/post"}],"author":[{"embeddable":true,"href":"https:\/\/staging.varesenews.it\/swgapi\/v1\/wp\/v2\/users\/10"}],"replies":[{"embeddable":true,"href":"https:\/\/staging.varesenews.it\/swgapi\/v1\/wp\/v2\/comments?post=61359"}],"version-history":[{"count":0,"href":"https:\/\/staging.varesenews.it\/swgapi\/v1\/wp\/v2\/posts\/61359\/revisions"}],"wp:attachment":[{"href":"https:\/\/staging.varesenews.it\/swgapi\/v1\/wp\/v2\/media?parent=61359"}],"wp:term":[{"taxonomy":"category","embeddable":true,"href":"https:\/\/staging.varesenews.it\/swgapi\/v1\/wp\/v2\/categories?post=61359"},{"taxonomy":"post_tag","embeddable":true,"href":"https:\/\/staging.varesenews.it\/swgapi\/v1\/wp\/v2\/tags?post=61359"}],"curies":[{"name":"wp","href":"https:\/\/api.w.org\/{rel}","templated":true}]}}